{"id":5146,"global_id":"www.his.puc-rio.br\/en?id=5146","global_id_lineage":["www.his.puc-rio.br\/en?id=5146"],"author":"1","status":"publish","date":"2025-11-04 14:49:17","date_utc":"2025-11-04 17:49:17","modified":"2025-11-04 14:49:17","modified_utc":"2025-11-04 17:49:17","url":"https:\/\/www.his.puc-rio.br\/en\/event\/portugues-lancamento-dos-livros-do-antonio-e-do-lucas-dialogos-nas-cortes-antigas-a-recepcao-maquiaveliana-da-historiografia-classica-e-uma-revolucao-em-tempo-inoportuno-figuracoes-do-tempo-h\/","rest_url":"https:\/\/www.his.puc-rio.br\/en\/wp-json\/tribe\/events\/v1\/events\/5146","title":"(Portugu\u00eas) Lan\u00e7amento dos livros do Antonio e do Lucas &#8211; &#8220;Di\u00e1logos nas cortes antigas: a recep\u00e7\u00e3o maquiaveliana da historiografia cl\u00e1ssica&#8221; e &#8220;Uma revolu\u00e7\u00e3o em tempo inoportuno: figura\u00e7\u00f5es do tempo hist\u00f3rico nacional na &#8220;Hist\u00f3ria da Revolu\u00e7\u00e3o de Pernambuco em 1817&#8221;, de Francisco Muniz Tavares&#8221;","description":"","excerpt":"","slug":"lancamento-dos-livros-do-antonio-e-do-lucas-dialogos-nas-cortes-antigas-a-recepcao-maquiaveliana-da-historiografia-classica-e-uma-revolucao-em-tempo-inoportuno-figuracoes-do-tempo-historico","image":false,"all_day":false,"start_date":"2025-11-28 11:00:00","start_date_details":{"year":"2025","month":"11","day":"28","hour":"11","minutes":"00","seconds":"00"},"end_date":"2025-11-28 17:00:00","end_date_details":{"year":"2025","month":"11","day":"28","hour":"17","minutes":"00","seconds":"00"},"utc_start_date":"2025-11-28 14:00:00","utc_start_date_details":{"year":"2025","month":"11","day":"28","hour":"14","minutes":"00","seconds":"00"},"utc_end_date":"2025-11-28 20:00:00","utc_end_date_details":{"year":"2025","month":"11","day":"28","hour":"20","minutes":"00","seconds":"00"},"timezone":"America\/Sao_Paulo","timezone_abbr":"-03","cost":"","cost_details":{"currency_symbol":"$","currency_code":"USD","currency_position":"prefix","values":[]},"website":"","show_map":true,"show_map_link":true,"hide_from_listings":false,"sticky":false,"featured":false,"categories":[],"tags":[],"venue":{"id":4694,"author":"1","status":"publish","date":"2024-08-28 14:07:31","date_utc":"2024-08-28 17:07:31","modified":"2024-08-28 14:07:31","modified_utc":"2024-08-28 17:07:31","url":"https:\/\/www.his.puc-rio.br\/en\/venue\/sala-walmer-f515\/","venue":"Sala Walmer &#8211; F515","slug":"sala-walmer-f515","json_ld":{"@type":"Place","name":"Sala Walmer &#8211; F515","description":"","url":"","address":{"@type":"PostalAddress"},"telephone":"","sameAs":""},"show_map":true,"show_map_link":true,"global_id":"www.his.puc-rio.br\/en?id=4694","global_id_lineage":["www.his.puc-rio.br\/en?id=4694"]},"organizer":[{"id":3706,"author":"1","status":"publish","date":"2022-08-01 09:38:04","date_utc":"2022-08-01 12:38:04","modified":"2022-08-01 09:38:04","modified_utc":"2022-08-01 12:38:04","url":"https:\/\/www.his.puc-rio.br\/en\/organizer\/eduardo-cardoso\/","organizer":"Eduardo Cardoso","slug":"eduardo-cardoso","json_ld":{"@type":"Person","name":"Eduardo Cardoso","description":"","url":"","telephone":"","email":"","sameAs":""},"global_id":"www.his.puc-rio.br\/en?id=3706","global_id_lineage":["www.his.puc-rio.br\/en?id=3706"]}],"json_ld":{"@context":"http:\/\/schema.org","@type":"Event","name":"(Portugu\u00eas) Lan\u00e7amento dos livros do Antonio e do Lucas &#8211; &#8220;Di\u00e1logos nas cortes antigas: a recep\u00e7\u00e3o maquiaveliana da historiografia cl\u00e1ssica&#8221; e &#8220;Uma revolu\u00e7\u00e3o em tempo inoportuno: figura\u00e7\u00f5es do tempo hist\u00f3rico nacional na &#8220;Hist\u00f3ria da Revolu\u00e7\u00e3o de Pernambuco em 1817&#8221;, de Francisco Muniz Tavares&#8221;","description":"","url":"https:\/\/www.his.puc-rio.br\/en\/event\/portugues-lancamento-dos-livros-do-antonio-e-do-lucas-dialogos-nas-cortes-antigas-a-recepcao-maquiaveliana-da-historiografia-classica-e-uma-revolucao-em-tempo-inoportuno-figuracoes-do-tempo-h\/","eventAttendanceMode":"https:\/\/schema.org\/OfflineEventAttendanceMode","eventStatus":"https:\/\/schema.org\/EventScheduled","startDate":"2025-11-28T11:00:00-03:00","endDate":"2025-11-28T17:00:00-03:00","location":{"@type":"Place","name":"Sala Walmer &#8211; F515","description":"","url":"","address":{"@type":"PostalAddress"},"telephone":"","sameAs":""},"organizer":{"@type":"Person","name":"Eduardo Cardoso","description":"","url":"","telephone":"","email":"","sameAs":""},"performer":"Organization"}}