{"id":1354,"date":"2017-07-12T10:14:28","date_gmt":"2017-07-12T13:14:28","guid":{"rendered":"http:\/\/wwwt.his.puc-rio.br\/his\/?p=1354"},"modified":"2017-07-12T10:17:34","modified_gmt":"2017-07-12T13:17:34","slug":"iii-simposio-internacional-brasil-da-ditadura-a-democracia-910-e-11-e-de-agosto-auditoria-do-iag-puc-rio","status":"publish","type":"post","link":"https:\/\/www.his.puc-rio.br\/en\/iii-simposio-internacional-brasil-da-ditadura-a-democracia-910-e-11-e-de-agosto-auditoria-do-iag-puc-rio\/","title":{"rendered":"(Portugu\u00eas) III Simp\u00f3sio Internacional Brasil: da Ditadura a Democracia \u2013 9,10 e 11 e de agosto \u2013  audit\u00f3ria do IAG\/ PUC \u2013Rio."},"content":{"rendered":"<p class=\"qtranxs-available-languages-message qtranxs-available-languages-message-en\">Sorry, this entry is only available in <a href=\"https:\/\/www.his.puc-rio.br\/pb\/wp-json\/wp\/v2\/posts\/1354\" class=\"qtranxs-available-language-link qtranxs-available-language-link-pb\" title=\"Portugu\u00eas\">Portugu\u00eas<\/a>.<\/p><p><a href=\"http:\/\/wwwt.his.puc-rio.br\/his\/larissa-3-site-2\/\"><img loading=\"lazy\" decoding=\"async\" class=\"alignnone size-full wp-image-1352\" src=\"http:\/\/wwwt.his.puc-rio.br\/his\/wp-content\/uploads\/larissa-3-site-1.jpg\" alt=\"larissa 3 site\" width=\"690\" height=\"400\" srcset=\"https:\/\/www.his.puc-rio.br\/wp-content\/uploads\/larissa-3-site-1.jpg 690w, https:\/\/www.his.puc-rio.br\/wp-content\/uploads\/larissa-3-site-1-300x174.jpg 300w, https:\/\/www.his.puc-rio.br\/wp-content\/uploads\/larissa-3-site-1-624x362.jpg 624w\" sizes=\"(max-width: 690px) 100vw, 690px\" \/><\/a><\/p>\n<h4 style=\"text-align: justify;\"><span style=\"color: #000000;\">Como parte das atividades do Grupo de Estudos e Pesquisa em Hist\u00f3ria Social e Ditaduras, ligado ao Programa de P\u00f3s-Gradua\u00e7\u00e3o em Hist\u00f3ria Social da Cultura, que re\u00fane pesquisadores que t\u00eam como foco o estudo sobre a atua\u00e7\u00e3o de trabalhadores e a participa\u00e7\u00e3o de diversos movimentos sociais nos processos pol\u00edticos que marcaram os per\u00edodos ditatoriais e as redemocratiza\u00e7\u00f5es, convidamos a comunidade acad\u00eamica a participar do III Simp\u00f3sio Internacional Brasil: da Ditadura a Democracia, que aacompecer\u00e1 nos dia 9, 10 e 11 de agosto no audit\u00f3rio do IAG\/ Puc-Rio. Estar\u00e3o presentes pesquisadores da UFF, USP,Brown University, CPDOC, UFRJ, UFSC,UERJ, Unigranrio, Unicamp, UFRRJ e Puc \u2013Rio.<\/span><\/h4>\n<h4 style=\"text-align: justify;\"><span style=\"color: #000000;\">\u00a0<\/span><\/h4>\n<h4 style=\"text-align: justify;\"><b><span style=\"color: #000000;\">Para acessar a programa\u00e7\u00e3o clique<\/span> <a href=\"http:\/\/wwwt.his.puc-rio.br\/his\/wp-content\/uploads\/larissa-3-folder.pdf\"><span style=\"text-decoration: underline; color: #ff6600;\">aqui<\/span><\/a><\/b><\/h4>\n<p><\/p>","protected":false},"excerpt":{"rendered":"<p>Sorry, this entry is only available in Portugu\u00eas. Como parte das atividades do Grupo de Estudos e Pesquisa em Hist\u00f3ria Social e Ditaduras, ligado ao Programa de P\u00f3s-Gradua\u00e7\u00e3o em Hist\u00f3ria Social da Cultura, que re\u00fane pesquisadores que t\u00eam como foco<a class=\"moretag\" href=\"https:\/\/www.his.puc-rio.br\/en\/iii-simposio-internacional-brasil-da-ditadura-a-democracia-910-e-11-e-de-agosto-auditoria-do-iag-puc-rio\/\">&#8230;<\/a><\/br><a href=\"https:\/\/www.his.puc-rio.br\/en\/iii-simposio-internacional-brasil-da-ditadura-a-democracia-910-e-11-e-de-agosto-auditoria-do-iag-puc-rio\/\" class=\"read-more\">Leia mais..  <span class=\"glyphicon glyphicon-chevron-right\" ><\/span><\/a><\/p>\n","protected":false},"author":1,"featured_media":0,"comment_status":"open","ping_status":"open","sticky":false,"template":"","format":"standard","meta":{"footnotes":""},"categories":[1],"tags":[],"yoast_head":"<!-- This site is optimized with the Yoast SEO plugin v23.5 - https:\/\/yoast.com\/wordpress\/plugins\/seo\/ -->\n<title>(Portugu\u00eas) III Simp\u00f3sio Internacional Brasil: da Ditadura a Democracia \u2013 9,10 e 11 e de agosto \u2013 audit\u00f3ria do IAG\/ PUC \u2013Rio. - Departamento de Hist\u00f3ria da PUC-Rio<\/title>\n<meta name=\"robots\" content=\"index, follow, max-snippet:-1, max-image-preview:large, max-video-preview:-1\" \/>\n<link rel=\"canonical\" href=\"https:\/\/www.his.puc-rio.br\/en\/iii-simposio-internacional-brasil-da-ditadura-a-democracia-910-e-11-e-de-agosto-auditoria-do-iag-puc-rio\/\" \/>\n<meta property=\"og:locale\" content=\"en_US\" \/>\n<meta property=\"og:type\" content=\"article\" \/>\n<meta property=\"og:title\" content=\"(Portugu\u00eas) III Simp\u00f3sio Internacional Brasil: da Ditadura a Democracia \u2013 9,10 e 11 e de agosto \u2013 audit\u00f3ria do IAG\/ PUC \u2013Rio. - Departamento de Hist\u00f3ria da PUC-Rio\" \/>\n<meta property=\"og:description\" content=\"Sorry, this entry is only available in Portugu\u00eas. Como parte das atividades do Grupo de Estudos e Pesquisa em Hist\u00f3ria Social e Ditaduras, ligado ao Programa de P\u00f3s-Gradua\u00e7\u00e3o em Hist\u00f3ria Social da Cultura, que re\u00fane pesquisadores que t\u00eam como foco...Leia mais..\" \/>\n<meta property=\"og:url\" content=\"https:\/\/www.his.puc-rio.br\/en\/iii-simposio-internacional-brasil-da-ditadura-a-democracia-910-e-11-e-de-agosto-auditoria-do-iag-puc-rio\/\" \/>\n<meta property=\"og:site_name\" content=\"Departamento de Hist\u00f3ria da PUC-Rio\" \/>\n<meta property=\"article:published_time\" content=\"2017-07-12T13:14:28+00:00\" \/>\n<meta property=\"article:modified_time\" content=\"2017-07-12T13:17:34+00:00\" \/>\n<meta property=\"og:image\" content=\"http:\/\/wwwt.his.puc-rio.br\/his\/wp-content\/uploads\/larissa-3-site-1.jpg\" \/>\n<meta name=\"author\" content=\"dephist\" \/>\n<meta name=\"twitter:card\" content=\"summary_large_image\" \/>\n<meta name=\"twitter:label1\" content=\"Written by\" \/>\n\t<meta name=\"twitter:data1\" content=\"dephist\" \/>\n\t<meta name=\"twitter:label2\" content=\"Est. reading time\" \/>\n\t<meta name=\"twitter:data2\" content=\"1 minute\" \/>\n<script type=\"application\/ld+json\" class=\"yoast-schema-graph\">{\"@context\":\"https:\/\/schema.org\",\"@graph\":[{\"@type\":\"WebPage\",\"@id\":\"https:\/\/www.his.puc-rio.br\/en\/iii-simposio-internacional-brasil-da-ditadura-a-democracia-910-e-11-e-de-agosto-auditoria-do-iag-puc-rio\/\",\"url\":\"https:\/\/www.his.puc-rio.br\/en\/iii-simposio-internacional-brasil-da-ditadura-a-democracia-910-e-11-e-de-agosto-auditoria-do-iag-puc-rio\/\",\"name\":\"(Portugu\u00eas) III Simp\u00f3sio Internacional Brasil: da Ditadura a Democracia \u2013 9,10 e 11 e de agosto \u2013 audit\u00f3ria do IAG\/ PUC \u2013Rio. - Departamento de Hist\u00f3ria da PUC-Rio\",\"isPartOf\":{\"@id\":\"http:\/\/www.his.puc-rio.br\/en\/#website\"},\"primaryImageOfPage\":{\"@id\":\"https:\/\/www.his.puc-rio.br\/en\/iii-simposio-internacional-brasil-da-ditadura-a-democracia-910-e-11-e-de-agosto-auditoria-do-iag-puc-rio\/#primaryimage\"},\"image\":{\"@id\":\"https:\/\/www.his.puc-rio.br\/en\/iii-simposio-internacional-brasil-da-ditadura-a-democracia-910-e-11-e-de-agosto-auditoria-do-iag-puc-rio\/#primaryimage\"},\"thumbnailUrl\":\"http:\/\/wwwt.his.puc-rio.br\/his\/wp-content\/uploads\/larissa-3-site-1.jpg\",\"datePublished\":\"2017-07-12T13:14:28+00:00\",\"dateModified\":\"2017-07-12T13:17:34+00:00\",\"author\":{\"@id\":\"http:\/\/www.his.puc-rio.br\/pb\/#\/schema\/person\/9e54900224aae47fd486e7013a22647b\"},\"breadcrumb\":{\"@id\":\"https:\/\/www.his.puc-rio.br\/en\/iii-simposio-internacional-brasil-da-ditadura-a-democracia-910-e-11-e-de-agosto-auditoria-do-iag-puc-rio\/#breadcrumb\"},\"inLanguage\":\"en-US\",\"potentialAction\":[{\"@type\":\"ReadAction\",\"target\":[[\"https:\/\/www.his.puc-rio.br\/en\/iii-simposio-internacional-brasil-da-ditadura-a-democracia-910-e-11-e-de-agosto-auditoria-do-iag-puc-rio\/\"]]}]},{\"@type\":\"ImageObject\",\"inLanguage\":\"en-US\",\"@id\":\"https:\/\/www.his.puc-rio.br\/en\/iii-simposio-internacional-brasil-da-ditadura-a-democracia-910-e-11-e-de-agosto-auditoria-do-iag-puc-rio\/#primaryimage\",\"url\":\"http:\/\/wwwt.his.puc-rio.br\/his\/wp-content\/uploads\/larissa-3-site-1.jpg\",\"contentUrl\":\"http:\/\/wwwt.his.puc-rio.br\/his\/wp-content\/uploads\/larissa-3-site-1.jpg\"},{\"@type\":\"BreadcrumbList\",\"@id\":\"https:\/\/www.his.puc-rio.br\/en\/iii-simposio-internacional-brasil-da-ditadura-a-democracia-910-e-11-e-de-agosto-auditoria-do-iag-puc-rio\/#breadcrumb\",\"itemListElement\":[{\"@type\":\"ListItem\",\"position\":1,\"name\":\"In\u00edcio\",\"item\":\"http:\/\/www.his.puc-rio.br\/en\/\"},{\"@type\":\"ListItem\",\"position\":2,\"name\":\"(Portugu\u00eas) III Simp\u00f3sio Internacional Brasil: da Ditadura a Democracia \u2013 9,10 e 11 e de agosto \u2013 audit\u00f3ria do IAG\/ PUC \u2013Rio.\"}]},{\"@type\":\"WebSite\",\"@id\":\"http:\/\/www.his.puc-rio.br\/en\/#website\",\"url\":\"http:\/\/www.his.puc-rio.br\/en\/\",\"name\":\"Departamento de Hist\u00f3ria da PUC-Rio\",\"description\":\"Cursos de Gradua\u00e7\u00e3o, P\u00f3s-gradua\u00e7\u00e3o, Mestrado e Doutorado\",\"potentialAction\":[{\"@type\":\"SearchAction\",\"target\":{\"@type\":\"EntryPoint\",\"urlTemplate\":\"http:\/\/www.his.puc-rio.br\/en\/?s={search_term_string}\"},\"query-input\":{\"@type\":\"PropertyValueSpecification\",\"valueRequired\":true,\"valueName\":\"search_term_string\"}}],\"inLanguage\":\"en-US\"},{\"@type\":\"Person\",\"@id\":\"http:\/\/www.his.puc-rio.br\/pb\/#\/schema\/person\/9e54900224aae47fd486e7013a22647b\",\"name\":\"dephist\",\"image\":{\"@type\":\"ImageObject\",\"inLanguage\":\"en-US\",\"@id\":\"http:\/\/www.his.puc-rio.br\/en\/#\/schema\/person\/image\/\",\"url\":\"https:\/\/secure.gravatar.com\/avatar\/bf2683cb6927d5fdbed7881a4ee37199?s=96&d=mm&r=g\",\"contentUrl\":\"https:\/\/secure.gravatar.com\/avatar\/bf2683cb6927d5fdbed7881a4ee37199?s=96&d=mm&r=g\",\"caption\":\"dephist\"},\"url\":\"https:\/\/www.his.puc-rio.br\/en\/author\/dephist\/\"}]}<\/script>\n<!-- \/ Yoast SEO plugin. -->","yoast_head_json":{"title":"(Portugu\u00eas) III Simp\u00f3sio Internacional Brasil: da Ditadura a Democracia \u2013 9,10 e 11 e de agosto \u2013 audit\u00f3ria do IAG\/ PUC \u2013Rio. - Departamento de Hist\u00f3ria da PUC-Rio","robots":{"index":"index","follow":"follow","max-snippet":"max-snippet:-1","max-image-preview":"max-image-preview:large","max-video-preview":"max-video-preview:-1"},"canonical":"https:\/\/www.his.puc-rio.br\/en\/iii-simposio-internacional-brasil-da-ditadura-a-democracia-910-e-11-e-de-agosto-auditoria-do-iag-puc-rio\/","og_locale":"en_US","og_type":"article","og_title":"(Portugu\u00eas) III Simp\u00f3sio Internacional Brasil: da Ditadura a Democracia \u2013 9,10 e 11 e de agosto \u2013 audit\u00f3ria do IAG\/ PUC \u2013Rio. - Departamento de Hist\u00f3ria da PUC-Rio","og_description":"Sorry, this entry is only available in Portugu\u00eas. Como parte das atividades do Grupo de Estudos e Pesquisa em Hist\u00f3ria Social e Ditaduras, ligado ao Programa de P\u00f3s-Gradua\u00e7\u00e3o em Hist\u00f3ria Social da Cultura, que re\u00fane pesquisadores que t\u00eam como foco...Leia mais..","og_url":"https:\/\/www.his.puc-rio.br\/en\/iii-simposio-internacional-brasil-da-ditadura-a-democracia-910-e-11-e-de-agosto-auditoria-do-iag-puc-rio\/","og_site_name":"Departamento de Hist\u00f3ria da PUC-Rio","article_published_time":"2017-07-12T13:14:28+00:00","article_modified_time":"2017-07-12T13:17:34+00:00","og_image":[{"url":"http:\/\/wwwt.his.puc-rio.br\/his\/wp-content\/uploads\/larissa-3-site-1.jpg"}],"author":"dephist","twitter_card":"summary_large_image","twitter_misc":{"Written by":"dephist","Est. reading time":"1 minute"},"schema":{"@context":"https:\/\/schema.org","@graph":[{"@type":"WebPage","@id":"https:\/\/www.his.puc-rio.br\/en\/iii-simposio-internacional-brasil-da-ditadura-a-democracia-910-e-11-e-de-agosto-auditoria-do-iag-puc-rio\/","url":"https:\/\/www.his.puc-rio.br\/en\/iii-simposio-internacional-brasil-da-ditadura-a-democracia-910-e-11-e-de-agosto-auditoria-do-iag-puc-rio\/","name":"(Portugu\u00eas) III Simp\u00f3sio Internacional Brasil: da Ditadura a Democracia \u2013 9,10 e 11 e de agosto \u2013 audit\u00f3ria do IAG\/ PUC \u2013Rio. - Departamento de Hist\u00f3ria da PUC-Rio","isPartOf":{"@id":"http:\/\/www.his.puc-rio.br\/en\/#website"},"primaryImageOfPage":{"@id":"https:\/\/www.his.puc-rio.br\/en\/iii-simposio-internacional-brasil-da-ditadura-a-democracia-910-e-11-e-de-agosto-auditoria-do-iag-puc-rio\/#primaryimage"},"image":{"@id":"https:\/\/www.his.puc-rio.br\/en\/iii-simposio-internacional-brasil-da-ditadura-a-democracia-910-e-11-e-de-agosto-auditoria-do-iag-puc-rio\/#primaryimage"},"thumbnailUrl":"http:\/\/wwwt.his.puc-rio.br\/his\/wp-content\/uploads\/larissa-3-site-1.jpg","datePublished":"2017-07-12T13:14:28+00:00","dateModified":"2017-07-12T13:17:34+00:00","author":{"@id":"http:\/\/www.his.puc-rio.br\/pb\/#\/schema\/person\/9e54900224aae47fd486e7013a22647b"},"breadcrumb":{"@id":"https:\/\/www.his.puc-rio.br\/en\/iii-simposio-internacional-brasil-da-ditadura-a-democracia-910-e-11-e-de-agosto-auditoria-do-iag-puc-rio\/#breadcrumb"},"inLanguage":"en-US","potentialAction":[{"@type":"ReadAction","target":[["https:\/\/www.his.puc-rio.br\/en\/iii-simposio-internacional-brasil-da-ditadura-a-democracia-910-e-11-e-de-agosto-auditoria-do-iag-puc-rio\/"]]}]},{"@type":"ImageObject","inLanguage":"en-US","@id":"https:\/\/www.his.puc-rio.br\/en\/iii-simposio-internacional-brasil-da-ditadura-a-democracia-910-e-11-e-de-agosto-auditoria-do-iag-puc-rio\/#primaryimage","url":"http:\/\/wwwt.his.puc-rio.br\/his\/wp-content\/uploads\/larissa-3-site-1.jpg","contentUrl":"http:\/\/wwwt.his.puc-rio.br\/his\/wp-content\/uploads\/larissa-3-site-1.jpg"},{"@type":"BreadcrumbList","@id":"https:\/\/www.his.puc-rio.br\/en\/iii-simposio-internacional-brasil-da-ditadura-a-democracia-910-e-11-e-de-agosto-auditoria-do-iag-puc-rio\/#breadcrumb","itemListElement":[{"@type":"ListItem","position":1,"name":"In\u00edcio","item":"http:\/\/www.his.puc-rio.br\/en\/"},{"@type":"ListItem","position":2,"name":"(Portugu\u00eas) III Simp\u00f3sio Internacional Brasil: da Ditadura a Democracia \u2013 9,10 e 11 e de agosto \u2013 audit\u00f3ria do IAG\/ PUC \u2013Rio."}]},{"@type":"WebSite","@id":"http:\/\/www.his.puc-rio.br\/en\/#website","url":"http:\/\/www.his.puc-rio.br\/en\/","name":"Departamento de Hist\u00f3ria da PUC-Rio","description":"Cursos de Gradua\u00e7\u00e3o, P\u00f3s-gradua\u00e7\u00e3o, Mestrado e Doutorado","potentialAction":[{"@type":"SearchAction","target":{"@type":"EntryPoint","urlTemplate":"http:\/\/www.his.puc-rio.br\/en\/?s={search_term_string}"},"query-input":{"@type":"PropertyValueSpecification","valueRequired":true,"valueName":"search_term_string"}}],"inLanguage":"en-US"},{"@type":"Person","@id":"http:\/\/www.his.puc-rio.br\/pb\/#\/schema\/person\/9e54900224aae47fd486e7013a22647b","name":"dephist","image":{"@type":"ImageObject","inLanguage":"en-US","@id":"http:\/\/www.his.puc-rio.br\/en\/#\/schema\/person\/image\/","url":"https:\/\/secure.gravatar.com\/avatar\/bf2683cb6927d5fdbed7881a4ee37199?s=96&d=mm&r=g","contentUrl":"https:\/\/secure.gravatar.com\/avatar\/bf2683cb6927d5fdbed7881a4ee37199?s=96&d=mm&r=g","caption":"dephist"},"url":"https:\/\/www.his.puc-rio.br\/en\/author\/dephist\/"}]}},"jetpack_featured_media_url":"","_links":{"self":[{"href":"https:\/\/www.his.puc-rio.br\/en\/wp-json\/wp\/v2\/posts\/1354"}],"collection":[{"href":"https:\/\/www.his.puc-rio.br\/en\/wp-json\/wp\/v2\/posts"}],"about":[{"href":"https:\/\/www.his.puc-rio.br\/en\/wp-json\/wp\/v2\/types\/post"}],"author":[{"embeddable":true,"href":"https:\/\/www.his.puc-rio.br\/en\/wp-json\/wp\/v2\/users\/1"}],"replies":[{"embeddable":true,"href":"https:\/\/www.his.puc-rio.br\/en\/wp-json\/wp\/v2\/comments?post=1354"}],"version-history":[{"count":1,"href":"https:\/\/www.his.puc-rio.br\/en\/wp-json\/wp\/v2\/posts\/1354\/revisions"}],"predecessor-version":[{"id":1355,"href":"https:\/\/www.his.puc-rio.br\/en\/wp-json\/wp\/v2\/posts\/1354\/revisions\/1355"}],"wp:attachment":[{"href":"https:\/\/www.his.puc-rio.br\/en\/wp-json\/wp\/v2\/media?parent=1354"}],"wp:term":[{"taxonomy":"category","embeddable":true,"href":"https:\/\/www.his.puc-rio.br\/en\/wp-json\/wp\/v2\/categories?post=1354"},{"taxonomy":"post_tag","embeddable":true,"href":"https:\/\/www.his.puc-rio.br\/en\/wp-json\/wp\/v2\/tags?post=1354"}],"curies":[{"name":"wp","href":"https:\/\/api.w.org\/{rel}","templated":true}]}}