{"id":1461,"date":"2017-09-12T14:38:13","date_gmt":"2017-09-12T17:38:13","guid":{"rendered":"http:\/\/wwwt.his.puc-rio.br\/his\/?p=1461"},"modified":"2018-09-06T20:06:56","modified_gmt":"2018-09-06T23:06:56","slug":"historia-da-noite-e-da-vigilancia-noturna","status":"publish","type":"post","link":"https:\/\/www.his.puc-rio.br\/en\/historia-da-noite-e-da-vigilancia-noturna\/","title":{"rendered":"(Portugu\u00eas) Hist\u00f3ria da noite e da vigil\u00e2ncia noturna"},"content":{"rendered":"<p class=\"qtranxs-available-languages-message qtranxs-available-languages-message-en\">Sorry, this entry is only available in <a href=\"https:\/\/www.his.puc-rio.br\/pb\/wp-json\/wp\/v2\/posts\/1461\" class=\"qtranxs-available-language-link qtranxs-available-language-link-pb\" title=\"Portugu\u00eas\">Portugu\u00eas<\/a>.<\/p><p><\/p>\n<h4 class=\"gmail_quote\"><a href=\"http:\/\/wwwt.his.puc-rio.br\/his\/historia-da-noite-e-da-vigilancia-noturna\/artboard-1-100-8\/\" rel=\"attachment wp-att-1464\"><img loading=\"lazy\" decoding=\"async\" class=\"alignnone size-full wp-image-1464\" src=\"http:\/\/wwwt.his.puc-rio.br\/his\/wp-content\/uploads\/Artboard-1-100-7.jpg\" alt=\"Artboard 1-100\" width=\"1000\" height=\"1000\" srcset=\"https:\/\/www.his.puc-rio.br\/wp-content\/uploads\/Artboard-1-100-7.jpg 1000w, https:\/\/www.his.puc-rio.br\/wp-content\/uploads\/Artboard-1-100-7-150x150.jpg 150w, https:\/\/www.his.puc-rio.br\/wp-content\/uploads\/Artboard-1-100-7-300x300.jpg 300w, https:\/\/www.his.puc-rio.br\/wp-content\/uploads\/Artboard-1-100-7-624x624.jpg 624w\" sizes=\"(max-width: 1000px) 100vw, 1000px\" \/><\/a><\/h4>\n<h4 class=\"gmail_quote\">O Grupo &#8220;Hist\u00f3ria do Crime, da Pol\u00edcia e da Justi\u00e7a&#8221; (Rio de Janeiro) convida para o primeiro encontro de pesquisa:<\/h4>\n<h4 class=\"gmail_quote\" style=\"text-align: center\"><span style=\"color: #ff6600\">&#8220;Hist\u00f3ria da noite e da vigil\u00e2ncia noturna&#8221;,<\/span> com a presen\u00e7a da Dra. Amy Chazkel (CUNY &#8211; Nova Iorque).<\/h4>\n<h4 class=\"gmail_quote\" style=\"text-align: center\"><span style=\"color: #ff6600\">Ter\u00e7a-feira 26 de setembro de 2017, 18.00 horas, PPGHIS-UFRJ, <a style=\"color: #ff6600\" href=\"https:\/\/maps.google.com\/?q=Largo+de+S%C3%A3o+Francisco+1+-+sala+205&amp;entry=gmail&amp;source=g\">Largo de S\u00e3o Francisco 1 &#8211; sala 205<\/a>.<\/span><\/h4>\n<h4 class=\"gmail_quote\">Organizam: Marcos Luiz Bretas (UFRJ), Diego Galeano (PUC-Rio), Gon\u00e7alo Rocha Gon\u00e7alves (UNIRIO)<\/h4>\n<p><\/p>","protected":false},"excerpt":{"rendered":"<p>Sorry, this entry is only available in Portugu\u00eas. O Grupo &#8220;Hist\u00f3ria do Crime, da Pol\u00edcia e da Justi\u00e7a&#8221; (Rio de Janeiro) convida para o primeiro encontro de pesquisa: &#8220;Hist\u00f3ria da noite e da vigil\u00e2ncia noturna&#8221;, com a presen\u00e7a da Dra.<a class=\"moretag\" href=\"https:\/\/www.his.puc-rio.br\/en\/historia-da-noite-e-da-vigilancia-noturna\/\">&#8230;<\/a><\/br><a href=\"https:\/\/www.his.puc-rio.br\/en\/historia-da-noite-e-da-vigilancia-noturna\/\" class=\"read-more\">Leia mais..  <span class=\"glyphicon glyphicon-chevron-right\" ><\/span><\/a><\/p>\n","protected":false},"author":1,"featured_media":0,"comment_status":"open","ping_status":"open","sticky":false,"template":"","format":"standard","meta":{"footnotes":""},"categories":[1],"tags":[],"yoast_head":"<!-- This site is optimized with the Yoast SEO plugin v23.5 - https:\/\/yoast.com\/wordpress\/plugins\/seo\/ -->\n<title>(Portugu\u00eas) Hist\u00f3ria da noite e da vigil\u00e2ncia noturna - Departamento de Hist\u00f3ria da PUC-Rio<\/title>\n<meta name=\"robots\" content=\"index, follow, max-snippet:-1, max-image-preview:large, max-video-preview:-1\" \/>\n<link rel=\"canonical\" href=\"https:\/\/www.his.puc-rio.br\/en\/historia-da-noite-e-da-vigilancia-noturna\/\" \/>\n<meta property=\"og:locale\" content=\"en_US\" \/>\n<meta property=\"og:type\" content=\"article\" \/>\n<meta property=\"og:title\" content=\"(Portugu\u00eas) Hist\u00f3ria da noite e da vigil\u00e2ncia noturna - Departamento de Hist\u00f3ria da PUC-Rio\" \/>\n<meta property=\"og:description\" content=\"Sorry, this entry is only available in Portugu\u00eas. O Grupo &#8220;Hist\u00f3ria do Crime, da Pol\u00edcia e da Justi\u00e7a&#8221; (Rio de Janeiro) convida para o primeiro encontro de pesquisa: &#8220;Hist\u00f3ria da noite e da vigil\u00e2ncia noturna&#8221;, com a presen\u00e7a da Dra....Leia mais..\" \/>\n<meta property=\"og:url\" content=\"https:\/\/www.his.puc-rio.br\/en\/historia-da-noite-e-da-vigilancia-noturna\/\" \/>\n<meta property=\"og:site_name\" content=\"Departamento de Hist\u00f3ria da PUC-Rio\" \/>\n<meta property=\"article:published_time\" content=\"2017-09-12T17:38:13+00:00\" \/>\n<meta property=\"article:modified_time\" content=\"2018-09-06T23:06:56+00:00\" \/>\n<meta property=\"og:image\" content=\"http:\/\/wwwt.his.puc-rio.br\/his\/wp-content\/uploads\/Artboard-1-100-7.jpg\" \/>\n<meta name=\"author\" content=\"dephist\" \/>\n<meta name=\"twitter:card\" content=\"summary_large_image\" \/>\n<meta name=\"twitter:label1\" content=\"Written by\" \/>\n\t<meta name=\"twitter:data1\" content=\"dephist\" \/>\n<script type=\"application\/ld+json\" class=\"yoast-schema-graph\">{\"@context\":\"https:\/\/schema.org\",\"@graph\":[{\"@type\":\"WebPage\",\"@id\":\"https:\/\/www.his.puc-rio.br\/en\/historia-da-noite-e-da-vigilancia-noturna\/\",\"url\":\"https:\/\/www.his.puc-rio.br\/en\/historia-da-noite-e-da-vigilancia-noturna\/\",\"name\":\"(Portugu\u00eas) Hist\u00f3ria da noite e da vigil\u00e2ncia noturna - Departamento de Hist\u00f3ria da PUC-Rio\",\"isPartOf\":{\"@id\":\"http:\/\/www.his.puc-rio.br\/en\/#website\"},\"primaryImageOfPage\":{\"@id\":\"https:\/\/www.his.puc-rio.br\/en\/historia-da-noite-e-da-vigilancia-noturna\/#primaryimage\"},\"image\":{\"@id\":\"https:\/\/www.his.puc-rio.br\/en\/historia-da-noite-e-da-vigilancia-noturna\/#primaryimage\"},\"thumbnailUrl\":\"http:\/\/wwwt.his.puc-rio.br\/his\/wp-content\/uploads\/Artboard-1-100-7.jpg\",\"datePublished\":\"2017-09-12T17:38:13+00:00\",\"dateModified\":\"2018-09-06T23:06:56+00:00\",\"author\":{\"@id\":\"http:\/\/www.his.puc-rio.br\/pb\/#\/schema\/person\/9e54900224aae47fd486e7013a22647b\"},\"breadcrumb\":{\"@id\":\"https:\/\/www.his.puc-rio.br\/en\/historia-da-noite-e-da-vigilancia-noturna\/#breadcrumb\"},\"inLanguage\":\"en-US\",\"potentialAction\":[{\"@type\":\"ReadAction\",\"target\":[[\"https:\/\/www.his.puc-rio.br\/en\/historia-da-noite-e-da-vigilancia-noturna\/\"]]}]},{\"@type\":\"ImageObject\",\"inLanguage\":\"en-US\",\"@id\":\"https:\/\/www.his.puc-rio.br\/en\/historia-da-noite-e-da-vigilancia-noturna\/#primaryimage\",\"url\":\"http:\/\/wwwt.his.puc-rio.br\/his\/wp-content\/uploads\/Artboard-1-100-7.jpg\",\"contentUrl\":\"http:\/\/wwwt.his.puc-rio.br\/his\/wp-content\/uploads\/Artboard-1-100-7.jpg\"},{\"@type\":\"BreadcrumbList\",\"@id\":\"https:\/\/www.his.puc-rio.br\/en\/historia-da-noite-e-da-vigilancia-noturna\/#breadcrumb\",\"itemListElement\":[{\"@type\":\"ListItem\",\"position\":1,\"name\":\"In\u00edcio\",\"item\":\"http:\/\/www.his.puc-rio.br\/en\/\"},{\"@type\":\"ListItem\",\"position\":2,\"name\":\"(Portugu\u00eas) Hist\u00f3ria da noite e da vigil\u00e2ncia noturna\"}]},{\"@type\":\"WebSite\",\"@id\":\"http:\/\/www.his.puc-rio.br\/en\/#website\",\"url\":\"http:\/\/www.his.puc-rio.br\/en\/\",\"name\":\"Departamento de Hist\u00f3ria da PUC-Rio\",\"description\":\"Cursos de Gradua\u00e7\u00e3o, P\u00f3s-gradua\u00e7\u00e3o, Mestrado e Doutorado\",\"potentialAction\":[{\"@type\":\"SearchAction\",\"target\":{\"@type\":\"EntryPoint\",\"urlTemplate\":\"http:\/\/www.his.puc-rio.br\/en\/?s={search_term_string}\"},\"query-input\":{\"@type\":\"PropertyValueSpecification\",\"valueRequired\":true,\"valueName\":\"search_term_string\"}}],\"inLanguage\":\"en-US\"},{\"@type\":\"Person\",\"@id\":\"http:\/\/www.his.puc-rio.br\/pb\/#\/schema\/person\/9e54900224aae47fd486e7013a22647b\",\"name\":\"dephist\",\"image\":{\"@type\":\"ImageObject\",\"inLanguage\":\"en-US\",\"@id\":\"http:\/\/www.his.puc-rio.br\/en\/#\/schema\/person\/image\/\",\"url\":\"https:\/\/secure.gravatar.com\/avatar\/bf2683cb6927d5fdbed7881a4ee37199?s=96&d=mm&r=g\",\"contentUrl\":\"https:\/\/secure.gravatar.com\/avatar\/bf2683cb6927d5fdbed7881a4ee37199?s=96&d=mm&r=g\",\"caption\":\"dephist\"},\"url\":\"https:\/\/www.his.puc-rio.br\/en\/author\/dephist\/\"}]}<\/script>\n<!-- \/ Yoast SEO plugin. -->","yoast_head_json":{"title":"(Portugu\u00eas) Hist\u00f3ria da noite e da vigil\u00e2ncia noturna - Departamento de Hist\u00f3ria da PUC-Rio","robots":{"index":"index","follow":"follow","max-snippet":"max-snippet:-1","max-image-preview":"max-image-preview:large","max-video-preview":"max-video-preview:-1"},"canonical":"https:\/\/www.his.puc-rio.br\/en\/historia-da-noite-e-da-vigilancia-noturna\/","og_locale":"en_US","og_type":"article","og_title":"(Portugu\u00eas) Hist\u00f3ria da noite e da vigil\u00e2ncia noturna - Departamento de Hist\u00f3ria da PUC-Rio","og_description":"Sorry, this entry is only available in Portugu\u00eas. O Grupo &#8220;Hist\u00f3ria do Crime, da Pol\u00edcia e da Justi\u00e7a&#8221; (Rio de Janeiro) convida para o primeiro encontro de pesquisa: &#8220;Hist\u00f3ria da noite e da vigil\u00e2ncia noturna&#8221;, com a presen\u00e7a da Dra....Leia mais..","og_url":"https:\/\/www.his.puc-rio.br\/en\/historia-da-noite-e-da-vigilancia-noturna\/","og_site_name":"Departamento de Hist\u00f3ria da PUC-Rio","article_published_time":"2017-09-12T17:38:13+00:00","article_modified_time":"2018-09-06T23:06:56+00:00","og_image":[{"url":"http:\/\/wwwt.his.puc-rio.br\/his\/wp-content\/uploads\/Artboard-1-100-7.jpg"}],"author":"dephist","twitter_card":"summary_large_image","twitter_misc":{"Written by":"dephist"},"schema":{"@context":"https:\/\/schema.org","@graph":[{"@type":"WebPage","@id":"https:\/\/www.his.puc-rio.br\/en\/historia-da-noite-e-da-vigilancia-noturna\/","url":"https:\/\/www.his.puc-rio.br\/en\/historia-da-noite-e-da-vigilancia-noturna\/","name":"(Portugu\u00eas) Hist\u00f3ria da noite e da vigil\u00e2ncia noturna - Departamento de Hist\u00f3ria da PUC-Rio","isPartOf":{"@id":"http:\/\/www.his.puc-rio.br\/en\/#website"},"primaryImageOfPage":{"@id":"https:\/\/www.his.puc-rio.br\/en\/historia-da-noite-e-da-vigilancia-noturna\/#primaryimage"},"image":{"@id":"https:\/\/www.his.puc-rio.br\/en\/historia-da-noite-e-da-vigilancia-noturna\/#primaryimage"},"thumbnailUrl":"http:\/\/wwwt.his.puc-rio.br\/his\/wp-content\/uploads\/Artboard-1-100-7.jpg","datePublished":"2017-09-12T17:38:13+00:00","dateModified":"2018-09-06T23:06:56+00:00","author":{"@id":"http:\/\/www.his.puc-rio.br\/pb\/#\/schema\/person\/9e54900224aae47fd486e7013a22647b"},"breadcrumb":{"@id":"https:\/\/www.his.puc-rio.br\/en\/historia-da-noite-e-da-vigilancia-noturna\/#breadcrumb"},"inLanguage":"en-US","potentialAction":[{"@type":"ReadAction","target":[["https:\/\/www.his.puc-rio.br\/en\/historia-da-noite-e-da-vigilancia-noturna\/"]]}]},{"@type":"ImageObject","inLanguage":"en-US","@id":"https:\/\/www.his.puc-rio.br\/en\/historia-da-noite-e-da-vigilancia-noturna\/#primaryimage","url":"http:\/\/wwwt.his.puc-rio.br\/his\/wp-content\/uploads\/Artboard-1-100-7.jpg","contentUrl":"http:\/\/wwwt.his.puc-rio.br\/his\/wp-content\/uploads\/Artboard-1-100-7.jpg"},{"@type":"BreadcrumbList","@id":"https:\/\/www.his.puc-rio.br\/en\/historia-da-noite-e-da-vigilancia-noturna\/#breadcrumb","itemListElement":[{"@type":"ListItem","position":1,"name":"In\u00edcio","item":"http:\/\/www.his.puc-rio.br\/en\/"},{"@type":"ListItem","position":2,"name":"(Portugu\u00eas) Hist\u00f3ria da noite e da vigil\u00e2ncia noturna"}]},{"@type":"WebSite","@id":"http:\/\/www.his.puc-rio.br\/en\/#website","url":"http:\/\/www.his.puc-rio.br\/en\/","name":"Departamento de Hist\u00f3ria da PUC-Rio","description":"Cursos de Gradua\u00e7\u00e3o, P\u00f3s-gradua\u00e7\u00e3o, Mestrado e Doutorado","potentialAction":[{"@type":"SearchAction","target":{"@type":"EntryPoint","urlTemplate":"http:\/\/www.his.puc-rio.br\/en\/?s={search_term_string}"},"query-input":{"@type":"PropertyValueSpecification","valueRequired":true,"valueName":"search_term_string"}}],"inLanguage":"en-US"},{"@type":"Person","@id":"http:\/\/www.his.puc-rio.br\/pb\/#\/schema\/person\/9e54900224aae47fd486e7013a22647b","name":"dephist","image":{"@type":"ImageObject","inLanguage":"en-US","@id":"http:\/\/www.his.puc-rio.br\/en\/#\/schema\/person\/image\/","url":"https:\/\/secure.gravatar.com\/avatar\/bf2683cb6927d5fdbed7881a4ee37199?s=96&d=mm&r=g","contentUrl":"https:\/\/secure.gravatar.com\/avatar\/bf2683cb6927d5fdbed7881a4ee37199?s=96&d=mm&r=g","caption":"dephist"},"url":"https:\/\/www.his.puc-rio.br\/en\/author\/dephist\/"}]}},"jetpack_featured_media_url":"","_links":{"self":[{"href":"https:\/\/www.his.puc-rio.br\/en\/wp-json\/wp\/v2\/posts\/1461"}],"collection":[{"href":"https:\/\/www.his.puc-rio.br\/en\/wp-json\/wp\/v2\/posts"}],"about":[{"href":"https:\/\/www.his.puc-rio.br\/en\/wp-json\/wp\/v2\/types\/post"}],"author":[{"embeddable":true,"href":"https:\/\/www.his.puc-rio.br\/en\/wp-json\/wp\/v2\/users\/1"}],"replies":[{"embeddable":true,"href":"https:\/\/www.his.puc-rio.br\/en\/wp-json\/wp\/v2\/comments?post=1461"}],"version-history":[{"count":3,"href":"https:\/\/www.his.puc-rio.br\/en\/wp-json\/wp\/v2\/posts\/1461\/revisions"}],"predecessor-version":[{"id":1779,"href":"https:\/\/www.his.puc-rio.br\/en\/wp-json\/wp\/v2\/posts\/1461\/revisions\/1779"}],"wp:attachment":[{"href":"https:\/\/www.his.puc-rio.br\/en\/wp-json\/wp\/v2\/media?parent=1461"}],"wp:term":[{"taxonomy":"category","embeddable":true,"href":"https:\/\/www.his.puc-rio.br\/en\/wp-json\/wp\/v2\/categories?post=1461"},{"taxonomy":"post_tag","embeddable":true,"href":"https:\/\/www.his.puc-rio.br\/en\/wp-json\/wp\/v2\/tags?post=1461"}],"curies":[{"name":"wp","href":"https:\/\/api.w.org\/{rel}","templated":true}]}}