{"id":2281,"date":"2019-05-07T16:28:43","date_gmt":"2019-05-07T19:28:43","guid":{"rendered":"http:\/\/wwwt.his.puc-rio.br\/his\/?p=2281"},"modified":"2020-01-29T10:47:11","modified_gmt":"2020-01-29T13:47:11","slug":"eventos-2019","status":"publish","type":"post","link":"https:\/\/www.his.puc-rio.br\/en\/eventos-2019\/","title":{"rendered":"(Portugu\u00eas) Eventos 2019"},"content":{"rendered":"<p class=\"qtranxs-available-languages-message qtranxs-available-languages-message-en\">Sorry, this entry is only available in <a href=\"https:\/\/www.his.puc-rio.br\/pb\/wp-json\/wp\/v2\/posts\/2281\" class=\"qtranxs-available-language-link qtranxs-available-language-link-pb\" title=\"Portugu\u00eas\">Portugu\u00eas<\/a>.<\/p><p><\/p>\n<h4><span style=\"color: #000000;\">Professora Crislayne Alfagali foi convidada para um evento na Faculdade de Letras da Universidade de Lisboa, &#8221; Hist\u00f3ria de \u00c1frica &#8211; Semin\u00e1rios CH-ULisboa &#8221; .<\/span><br \/>\n<span style=\"color: #000000;\">Ser\u00e1 no dia 13 de Fevereiro de 2019, sala B1 \u00e1s 18:00.<\/span><br \/>\n<span style=\"color: #000000;\">Mais informa\u00e7\u00f5es<\/span> <span style=\"color: #ff6600;\"><a style=\"color: #ff6600;\" href=\"http:\/\/wwwt.his.puc-rio.br\/his\/wp-content\/uploads\/cartaz-chrislayna.png\" target=\"_blank\" rel=\"noopener\">aqui<\/a><\/span><\/h4>\n<h4><span style=\"color: #000000;\">O departamento de Hist\u00f3ria convida a todos para o Semin\u00e1rio Especial:<\/span><br \/>\n<span style=\"color: #000000;\">Teoria como (pro)voca\u00e7\u00e3o.<\/span><br \/>\n<span style=\"color: #000000;\">Dias 3, 4 e 5 de Abril<\/span><br \/>\n<span style=\"color: #000000;\">Local: Audit\u00f3rio FB8 &#8211; 8\u00b0 andar pr\u00e9dio F.<\/span><br \/>\n<span style=\"color: #000000;\">Mais informa\u00e7\u00f5es<\/span> <a href=\"http:\/\/wwwt.his.puc-rio.br\/his\/wp-content\/uploads\/teoria-da-provoca%C3%A7%C3%A3o-convertido-minicurso.pdf\" target=\"_blank\" rel=\"noopener\"><span style=\"color: #ff6600;\">aqui<\/span><\/a><\/h4>\n<h4><span style=\"color: #000000;\">Conex\u00f5es Atl\u00e2nticas<\/span><br \/>\n<span style=\"color: #000000;\">Dom\u00ednio, sistemas de trabalho e experi\u00eancias no Atl\u00e2ntico Sul, S\u00e9culos XVII e XVII\u00a0<\/span><br \/>\n<span style=\"color: #000000;\">Apresenta\u00e7\u00e3o de Crislayne Alfagali\u00a0<\/span><span class=\"text_exposed_show\"><br \/>\n<span style=\"color: #000000;\">Dia 29\/09 \u00e1s 11h, sala F502<\/span><br \/>\n<span style=\"color: #000000;\">Veja o cartaz<\/span> <span style=\"color: #ff6600;\"><a style=\"color: #ff6600;\" href=\"http:\/\/wwwt.his.puc-rio.br\/his\/wp-content\/uploads\/conexoes-atlanticas-Crislayne.png\" target=\"_blank\" rel=\"noopener\">aqui<\/a><\/span><\/span><\/h4>\n<h4><span style=\"color: #000000;\">Laborat\u00f3rio de Pesquisa em Conex\u00f5es Atl\u00e2nticas e o Departamento de Hist\u00f3ria convida para a palestra:<\/span><br \/>\n<span style=\"color: #000000;\">&#8220;Para al\u00e9m dos Jornais: fontes judiciais e hist\u00f3ria social dos impressos no Brasil (1850-1930)&#8221;<\/span><br \/>\n<span style=\"color: #000000;\">Com o professor Rodrigo Camargo Godoi, do Departamento de Hist\u00f3ria da Unicamp.<\/span><br \/>\n<span style=\"color: #000000;\">Dia 26 de abril, sexta-feira, \u00e1s 11h, na sala F515 (Sala Wlamer).<\/span><br \/>\n<span style=\"color: #000000;\">Veja o cartaz<\/span> <a href=\"http:\/\/wwwt.his.puc-rio.br\/his\/wp-content\/uploads\/Conexoes-atlanticas-Rodrigo.jpg\" target=\"_blank\" rel=\"noopener\"><span style=\"color: #ff6600;\">aqui<\/span><\/a><\/h4>\n<h4><span style=\"color: #000000;\">O Programa de P\u00f3s-Gradua\u00e7\u00e3o em Ensino de Hist\u00f3ria &#8211; ProfHist\u00f3ria\/PUC-Rio<\/span><br \/>\n<span style=\"color: #000000;\">e o Laborat\u00f3rio de Ensino de Hist\u00f3ria e Patrim\u00f4nio Cultural\u00a0<\/span><br \/>\n<span style=\"color: #000000;\">convidam para a palestra:<\/span><br \/>\n<span style=\"color: #000000;\">Museus Hist\u00f3ricos: Museus do presente<\/span><br \/>\n<span style=\"color: #000000;\"><span style=\"font-size: 1rem;\">Com o professor Paulo knauss<br \/>\n<\/span><span style=\"font-size: 1rem;\">Diretor do Museu Hist\u00f3rico Nacional<br \/>\n<\/span><span style=\"font-size: 1rem;\">26 de abril, 11:00hs, sala F502<br \/>\n<\/span><\/span><span style=\"font-size: 1rem;\"><span style=\"color: #000000;\">Edif\u00edcio da Amizade, Ala Frings, 5\u00ba andar<\/span><br \/>\n<span style=\"color: #000000;\">Veja o cartaz<\/span> <a href=\"http:\/\/wwwt.his.puc-rio.br\/his\/wp-content\/uploads\/Museus-Hist\u00f3ricos.jpg\" target=\"_blank\" rel=\"noopener\"><span style=\"color: #ff6600;\">aqui<\/span><\/a><\/span><\/h4>\n<h4><span style=\"color: #000000;\">Departamento de Hist\u00f3ria convida para Confer\u00eancia de Raquel Gil Montero.<\/span><br \/>\n<span style=\"color: #000000;\">A confer\u00eancia \u00e9 resultado de uma parceria do Laborat\u00f3rio de Pesquisas em Conex\u00f5es Atl\u00e2nticas, o semin\u00e1rio especial da Profa. Crislayne Alfagali (Os \u00cdndios no Brasil Colonial) e o PET coordenado pela Prof. Larissa Correa.<\/span><br \/>\n<span style=\"color: #000000;\">Mais informa\u00e7\u00f5es no cartaz<\/span> <span style=\"color: #ff6600;\"><a style=\"color: #ff6600;\" href=\"http:\/\/wwwt.his.puc-rio.br\/his\/wp-content\/uploads\/57277784_10217199223764010_6917607440859004928_o-1.jpg\" target=\"_blank\" rel=\"noopener\">aqui<\/a><\/span><\/h4>\n<h4><span style=\"color: #000000;\">HIST\u00d3RIA \u00c0S SEXTAS\u00a0<\/span><br \/>\n<span style=\"color: #000000;\">Departamento de Hist\u00f3ria e o Laborat\u00f3rio de Ensino de Hist\u00f3ria e Patrim\u00f4nio Cultural da PUC-Rio convidam para a exibi\u00e7\u00e3o do Document\u00e1rio:<\/span><br \/>\n<span style=\"color: #000000;\">DOS GRILH\u00d5ES AOS GUIZOS<\/span><span class=\"text_exposed_show\"><br \/>\n<span style=\"color: #000000;\">Edif\u00edcio da Amizade, Ala Frings, 5\u00ba andar. Sala F502 &#8211; PUC-Rio 10 de maio 11:00hs<\/span><br \/>\n<span style=\"color: #000000;\">Veja o cartaz<\/span> <a href=\"http:\/\/wwwt.his.puc-rio.br\/his\/wp-content\/uploads\/DOS-GRILH\u00d5ES-AOS-GUIZOS-1.png\" target=\"_blank\" rel=\"noopener\"><span style=\"color: #ff6600;\">aqui<\/span><\/a><\/span><\/h4>\n<h4><span style=\"color: #000000;\">II Jornada da P\u00f3s-gradua\u00e7\u00e3o em Hist\u00f3ria da PUC-Rio<\/span><br \/>\n<span style=\"color: #000000;\">De 27 a 30 de maio, de 11h \u00e1s 19h.<\/span><br \/>\n<span style=\"color: #000000;\">Audit\u00f3rio FB8, ala Frings, 8\u00b0 andar<\/span><br \/>\n<span style=\"color: #000000;\">Mais informa\u00e7\u00f5es<\/span> <span style=\"color: #ff6600;\"><a style=\"color: #ff6600;\" href=\"https:\/\/www.facebook.com\/events\/2249322845129058\/\" target=\"_blank\" rel=\"noopener\">aqui<\/a>\u00a0<\/span><\/h4>\n<h4><span style=\"color: #000000;\">O Laborat\u00f3rio de Pesquisa em Conex\u00f5es Atl\u00e2nticas do Departamento de Hist\u00f3ria da PUC-Rio convida para a confer\u00eancia da Professora Lara Putnam: \u201cA micro-hist\u00f3ria em escala atl\u00e2ntica: vidas, rastros, trilhos e sil\u00eancios&#8221;.<\/span><br \/>\n<span style=\"color: #000000;\">Data: 17 de maio de 2019, 11 h. Sala F502.<\/span><br \/>\n<span style=\"color: #000000;\">Veja o cartaz<\/span> <a href=\"http:\/\/wwwt.his.puc-rio.br\/his\/wp-content\/uploads\/60343599_2305243013027285_8645822244053843968_o-convertido.pdf\" target=\"_blank\" rel=\"noopener\"><span style=\"color: #ff6600;\">aqui<\/span><\/a><\/h4>\n<h4><span style=\"color: #000000;\">Hist\u00f3rias \u00e0s Sextas<\/span><br \/>\n<span style=\"color: #000000;\">&#8220;Sobre o sentido e o n\u00e3o-sentido da investiga\u00e7\u00e3o hist\u00f3rica&#8221;\u00a0<\/span><br \/>\n<span style=\"color: #000000;\">Data: dia 24 de maio, \u00e0s 11h.<\/span><br \/>\n<span style=\"color: #000000;\">Veja o cartaz<\/span> <span style=\"color: #ff6600;\"><a style=\"color: #ff6600;\" href=\"http:\/\/wwwt.his.puc-rio.br\/his\/wp-content\/uploads\/KOSELLECK-convertido.pdf\" target=\"_blank\" rel=\"noopener\">aqui<\/a><\/span><\/h4>\n<h4 class=\"_1mf _1mj\" data-offset-key=\"36bom-0-0\"><span style=\"color: #000000;\" data-offset-key=\"36bom-0-0\">Lan\u00e7amento do Livro &#8221; identidade, Mem\u00f3ria e Hist\u00f3ria em Santo Aleixo &#8211; Aspectos do Cotidiano Oper\u00e1rio ma Constru\u00e7\u00e3o de uma Cultura fabril&#8221;<br \/>\n<\/span><span style=\"color: #000000; font-size: 1rem;\">Dia 07 de Junho \u00e1s 19h na Blooks Livraria.<br \/>\n<\/span><span style=\"color: #000000;\">Mais informa\u00e7\u00f5es no cartaz<\/span> <span style=\"color: #ff6600;\"><a style=\"color: #ff6600;\" href=\"http:\/\/wwwt.his.puc-rio.br\/his\/wp-content\/uploads\/jpg2pdf-1.pdf\" target=\"_blank\" rel=\"noopener\">aqui<\/a><\/span><\/h4>\n<div class=\"\" data-block=\"true\" data-editor=\"celrh\" data-offset-key=\"dss3s-0-0\">\n<h4><span style=\"color: #000000;\">Hist\u00f3ria \u00e0s Sextas<br \/>\n<\/span><span style=\"color: #000000;\">Palestra: Hist\u00f3ria P\u00fablica e Ensino de Hist\u00f3ria\u00a0<\/span><br \/>\n<span style=\"color: #000000;\">Professor Paulo Debom (Centro Universit\u00e1rio Celso Lisboa).<\/span><br \/>\n<span style=\"color: #000000;\">Data: 31 de maio &#8211; Hora: 11:00hs, Sala: F502 &#8211; 5\u00baandar do pr\u00e9dio Frings.<\/span><br \/>\n<span style=\"color: #000000;\">Veja o cartaz<\/span> <a href=\"http:\/\/wwwt.his.puc-rio.br\/his\/wp-content\/uploads\/site-Paulo-Debom.jpg\" target=\"_blank\" rel=\"noopener\"><span style=\"color: #ff6600;\">aqui<\/span><\/a><\/h4>\n<h4 data-offset-key=\"dss3s-0-0\"><span style=\"color: #000000;\">Palestra &#8220;Alimenta\u00e7\u00e3o na Vida mar\u00edtima, S\u00e9culos XVI &#8211; XIX &#8221; <\/span><br \/>\n<span style=\"color: #000000;\">Prof. Dr. Jaime Rodrigues (Unifesp)<\/span><br \/>\n<span style=\"color: #000000;\">Data: 11 de Junho, \u00e1s 11h na sala F502<\/span><br \/>\n<span style=\"color: #000000;\">Veja o cartaz<\/span> <span style=\"color: #ff6600;\"><a style=\"color: #ff6600;\" href=\"http:\/\/wwwt.his.puc-rio.br\/his\/wp-content\/uploads\/site.jpg\" target=\"_blank\" rel=\"noopener\">aqui<\/a><\/span><\/h4>\n<h4><span style=\"color: #000000;\">Veja no site do departamento, a programa\u00e7\u00e3o do painel de monografia 2019.1<\/span><br \/>\n<span style=\"color: #000000;\">Dia 05\/07\/2018, \u00e1s 9:00 na sala F502.<\/span><br \/>\n<span style=\"color: #000000;\">Veja o painel <\/span><a href=\"http:\/\/wwwt.his.puc-rio.br\/his\/wp-content\/uploads\/PAINEL-DE-MONOGRAFIA-2019.1.pdf\" target=\"_blank\" rel=\"noopener\"><span style=\"color: #ff6600;\">aqui<\/span><\/a><\/h4>\n<h4><span style=\"color: #000000;\">Semin\u00e1rio 2019<\/span><br \/>\n<span style=\"color: #000000;\">Cultura Libert\u00e1ria, Feminismo e Anarquismo.<\/span><br \/>\n<span style=\"color: #000000;\">Data: 21 e 22 de Agosto<\/span><br \/>\n<span style=\"color: #000000;\">Hor\u00e1rio: 10h \u00e1s 17h<\/span><br \/>\n<span style=\"color: #000000;\">Local: UNIRIO &#8211; Av. Pasteur, 458 &#8211; Urca Rio de Janeiro<\/span><br \/>\n<span style=\"color: #000000;\">Mais informa\u00e7\u00f5es<\/span> <span style=\"color: #ff6600;\"><a style=\"color: #ff6600;\" href=\"http:\/\/wwwt.his.puc-rio.br\/his\/wp-content\/uploads\/digital2.png\" target=\"_blank\" rel=\"noopener\">aqui<\/a><\/span><\/h4>\n<h4><span style=\"color: #000000;\">O Laborat\u00f3rio de pesquisa em Conex\u00f5es Atl\u00e2nticas convida para a palestra, no espa\u00e7o de Historia \u00e0s Sextas, &#8220;ESP\u00cdAS, DETECTIVES Y POLIC\u00cdAS EN LA VIGILANCIA TRANSNACIONAL DEL ANARQUISMO (Buenos Aires, 1900-1910). &#8220;<\/span><br \/>\n<span style=\"color: #000000;\">Mart\u00edn Alborno<\/span><br \/>\n<span style=\"color: #000000;\">(CONICET-UNSAM, Argentina)<\/span><br \/>\n<span style=\"color: #000000;\">Edif\u00edcio da Amizade, Ala Frings<\/span><span class=\"text_exposed_show\"><br \/>\n<span style=\"color: #000000;\">5\u00ba Andar, Sala F 502<\/span><br \/>\n<span style=\"color: #000000;\">23 de agosto, \u00e0s 11 horas<\/span><br \/>\n<span style=\"color: #000000;\">Mais informa\u00e7\u00f5es<\/span> <a href=\"http:\/\/wwwt.his.puc-rio.br\/his\/wp-content\/uploads\/Deportado-Final.pdf\" target=\"_blank\" rel=\"noopener\"><span style=\"color: #ff6600;\">aqui<\/span><\/a><\/span><\/h4>\n<h4><span style=\"color: #000000;\">O Semin\u00e1rio \u201cConversas pol\u00edticas e culturais sobre Am\u00e9rica Latina: desafios que atravessam os tempos\u201d \u00e9 um evento que pretende reunir pesquisadores que estudem Am\u00e9rica Latina para a promo\u00e7\u00e3o de debates e reflex\u00f5es amplas nos \u00e2mbitos te\u00f3rico, metodol\u00f3gico e historiogr\u00e1fico.<\/span><br \/>\n<span style=\"color: #000000;\">Mais informa\u00e7\u00f5es<\/span> <a href=\"https:\/\/www.facebook.com\/events\/2669086766437442\/permalink\/2771273042885480\/\" target=\"_blank\" rel=\"noopener\"><span style=\"color: #ff6600;\">aqui<\/span><\/a><\/h4>\n<h4><span style=\"color: #000000;\">O Departamento de Hist\u00f3ria convida a todos para o lan\u00e7amento e debate sobre o livro &#8220;A doen\u00e7a e o tempo. Aids uma hist\u00f3ria de todos n\u00f3s&#8221; de Eduardo Jardim, nesta quinta-feira, dia 22\/8, \u00e0s 16h, no audit\u00f3rio B8, 8\u00ba andar, Ala Frings.<br \/>\nMais informa\u00e7\u00f5es <span style=\"color: #ff6600;\"><a style=\"color: #ff6600;\" href=\"http:\/\/wwwt.his.puc-rio.br\/his\/wp-content\/uploads\/Convite_EdJardim_PUC.png\" target=\"_blank\" rel=\"noopener\">aqui<\/a><\/span><\/span><\/h4>\n<h4><span style=\"color: #000000;\">Caros colegas professores e alunos,<\/span><br \/>\n<span style=\"color: #000000;\">Abaixo vai o convite para o lan\u00e7amento do Rio Mem\u00f3rias, projeto que tem o apoio do Departamento de Hist\u00f3ria, a coordena\u00e7\u00e3o do Prof. Edmilson Rodrigues e a participa\u00e7\u00e3o de alguns de nossos alunos da p\u00f3s-gradua\u00e7\u00e3o.<\/span><br \/>\n<span style=\"color: #000000;\">Mais informa\u00e7\u00f5es<\/span> <span style=\"color: #ff6600;\"><a style=\"color: #ff6600;\" href=\"http:\/\/wwwt.his.puc-rio.br\/his\/wp-content\/uploads\/68720189_2374722059412713_7134285358371438592_o.jpg\" target=\"_blank\" rel=\"noopener\">aqui<\/a><\/span><\/h4>\n<h4><span style=\"color: #000000;\">Common Creativity: The History of Modern Art and Psychiatry<\/span><br \/>\n<span style=\"color: #000000;\">Minicurso de p\u00f3s-gradua\u00e7\u00e3o com a Prof\u00aa Kaira M. Caba\u00f1as (School of Art + Art History, University of Florida)<\/span><br \/>\n<span style=\"color: #000000;\">Mais informa\u00e7\u00f5es<\/span> <span style=\"color: #ff6600;\"><a style=\"color: #ff6600;\" href=\"http:\/\/wwwt.his.puc-rio.br\/his\/2346-2\/\" target=\"_blank\" rel=\"noopener\">aqui<\/a><\/span><\/h4>\n<h4><span style=\"color: #000000;\">Curso de inverno &#8211; \u201cProsa do mundo\u201d: A obra de Diderot como periferia do Iluminismo (e nosso presente como universo de conting\u00eancia) &#8211; Hans Ulrich Gumbrecht Stanford University<\/span><br \/>\n<span style=\"color: #000000;\">De 16 a 18 de setembro,<\/span><br \/>\n<span style=\"color: #000000;\">das 14h \u00e0s 18h<\/span><br \/>\n<span style=\"color: #000000;\">Mais informa\u00e7\u00f5es<\/span> <a href=\"http:\/\/wwwt.his.puc-rio.br\/his\/curso-de-inverno\u2026-de-contingencia\/\" target=\"_blank\" rel=\"noopener\"><span style=\"color: #ff6600;\">aqui<\/span><\/a><\/h4>\n<h4><span style=\"color: #000000;\">Funda\u00e7\u00e3o Casa de Rui Barbosa \u2013 Instituto Rui Barbosa de Altos Estudos em Cultura<\/span><br \/>\n<span style=\"color: #000000;\">Universidade Federal Fluminense \u2013 Instituto de Letras<\/span><br \/>\n<span style=\"color: #000000;\">Pontif\u00edcia Universidade Cat\u00f3lica do Rio de Janeiro \u2013 Departamento de Hist\u00f3ria<\/span><br \/>\n<span style=\"color: #000000;\">convidam:<\/span><br \/>\n<span style=\"color: #000000;\">Gumbrecht no Rio de Janeiro<\/span><span class=\"text_exposed_show\"><br \/>\n<span style=\"color: #000000;\">Prof. Hans Ulrich Gumbrecht<\/span><br \/>\n<span style=\"color: #000000;\">(Professor emeritus, Stanford University)<\/span><br \/>\n<span style=\"color: #000000;\">Mais informa\u00e7\u00f5es<\/span> <a href=\"http:\/\/wwwt.his.puc-rio.br\/his\/curso-de-inverno\u2026-de-contingencia\/\" target=\"_blank\" rel=\"noopener\"><span style=\"color: #ff6600;\">aqui<\/span><\/a><\/span><\/h4>\n<h4><span style=\"color: #000000;\">Hist\u00f3rias \u00e0s Sextas e Col\u00f3quios de Filosofia Apresentam:<\/span><br \/>\n<span style=\"color: #000000;\">&#8221; Toward Discomfort: Selections From Learning From Madness &#8220;<\/span><br \/>\n<span style=\"color: #000000;\">Confer\u00eancia e Lan\u00e7amento de livro com a prof\u00aa. Kaira M. Caba\u00f1as (School of Art + Art History; University of Florida)<\/span><br \/>\n<span style=\"font-size: 1rem; color: #000000;\">Debatedor: Prof. Michael Asbury (TrAIN; University of the Arts, London)<br \/>\n<\/span><span style=\"font-size: 1rem;\"><span style=\"color: #000000;\">06 de Setembro, 11 horas, Sala F502, PUC-Rio.<\/span><br \/>\n<span style=\"color: #000000;\">Mais informa\u00e7\u00f5es<\/span> <a href=\"http:\/\/wwwt.his.puc-rio.br\/his\/wp-content\/uploads\/WhatsApp-Image-2019-09-02-at-2.08.09-PM.jpeg\" target=\"_blank\" rel=\"noopener\"><span style=\"color: #ff6600;\">aqui<\/span><\/a><\/span><\/h4>\n<h4><span style=\"color: #000000;\">O Departamento de Hist\u00f3ria, o Programa de P\u00f3s Gradua\u00e7\u00e3o em Hist\u00f3ria Social da Cultura, o Laborat\u00f3rio de Teoria e Hist\u00f3ria Intelectual da PUC-Rio, a Editora PUC-Rio e a Relic\u00e1rio Edi\u00e7\u00f5es convidam para o lan\u00e7amento do livro &#8220;Limite&#8221; do Prof. Luiz Costa Lima, nesta sexta-feira, dia 20\/9, \u00e0s 11h, na sala 502F, Edif\u00edcio Frings\/ PUC-Rio.<\/span><br \/>\n<span style=\"color: #000000;\">Mais informa\u00e7\u00f5es<\/span> <a href=\"http:\/\/wwwt.his.puc-rio.br\/his\/wp-content\/uploads\/Limite-site-Costa-Lima.jpg\" target=\"_blank\" rel=\"noopener\"><span style=\"color: #ff6600;\">aqui<\/span><\/a><\/h4>\n<h4><span style=\"color: #000000;\">IV Semin\u00e1rio Religi\u00e3o e Pol\u00edtica: religiosidade e democracia<\/span><br \/>\n<span style=\"color: #000000;\">Dias 24 e 25 de outubro de 2019.<\/span><br \/>\n<span style=\"color: #000000;\">Veja mais informa\u00e7\u00f5es<\/span> <span style=\"color: #ff6600;\"><a style=\"color: #ff6600;\" href=\"http:\/\/wwwt.his.puc-rio.br\/his\/2408-2\/\" target=\"_blank\" rel=\"noopener\">aqui\u00a0<\/a><\/span><\/h4>\n<h4><span style=\"color: #000000;\">O ensino de hist\u00f3ria em revista: pr\u00e1ticas de ensino, est\u00e1gios curriculares e forma\u00e7\u00e3o de professores.<\/span><br \/>\n<span style=\"color: #000000;\">Data: 10 de outubro de 2019.<\/span><br \/>\n<span style=\"color: #000000;\">Mais informa\u00e7\u00f5es<\/span> <a href=\"http:\/\/wwwt.his.puc-rio.br\/his\/o-ensino-de-hist\u2026o-de-professores\/\" target=\"_blank\" rel=\"noopener\"><span style=\"color: #ff6600;\">aqui<\/span><\/a><\/h4>\n<h4><span style=\"color: #000000;\">MInicurso de P\u00f3s-gradua\u00e7\u00e3o<\/span><br \/>\n<span style=\"color: #000000;\">Perspectivas de G\u00eanero na Hist\u00f3ria Social do Trabalho<\/span><br \/>\n<span style=\"color: #000000;\">Profa. Cristiana Schettini<\/span><br \/>\n<span style=\"color: #000000;\">( Universidad Nacional de San Martin\/ CONICET )<\/span><br \/>\n<span style=\"color: #000000;\">Mais informa\u00e7\u00f5es<\/span> <span style=\"color: #ff6600;\"><a style=\"color: #ff6600;\" href=\"http:\/\/wwwt.his.puc-rio.br\/his\/perspectivas-de-genero-na-historia-social-do-trabalho\/\" target=\"_blank\" rel=\"noopener\">aqui<\/a><\/span><\/h4>\n<h4><span style=\"color: #000000;\">O Departamento de Hist\u00f3ria e o Laborat\u00f3rio de Teoria e Hist\u00f3ria Intelectual convidam para a apresenta\u00e7\u00e3o do Prof. Marcelo Jasmin, &#8220;Civiliza\u00e7\u00e3o hoje?&#8221;, nesta sexta -feira, dia 1\/11, \u00e0s 11h, na sala 502F.<\/span><br \/>\n<span style=\"color: #000000;\">Veja o cartaz<\/span> <span style=\"color: #ff6600;\"><a style=\"color: #ff6600;\" href=\"http:\/\/wwwt.his.puc-rio.br\/his\/wp-content\/uploads\/SITE.jpg\" target=\"_blank\" rel=\"noopener\">aqui<\/a><\/span><\/h4>\n<h4 class=\"entry-title\" style=\"text-align: left;\"><span style=\"color: #000000;\">Mesa-Redonda \u201cDa Cidade Macuti \u00e0 Boca do Mato: di\u00e1logos interdisciplinares\u00a0e experi\u00eancias de pesquisa\u201d<\/span><br \/>\n<span style=\"color: #000000;\">Dia 13 de novembro, \u00e0s 17h, Sala F410 do Edif\u00edcio Frings.<\/span><br \/>\n<span style=\"color: #000000;\">Veja mais informa\u00e7\u00f5es<\/span> <a href=\"http:\/\/wwwt.his.puc-rio.br\/his\/mesa-redonda-da-cidade-macuti-a-boca-do-mato-dialogos-interdisciplinares-e-experiencias-de-pesquisa\/\" target=\"_blank\" rel=\"noopener\"><span style=\"color: #ff6600;\">aqui<\/span><\/a><\/h4>\n<h4><span style=\"color: #000000;\">\u00c9 com grande alegria que o Departamento de Hist\u00f3ria da PucRio, a Editora Puc-Rio e a Editora da Unifesp convidam para o lan\u00e7amento do livro Zigue-Zague do nosso querido Ricardo Benzaquen, no dia 21 de novembro, \u00e0s 19h, na Livraria da Travessa de Ipanema.<\/span><br \/>\n<span style=\"color: #000000;\">Veja a capa do livro<\/span> <a href=\"http:\/\/wwwt.his.puc-rio.br\/his\/wp-content\/uploads\/benzaquem-site-2.jpg\" target=\"_blank\" rel=\"noopener\"><span style=\"color: #ff6600;\">aqui<\/span><\/a><\/h4>\n<h4><span style=\"color: #000000;\">O Laborat\u00f3rio de Pesquisa em Conex\u00f5es Atl\u00e2nticas da PUC-Rio convida para a palestra de Cristiana Schettini (CONICET-UNSAM, Argentina): &#8220;South American Way: sexo<\/span><span class=\"text_exposed_show\"><span style=\"color: #000000;\">, migra\u00e7\u00f5es e trabalho no Atl\u00e2ntico sul-americano&#8221;. Dia 22 de novembro, \u00e0s 11 horas, no Edif\u00edcio Frings, sala F 502. A Profa. Cristiana Schettini ser\u00e1 Professora Visitante do Departamento de Hist\u00f3ria atrav\u00e9s do Projeto de Internacionaliza\u00e7\u00e3o CAPES-PrInt.<\/span><br \/>\n<span style=\"color: #000000;\">Veja o cartaz<\/span> <a href=\"http:\/\/wwwt.his.puc-rio.br\/his\/wp-content\/uploads\/site_palestra_cristiana.png\" target=\"_blank\" rel=\"noopener\"><span style=\"color: #ff6600;\">aqui<\/span><\/a><\/span><\/h4>\n<h4 class=\"entry-title\" style=\"text-align: left;\"><span style=\"color: #000000;\">MINICURSO \u2013 INTERC\u00c2MBIOS CULTURAIS \u00c1FRICA \u2013 AM\u00c9RICAS E AM\u00c9RICAS \u2013 \u00c1FRICA (S\u00c9CULOS XVI-XX)<\/span><br \/>\n<span style=\"color: #000000;\">Veja mais informa\u00e7\u00f5es<\/span>\u00a0<span style=\"color: #ff6600;\"><a style=\"color: #ff6600;\" href=\"http:\/\/wwwt.his.puc-rio.br\/his\/minicurso-intercambios-culturais-africa-americas-e-americas-africa-seculos-xvi-xx\/\" target=\"_blank\" rel=\"noopener\">aqui<\/a><\/span><\/h4>\n<h4><span style=\"color: #000000;\">Palestra &#8220;Ra\u00e7a, Igreja e Poder Colonial na Angola do S\u00e9culo XVIII&#8221;<\/span><br \/>\n<span style=\"color: #000000;\">Prof. Hugo Ribeiro da Silva (King&#8217;s College London)<\/span><br \/>\n<span style=\"color: #000000;\">Sexta-feira, 13 de dezembro, \u00e1s 11h.<\/span><span class=\"text_exposed_show\"><br \/>\n<span style=\"color: #000000;\">Sala F502, Edif\u00edcio da Amizade, PUC-Rio.<\/span><br \/>\n<span style=\"color: #000000;\">Veja o cartaz<\/span> <a href=\"http:\/\/wwwt.his.puc-rio.br\/his\/wp-content\/uploads\/palestra_Hugo_site.png\" target=\"_blank\" rel=\"noopener\"><span style=\"color: #ff6600;\">aqui<\/span><\/a><\/span><\/h4>\n<\/div>\n<p><\/p>","protected":false},"excerpt":{"rendered":"<p>Sorry, this entry is only available in Portugu\u00eas. Professora Crislayne Alfagali foi convidada para um evento na Faculdade de Letras da Universidade de Lisboa, &#8221; Hist\u00f3ria de \u00c1frica &#8211; Semin\u00e1rios CH-ULisboa &#8221; . Ser\u00e1 no dia 13 de Fevereiro de<a class=\"moretag\" href=\"https:\/\/www.his.puc-rio.br\/en\/eventos-2019\/\">&#8230;<\/a><\/br><a href=\"https:\/\/www.his.puc-rio.br\/en\/eventos-2019\/\" class=\"read-more\">Leia mais..  <span class=\"glyphicon glyphicon-chevron-right\" ><\/span><\/a><\/p>\n","protected":false},"author":1,"featured_media":0,"comment_status":"closed","ping_status":"open","sticky":false,"template":"","format":"standard","meta":{"footnotes":""},"categories":[1],"tags":[],"yoast_head":"<!-- This site is optimized with the Yoast SEO plugin v23.5 - https:\/\/yoast.com\/wordpress\/plugins\/seo\/ -->\n<title>(Portugu\u00eas) Eventos 2019 - Departamento de Hist\u00f3ria da PUC-Rio<\/title>\n<meta name=\"robots\" content=\"index, follow, max-snippet:-1, max-image-preview:large, max-video-preview:-1\" \/>\n<link rel=\"canonical\" href=\"https:\/\/www.his.puc-rio.br\/en\/eventos-2019\/\" \/>\n<meta property=\"og:locale\" content=\"en_US\" \/>\n<meta property=\"og:type\" content=\"article\" \/>\n<meta property=\"og:title\" content=\"(Portugu\u00eas) Eventos 2019 - Departamento de Hist\u00f3ria da PUC-Rio\" \/>\n<meta property=\"og:description\" content=\"Sorry, this entry is only available in Portugu\u00eas. Professora Crislayne Alfagali foi convidada para um evento na Faculdade de Letras da Universidade de Lisboa, &#8221; Hist\u00f3ria de \u00c1frica &#8211; Semin\u00e1rios CH-ULisboa &#8221; . Ser\u00e1 no dia 13 de Fevereiro de...Leia mais..\" \/>\n<meta property=\"og:url\" content=\"https:\/\/www.his.puc-rio.br\/en\/eventos-2019\/\" \/>\n<meta property=\"og:site_name\" content=\"Departamento de Hist\u00f3ria da PUC-Rio\" \/>\n<meta property=\"article:published_time\" content=\"2019-05-07T19:28:43+00:00\" \/>\n<meta property=\"article:modified_time\" content=\"2020-01-29T13:47:11+00:00\" \/>\n<meta name=\"author\" content=\"dephist\" \/>\n<meta name=\"twitter:card\" content=\"summary_large_image\" \/>\n<meta name=\"twitter:label1\" content=\"Written by\" \/>\n\t<meta name=\"twitter:data1\" content=\"dephist\" \/>\n\t<meta name=\"twitter:label2\" content=\"Est. reading time\" \/>\n\t<meta name=\"twitter:data2\" content=\"7 minutes\" \/>\n<script type=\"application\/ld+json\" class=\"yoast-schema-graph\">{\"@context\":\"https:\/\/schema.org\",\"@graph\":[{\"@type\":\"WebPage\",\"@id\":\"https:\/\/www.his.puc-rio.br\/en\/eventos-2019\/\",\"url\":\"https:\/\/www.his.puc-rio.br\/en\/eventos-2019\/\",\"name\":\"(Portugu\u00eas) Eventos 2019 - Departamento de Hist\u00f3ria da PUC-Rio\",\"isPartOf\":{\"@id\":\"http:\/\/www.his.puc-rio.br\/en\/#website\"},\"datePublished\":\"2019-05-07T19:28:43+00:00\",\"dateModified\":\"2020-01-29T13:47:11+00:00\",\"author\":{\"@id\":\"http:\/\/www.his.puc-rio.br\/pb\/#\/schema\/person\/9e54900224aae47fd486e7013a22647b\"},\"breadcrumb\":{\"@id\":\"https:\/\/www.his.puc-rio.br\/en\/eventos-2019\/#breadcrumb\"},\"inLanguage\":\"en-US\",\"potentialAction\":[{\"@type\":\"ReadAction\",\"target\":[[\"https:\/\/www.his.puc-rio.br\/en\/eventos-2019\/\"]]}]},{\"@type\":\"BreadcrumbList\",\"@id\":\"https:\/\/www.his.puc-rio.br\/en\/eventos-2019\/#breadcrumb\",\"itemListElement\":[{\"@type\":\"ListItem\",\"position\":1,\"name\":\"In\u00edcio\",\"item\":\"http:\/\/www.his.puc-rio.br\/en\/\"},{\"@type\":\"ListItem\",\"position\":2,\"name\":\"(Portugu\u00eas) Eventos 2019\"}]},{\"@type\":\"WebSite\",\"@id\":\"http:\/\/www.his.puc-rio.br\/en\/#website\",\"url\":\"http:\/\/www.his.puc-rio.br\/en\/\",\"name\":\"Departamento de Hist\u00f3ria da PUC-Rio\",\"description\":\"Cursos de Gradua\u00e7\u00e3o, P\u00f3s-gradua\u00e7\u00e3o, Mestrado e Doutorado\",\"potentialAction\":[{\"@type\":\"SearchAction\",\"target\":{\"@type\":\"EntryPoint\",\"urlTemplate\":\"http:\/\/www.his.puc-rio.br\/en\/?s={search_term_string}\"},\"query-input\":{\"@type\":\"PropertyValueSpecification\",\"valueRequired\":true,\"valueName\":\"search_term_string\"}}],\"inLanguage\":\"en-US\"},{\"@type\":\"Person\",\"@id\":\"http:\/\/www.his.puc-rio.br\/pb\/#\/schema\/person\/9e54900224aae47fd486e7013a22647b\",\"name\":\"dephist\",\"image\":{\"@type\":\"ImageObject\",\"inLanguage\":\"en-US\",\"@id\":\"http:\/\/www.his.puc-rio.br\/en\/#\/schema\/person\/image\/\",\"url\":\"https:\/\/secure.gravatar.com\/avatar\/bf2683cb6927d5fdbed7881a4ee37199?s=96&d=mm&r=g\",\"contentUrl\":\"https:\/\/secure.gravatar.com\/avatar\/bf2683cb6927d5fdbed7881a4ee37199?s=96&d=mm&r=g\",\"caption\":\"dephist\"},\"url\":\"https:\/\/www.his.puc-rio.br\/en\/author\/dephist\/\"}]}<\/script>\n<!-- \/ Yoast SEO plugin. -->","yoast_head_json":{"title":"(Portugu\u00eas) Eventos 2019 - Departamento de Hist\u00f3ria da PUC-Rio","robots":{"index":"index","follow":"follow","max-snippet":"max-snippet:-1","max-image-preview":"max-image-preview:large","max-video-preview":"max-video-preview:-1"},"canonical":"https:\/\/www.his.puc-rio.br\/en\/eventos-2019\/","og_locale":"en_US","og_type":"article","og_title":"(Portugu\u00eas) Eventos 2019 - Departamento de Hist\u00f3ria da PUC-Rio","og_description":"Sorry, this entry is only available in Portugu\u00eas. Professora Crislayne Alfagali foi convidada para um evento na Faculdade de Letras da Universidade de Lisboa, &#8221; Hist\u00f3ria de \u00c1frica &#8211; Semin\u00e1rios CH-ULisboa &#8221; . Ser\u00e1 no dia 13 de Fevereiro de...Leia mais..","og_url":"https:\/\/www.his.puc-rio.br\/en\/eventos-2019\/","og_site_name":"Departamento de Hist\u00f3ria da PUC-Rio","article_published_time":"2019-05-07T19:28:43+00:00","article_modified_time":"2020-01-29T13:47:11+00:00","author":"dephist","twitter_card":"summary_large_image","twitter_misc":{"Written by":"dephist","Est. reading time":"7 minutes"},"schema":{"@context":"https:\/\/schema.org","@graph":[{"@type":"WebPage","@id":"https:\/\/www.his.puc-rio.br\/en\/eventos-2019\/","url":"https:\/\/www.his.puc-rio.br\/en\/eventos-2019\/","name":"(Portugu\u00eas) Eventos 2019 - Departamento de Hist\u00f3ria da PUC-Rio","isPartOf":{"@id":"http:\/\/www.his.puc-rio.br\/en\/#website"},"datePublished":"2019-05-07T19:28:43+00:00","dateModified":"2020-01-29T13:47:11+00:00","author":{"@id":"http:\/\/www.his.puc-rio.br\/pb\/#\/schema\/person\/9e54900224aae47fd486e7013a22647b"},"breadcrumb":{"@id":"https:\/\/www.his.puc-rio.br\/en\/eventos-2019\/#breadcrumb"},"inLanguage":"en-US","potentialAction":[{"@type":"ReadAction","target":[["https:\/\/www.his.puc-rio.br\/en\/eventos-2019\/"]]}]},{"@type":"BreadcrumbList","@id":"https:\/\/www.his.puc-rio.br\/en\/eventos-2019\/#breadcrumb","itemListElement":[{"@type":"ListItem","position":1,"name":"In\u00edcio","item":"http:\/\/www.his.puc-rio.br\/en\/"},{"@type":"ListItem","position":2,"name":"(Portugu\u00eas) Eventos 2019"}]},{"@type":"WebSite","@id":"http:\/\/www.his.puc-rio.br\/en\/#website","url":"http:\/\/www.his.puc-rio.br\/en\/","name":"Departamento de Hist\u00f3ria da PUC-Rio","description":"Cursos de Gradua\u00e7\u00e3o, P\u00f3s-gradua\u00e7\u00e3o, Mestrado e Doutorado","potentialAction":[{"@type":"SearchAction","target":{"@type":"EntryPoint","urlTemplate":"http:\/\/www.his.puc-rio.br\/en\/?s={search_term_string}"},"query-input":{"@type":"PropertyValueSpecification","valueRequired":true,"valueName":"search_term_string"}}],"inLanguage":"en-US"},{"@type":"Person","@id":"http:\/\/www.his.puc-rio.br\/pb\/#\/schema\/person\/9e54900224aae47fd486e7013a22647b","name":"dephist","image":{"@type":"ImageObject","inLanguage":"en-US","@id":"http:\/\/www.his.puc-rio.br\/en\/#\/schema\/person\/image\/","url":"https:\/\/secure.gravatar.com\/avatar\/bf2683cb6927d5fdbed7881a4ee37199?s=96&d=mm&r=g","contentUrl":"https:\/\/secure.gravatar.com\/avatar\/bf2683cb6927d5fdbed7881a4ee37199?s=96&d=mm&r=g","caption":"dephist"},"url":"https:\/\/www.his.puc-rio.br\/en\/author\/dephist\/"}]}},"jetpack_featured_media_url":"","_links":{"self":[{"href":"https:\/\/www.his.puc-rio.br\/en\/wp-json\/wp\/v2\/posts\/2281"}],"collection":[{"href":"https:\/\/www.his.puc-rio.br\/en\/wp-json\/wp\/v2\/posts"}],"about":[{"href":"https:\/\/www.his.puc-rio.br\/en\/wp-json\/wp\/v2\/types\/post"}],"author":[{"embeddable":true,"href":"https:\/\/www.his.puc-rio.br\/en\/wp-json\/wp\/v2\/users\/1"}],"replies":[{"embeddable":true,"href":"https:\/\/www.his.puc-rio.br\/en\/wp-json\/wp\/v2\/comments?post=2281"}],"version-history":[{"count":9,"href":"https:\/\/www.his.puc-rio.br\/en\/wp-json\/wp\/v2\/posts\/2281\/revisions"}],"predecessor-version":[{"id":2571,"href":"https:\/\/www.his.puc-rio.br\/en\/wp-json\/wp\/v2\/posts\/2281\/revisions\/2571"}],"wp:attachment":[{"href":"https:\/\/www.his.puc-rio.br\/en\/wp-json\/wp\/v2\/media?parent=2281"}],"wp:term":[{"taxonomy":"category","embeddable":true,"href":"https:\/\/www.his.puc-rio.br\/en\/wp-json\/wp\/v2\/categories?post=2281"},{"taxonomy":"post_tag","embeddable":true,"href":"https:\/\/www.his.puc-rio.br\/en\/wp-json\/wp\/v2\/tags?post=2281"}],"curies":[{"name":"wp","href":"https:\/\/api.w.org\/{rel}","templated":true}]}}