{"id":2679,"date":"2020-10-29T16:53:36","date_gmt":"2020-10-29T19:53:36","guid":{"rendered":"http:\/\/wwwt.his.puc-rio.br\/his\/?p=2679"},"modified":"2021-04-22T17:54:18","modified_gmt":"2021-04-22T20:54:18","slug":"encontros-de-formacao-2020-ensino-de-historia-integracao-entre-educacao-basica-e-pos-graduacao","status":"publish","type":"post","link":"https:\/\/www.his.puc-rio.br\/en\/encontros-de-formacao-2020-ensino-de-historia-integracao-entre-educacao-basica-e-pos-graduacao\/","title":{"rendered":"ENCONTROS DE FORMA\u00c7\u00c3O &#8211; 2020 Ensino de Hist\u00f3ria: integra\u00e7\u00e3o entre Educa\u00e7\u00e3o B\u00e1sica e P\u00f3s-gradua\u00e7\u00e3o"},"content":{"rendered":"<p style=\"text-align: justify;\"><span style=\"color: #000000;\">Os encontros quinzenais t\u00eam como objetivo contribuir com a forma\u00e7\u00e3o inicial e continuada de docentes em Hist\u00f3ria para o trabalho em escolas de Educa\u00e7\u00e3o B\u00e1sica. A partir da realiza\u00e7\u00e3o de semin\u00e1rios de temas referenciais pretende-se desenvolver o debate sobre as pr\u00e1ticas pedag\u00f3gicas, experi\u00eancias metodol\u00f3gicas e pr\u00e1ticas interdisciplinares\/transdisciplinares no ensino de Hist\u00f3ria.<\/span><\/p>\n<p style=\"text-align: justify;\"><span style=\"color: #000000;\"><strong>17\/11 <\/strong><\/span><\/p>\n<p style=\"text-align: justify;\"><span style=\"color: #000000;\"><strong>18:00hs <\/strong><\/span><\/p>\n<p style=\"text-align: justify;\"><span style=\"color: #000000;\">M\u00fasica popular, patrim\u00f4nio e ensino de hist\u00f3ria: possibilidades e aplica\u00e7\u00f5es na Grande Madureira \/RJ<\/span><\/p>\n<p style=\"text-align: justify;\"><span style=\"color: #000000;\">Lucas Marinho Nunes<\/span><\/p>\n<p style=\"text-align: justify;\">\n<p style=\"text-align: justify;\"><span style=\"color: #000000;\"><strong>02 \/12 <\/strong><\/span><\/p>\n<p style=\"text-align: justify;\"><span style=\"color: #000000;\"><strong>18:00hs<\/strong><\/span><\/p>\n<p style=\"text-align: justify;\"><span style=\"color: #000000;\">A numism\u00e1tica na sala de aula: moedas que contam hist\u00f3rias<\/span><\/p>\n<p style=\"text-align: justify;\"><span style=\"color: #000000;\">Ricardo Luiz Jonard de Aguiar<\/span><\/p>\n<p style=\"text-align: justify;\"><span style=\"color: #000000;\"><strong>\u00a0<\/strong><\/span><\/p>\n<p style=\"text-align: justify;\"><span style=\"color: #000000;\"><strong>15\/12 <\/strong><\/span><\/p>\n<p style=\"text-align: justify;\"><span style=\"color: #000000;\"><strong>18:00hs<\/strong><\/span><\/p>\n<p style=\"text-align: justify;\"><span style=\"color: #000000;\">Quiva e Lai\u00e1: protagonismo ind\u00edgena nas aulas de hist\u00f3ria atrav\u00e9s de uma narrativa da cidade de Itagua\u00ed\/RJ<\/span><\/p>\n<p style=\"text-align: justify;\"><span style=\"color: #000000;\">Glauber Lima dos Anjos<\/span><\/p>\n<ul>\n<li style=\"text-align: justify;\"><span style=\"color: #000000;\">Os encontros ser\u00e3o transmitidos via zoom. Os links ser\u00e3o disponibilizados com 30 minutos de anteced\u00eancia.<\/span><\/li>\n<li style=\"text-align: justify;\"><span style=\"color: #000000;\">Contato:<\/span> <span style=\"color: #0000ff;\"><a style=\"color: #0000ff;\" href=\"mailto:jsbmello@puc-rio.br\">jsbmello@puc-rio.br<\/a><\/span><\/li>\n<\/ul>\n","protected":false},"excerpt":{"rendered":"<p>Os encontros quinzenais t\u00eam como objetivo contribuir com a forma\u00e7\u00e3o inicial e continuada de docentes em Hist\u00f3ria para o trabalho em escolas de Educa\u00e7\u00e3o B\u00e1sica. A partir da realiza\u00e7\u00e3o de semin\u00e1rios de temas referenciais pretende-se desenvolver o debate sobre as<a class=\"moretag\" href=\"https:\/\/www.his.puc-rio.br\/en\/encontros-de-formacao-2020-ensino-de-historia-integracao-entre-educacao-basica-e-pos-graduacao\/\">&#8230;<\/a><\/br><a href=\"https:\/\/www.his.puc-rio.br\/en\/encontros-de-formacao-2020-ensino-de-historia-integracao-entre-educacao-basica-e-pos-graduacao\/\" class=\"read-more\">Leia mais..  <span class=\"glyphicon glyphicon-chevron-right\" ><\/span><\/a><\/p>\n","protected":false},"author":1,"featured_media":0,"comment_status":"closed","ping_status":"open","sticky":false,"template":"","format":"standard","meta":{"footnotes":""},"categories":[1],"tags":[],"yoast_head":"<!-- This site is optimized with the Yoast SEO plugin v23.5 - https:\/\/yoast.com\/wordpress\/plugins\/seo\/ -->\n<title>ENCONTROS DE FORMA\u00c7\u00c3O - 2020 Ensino de Hist\u00f3ria: integra\u00e7\u00e3o entre Educa\u00e7\u00e3o B\u00e1sica e P\u00f3s-gradua\u00e7\u00e3o - Departamento de Hist\u00f3ria da PUC-Rio<\/title>\n<meta name=\"robots\" content=\"index, follow, max-snippet:-1, max-image-preview:large, max-video-preview:-1\" \/>\n<link rel=\"canonical\" href=\"https:\/\/www.his.puc-rio.br\/en\/encontros-de-formacao-2020-ensino-de-historia-integracao-entre-educacao-basica-e-pos-graduacao\/\" \/>\n<meta property=\"og:locale\" content=\"en_US\" \/>\n<meta property=\"og:type\" content=\"article\" \/>\n<meta property=\"og:title\" content=\"ENCONTROS DE FORMA\u00c7\u00c3O - 2020 Ensino de Hist\u00f3ria: integra\u00e7\u00e3o entre Educa\u00e7\u00e3o B\u00e1sica e P\u00f3s-gradua\u00e7\u00e3o - Departamento de Hist\u00f3ria da PUC-Rio\" \/>\n<meta property=\"og:description\" content=\"Os encontros quinzenais t\u00eam como objetivo contribuir com a forma\u00e7\u00e3o inicial e continuada de docentes em Hist\u00f3ria para o trabalho em escolas de Educa\u00e7\u00e3o B\u00e1sica. A partir da realiza\u00e7\u00e3o de semin\u00e1rios de temas referenciais pretende-se desenvolver o debate sobre as...Leia mais..\" \/>\n<meta property=\"og:url\" content=\"https:\/\/www.his.puc-rio.br\/en\/encontros-de-formacao-2020-ensino-de-historia-integracao-entre-educacao-basica-e-pos-graduacao\/\" \/>\n<meta property=\"og:site_name\" content=\"Departamento de Hist\u00f3ria da PUC-Rio\" \/>\n<meta property=\"article:published_time\" content=\"2020-10-29T19:53:36+00:00\" \/>\n<meta property=\"article:modified_time\" content=\"2021-04-22T20:54:18+00:00\" \/>\n<meta name=\"author\" content=\"dephist\" \/>\n<meta name=\"twitter:card\" content=\"summary_large_image\" \/>\n<meta name=\"twitter:label1\" content=\"Written by\" \/>\n\t<meta name=\"twitter:data1\" content=\"dephist\" \/>\n\t<meta name=\"twitter:label2\" content=\"Est. reading time\" \/>\n\t<meta name=\"twitter:data2\" content=\"1 minute\" \/>\n<script type=\"application\/ld+json\" class=\"yoast-schema-graph\">{\"@context\":\"https:\/\/schema.org\",\"@graph\":[{\"@type\":\"WebPage\",\"@id\":\"https:\/\/www.his.puc-rio.br\/en\/encontros-de-formacao-2020-ensino-de-historia-integracao-entre-educacao-basica-e-pos-graduacao\/\",\"url\":\"https:\/\/www.his.puc-rio.br\/en\/encontros-de-formacao-2020-ensino-de-historia-integracao-entre-educacao-basica-e-pos-graduacao\/\",\"name\":\"ENCONTROS DE FORMA\u00c7\u00c3O - 2020 Ensino de Hist\u00f3ria: integra\u00e7\u00e3o entre Educa\u00e7\u00e3o B\u00e1sica e P\u00f3s-gradua\u00e7\u00e3o - Departamento de Hist\u00f3ria da PUC-Rio\",\"isPartOf\":{\"@id\":\"http:\/\/www.his.puc-rio.br\/en\/#website\"},\"datePublished\":\"2020-10-29T19:53:36+00:00\",\"dateModified\":\"2021-04-22T20:54:18+00:00\",\"author\":{\"@id\":\"http:\/\/www.his.puc-rio.br\/pb\/#\/schema\/person\/9e54900224aae47fd486e7013a22647b\"},\"breadcrumb\":{\"@id\":\"https:\/\/www.his.puc-rio.br\/en\/encontros-de-formacao-2020-ensino-de-historia-integracao-entre-educacao-basica-e-pos-graduacao\/#breadcrumb\"},\"inLanguage\":\"en-US\",\"potentialAction\":[{\"@type\":\"ReadAction\",\"target\":[[\"https:\/\/www.his.puc-rio.br\/en\/encontros-de-formacao-2020-ensino-de-historia-integracao-entre-educacao-basica-e-pos-graduacao\/\"]]}]},{\"@type\":\"BreadcrumbList\",\"@id\":\"https:\/\/www.his.puc-rio.br\/en\/encontros-de-formacao-2020-ensino-de-historia-integracao-entre-educacao-basica-e-pos-graduacao\/#breadcrumb\",\"itemListElement\":[{\"@type\":\"ListItem\",\"position\":1,\"name\":\"In\u00edcio\",\"item\":\"http:\/\/www.his.puc-rio.br\/en\/\"},{\"@type\":\"ListItem\",\"position\":2,\"name\":\"ENCONTROS DE FORMA\u00c7\u00c3O &#8211; 2020 Ensino de Hist\u00f3ria: integra\u00e7\u00e3o entre Educa\u00e7\u00e3o B\u00e1sica e P\u00f3s-gradua\u00e7\u00e3o\"}]},{\"@type\":\"WebSite\",\"@id\":\"http:\/\/www.his.puc-rio.br\/en\/#website\",\"url\":\"http:\/\/www.his.puc-rio.br\/en\/\",\"name\":\"Departamento de Hist\u00f3ria da PUC-Rio\",\"description\":\"Cursos de Gradua\u00e7\u00e3o, P\u00f3s-gradua\u00e7\u00e3o, Mestrado e Doutorado\",\"potentialAction\":[{\"@type\":\"SearchAction\",\"target\":{\"@type\":\"EntryPoint\",\"urlTemplate\":\"http:\/\/www.his.puc-rio.br\/en\/?s={search_term_string}\"},\"query-input\":{\"@type\":\"PropertyValueSpecification\",\"valueRequired\":true,\"valueName\":\"search_term_string\"}}],\"inLanguage\":\"en-US\"},{\"@type\":\"Person\",\"@id\":\"http:\/\/www.his.puc-rio.br\/pb\/#\/schema\/person\/9e54900224aae47fd486e7013a22647b\",\"name\":\"dephist\",\"image\":{\"@type\":\"ImageObject\",\"inLanguage\":\"en-US\",\"@id\":\"http:\/\/www.his.puc-rio.br\/en\/#\/schema\/person\/image\/\",\"url\":\"https:\/\/secure.gravatar.com\/avatar\/bf2683cb6927d5fdbed7881a4ee37199?s=96&d=mm&r=g\",\"contentUrl\":\"https:\/\/secure.gravatar.com\/avatar\/bf2683cb6927d5fdbed7881a4ee37199?s=96&d=mm&r=g\",\"caption\":\"dephist\"},\"url\":\"https:\/\/www.his.puc-rio.br\/en\/author\/dephist\/\"}]}<\/script>\n<!-- \/ Yoast SEO plugin. -->","yoast_head_json":{"title":"ENCONTROS DE FORMA\u00c7\u00c3O - 2020 Ensino de Hist\u00f3ria: integra\u00e7\u00e3o entre Educa\u00e7\u00e3o B\u00e1sica e P\u00f3s-gradua\u00e7\u00e3o - Departamento de Hist\u00f3ria da PUC-Rio","robots":{"index":"index","follow":"follow","max-snippet":"max-snippet:-1","max-image-preview":"max-image-preview:large","max-video-preview":"max-video-preview:-1"},"canonical":"https:\/\/www.his.puc-rio.br\/en\/encontros-de-formacao-2020-ensino-de-historia-integracao-entre-educacao-basica-e-pos-graduacao\/","og_locale":"en_US","og_type":"article","og_title":"ENCONTROS DE FORMA\u00c7\u00c3O - 2020 Ensino de Hist\u00f3ria: integra\u00e7\u00e3o entre Educa\u00e7\u00e3o B\u00e1sica e P\u00f3s-gradua\u00e7\u00e3o - Departamento de Hist\u00f3ria da PUC-Rio","og_description":"Os encontros quinzenais t\u00eam como objetivo contribuir com a forma\u00e7\u00e3o inicial e continuada de docentes em Hist\u00f3ria para o trabalho em escolas de Educa\u00e7\u00e3o B\u00e1sica. A partir da realiza\u00e7\u00e3o de semin\u00e1rios de temas referenciais pretende-se desenvolver o debate sobre as...Leia mais..","og_url":"https:\/\/www.his.puc-rio.br\/en\/encontros-de-formacao-2020-ensino-de-historia-integracao-entre-educacao-basica-e-pos-graduacao\/","og_site_name":"Departamento de Hist\u00f3ria da PUC-Rio","article_published_time":"2020-10-29T19:53:36+00:00","article_modified_time":"2021-04-22T20:54:18+00:00","author":"dephist","twitter_card":"summary_large_image","twitter_misc":{"Written by":"dephist","Est. reading time":"1 minute"},"schema":{"@context":"https:\/\/schema.org","@graph":[{"@type":"WebPage","@id":"https:\/\/www.his.puc-rio.br\/en\/encontros-de-formacao-2020-ensino-de-historia-integracao-entre-educacao-basica-e-pos-graduacao\/","url":"https:\/\/www.his.puc-rio.br\/en\/encontros-de-formacao-2020-ensino-de-historia-integracao-entre-educacao-basica-e-pos-graduacao\/","name":"ENCONTROS DE FORMA\u00c7\u00c3O - 2020 Ensino de Hist\u00f3ria: integra\u00e7\u00e3o entre Educa\u00e7\u00e3o B\u00e1sica e P\u00f3s-gradua\u00e7\u00e3o - Departamento de Hist\u00f3ria da PUC-Rio","isPartOf":{"@id":"http:\/\/www.his.puc-rio.br\/en\/#website"},"datePublished":"2020-10-29T19:53:36+00:00","dateModified":"2021-04-22T20:54:18+00:00","author":{"@id":"http:\/\/www.his.puc-rio.br\/pb\/#\/schema\/person\/9e54900224aae47fd486e7013a22647b"},"breadcrumb":{"@id":"https:\/\/www.his.puc-rio.br\/en\/encontros-de-formacao-2020-ensino-de-historia-integracao-entre-educacao-basica-e-pos-graduacao\/#breadcrumb"},"inLanguage":"en-US","potentialAction":[{"@type":"ReadAction","target":[["https:\/\/www.his.puc-rio.br\/en\/encontros-de-formacao-2020-ensino-de-historia-integracao-entre-educacao-basica-e-pos-graduacao\/"]]}]},{"@type":"BreadcrumbList","@id":"https:\/\/www.his.puc-rio.br\/en\/encontros-de-formacao-2020-ensino-de-historia-integracao-entre-educacao-basica-e-pos-graduacao\/#breadcrumb","itemListElement":[{"@type":"ListItem","position":1,"name":"In\u00edcio","item":"http:\/\/www.his.puc-rio.br\/en\/"},{"@type":"ListItem","position":2,"name":"ENCONTROS DE FORMA\u00c7\u00c3O &#8211; 2020 Ensino de Hist\u00f3ria: integra\u00e7\u00e3o entre Educa\u00e7\u00e3o B\u00e1sica e P\u00f3s-gradua\u00e7\u00e3o"}]},{"@type":"WebSite","@id":"http:\/\/www.his.puc-rio.br\/en\/#website","url":"http:\/\/www.his.puc-rio.br\/en\/","name":"Departamento de Hist\u00f3ria da PUC-Rio","description":"Cursos de Gradua\u00e7\u00e3o, P\u00f3s-gradua\u00e7\u00e3o, Mestrado e Doutorado","potentialAction":[{"@type":"SearchAction","target":{"@type":"EntryPoint","urlTemplate":"http:\/\/www.his.puc-rio.br\/en\/?s={search_term_string}"},"query-input":{"@type":"PropertyValueSpecification","valueRequired":true,"valueName":"search_term_string"}}],"inLanguage":"en-US"},{"@type":"Person","@id":"http:\/\/www.his.puc-rio.br\/pb\/#\/schema\/person\/9e54900224aae47fd486e7013a22647b","name":"dephist","image":{"@type":"ImageObject","inLanguage":"en-US","@id":"http:\/\/www.his.puc-rio.br\/en\/#\/schema\/person\/image\/","url":"https:\/\/secure.gravatar.com\/avatar\/bf2683cb6927d5fdbed7881a4ee37199?s=96&d=mm&r=g","contentUrl":"https:\/\/secure.gravatar.com\/avatar\/bf2683cb6927d5fdbed7881a4ee37199?s=96&d=mm&r=g","caption":"dephist"},"url":"https:\/\/www.his.puc-rio.br\/en\/author\/dephist\/"}]}},"jetpack_featured_media_url":"","_links":{"self":[{"href":"https:\/\/www.his.puc-rio.br\/en\/wp-json\/wp\/v2\/posts\/2679"}],"collection":[{"href":"https:\/\/www.his.puc-rio.br\/en\/wp-json\/wp\/v2\/posts"}],"about":[{"href":"https:\/\/www.his.puc-rio.br\/en\/wp-json\/wp\/v2\/types\/post"}],"author":[{"embeddable":true,"href":"https:\/\/www.his.puc-rio.br\/en\/wp-json\/wp\/v2\/users\/1"}],"replies":[{"embeddable":true,"href":"https:\/\/www.his.puc-rio.br\/en\/wp-json\/wp\/v2\/comments?post=2679"}],"version-history":[{"count":3,"href":"https:\/\/www.his.puc-rio.br\/en\/wp-json\/wp\/v2\/posts\/2679\/revisions"}],"predecessor-version":[{"id":3132,"href":"https:\/\/www.his.puc-rio.br\/en\/wp-json\/wp\/v2\/posts\/2679\/revisions\/3132"}],"wp:attachment":[{"href":"https:\/\/www.his.puc-rio.br\/en\/wp-json\/wp\/v2\/media?parent=2679"}],"wp:term":[{"taxonomy":"category","embeddable":true,"href":"https:\/\/www.his.puc-rio.br\/en\/wp-json\/wp\/v2\/categories?post=2679"},{"taxonomy":"post_tag","embeddable":true,"href":"https:\/\/www.his.puc-rio.br\/en\/wp-json\/wp\/v2\/tags?post=2679"}],"curies":[{"name":"wp","href":"https:\/\/api.w.org\/{rel}","templated":true}]}}