{"id":2856,"date":"2021-03-28T12:02:29","date_gmt":"2021-03-28T15:02:29","guid":{"rendered":"http:\/\/wwwt.his.puc-rio.br\/his\/?p=2856"},"modified":"2021-04-07T09:56:53","modified_gmt":"2021-04-07T12:56:53","slug":"encontros-de-formacao-2021-1","status":"publish","type":"post","link":"https:\/\/www.his.puc-rio.br\/en\/encontros-de-formacao-2021-1\/","title":{"rendered":"TRAINING MEETINGS 2021.1"},"content":{"rendered":"<p><span style=\"color: #000000;\">ENCONTROS DE FORMA\u00c7\u00c3O<\/span><\/p>\n<p><span style=\"color: #000000;\">2021.1<\/span><\/p>\n<table width=\"734\">\n<tbody>\n<tr>\n<td width=\"481\">&nbsp;<\/p>\n<p><span style=\"color: #000000;\">Colocando Guaratiba no mapa: uma abordagem educativa dos espa\u00e7os de mem\u00f3ria<\/span><\/p>\n<p>&nbsp;<\/p>\n<p><span style=\"color: #000000;\">06\/04<\/span><\/p>\n<p><span style=\"color: #000000;\">18:30hs<\/span><\/td>\n<td width=\"253\"><span style=\"color: #000000;\">Yara de Almeida Barbosa<\/span><\/p>\n<p><span style=\"color: #000000;\">Mestre em Ensino de Hist\u00f3ria\/UERJ<\/span><\/p>\n<p><span style=\"color: #000000;\">Profa. da Escola Municipal Narcisa Am\u00e1lia (Guaratiba) e da Col\u00e9gio Estadual Dr. Albert Sabin (Campo Grande)<\/span><\/td>\n<\/tr>\n<tr>\n<td width=\"481\">&nbsp;<\/p>\n<p><span style=\"color: #000000;\">Uso de linhas do tempo no ensino de Hist\u00f3ria: reflex\u00f5es sobre espa\u00e7o biogr\u00e1fico, tempo vivido e periodiza\u00e7\u00e3o a partir da experi\u00eancia de jovens e adultos em priva\u00e7\u00e3o de liberdade.<\/span><\/p>\n<p>&nbsp;<\/p>\n<p><span style=\"color: #000000;\">21\/04<\/span><\/p>\n<p><span style=\"color: #000000;\">18:30hs<\/span><\/td>\n<td width=\"253\"><span style=\"color: #000000;\">Elisa Defelippe<\/span><\/p>\n<p><span style=\"color: #000000;\">Mestre em Ensino de Hist\u00f3ria\/UERJ<\/span><\/p>\n<p><span style=\"color: #000000;\">Doutoranda\/PPGHS (FFP-UERJ)<\/span><\/p>\n<p><span style=\"color: #000000;\">Professora de hist\u00f3ria do CEAT e PH. \u00c9 autora de material did\u00e1tico dos anos iniciais. Faz parte do Movimento Social \u201cEscrevivendo a Liberdade\u201d<\/span><\/td>\n<\/tr>\n<tr>\n<td width=\"481\">&nbsp;<\/p>\n<p><span style=\"color: #000000;\">Educar para os direitos humanos<\/span><\/p>\n<p>&nbsp;<\/p>\n<p><span style=\"color: #000000;\">05\/05<\/span><\/p>\n<p><span style=\"color: #000000;\">18:30hs<\/span><\/td>\n<td width=\"253\"><span style=\"color: #000000;\">Anderson Luiz Fernandes da Silva<\/span><\/p>\n<p><span style=\"color: #000000;\">Mestre em Ensino de Hist\u00f3ria\/UERJ<\/span><\/p>\n<p><span style=\"color: #000000;\">Professor na Escola Municipal Org\u00e9 Ferreira dos Santos, do Col\u00e9gio Estadual Prof. Ad\u00e9lia Martins e do Centro Educacional Pereira Rocha<\/span><\/td>\n<\/tr>\n<\/tbody>\n<\/table>\n<p><span style=\"color: #000000;\">Os encontros ser\u00e3o transmitidos via zoom. Os links ser\u00e3o disponibilizados com 30 minutos de anteced\u00eancia.\u00a0<\/span><\/p>\n<p><span style=\"color: #000000;\">Contato:\u00a0<\/span><span style=\"color: #0000ff;\"><a style=\"color: #0000ff;\" href=\"mailto:jsbmello@puc-rio.br\">jsbmello@puc-rio.br<\/a><\/span><\/p>\n<p>&nbsp;<\/p>\n","protected":false},"excerpt":{"rendered":"<p>ENCONTROS DE FORMA\u00c7\u00c3O 2021.1 &nbsp; Colocando Guaratiba no mapa: uma abordagem educativa dos espa\u00e7os de mem\u00f3ria &nbsp; 06\/04 18:30hs Yara de Almeida Barbosa Mestre em Ensino de Hist\u00f3ria\/UERJ Profa. da Escola Municipal Narcisa Am\u00e1lia (Guaratiba) e da Col\u00e9gio Estadual Dr.<a class=\"moretag\" href=\"https:\/\/www.his.puc-rio.br\/en\/encontros-de-formacao-2021-1\/\">&#8230;<\/a><\/br><a href=\"https:\/\/www.his.puc-rio.br\/en\/encontros-de-formacao-2021-1\/\" class=\"read-more\">Leia mais..  <span class=\"glyphicon glyphicon-chevron-right\" ><\/span><\/a><\/p>\n","protected":false},"author":1,"featured_media":2857,"comment_status":"closed","ping_status":"open","sticky":false,"template":"","format":"standard","meta":{"footnotes":""},"categories":[1],"tags":[],"yoast_head":"<!-- This site is optimized with the Yoast SEO plugin v23.5 - https:\/\/yoast.com\/wordpress\/plugins\/seo\/ -->\n<title>TRAINING MEETINGS 2021.1 - Departamento de Hist\u00f3ria da PUC-Rio<\/title>\n<meta name=\"robots\" content=\"index, follow, max-snippet:-1, max-image-preview:large, max-video-preview:-1\" \/>\n<link rel=\"canonical\" href=\"https:\/\/www.his.puc-rio.br\/en\/encontros-de-formacao-2021-1\/\" \/>\n<meta property=\"og:locale\" content=\"en_US\" \/>\n<meta property=\"og:type\" content=\"article\" \/>\n<meta property=\"og:title\" content=\"TRAINING MEETINGS 2021.1 - Departamento de Hist\u00f3ria da PUC-Rio\" \/>\n<meta property=\"og:description\" content=\"ENCONTROS DE FORMA\u00c7\u00c3O 2021.1 &nbsp; Colocando Guaratiba no mapa: uma abordagem educativa dos espa\u00e7os de mem\u00f3ria &nbsp; 06\/04 18:30hs Yara de Almeida Barbosa Mestre em Ensino de Hist\u00f3ria\/UERJ Profa. da Escola Municipal Narcisa Am\u00e1lia (Guaratiba) e da Col\u00e9gio Estadual Dr....Leia mais..\" \/>\n<meta property=\"og:url\" content=\"https:\/\/www.his.puc-rio.br\/en\/encontros-de-formacao-2021-1\/\" \/>\n<meta property=\"og:site_name\" content=\"Departamento de Hist\u00f3ria da PUC-Rio\" \/>\n<meta property=\"article:published_time\" content=\"2021-03-28T15:02:29+00:00\" \/>\n<meta property=\"article:modified_time\" content=\"2021-04-07T12:56:53+00:00\" \/>\n<meta property=\"og:image\" content=\"https:\/\/www.his.puc-rio.br\/wp-content\/uploads\/ENCONTROS-DE-FORMA\u00c7\u00c3O-2020-Ensino-de-Hist\u00f3ria_-integra\u00e7\u00e3o-entre-Educa\u00e7\u00e3o-B\u00e1sica-e-P\u00f3s-gradua\u00e7\u00e3o-1.png\" \/>\n\t<meta property=\"og:image:width\" content=\"1000\" \/>\n\t<meta property=\"og:image:height\" content=\"500\" \/>\n\t<meta property=\"og:image:type\" content=\"image\/png\" \/>\n<meta name=\"author\" content=\"dephist\" \/>\n<meta name=\"twitter:card\" content=\"summary_large_image\" \/>\n<meta name=\"twitter:label1\" content=\"Written by\" \/>\n\t<meta name=\"twitter:data1\" content=\"dephist\" \/>\n\t<meta name=\"twitter:label2\" content=\"Est. reading time\" \/>\n\t<meta name=\"twitter:data2\" content=\"1 minute\" \/>\n<script type=\"application\/ld+json\" class=\"yoast-schema-graph\">{\"@context\":\"https:\/\/schema.org\",\"@graph\":[{\"@type\":\"WebPage\",\"@id\":\"https:\/\/www.his.puc-rio.br\/en\/encontros-de-formacao-2021-1\/\",\"url\":\"https:\/\/www.his.puc-rio.br\/en\/encontros-de-formacao-2021-1\/\",\"name\":\"TRAINING MEETINGS 2021.1 - Departamento de Hist\u00f3ria da PUC-Rio\",\"isPartOf\":{\"@id\":\"http:\/\/www.his.puc-rio.br\/en\/#website\"},\"primaryImageOfPage\":{\"@id\":\"https:\/\/www.his.puc-rio.br\/en\/encontros-de-formacao-2021-1\/#primaryimage\"},\"image\":{\"@id\":\"https:\/\/www.his.puc-rio.br\/en\/encontros-de-formacao-2021-1\/#primaryimage\"},\"thumbnailUrl\":\"https:\/\/www.his.puc-rio.br\/wp-content\/uploads\/ENCONTROS-DE-FORMA\u00c7\u00c3O-2020-Ensino-de-Hist\u00f3ria_-integra\u00e7\u00e3o-entre-Educa\u00e7\u00e3o-B\u00e1sica-e-P\u00f3s-gradua\u00e7\u00e3o-1.png\",\"datePublished\":\"2021-03-28T15:02:29+00:00\",\"dateModified\":\"2021-04-07T12:56:53+00:00\",\"author\":{\"@id\":\"http:\/\/www.his.puc-rio.br\/pb\/#\/schema\/person\/9e54900224aae47fd486e7013a22647b\"},\"breadcrumb\":{\"@id\":\"https:\/\/www.his.puc-rio.br\/en\/encontros-de-formacao-2021-1\/#breadcrumb\"},\"inLanguage\":\"en-US\",\"potentialAction\":[{\"@type\":\"ReadAction\",\"target\":[[\"https:\/\/www.his.puc-rio.br\/en\/encontros-de-formacao-2021-1\/\"]]}]},{\"@type\":\"ImageObject\",\"inLanguage\":\"en-US\",\"@id\":\"https:\/\/www.his.puc-rio.br\/en\/encontros-de-formacao-2021-1\/#primaryimage\",\"url\":\"https:\/\/www.his.puc-rio.br\/wp-content\/uploads\/ENCONTROS-DE-FORMA\u00c7\u00c3O-2020-Ensino-de-Hist\u00f3ria_-integra\u00e7\u00e3o-entre-Educa\u00e7\u00e3o-B\u00e1sica-e-P\u00f3s-gradua\u00e7\u00e3o-1.png\",\"contentUrl\":\"https:\/\/www.his.puc-rio.br\/wp-content\/uploads\/ENCONTROS-DE-FORMA\u00c7\u00c3O-2020-Ensino-de-Hist\u00f3ria_-integra\u00e7\u00e3o-entre-Educa\u00e7\u00e3o-B\u00e1sica-e-P\u00f3s-gradua\u00e7\u00e3o-1.png\",\"width\":1000,\"height\":500},{\"@type\":\"BreadcrumbList\",\"@id\":\"https:\/\/www.his.puc-rio.br\/en\/encontros-de-formacao-2021-1\/#breadcrumb\",\"itemListElement\":[{\"@type\":\"ListItem\",\"position\":1,\"name\":\"In\u00edcio\",\"item\":\"http:\/\/www.his.puc-rio.br\/en\/\"},{\"@type\":\"ListItem\",\"position\":2,\"name\":\"TRAINING MEETINGS 2021.1\"}]},{\"@type\":\"WebSite\",\"@id\":\"http:\/\/www.his.puc-rio.br\/en\/#website\",\"url\":\"http:\/\/www.his.puc-rio.br\/en\/\",\"name\":\"Departamento de Hist\u00f3ria da PUC-Rio\",\"description\":\"Cursos de Gradua\u00e7\u00e3o, P\u00f3s-gradua\u00e7\u00e3o, Mestrado e Doutorado\",\"potentialAction\":[{\"@type\":\"SearchAction\",\"target\":{\"@type\":\"EntryPoint\",\"urlTemplate\":\"http:\/\/www.his.puc-rio.br\/en\/?s={search_term_string}\"},\"query-input\":{\"@type\":\"PropertyValueSpecification\",\"valueRequired\":true,\"valueName\":\"search_term_string\"}}],\"inLanguage\":\"en-US\"},{\"@type\":\"Person\",\"@id\":\"http:\/\/www.his.puc-rio.br\/pb\/#\/schema\/person\/9e54900224aae47fd486e7013a22647b\",\"name\":\"dephist\",\"image\":{\"@type\":\"ImageObject\",\"inLanguage\":\"en-US\",\"@id\":\"http:\/\/www.his.puc-rio.br\/en\/#\/schema\/person\/image\/\",\"url\":\"https:\/\/secure.gravatar.com\/avatar\/bf2683cb6927d5fdbed7881a4ee37199?s=96&d=mm&r=g\",\"contentUrl\":\"https:\/\/secure.gravatar.com\/avatar\/bf2683cb6927d5fdbed7881a4ee37199?s=96&d=mm&r=g\",\"caption\":\"dephist\"},\"url\":\"https:\/\/www.his.puc-rio.br\/en\/author\/dephist\/\"}]}<\/script>\n<!-- \/ Yoast SEO plugin. -->","yoast_head_json":{"title":"TRAINING MEETINGS 2021.1 - Departamento de Hist\u00f3ria da PUC-Rio","robots":{"index":"index","follow":"follow","max-snippet":"max-snippet:-1","max-image-preview":"max-image-preview:large","max-video-preview":"max-video-preview:-1"},"canonical":"https:\/\/www.his.puc-rio.br\/en\/encontros-de-formacao-2021-1\/","og_locale":"en_US","og_type":"article","og_title":"TRAINING MEETINGS 2021.1 - Departamento de Hist\u00f3ria da PUC-Rio","og_description":"ENCONTROS DE FORMA\u00c7\u00c3O 2021.1 &nbsp; Colocando Guaratiba no mapa: uma abordagem educativa dos espa\u00e7os de mem\u00f3ria &nbsp; 06\/04 18:30hs Yara de Almeida Barbosa Mestre em Ensino de Hist\u00f3ria\/UERJ Profa. da Escola Municipal Narcisa Am\u00e1lia (Guaratiba) e da Col\u00e9gio Estadual Dr....Leia mais..","og_url":"https:\/\/www.his.puc-rio.br\/en\/encontros-de-formacao-2021-1\/","og_site_name":"Departamento de Hist\u00f3ria da PUC-Rio","article_published_time":"2021-03-28T15:02:29+00:00","article_modified_time":"2021-04-07T12:56:53+00:00","og_image":[{"width":1000,"height":500,"url":"https:\/\/www.his.puc-rio.br\/wp-content\/uploads\/ENCONTROS-DE-FORMA\u00c7\u00c3O-2020-Ensino-de-Hist\u00f3ria_-integra\u00e7\u00e3o-entre-Educa\u00e7\u00e3o-B\u00e1sica-e-P\u00f3s-gradua\u00e7\u00e3o-1.png","type":"image\/png"}],"author":"dephist","twitter_card":"summary_large_image","twitter_misc":{"Written by":"dephist","Est. reading time":"1 minute"},"schema":{"@context":"https:\/\/schema.org","@graph":[{"@type":"WebPage","@id":"https:\/\/www.his.puc-rio.br\/en\/encontros-de-formacao-2021-1\/","url":"https:\/\/www.his.puc-rio.br\/en\/encontros-de-formacao-2021-1\/","name":"TRAINING MEETINGS 2021.1 - Departamento de Hist\u00f3ria da PUC-Rio","isPartOf":{"@id":"http:\/\/www.his.puc-rio.br\/en\/#website"},"primaryImageOfPage":{"@id":"https:\/\/www.his.puc-rio.br\/en\/encontros-de-formacao-2021-1\/#primaryimage"},"image":{"@id":"https:\/\/www.his.puc-rio.br\/en\/encontros-de-formacao-2021-1\/#primaryimage"},"thumbnailUrl":"https:\/\/www.his.puc-rio.br\/wp-content\/uploads\/ENCONTROS-DE-FORMA\u00c7\u00c3O-2020-Ensino-de-Hist\u00f3ria_-integra\u00e7\u00e3o-entre-Educa\u00e7\u00e3o-B\u00e1sica-e-P\u00f3s-gradua\u00e7\u00e3o-1.png","datePublished":"2021-03-28T15:02:29+00:00","dateModified":"2021-04-07T12:56:53+00:00","author":{"@id":"http:\/\/www.his.puc-rio.br\/pb\/#\/schema\/person\/9e54900224aae47fd486e7013a22647b"},"breadcrumb":{"@id":"https:\/\/www.his.puc-rio.br\/en\/encontros-de-formacao-2021-1\/#breadcrumb"},"inLanguage":"en-US","potentialAction":[{"@type":"ReadAction","target":[["https:\/\/www.his.puc-rio.br\/en\/encontros-de-formacao-2021-1\/"]]}]},{"@type":"ImageObject","inLanguage":"en-US","@id":"https:\/\/www.his.puc-rio.br\/en\/encontros-de-formacao-2021-1\/#primaryimage","url":"https:\/\/www.his.puc-rio.br\/wp-content\/uploads\/ENCONTROS-DE-FORMA\u00c7\u00c3O-2020-Ensino-de-Hist\u00f3ria_-integra\u00e7\u00e3o-entre-Educa\u00e7\u00e3o-B\u00e1sica-e-P\u00f3s-gradua\u00e7\u00e3o-1.png","contentUrl":"https:\/\/www.his.puc-rio.br\/wp-content\/uploads\/ENCONTROS-DE-FORMA\u00c7\u00c3O-2020-Ensino-de-Hist\u00f3ria_-integra\u00e7\u00e3o-entre-Educa\u00e7\u00e3o-B\u00e1sica-e-P\u00f3s-gradua\u00e7\u00e3o-1.png","width":1000,"height":500},{"@type":"BreadcrumbList","@id":"https:\/\/www.his.puc-rio.br\/en\/encontros-de-formacao-2021-1\/#breadcrumb","itemListElement":[{"@type":"ListItem","position":1,"name":"In\u00edcio","item":"http:\/\/www.his.puc-rio.br\/en\/"},{"@type":"ListItem","position":2,"name":"TRAINING MEETINGS 2021.1"}]},{"@type":"WebSite","@id":"http:\/\/www.his.puc-rio.br\/en\/#website","url":"http:\/\/www.his.puc-rio.br\/en\/","name":"Departamento de Hist\u00f3ria da PUC-Rio","description":"Cursos de Gradua\u00e7\u00e3o, P\u00f3s-gradua\u00e7\u00e3o, Mestrado e Doutorado","potentialAction":[{"@type":"SearchAction","target":{"@type":"EntryPoint","urlTemplate":"http:\/\/www.his.puc-rio.br\/en\/?s={search_term_string}"},"query-input":{"@type":"PropertyValueSpecification","valueRequired":true,"valueName":"search_term_string"}}],"inLanguage":"en-US"},{"@type":"Person","@id":"http:\/\/www.his.puc-rio.br\/pb\/#\/schema\/person\/9e54900224aae47fd486e7013a22647b","name":"dephist","image":{"@type":"ImageObject","inLanguage":"en-US","@id":"http:\/\/www.his.puc-rio.br\/en\/#\/schema\/person\/image\/","url":"https:\/\/secure.gravatar.com\/avatar\/bf2683cb6927d5fdbed7881a4ee37199?s=96&d=mm&r=g","contentUrl":"https:\/\/secure.gravatar.com\/avatar\/bf2683cb6927d5fdbed7881a4ee37199?s=96&d=mm&r=g","caption":"dephist"},"url":"https:\/\/www.his.puc-rio.br\/en\/author\/dephist\/"}]}},"jetpack_featured_media_url":"https:\/\/www.his.puc-rio.br\/wp-content\/uploads\/ENCONTROS-DE-FORMA\u00c7\u00c3O-2020-Ensino-de-Hist\u00f3ria_-integra\u00e7\u00e3o-entre-Educa\u00e7\u00e3o-B\u00e1sica-e-P\u00f3s-gradua\u00e7\u00e3o-1.png","_links":{"self":[{"href":"https:\/\/www.his.puc-rio.br\/en\/wp-json\/wp\/v2\/posts\/2856"}],"collection":[{"href":"https:\/\/www.his.puc-rio.br\/en\/wp-json\/wp\/v2\/posts"}],"about":[{"href":"https:\/\/www.his.puc-rio.br\/en\/wp-json\/wp\/v2\/types\/post"}],"author":[{"embeddable":true,"href":"https:\/\/www.his.puc-rio.br\/en\/wp-json\/wp\/v2\/users\/1"}],"replies":[{"embeddable":true,"href":"https:\/\/www.his.puc-rio.br\/en\/wp-json\/wp\/v2\/comments?post=2856"}],"version-history":[{"count":5,"href":"https:\/\/www.his.puc-rio.br\/en\/wp-json\/wp\/v2\/posts\/2856\/revisions"}],"predecessor-version":[{"id":2878,"href":"https:\/\/www.his.puc-rio.br\/en\/wp-json\/wp\/v2\/posts\/2856\/revisions\/2878"}],"wp:featuredmedia":[{"embeddable":true,"href":"https:\/\/www.his.puc-rio.br\/en\/wp-json\/wp\/v2\/media\/2857"}],"wp:attachment":[{"href":"https:\/\/www.his.puc-rio.br\/en\/wp-json\/wp\/v2\/media?parent=2856"}],"wp:term":[{"taxonomy":"category","embeddable":true,"href":"https:\/\/www.his.puc-rio.br\/en\/wp-json\/wp\/v2\/categories?post=2856"},{"taxonomy":"post_tag","embeddable":true,"href":"https:\/\/www.his.puc-rio.br\/en\/wp-json\/wp\/v2\/tags?post=2856"}],"curies":[{"name":"wp","href":"https:\/\/api.w.org\/{rel}","templated":true}]}}