{"id":3141,"date":"2021-04-30T19:00:47","date_gmt":"2021-04-30T22:00:47","guid":{"rendered":"http:\/\/wwwt.his.puc-rio.br\/his\/?p=3141"},"modified":"2022-04-29T14:42:54","modified_gmt":"2022-04-29T17:42:54","slug":"seminario-de-lancamento-do-nedefa-puc-rio-democracia-e-forcas-armadas-olhares-interdisciplinares","status":"publish","type":"post","link":"https:\/\/www.his.puc-rio.br\/en\/seminario-de-lancamento-do-nedefa-puc-rio-democracia-e-forcas-armadas-olhares-interdisciplinares\/","title":{"rendered":"Semin\u00e1rio de lan\u00e7amento do NEDEFA PUC-Rio &#8211; Democracia e For\u00e7as Armadas: Olhares Interdisciplinares"},"content":{"rendered":"<p>&nbsp;<\/p>\n<p><span style=\"color: #000000;\">O Instituto de Estudos Avan\u00e7ados em Humanidades da PUC-Rio (IEAHu) vai promover o semin\u00e1rio\u00a0<strong>Democracia e For\u00e7as Armadas: Olhares interdisciplinares<\/strong>, que contar\u00e1 com cinco palestras nos dias 6 e 7 de maio de 9h a 12h30.<\/span><\/p>\n<p>&nbsp;<\/p>\n<p><span style=\"color: #000000;\">O evento discutir\u00e1 aspectos te\u00f3ricos, conceituais e emp\u00edricos dos estudos dobre as For\u00e7as Armadas e as rela\u00e7\u00f5es civis-militares, assim como as pr\u00e1ticas de gest\u00e3o dos \u00f3rg\u00e3os de viol\u00eancia do Estado em contexto democr\u00e1tico, com foco no cen\u00e1rio hist\u00f3rico e contempor\u00e2neo brasileiro.<\/span><\/p>\n<p><span style=\"color: #000000;\">A confer\u00eancia marca o primeiro encontro do\u00a0<strong>N\u00facleo Democracia e For\u00e7as Armadas (NEDEFA)<\/strong> da PUC-Rio. O NEDEFA \u00e9 interdisciplinar e compreende docentes, discentes e pesquisadores dos departamentos de Direito, Ci\u00eancias Sociais, Rela\u00e7\u00f5es Internacionais e Hist\u00f3ria da PUC-Rio que trabalham temas relacionados \u00e0s For\u00e7as Armadas e sua integra\u00e7\u00e3o no Estado Democr\u00e1tico de Direito.<\/span><\/p>\n<p>&nbsp;<\/p>\n<p><span style=\"color: #000000;\">O evento ser\u00e1 transmitido ao vivo no canal de youtube do Departamento de Rela\u00e7\u00f5es Internacionais da PUC-Rio:\u00a0<span style=\"color: #0000ff;\"><a style=\"color: #0000ff;\" href=\"http:\/\/www.youtube.com\/iripucrj\">www.youtube.com\/iripucrj<\/a><\/span><\/span><\/p>\n<p>&nbsp;<\/p>\n<p><span style=\"color: #000000;\">Confira a <span style=\"text-decoration: underline;\">programa\u00e7\u00e3o completa<\/span> abaixo:<\/span><\/p>\n<div><\/div>\n<div><\/div>\n<p>&nbsp;<\/p>\n<div><span style=\"color: #000000;\"><a style=\"color: #000000;\" href=\"http:\/\/wwwt.his.puc-rio.br\/his\/seminario-de-lancamento-do-nedefa-puc-rio-democracia-e-forcas-armadas-olhares-interdisciplinares\/democracia-e-forc%cc%a7as-armadas-olhares-interdisciplinares_programac%cc%a7a%cc%83o\/\" rel=\"attachment wp-att-3144\"><img loading=\"lazy\" decoding=\"async\" class=\"alignnone size-full wp-image-3144\" src=\"http:\/\/wwwt.his.puc-rio.br\/his\/wp-content\/uploads\/democracia-e-forc\u0327as-armadas-olhares-interdisciplinares_programac\u0327a\u0303o.jpeg\" alt=\"\" width=\"720\" height=\"1280\" srcset=\"https:\/\/www.his.puc-rio.br\/wp-content\/uploads\/democracia-e-forc\u0327as-armadas-olhares-interdisciplinares_programac\u0327a\u0303o.jpeg 720w, https:\/\/www.his.puc-rio.br\/wp-content\/uploads\/democracia-e-forc\u0327as-armadas-olhares-interdisciplinares_programac\u0327a\u0303o-169x300.jpeg 169w, https:\/\/www.his.puc-rio.br\/wp-content\/uploads\/democracia-e-forc\u0327as-armadas-olhares-interdisciplinares_programac\u0327a\u0303o-576x1024.jpeg 576w, https:\/\/www.his.puc-rio.br\/wp-content\/uploads\/democracia-e-forc\u0327as-armadas-olhares-interdisciplinares_programac\u0327a\u0303o-624x1109.jpeg 624w\" sizes=\"(max-width: 720px) 100vw, 720px\" \/><\/a><\/span><\/div>\n<div><\/div>\n<div><\/div>\n<p><\/p>","protected":false},"excerpt":{"rendered":"<p>&nbsp; O Instituto de Estudos Avan\u00e7ados em Humanidades da PUC-Rio (IEAHu) vai promover o semin\u00e1rio\u00a0Democracia e For\u00e7as Armadas: Olhares interdisciplinares, que contar\u00e1 com cinco palestras nos dias 6 e 7 de maio de 9h a 12h30. &nbsp; O evento discutir\u00e1<a class=\"moretag\" href=\"https:\/\/www.his.puc-rio.br\/en\/seminario-de-lancamento-do-nedefa-puc-rio-democracia-e-forcas-armadas-olhares-interdisciplinares\/\">&#8230;<\/a><\/br><a href=\"https:\/\/www.his.puc-rio.br\/en\/seminario-de-lancamento-do-nedefa-puc-rio-democracia-e-forcas-armadas-olhares-interdisciplinares\/\" class=\"read-more\">Leia mais..  <span class=\"glyphicon glyphicon-chevron-right\" ><\/span><\/a><\/p>\n","protected":false},"author":1,"featured_media":3487,"comment_status":"closed","ping_status":"open","sticky":false,"template":"","format":"standard","meta":{"footnotes":""},"categories":[1],"tags":[],"yoast_head":"<!-- This site is optimized with the Yoast SEO plugin v23.5 - https:\/\/yoast.com\/wordpress\/plugins\/seo\/ -->\n<title>Semin\u00e1rio de lan\u00e7amento do NEDEFA PUC-Rio - Democracia e For\u00e7as Armadas: Olhares Interdisciplinares - Departamento de Hist\u00f3ria da PUC-Rio<\/title>\n<meta name=\"robots\" content=\"index, follow, max-snippet:-1, max-image-preview:large, max-video-preview:-1\" \/>\n<link rel=\"canonical\" href=\"https:\/\/www.his.puc-rio.br\/en\/seminario-de-lancamento-do-nedefa-puc-rio-democracia-e-forcas-armadas-olhares-interdisciplinares\/\" \/>\n<meta property=\"og:locale\" content=\"en_US\" \/>\n<meta property=\"og:type\" content=\"article\" \/>\n<meta property=\"og:title\" content=\"Semin\u00e1rio de lan\u00e7amento do NEDEFA PUC-Rio - Democracia e For\u00e7as Armadas: Olhares Interdisciplinares - Departamento de Hist\u00f3ria da PUC-Rio\" \/>\n<meta property=\"og:description\" content=\"&nbsp; O Instituto de Estudos Avan\u00e7ados em Humanidades da PUC-Rio (IEAHu) vai promover o semin\u00e1rio\u00a0Democracia e For\u00e7as Armadas: Olhares interdisciplinares, que contar\u00e1 com cinco palestras nos dias 6 e 7 de maio de 9h a 12h30. &nbsp; O evento discutir\u00e1...Leia mais..\" \/>\n<meta property=\"og:url\" content=\"https:\/\/www.his.puc-rio.br\/en\/seminario-de-lancamento-do-nedefa-puc-rio-democracia-e-forcas-armadas-olhares-interdisciplinares\/\" \/>\n<meta property=\"og:site_name\" content=\"Departamento de Hist\u00f3ria da PUC-Rio\" \/>\n<meta property=\"article:published_time\" content=\"2021-04-30T22:00:47+00:00\" \/>\n<meta property=\"article:modified_time\" content=\"2022-04-29T17:42:54+00:00\" \/>\n<meta property=\"og:image\" content=\"https:\/\/www.his.puc-rio.br\/wp-content\/uploads\/democracia-e-forc\u0327as-armadas-olhares-interdisciplinares_1080x1080-624x624-1.jpeg\" \/>\n\t<meta property=\"og:image:width\" content=\"624\" \/>\n\t<meta property=\"og:image:height\" content=\"624\" \/>\n\t<meta property=\"og:image:type\" content=\"image\/jpeg\" \/>\n<meta name=\"author\" content=\"dephist\" \/>\n<meta name=\"twitter:card\" content=\"summary_large_image\" \/>\n<meta name=\"twitter:label1\" content=\"Written by\" \/>\n\t<meta name=\"twitter:data1\" content=\"dephist\" \/>\n\t<meta name=\"twitter:label2\" content=\"Est. reading time\" \/>\n\t<meta name=\"twitter:data2\" content=\"2 minutes\" \/>\n<script type=\"application\/ld+json\" class=\"yoast-schema-graph\">{\"@context\":\"https:\/\/schema.org\",\"@graph\":[{\"@type\":\"WebPage\",\"@id\":\"https:\/\/www.his.puc-rio.br\/en\/seminario-de-lancamento-do-nedefa-puc-rio-democracia-e-forcas-armadas-olhares-interdisciplinares\/\",\"url\":\"https:\/\/www.his.puc-rio.br\/en\/seminario-de-lancamento-do-nedefa-puc-rio-democracia-e-forcas-armadas-olhares-interdisciplinares\/\",\"name\":\"Semin\u00e1rio de lan\u00e7amento do NEDEFA PUC-Rio - Democracia e For\u00e7as Armadas: Olhares Interdisciplinares - Departamento de Hist\u00f3ria da PUC-Rio\",\"isPartOf\":{\"@id\":\"http:\/\/www.his.puc-rio.br\/en\/#website\"},\"primaryImageOfPage\":{\"@id\":\"https:\/\/www.his.puc-rio.br\/en\/seminario-de-lancamento-do-nedefa-puc-rio-democracia-e-forcas-armadas-olhares-interdisciplinares\/#primaryimage\"},\"image\":{\"@id\":\"https:\/\/www.his.puc-rio.br\/en\/seminario-de-lancamento-do-nedefa-puc-rio-democracia-e-forcas-armadas-olhares-interdisciplinares\/#primaryimage\"},\"thumbnailUrl\":\"https:\/\/www.his.puc-rio.br\/wp-content\/uploads\/democracia-e-forc\u0327as-armadas-olhares-interdisciplinares_1080x1080-624x624-1.jpeg\",\"datePublished\":\"2021-04-30T22:00:47+00:00\",\"dateModified\":\"2022-04-29T17:42:54+00:00\",\"author\":{\"@id\":\"http:\/\/www.his.puc-rio.br\/pb\/#\/schema\/person\/9e54900224aae47fd486e7013a22647b\"},\"breadcrumb\":{\"@id\":\"https:\/\/www.his.puc-rio.br\/en\/seminario-de-lancamento-do-nedefa-puc-rio-democracia-e-forcas-armadas-olhares-interdisciplinares\/#breadcrumb\"},\"inLanguage\":\"en-US\",\"potentialAction\":[{\"@type\":\"ReadAction\",\"target\":[[\"https:\/\/www.his.puc-rio.br\/en\/seminario-de-lancamento-do-nedefa-puc-rio-democracia-e-forcas-armadas-olhares-interdisciplinares\/\"]]}]},{\"@type\":\"ImageObject\",\"inLanguage\":\"en-US\",\"@id\":\"https:\/\/www.his.puc-rio.br\/en\/seminario-de-lancamento-do-nedefa-puc-rio-democracia-e-forcas-armadas-olhares-interdisciplinares\/#primaryimage\",\"url\":\"https:\/\/www.his.puc-rio.br\/wp-content\/uploads\/democracia-e-forc\u0327as-armadas-olhares-interdisciplinares_1080x1080-624x624-1.jpeg\",\"contentUrl\":\"https:\/\/www.his.puc-rio.br\/wp-content\/uploads\/democracia-e-forc\u0327as-armadas-olhares-interdisciplinares_1080x1080-624x624-1.jpeg\",\"width\":624,\"height\":624},{\"@type\":\"BreadcrumbList\",\"@id\":\"https:\/\/www.his.puc-rio.br\/en\/seminario-de-lancamento-do-nedefa-puc-rio-democracia-e-forcas-armadas-olhares-interdisciplinares\/#breadcrumb\",\"itemListElement\":[{\"@type\":\"ListItem\",\"position\":1,\"name\":\"In\u00edcio\",\"item\":\"http:\/\/www.his.puc-rio.br\/en\/\"},{\"@type\":\"ListItem\",\"position\":2,\"name\":\"Semin\u00e1rio de lan\u00e7amento do NEDEFA PUC-Rio &#8211; Democracia e For\u00e7as Armadas: Olhares Interdisciplinares\"}]},{\"@type\":\"WebSite\",\"@id\":\"http:\/\/www.his.puc-rio.br\/en\/#website\",\"url\":\"http:\/\/www.his.puc-rio.br\/en\/\",\"name\":\"Departamento de Hist\u00f3ria da PUC-Rio\",\"description\":\"Cursos de Gradua\u00e7\u00e3o, P\u00f3s-gradua\u00e7\u00e3o, Mestrado e Doutorado\",\"potentialAction\":[{\"@type\":\"SearchAction\",\"target\":{\"@type\":\"EntryPoint\",\"urlTemplate\":\"http:\/\/www.his.puc-rio.br\/en\/?s={search_term_string}\"},\"query-input\":{\"@type\":\"PropertyValueSpecification\",\"valueRequired\":true,\"valueName\":\"search_term_string\"}}],\"inLanguage\":\"en-US\"},{\"@type\":\"Person\",\"@id\":\"http:\/\/www.his.puc-rio.br\/pb\/#\/schema\/person\/9e54900224aae47fd486e7013a22647b\",\"name\":\"dephist\",\"image\":{\"@type\":\"ImageObject\",\"inLanguage\":\"en-US\",\"@id\":\"http:\/\/www.his.puc-rio.br\/en\/#\/schema\/person\/image\/\",\"url\":\"https:\/\/secure.gravatar.com\/avatar\/bf2683cb6927d5fdbed7881a4ee37199?s=96&d=mm&r=g\",\"contentUrl\":\"https:\/\/secure.gravatar.com\/avatar\/bf2683cb6927d5fdbed7881a4ee37199?s=96&d=mm&r=g\",\"caption\":\"dephist\"},\"url\":\"https:\/\/www.his.puc-rio.br\/en\/author\/dephist\/\"}]}<\/script>\n<!-- \/ Yoast SEO plugin. -->","yoast_head_json":{"title":"Semin\u00e1rio de lan\u00e7amento do NEDEFA PUC-Rio - Democracia e For\u00e7as Armadas: Olhares Interdisciplinares - Departamento de Hist\u00f3ria da PUC-Rio","robots":{"index":"index","follow":"follow","max-snippet":"max-snippet:-1","max-image-preview":"max-image-preview:large","max-video-preview":"max-video-preview:-1"},"canonical":"https:\/\/www.his.puc-rio.br\/en\/seminario-de-lancamento-do-nedefa-puc-rio-democracia-e-forcas-armadas-olhares-interdisciplinares\/","og_locale":"en_US","og_type":"article","og_title":"Semin\u00e1rio de lan\u00e7amento do NEDEFA PUC-Rio - Democracia e For\u00e7as Armadas: Olhares Interdisciplinares - Departamento de Hist\u00f3ria da PUC-Rio","og_description":"&nbsp; O Instituto de Estudos Avan\u00e7ados em Humanidades da PUC-Rio (IEAHu) vai promover o semin\u00e1rio\u00a0Democracia e For\u00e7as Armadas: Olhares interdisciplinares, que contar\u00e1 com cinco palestras nos dias 6 e 7 de maio de 9h a 12h30. &nbsp; O evento discutir\u00e1...Leia mais..","og_url":"https:\/\/www.his.puc-rio.br\/en\/seminario-de-lancamento-do-nedefa-puc-rio-democracia-e-forcas-armadas-olhares-interdisciplinares\/","og_site_name":"Departamento de Hist\u00f3ria da PUC-Rio","article_published_time":"2021-04-30T22:00:47+00:00","article_modified_time":"2022-04-29T17:42:54+00:00","og_image":[{"width":624,"height":624,"url":"https:\/\/www.his.puc-rio.br\/wp-content\/uploads\/democracia-e-forc\u0327as-armadas-olhares-interdisciplinares_1080x1080-624x624-1.jpeg","type":"image\/jpeg"}],"author":"dephist","twitter_card":"summary_large_image","twitter_misc":{"Written by":"dephist","Est. reading time":"2 minutes"},"schema":{"@context":"https:\/\/schema.org","@graph":[{"@type":"WebPage","@id":"https:\/\/www.his.puc-rio.br\/en\/seminario-de-lancamento-do-nedefa-puc-rio-democracia-e-forcas-armadas-olhares-interdisciplinares\/","url":"https:\/\/www.his.puc-rio.br\/en\/seminario-de-lancamento-do-nedefa-puc-rio-democracia-e-forcas-armadas-olhares-interdisciplinares\/","name":"Semin\u00e1rio de lan\u00e7amento do NEDEFA PUC-Rio - Democracia e For\u00e7as Armadas: Olhares Interdisciplinares - Departamento de Hist\u00f3ria da PUC-Rio","isPartOf":{"@id":"http:\/\/www.his.puc-rio.br\/en\/#website"},"primaryImageOfPage":{"@id":"https:\/\/www.his.puc-rio.br\/en\/seminario-de-lancamento-do-nedefa-puc-rio-democracia-e-forcas-armadas-olhares-interdisciplinares\/#primaryimage"},"image":{"@id":"https:\/\/www.his.puc-rio.br\/en\/seminario-de-lancamento-do-nedefa-puc-rio-democracia-e-forcas-armadas-olhares-interdisciplinares\/#primaryimage"},"thumbnailUrl":"https:\/\/www.his.puc-rio.br\/wp-content\/uploads\/democracia-e-forc\u0327as-armadas-olhares-interdisciplinares_1080x1080-624x624-1.jpeg","datePublished":"2021-04-30T22:00:47+00:00","dateModified":"2022-04-29T17:42:54+00:00","author":{"@id":"http:\/\/www.his.puc-rio.br\/pb\/#\/schema\/person\/9e54900224aae47fd486e7013a22647b"},"breadcrumb":{"@id":"https:\/\/www.his.puc-rio.br\/en\/seminario-de-lancamento-do-nedefa-puc-rio-democracia-e-forcas-armadas-olhares-interdisciplinares\/#breadcrumb"},"inLanguage":"en-US","potentialAction":[{"@type":"ReadAction","target":[["https:\/\/www.his.puc-rio.br\/en\/seminario-de-lancamento-do-nedefa-puc-rio-democracia-e-forcas-armadas-olhares-interdisciplinares\/"]]}]},{"@type":"ImageObject","inLanguage":"en-US","@id":"https:\/\/www.his.puc-rio.br\/en\/seminario-de-lancamento-do-nedefa-puc-rio-democracia-e-forcas-armadas-olhares-interdisciplinares\/#primaryimage","url":"https:\/\/www.his.puc-rio.br\/wp-content\/uploads\/democracia-e-forc\u0327as-armadas-olhares-interdisciplinares_1080x1080-624x624-1.jpeg","contentUrl":"https:\/\/www.his.puc-rio.br\/wp-content\/uploads\/democracia-e-forc\u0327as-armadas-olhares-interdisciplinares_1080x1080-624x624-1.jpeg","width":624,"height":624},{"@type":"BreadcrumbList","@id":"https:\/\/www.his.puc-rio.br\/en\/seminario-de-lancamento-do-nedefa-puc-rio-democracia-e-forcas-armadas-olhares-interdisciplinares\/#breadcrumb","itemListElement":[{"@type":"ListItem","position":1,"name":"In\u00edcio","item":"http:\/\/www.his.puc-rio.br\/en\/"},{"@type":"ListItem","position":2,"name":"Semin\u00e1rio de lan\u00e7amento do NEDEFA PUC-Rio &#8211; Democracia e For\u00e7as Armadas: Olhares Interdisciplinares"}]},{"@type":"WebSite","@id":"http:\/\/www.his.puc-rio.br\/en\/#website","url":"http:\/\/www.his.puc-rio.br\/en\/","name":"Departamento de Hist\u00f3ria da PUC-Rio","description":"Cursos de Gradua\u00e7\u00e3o, P\u00f3s-gradua\u00e7\u00e3o, Mestrado e Doutorado","potentialAction":[{"@type":"SearchAction","target":{"@type":"EntryPoint","urlTemplate":"http:\/\/www.his.puc-rio.br\/en\/?s={search_term_string}"},"query-input":{"@type":"PropertyValueSpecification","valueRequired":true,"valueName":"search_term_string"}}],"inLanguage":"en-US"},{"@type":"Person","@id":"http:\/\/www.his.puc-rio.br\/pb\/#\/schema\/person\/9e54900224aae47fd486e7013a22647b","name":"dephist","image":{"@type":"ImageObject","inLanguage":"en-US","@id":"http:\/\/www.his.puc-rio.br\/en\/#\/schema\/person\/image\/","url":"https:\/\/secure.gravatar.com\/avatar\/bf2683cb6927d5fdbed7881a4ee37199?s=96&d=mm&r=g","contentUrl":"https:\/\/secure.gravatar.com\/avatar\/bf2683cb6927d5fdbed7881a4ee37199?s=96&d=mm&r=g","caption":"dephist"},"url":"https:\/\/www.his.puc-rio.br\/en\/author\/dephist\/"}]}},"jetpack_featured_media_url":"https:\/\/www.his.puc-rio.br\/wp-content\/uploads\/democracia-e-forc\u0327as-armadas-olhares-interdisciplinares_1080x1080-624x624-1.jpeg","_links":{"self":[{"href":"https:\/\/www.his.puc-rio.br\/en\/wp-json\/wp\/v2\/posts\/3141"}],"collection":[{"href":"https:\/\/www.his.puc-rio.br\/en\/wp-json\/wp\/v2\/posts"}],"about":[{"href":"https:\/\/www.his.puc-rio.br\/en\/wp-json\/wp\/v2\/types\/post"}],"author":[{"embeddable":true,"href":"https:\/\/www.his.puc-rio.br\/en\/wp-json\/wp\/v2\/users\/1"}],"replies":[{"embeddable":true,"href":"https:\/\/www.his.puc-rio.br\/en\/wp-json\/wp\/v2\/comments?post=3141"}],"version-history":[{"count":10,"href":"https:\/\/www.his.puc-rio.br\/en\/wp-json\/wp\/v2\/posts\/3141\/revisions"}],"predecessor-version":[{"id":3488,"href":"https:\/\/www.his.puc-rio.br\/en\/wp-json\/wp\/v2\/posts\/3141\/revisions\/3488"}],"wp:featuredmedia":[{"embeddable":true,"href":"https:\/\/www.his.puc-rio.br\/en\/wp-json\/wp\/v2\/media\/3487"}],"wp:attachment":[{"href":"https:\/\/www.his.puc-rio.br\/en\/wp-json\/wp\/v2\/media?parent=3141"}],"wp:term":[{"taxonomy":"category","embeddable":true,"href":"https:\/\/www.his.puc-rio.br\/en\/wp-json\/wp\/v2\/categories?post=3141"},{"taxonomy":"post_tag","embeddable":true,"href":"https:\/\/www.his.puc-rio.br\/en\/wp-json\/wp\/v2\/tags?post=3141"}],"curies":[{"name":"wp","href":"https:\/\/api.w.org\/{rel}","templated":true}]}}