{"id":4052,"date":"2023-05-08T10:40:25","date_gmt":"2023-05-08T13:40:25","guid":{"rendered":"http:\/\/www.his.puc-rio.br\/pb\/?p=4052"},"modified":"2023-05-08T10:42:17","modified_gmt":"2023-05-08T13:42:17","slug":"historia-as-sextas-lancamento-de-livro-liberdades-fraturadas-dialogos-cruzados-em-historia-social","status":"publish","type":"post","link":"https:\/\/www.his.puc-rio.br\/en\/portugues-historia-as-sextas-lancamento-de-livro-liberdades-fraturadas-dialogos-cruzados-em-historia-social\/","title":{"rendered":"(Portugu\u00eas) Hist\u00f3ria \u00e0s sextas &#8211; Lan\u00e7amento de livro: Liberdades Fraturadas: di\u00e1logos cruzados em Hist\u00f3ria Social ."},"content":{"rendered":"<p class=\"qtranxs-available-languages-message qtranxs-available-languages-message-en\">Sorry, this entry is only available in <a href=\"https:\/\/www.his.puc-rio.br\/pb\/wp-json\/wp\/v2\/posts\/4052\" class=\"qtranxs-available-language-link qtranxs-available-language-link-pb\" title=\"Portugu\u00eas\">Portugu\u00eas<\/a>.<\/p><p><\/p>\n<div class=\"xdj266r x11i5rnm xat24cr x1mh8g0r x1vvkbs x126k92a\">\n<h5 dir=\"auto\"><span style=\"color: #000000;\">No Hist\u00f3ria \u00e0s sextas da pr\u00f3xima semana teremos lan\u00e7amento de livro!<\/span><\/h5>\n<\/div>\n<h5 dir=\"auto\"><span style=\"color: #000000;\">Liberdades Fraturadas: di\u00e1logos cruzados em Hist\u00f3ria Social.<\/span><\/h5>\n<h5 dir=\"auto\"><span style=\"color: #000000;\">O evento ser\u00e1 presencial e contar\u00e1 com debate com os organizadores David Lacerda e Matheus Pereira.<\/span><\/h5>\n<h5 dir=\"auto\"><span style=\"color: #000000;\">Ser\u00e1 no dia 12\/5 \u00e0s 11h, na sala Walmer.<\/span><\/h5>\n<h5 dir=\"auto\"><span style=\"color: #000000;\">Participe!<\/span><\/h5>\n<div class=\"x11i5rnm xat24cr x1mh8g0r x1vvkbs xtlvy1s x126k92a\">\n<h5 dir=\"auto\"><span style=\"color: #000000;\">O que significava a liberdade para aqueles que viveram a escravid\u00e3o, sua aboli\u00e7\u00e3o e o per\u00edodo subsequente, que estiveram sob o jugo do colonialismo e puderam conhecer a independ\u00eancia? Os artigos que comp\u00f5em esta colet\u00e2nea, escritos por jovens pesquisadores da hist\u00f3ria social, buscam respostas para esta quest\u00e3o examinando diferentes tempos e lugares. Na \u00c1frica e nas Am\u00e9ricas, o mundo que se constituiu depois do dom\u00ednio senhorial e colonial manteve v\u00e1rias formas de coer\u00e7\u00e3o ao trabalho e imp\u00f4s muitas limita\u00e7\u00f5es \u00e0 t\u00e3o sonhada liberdade. Do s\u00e9culo XIX aos nossos dias, a reprodu\u00e7\u00e3o das desigualdades sociais e a restri\u00e7\u00e3o de direitos tolheram as possibilidades daqueles que queriam ser livres. Colhidas em fontes diversas, essas experi\u00eancias fraturadas de liberdade oferecem aqui mat\u00e9ria para muitas reflex\u00f5es: sobre a hist\u00f3ria, sobre a pesquisa hist\u00f3rica e sobre a vida contempor\u00e2nea. Um livro para ler e que faz pensar.<\/span><\/h5>\n<\/div>\n<p><\/p>","protected":false},"excerpt":{"rendered":"<p>Sorry, this entry is only available in Portugu\u00eas. No Hist\u00f3ria \u00e0s sextas da pr\u00f3xima semana teremos lan\u00e7amento de livro! Liberdades Fraturadas: di\u00e1logos cruzados em Hist\u00f3ria Social. O evento ser\u00e1 presencial e contar\u00e1 com debate com os organizadores David Lacerda e<a class=\"moretag\" href=\"https:\/\/www.his.puc-rio.br\/en\/portugues-historia-as-sextas-lancamento-de-livro-liberdades-fraturadas-dialogos-cruzados-em-historia-social\/\">&#8230;<\/a><\/br><a href=\"https:\/\/www.his.puc-rio.br\/en\/portugues-historia-as-sextas-lancamento-de-livro-liberdades-fraturadas-dialogos-cruzados-em-historia-social\/\" class=\"read-more\">Leia mais..  <span class=\"glyphicon glyphicon-chevron-right\" ><\/span><\/a><\/p>\n","protected":false},"author":1,"featured_media":4053,"comment_status":"closed","ping_status":"open","sticky":false,"template":"","format":"standard","meta":{"footnotes":""},"categories":[1],"tags":[],"yoast_head":"<!-- This site is optimized with the Yoast SEO plugin v23.5 - https:\/\/yoast.com\/wordpress\/plugins\/seo\/ -->\n<title>(Portugu\u00eas) Hist\u00f3ria \u00e0s sextas - Lan\u00e7amento de livro: Liberdades Fraturadas: di\u00e1logos cruzados em Hist\u00f3ria Social .  - Departamento de Hist\u00f3ria da PUC-Rio<\/title>\n<meta name=\"robots\" content=\"index, follow, max-snippet:-1, max-image-preview:large, max-video-preview:-1\" \/>\n<link rel=\"canonical\" href=\"http:\/\/www.his.puc-rio.br\/en\/historia-as-sextas-lancamento-de-livro-liberdades-fraturadas-dialogos-cruzados-em-historia-social\/\" \/>\n<meta property=\"og:locale\" content=\"en_US\" \/>\n<meta property=\"og:type\" content=\"article\" \/>\n<meta property=\"og:title\" content=\"(Portugu\u00eas) Hist\u00f3ria \u00e0s sextas - Lan\u00e7amento de livro: Liberdades Fraturadas: di\u00e1logos cruzados em Hist\u00f3ria Social .  - Departamento de Hist\u00f3ria da PUC-Rio\" \/>\n<meta property=\"og:description\" content=\"Sorry, this entry is only available in Portugu\u00eas. No Hist\u00f3ria \u00e0s sextas da pr\u00f3xima semana teremos lan\u00e7amento de livro! Liberdades Fraturadas: di\u00e1logos cruzados em Hist\u00f3ria Social. O evento ser\u00e1 presencial e contar\u00e1 com debate com os organizadores David Lacerda e...Leia mais..\" \/>\n<meta property=\"og:url\" content=\"http:\/\/www.his.puc-rio.br\/en\/historia-as-sextas-lancamento-de-livro-liberdades-fraturadas-dialogos-cruzados-em-historia-social\/\" \/>\n<meta property=\"og:site_name\" content=\"Departamento de Hist\u00f3ria da PUC-Rio\" \/>\n<meta property=\"article:published_time\" content=\"2023-05-08T13:40:25+00:00\" \/>\n<meta property=\"article:modified_time\" content=\"2023-05-08T13:42:17+00:00\" \/>\n<meta property=\"og:image\" content=\"http:\/\/www.his.puc-rio.br\/wp-content\/uploads\/Historias-as-Sextas-Lancamento-do-livro-Liberdades-Fraturadassite-ajuste.jpg\" \/>\n\t<meta property=\"og:image:width\" content=\"1836\" \/>\n\t<meta property=\"og:image:height\" content=\"1000\" \/>\n\t<meta property=\"og:image:type\" content=\"image\/jpeg\" \/>\n<meta name=\"author\" content=\"dephist\" \/>\n<meta name=\"twitter:card\" content=\"summary_large_image\" \/>\n<meta name=\"twitter:label1\" content=\"Written by\" \/>\n\t<meta name=\"twitter:data1\" content=\"dephist\" \/>\n\t<meta name=\"twitter:label2\" content=\"Est. reading time\" \/>\n\t<meta name=\"twitter:data2\" content=\"2 minutes\" \/>\n<script type=\"application\/ld+json\" class=\"yoast-schema-graph\">{\"@context\":\"https:\/\/schema.org\",\"@graph\":[{\"@type\":\"WebPage\",\"@id\":\"http:\/\/www.his.puc-rio.br\/en\/historia-as-sextas-lancamento-de-livro-liberdades-fraturadas-dialogos-cruzados-em-historia-social\/\",\"url\":\"http:\/\/www.his.puc-rio.br\/en\/historia-as-sextas-lancamento-de-livro-liberdades-fraturadas-dialogos-cruzados-em-historia-social\/\",\"name\":\"(Portugu\u00eas) Hist\u00f3ria \u00e0s sextas - Lan\u00e7amento de livro: Liberdades Fraturadas: di\u00e1logos cruzados em Hist\u00f3ria Social .  - Departamento de Hist\u00f3ria da PUC-Rio\",\"isPartOf\":{\"@id\":\"http:\/\/www.his.puc-rio.br\/en\/#website\"},\"primaryImageOfPage\":{\"@id\":\"http:\/\/www.his.puc-rio.br\/en\/historia-as-sextas-lancamento-de-livro-liberdades-fraturadas-dialogos-cruzados-em-historia-social\/#primaryimage\"},\"image\":{\"@id\":\"http:\/\/www.his.puc-rio.br\/pb\/historia-as-sextas-lancamento-de-livro-liberdades-fraturadas-dialogos-cruzados-em-historia-social\/#primaryimage\"},\"thumbnailUrl\":\"https:\/\/www.his.puc-rio.br\/wp-content\/uploads\/Historias-as-Sextas-Lancamento-do-livro-Liberdades-Fraturadassite-ajuste.jpg\",\"datePublished\":\"2023-05-08T13:40:25+00:00\",\"dateModified\":\"2023-05-08T13:42:17+00:00\",\"author\":{\"@id\":\"http:\/\/www.his.puc-rio.br\/pb\/#\/schema\/person\/9e54900224aae47fd486e7013a22647b\"},\"breadcrumb\":{\"@id\":\"http:\/\/www.his.puc-rio.br\/en\/historia-as-sextas-lancamento-de-livro-liberdades-fraturadas-dialogos-cruzados-em-historia-social\/#breadcrumb\"},\"inLanguage\":\"en-US\",\"potentialAction\":[{\"@type\":\"ReadAction\",\"target\":[[\"http:\/\/www.his.puc-rio.br\/en\/historia-as-sextas-lancamento-de-livro-liberdades-fraturadas-dialogos-cruzados-em-historia-social\/\"]]}]},{\"@type\":\"ImageObject\",\"inLanguage\":\"en-US\",\"@id\":\"http:\/\/www.his.puc-rio.br\/en\/historia-as-sextas-lancamento-de-livro-liberdades-fraturadas-dialogos-cruzados-em-historia-social\/#primaryimage\",\"url\":\"https:\/\/www.his.puc-rio.br\/wp-content\/uploads\/Historias-as-Sextas-Lancamento-do-livro-Liberdades-Fraturadassite-ajuste.jpg\",\"contentUrl\":\"https:\/\/www.his.puc-rio.br\/wp-content\/uploads\/Historias-as-Sextas-Lancamento-do-livro-Liberdades-Fraturadassite-ajuste.jpg\",\"width\":1836,\"height\":1000},{\"@type\":\"BreadcrumbList\",\"@id\":\"http:\/\/www.his.puc-rio.br\/en\/historia-as-sextas-lancamento-de-livro-liberdades-fraturadas-dialogos-cruzados-em-historia-social\/#breadcrumb\",\"itemListElement\":[{\"@type\":\"ListItem\",\"position\":1,\"name\":\"In\u00edcio\",\"item\":\"http:\/\/www.his.puc-rio.br\/en\/\"},{\"@type\":\"ListItem\",\"position\":2,\"name\":\"Hist\u00f3ria \u00e0s sextas &#8211; Lan\u00e7amento de livro: Liberdades Fraturadas: di\u00e1logos cruzados em Hist\u00f3ria Social .\"}]},{\"@type\":\"WebSite\",\"@id\":\"http:\/\/www.his.puc-rio.br\/en\/#website\",\"url\":\"http:\/\/www.his.puc-rio.br\/en\/\",\"name\":\"Departamento de Hist\u00f3ria da PUC-Rio\",\"description\":\"Cursos de Gradua\u00e7\u00e3o, P\u00f3s-gradua\u00e7\u00e3o, Mestrado e Doutorado\",\"potentialAction\":[{\"@type\":\"SearchAction\",\"target\":{\"@type\":\"EntryPoint\",\"urlTemplate\":\"http:\/\/www.his.puc-rio.br\/en\/?s={search_term_string}\"},\"query-input\":{\"@type\":\"PropertyValueSpecification\",\"valueRequired\":true,\"valueName\":\"search_term_string\"}}],\"inLanguage\":\"en-US\"},{\"@type\":\"Person\",\"@id\":\"http:\/\/www.his.puc-rio.br\/pb\/#\/schema\/person\/9e54900224aae47fd486e7013a22647b\",\"name\":\"dephist\",\"image\":{\"@type\":\"ImageObject\",\"inLanguage\":\"en-US\",\"@id\":\"http:\/\/www.his.puc-rio.br\/en\/#\/schema\/person\/image\/\",\"url\":\"https:\/\/secure.gravatar.com\/avatar\/bf2683cb6927d5fdbed7881a4ee37199?s=96&d=mm&r=g\",\"contentUrl\":\"https:\/\/secure.gravatar.com\/avatar\/bf2683cb6927d5fdbed7881a4ee37199?s=96&d=mm&r=g\",\"caption\":\"dephist\"},\"url\":\"https:\/\/www.his.puc-rio.br\/en\/author\/dephist\/\"}]}<\/script>\n<!-- \/ Yoast SEO plugin. -->","yoast_head_json":{"title":"(Portugu\u00eas) Hist\u00f3ria \u00e0s sextas - Lan\u00e7amento de livro: Liberdades Fraturadas: di\u00e1logos cruzados em Hist\u00f3ria Social .  - Departamento de Hist\u00f3ria da PUC-Rio","robots":{"index":"index","follow":"follow","max-snippet":"max-snippet:-1","max-image-preview":"max-image-preview:large","max-video-preview":"max-video-preview:-1"},"canonical":"http:\/\/www.his.puc-rio.br\/en\/historia-as-sextas-lancamento-de-livro-liberdades-fraturadas-dialogos-cruzados-em-historia-social\/","og_locale":"en_US","og_type":"article","og_title":"(Portugu\u00eas) Hist\u00f3ria \u00e0s sextas - Lan\u00e7amento de livro: Liberdades Fraturadas: di\u00e1logos cruzados em Hist\u00f3ria Social .  - Departamento de Hist\u00f3ria da PUC-Rio","og_description":"Sorry, this entry is only available in Portugu\u00eas. No Hist\u00f3ria \u00e0s sextas da pr\u00f3xima semana teremos lan\u00e7amento de livro! Liberdades Fraturadas: di\u00e1logos cruzados em Hist\u00f3ria Social. O evento ser\u00e1 presencial e contar\u00e1 com debate com os organizadores David Lacerda e...Leia mais..","og_url":"http:\/\/www.his.puc-rio.br\/en\/historia-as-sextas-lancamento-de-livro-liberdades-fraturadas-dialogos-cruzados-em-historia-social\/","og_site_name":"Departamento de Hist\u00f3ria da PUC-Rio","article_published_time":"2023-05-08T13:40:25+00:00","article_modified_time":"2023-05-08T13:42:17+00:00","og_image":[{"width":1836,"height":1000,"url":"http:\/\/www.his.puc-rio.br\/wp-content\/uploads\/Historias-as-Sextas-Lancamento-do-livro-Liberdades-Fraturadassite-ajuste.jpg","type":"image\/jpeg"}],"author":"dephist","twitter_card":"summary_large_image","twitter_misc":{"Written by":"dephist","Est. reading time":"2 minutes"},"schema":{"@context":"https:\/\/schema.org","@graph":[{"@type":"WebPage","@id":"http:\/\/www.his.puc-rio.br\/en\/historia-as-sextas-lancamento-de-livro-liberdades-fraturadas-dialogos-cruzados-em-historia-social\/","url":"http:\/\/www.his.puc-rio.br\/en\/historia-as-sextas-lancamento-de-livro-liberdades-fraturadas-dialogos-cruzados-em-historia-social\/","name":"(Portugu\u00eas) Hist\u00f3ria \u00e0s sextas - Lan\u00e7amento de livro: Liberdades Fraturadas: di\u00e1logos cruzados em Hist\u00f3ria Social .  - Departamento de Hist\u00f3ria da PUC-Rio","isPartOf":{"@id":"http:\/\/www.his.puc-rio.br\/en\/#website"},"primaryImageOfPage":{"@id":"http:\/\/www.his.puc-rio.br\/en\/historia-as-sextas-lancamento-de-livro-liberdades-fraturadas-dialogos-cruzados-em-historia-social\/#primaryimage"},"image":{"@id":"http:\/\/www.his.puc-rio.br\/pb\/historia-as-sextas-lancamento-de-livro-liberdades-fraturadas-dialogos-cruzados-em-historia-social\/#primaryimage"},"thumbnailUrl":"https:\/\/www.his.puc-rio.br\/wp-content\/uploads\/Historias-as-Sextas-Lancamento-do-livro-Liberdades-Fraturadassite-ajuste.jpg","datePublished":"2023-05-08T13:40:25+00:00","dateModified":"2023-05-08T13:42:17+00:00","author":{"@id":"http:\/\/www.his.puc-rio.br\/pb\/#\/schema\/person\/9e54900224aae47fd486e7013a22647b"},"breadcrumb":{"@id":"http:\/\/www.his.puc-rio.br\/en\/historia-as-sextas-lancamento-de-livro-liberdades-fraturadas-dialogos-cruzados-em-historia-social\/#breadcrumb"},"inLanguage":"en-US","potentialAction":[{"@type":"ReadAction","target":[["http:\/\/www.his.puc-rio.br\/en\/historia-as-sextas-lancamento-de-livro-liberdades-fraturadas-dialogos-cruzados-em-historia-social\/"]]}]},{"@type":"ImageObject","inLanguage":"en-US","@id":"http:\/\/www.his.puc-rio.br\/en\/historia-as-sextas-lancamento-de-livro-liberdades-fraturadas-dialogos-cruzados-em-historia-social\/#primaryimage","url":"https:\/\/www.his.puc-rio.br\/wp-content\/uploads\/Historias-as-Sextas-Lancamento-do-livro-Liberdades-Fraturadassite-ajuste.jpg","contentUrl":"https:\/\/www.his.puc-rio.br\/wp-content\/uploads\/Historias-as-Sextas-Lancamento-do-livro-Liberdades-Fraturadassite-ajuste.jpg","width":1836,"height":1000},{"@type":"BreadcrumbList","@id":"http:\/\/www.his.puc-rio.br\/en\/historia-as-sextas-lancamento-de-livro-liberdades-fraturadas-dialogos-cruzados-em-historia-social\/#breadcrumb","itemListElement":[{"@type":"ListItem","position":1,"name":"In\u00edcio","item":"http:\/\/www.his.puc-rio.br\/en\/"},{"@type":"ListItem","position":2,"name":"Hist\u00f3ria \u00e0s sextas &#8211; Lan\u00e7amento de livro: Liberdades Fraturadas: di\u00e1logos cruzados em Hist\u00f3ria Social ."}]},{"@type":"WebSite","@id":"http:\/\/www.his.puc-rio.br\/en\/#website","url":"http:\/\/www.his.puc-rio.br\/en\/","name":"Departamento de Hist\u00f3ria da PUC-Rio","description":"Cursos de Gradua\u00e7\u00e3o, P\u00f3s-gradua\u00e7\u00e3o, Mestrado e Doutorado","potentialAction":[{"@type":"SearchAction","target":{"@type":"EntryPoint","urlTemplate":"http:\/\/www.his.puc-rio.br\/en\/?s={search_term_string}"},"query-input":{"@type":"PropertyValueSpecification","valueRequired":true,"valueName":"search_term_string"}}],"inLanguage":"en-US"},{"@type":"Person","@id":"http:\/\/www.his.puc-rio.br\/pb\/#\/schema\/person\/9e54900224aae47fd486e7013a22647b","name":"dephist","image":{"@type":"ImageObject","inLanguage":"en-US","@id":"http:\/\/www.his.puc-rio.br\/en\/#\/schema\/person\/image\/","url":"https:\/\/secure.gravatar.com\/avatar\/bf2683cb6927d5fdbed7881a4ee37199?s=96&d=mm&r=g","contentUrl":"https:\/\/secure.gravatar.com\/avatar\/bf2683cb6927d5fdbed7881a4ee37199?s=96&d=mm&r=g","caption":"dephist"},"url":"https:\/\/www.his.puc-rio.br\/en\/author\/dephist\/"}]}},"jetpack_featured_media_url":"https:\/\/www.his.puc-rio.br\/wp-content\/uploads\/Historias-as-Sextas-Lancamento-do-livro-Liberdades-Fraturadassite-ajuste.jpg","_links":{"self":[{"href":"https:\/\/www.his.puc-rio.br\/en\/wp-json\/wp\/v2\/posts\/4052"}],"collection":[{"href":"https:\/\/www.his.puc-rio.br\/en\/wp-json\/wp\/v2\/posts"}],"about":[{"href":"https:\/\/www.his.puc-rio.br\/en\/wp-json\/wp\/v2\/types\/post"}],"author":[{"embeddable":true,"href":"https:\/\/www.his.puc-rio.br\/en\/wp-json\/wp\/v2\/users\/1"}],"replies":[{"embeddable":true,"href":"https:\/\/www.his.puc-rio.br\/en\/wp-json\/wp\/v2\/comments?post=4052"}],"version-history":[{"count":2,"href":"https:\/\/www.his.puc-rio.br\/en\/wp-json\/wp\/v2\/posts\/4052\/revisions"}],"predecessor-version":[{"id":4055,"href":"https:\/\/www.his.puc-rio.br\/en\/wp-json\/wp\/v2\/posts\/4052\/revisions\/4055"}],"wp:featuredmedia":[{"embeddable":true,"href":"https:\/\/www.his.puc-rio.br\/en\/wp-json\/wp\/v2\/media\/4053"}],"wp:attachment":[{"href":"https:\/\/www.his.puc-rio.br\/en\/wp-json\/wp\/v2\/media?parent=4052"}],"wp:term":[{"taxonomy":"category","embeddable":true,"href":"https:\/\/www.his.puc-rio.br\/en\/wp-json\/wp\/v2\/categories?post=4052"},{"taxonomy":"post_tag","embeddable":true,"href":"https:\/\/www.his.puc-rio.br\/en\/wp-json\/wp\/v2\/tags?post=4052"}],"curies":[{"name":"wp","href":"https:\/\/api.w.org\/{rel}","templated":true}]}}