{"id":4076,"date":"2023-06-01T08:29:57","date_gmt":"2023-06-01T11:29:57","guid":{"rendered":"http:\/\/www.his.puc-rio.br\/pb\/?p=4076"},"modified":"2023-06-01T08:29:57","modified_gmt":"2023-06-01T11:29:57","slug":"historia-as-sextas-filologia-e-historia-erich-auerbach-na-alemanha-e-no-brasil-com-patricia-reis-puc-rio-unicamp-e-leopoldo-waizbort-usp","status":"publish","type":"post","link":"https:\/\/www.his.puc-rio.br\/en\/portugues-historia-as-sextas-filologia-e-historia-erich-auerbach-na-alemanha-e-no-brasil-com-patricia-reis-puc-rio-unicamp-e-leopoldo-waizbort-usp\/","title":{"rendered":"(Portugu\u00eas) Hist\u00f3ria \u00e0s Sextas &#8211;  Filologia e Hist\u00f3ria: Erich Auerbach na Alemanha e no Brasil Com Patr\u00edcia Reis (PUC-Rio\/Unicamp) e Leopoldo Waizbort (USP)"},"content":{"rendered":"<p class=\"qtranxs-available-languages-message qtranxs-available-languages-message-en\">Sorry, this entry is only available in <a href=\"https:\/\/www.his.puc-rio.br\/pb\/wp-json\/wp\/v2\/posts\/4076\" class=\"qtranxs-available-language-link qtranxs-available-language-link-pb\" title=\"Portugu\u00eas\">Portugu\u00eas<\/a>.<\/p><p><span style=\"color: #000000;\"><span style=\"font-weight: 400;\">O Laborat\u00f3rio de Teoria e Hist\u00f3ria Intelectual do Depto de Hist\u00f3ria da PUC-Rio e o <\/span><span style=\"font-weight: 400;\">Laborat\u00f3rio de Estudos sobre Fic\u00e7\u00e3o e Hist\u00f3ria (LEFH) convidam para o\u00a0<\/span><\/span><\/p>\n<p><span style=\"color: #000000;\"><b><i>HIST\u00d3RIA \u00c0S SEXTAS<br \/>\n<\/i><\/b><span style=\"font-weight: 400;\">Filologia e Hist\u00f3ria: Erich Auerbach na Alemanha e no Brasil c<\/span><span style=\"font-weight: 400;\">om Patr\u00edcia Reis (PUC-rio\/Unicamp) e Leopoldo Waizbort (USP)<\/span><\/span><\/p>\n<p><span style=\"color: #000000;\"><span style=\"font-weight: 400;\">Dia: 02\/06, sexta-feira<br \/>\n<\/span><span style=\"font-weight: 400;\">Hora: 11h<br \/>\n<\/span><span style=\"font-weight: 400;\">Local: Sala F502 (PUC-Rio)<\/span><\/span><\/p>\n<p><span style=\"font-weight: 400; color: #000000;\">Erich Auerbach (1892-1957) ainda suscita interesses diversos, reavivados no Brasil com a reedi\u00e7\u00e3o de suas obras na cole\u00e7\u00e3o \u201cesp\u00edrito cr\u00edtico\u201d (Editora 34). Entender o projeto cr\u00edtico do autor alem\u00e3o e o papel da erudi\u00e7\u00e3o filol\u00f3gica numa obra que transita entre a hist\u00f3ria, a filosofia e a sociologia \u00e9 o que motiva essa mesa de debates.\u00a0\u00a0<\/span><\/p>\n<p><span style=\"color: #000000;\"><b>Patr\u00edcia Reis<\/b><span style=\"font-weight: 400;\">. \u00a0Doutora pelo Departamento de Hist\u00f3ria da PUC-Rio (2021). Fez doutorado sandu\u00edche na Universit\u00e4t Potsdam \/ Alemanha e foi bolsista Hilde Domin pela Sociedade Alem\u00e3 de Schiller nos Arquivos Marbach, na cidade de Marbach am Neckar \/ Alemanha. Professora tempor\u00e1ria de Teoria da Hist\u00f3ria na Unicamp. Autora do estudo cr\u00edtico (posf\u00e1cio) no volume de Auerbach sobre <\/span><i><span style=\"font-weight: 400;\">Dante como poeta do mundo terreno <\/span><\/i><span style=\"font-weight: 400;\">(editora 34).<\/span><\/span><\/p>\n<p><span style=\"color: #000000;\"><b>Leopoldo Waizbort. <\/b><span style=\"font-weight: 400;\">Professor da USP e pesquisador do CNPq, com p\u00f3s-doutorado na Freie Universitaet Berlin \/ Alemanha e na Stanford University \/ Estados Unidos. Autor de <\/span><i><span style=\"font-weight: 400;\">As aventuras de Georg Simmel<\/span><\/i><span style=\"font-weight: 400;\"> (editora 34) e <\/span><i><span style=\"font-weight: 400;\">Passagem do tr\u00eas ao um<\/span><\/i><span style=\"font-weight: 400;\"> (Cosac Naify). Coordenador editorial das obras de Auerbach na cole\u00e7\u00e3o &#8220;esp\u00edrito cr\u00edtico&#8221;, da Editora 34. Desenvolve pesquisa sobre hist\u00f3ria do pensamento sociol\u00f3gico e econ\u00f4mico, com \u00eanfase no s\u00e9culo XIX alem\u00e3o.<\/span><\/span><\/p>","protected":false},"excerpt":{"rendered":"<p>Sorry, this entry is only available in Portugu\u00eas.O Laborat\u00f3rio de Teoria e Hist\u00f3ria Intelectual do Depto de Hist\u00f3ria da PUC-Rio e o Laborat\u00f3rio de Estudos sobre Fic\u00e7\u00e3o e Hist\u00f3ria (LEFH) convidam para o\u00a0 HIST\u00d3RIA \u00c0S SEXTAS Filologia e Hist\u00f3ria: Erich<a class=\"moretag\" href=\"https:\/\/www.his.puc-rio.br\/en\/portugues-historia-as-sextas-filologia-e-historia-erich-auerbach-na-alemanha-e-no-brasil-com-patricia-reis-puc-rio-unicamp-e-leopoldo-waizbort-usp\/\">&#8230;<\/a><\/br><a href=\"https:\/\/www.his.puc-rio.br\/en\/portugues-historia-as-sextas-filologia-e-historia-erich-auerbach-na-alemanha-e-no-brasil-com-patricia-reis-puc-rio-unicamp-e-leopoldo-waizbort-usp\/\" class=\"read-more\">Leia mais..  <span class=\"glyphicon glyphicon-chevron-right\" ><\/span><\/a><\/p>\n","protected":false},"author":1,"featured_media":4075,"comment_status":"closed","ping_status":"open","sticky":false,"template":"","format":"standard","meta":{"footnotes":""},"categories":[1],"tags":[],"yoast_head":"<!-- This site is optimized with the Yoast SEO plugin v23.5 - https:\/\/yoast.com\/wordpress\/plugins\/seo\/ -->\n<title>(Portugu\u00eas) Hist\u00f3ria \u00e0s Sextas - Filologia e Hist\u00f3ria: Erich Auerbach na Alemanha e no Brasil Com Patr\u00edcia Reis (PUC-Rio\/Unicamp) e Leopoldo Waizbort (USP) - Departamento de Hist\u00f3ria da PUC-Rio<\/title>\n<meta name=\"robots\" content=\"index, follow, max-snippet:-1, max-image-preview:large, max-video-preview:-1\" \/>\n<link rel=\"canonical\" href=\"http:\/\/www.his.puc-rio.br\/en\/historia-as-sextas-filologia-e-historia-erich-auerbach-na-alemanha-e-no-brasil-com-patricia-reis-puc-rio-unicamp-e-leopoldo-waizbort-usp\/\" \/>\n<meta property=\"og:locale\" content=\"en_US\" \/>\n<meta property=\"og:type\" content=\"article\" \/>\n<meta property=\"og:title\" content=\"(Portugu\u00eas) Hist\u00f3ria \u00e0s Sextas - Filologia e Hist\u00f3ria: Erich Auerbach na Alemanha e no Brasil Com Patr\u00edcia Reis (PUC-Rio\/Unicamp) e Leopoldo Waizbort (USP) - Departamento de Hist\u00f3ria da PUC-Rio\" \/>\n<meta property=\"og:description\" content=\"Sorry, this entry is only available in Portugu\u00eas.O Laborat\u00f3rio de Teoria e Hist\u00f3ria Intelectual do Depto de Hist\u00f3ria da PUC-Rio e o Laborat\u00f3rio de Estudos sobre Fic\u00e7\u00e3o e Hist\u00f3ria (LEFH) convidam para o\u00a0 HIST\u00d3RIA \u00c0S SEXTAS Filologia e Hist\u00f3ria: Erich...Leia mais..\" \/>\n<meta property=\"og:url\" content=\"http:\/\/www.his.puc-rio.br\/en\/historia-as-sextas-filologia-e-historia-erich-auerbach-na-alemanha-e-no-brasil-com-patricia-reis-puc-rio-unicamp-e-leopoldo-waizbort-usp\/\" \/>\n<meta property=\"og:site_name\" content=\"Departamento de Hist\u00f3ria da PUC-Rio\" \/>\n<meta property=\"article:published_time\" content=\"2023-06-01T11:29:57+00:00\" \/>\n<meta property=\"og:image\" content=\"http:\/\/www.his.puc-rio.br\/wp-content\/uploads\/Historia-as-Sextas-Filologia-e-Historia-Erich-site.jpg\" \/>\n\t<meta property=\"og:image:width\" content=\"1836\" \/>\n\t<meta property=\"og:image:height\" content=\"1000\" \/>\n\t<meta property=\"og:image:type\" content=\"image\/jpeg\" \/>\n<meta name=\"author\" content=\"dephist\" \/>\n<meta name=\"twitter:card\" content=\"summary_large_image\" \/>\n<meta name=\"twitter:label1\" content=\"Written by\" \/>\n\t<meta name=\"twitter:data1\" content=\"dephist\" \/>\n\t<meta name=\"twitter:label2\" content=\"Est. reading time\" \/>\n\t<meta name=\"twitter:data2\" content=\"2 minutes\" \/>\n<script type=\"application\/ld+json\" class=\"yoast-schema-graph\">{\"@context\":\"https:\/\/schema.org\",\"@graph\":[{\"@type\":\"WebPage\",\"@id\":\"http:\/\/www.his.puc-rio.br\/en\/historia-as-sextas-filologia-e-historia-erich-auerbach-na-alemanha-e-no-brasil-com-patricia-reis-puc-rio-unicamp-e-leopoldo-waizbort-usp\/\",\"url\":\"http:\/\/www.his.puc-rio.br\/en\/historia-as-sextas-filologia-e-historia-erich-auerbach-na-alemanha-e-no-brasil-com-patricia-reis-puc-rio-unicamp-e-leopoldo-waizbort-usp\/\",\"name\":\"(Portugu\u00eas) Hist\u00f3ria \u00e0s Sextas - Filologia e Hist\u00f3ria: Erich Auerbach na Alemanha e no Brasil Com Patr\u00edcia Reis (PUC-Rio\/Unicamp) e Leopoldo Waizbort (USP) - Departamento de Hist\u00f3ria da PUC-Rio\",\"isPartOf\":{\"@id\":\"http:\/\/www.his.puc-rio.br\/en\/#website\"},\"primaryImageOfPage\":{\"@id\":\"http:\/\/www.his.puc-rio.br\/en\/historia-as-sextas-filologia-e-historia-erich-auerbach-na-alemanha-e-no-brasil-com-patricia-reis-puc-rio-unicamp-e-leopoldo-waizbort-usp\/#primaryimage\"},\"image\":{\"@id\":\"http:\/\/www.his.puc-rio.br\/pb\/historia-as-sextas-filologia-e-historia-erich-auerbach-na-alemanha-e-no-brasil-com-patricia-reis-puc-rio-unicamp-e-leopoldo-waizbort-usp\/#primaryimage\"},\"thumbnailUrl\":\"https:\/\/www.his.puc-rio.br\/wp-content\/uploads\/Historia-as-Sextas-Filologia-e-Historia-Erich-site.jpg\",\"datePublished\":\"2023-06-01T11:29:57+00:00\",\"dateModified\":\"2023-06-01T11:29:57+00:00\",\"author\":{\"@id\":\"http:\/\/www.his.puc-rio.br\/pb\/#\/schema\/person\/9e54900224aae47fd486e7013a22647b\"},\"breadcrumb\":{\"@id\":\"http:\/\/www.his.puc-rio.br\/en\/historia-as-sextas-filologia-e-historia-erich-auerbach-na-alemanha-e-no-brasil-com-patricia-reis-puc-rio-unicamp-e-leopoldo-waizbort-usp\/#breadcrumb\"},\"inLanguage\":\"en-US\",\"potentialAction\":[{\"@type\":\"ReadAction\",\"target\":[[\"http:\/\/www.his.puc-rio.br\/en\/historia-as-sextas-filologia-e-historia-erich-auerbach-na-alemanha-e-no-brasil-com-patricia-reis-puc-rio-unicamp-e-leopoldo-waizbort-usp\/\"]]}]},{\"@type\":\"ImageObject\",\"inLanguage\":\"en-US\",\"@id\":\"http:\/\/www.his.puc-rio.br\/en\/historia-as-sextas-filologia-e-historia-erich-auerbach-na-alemanha-e-no-brasil-com-patricia-reis-puc-rio-unicamp-e-leopoldo-waizbort-usp\/#primaryimage\",\"url\":\"https:\/\/www.his.puc-rio.br\/wp-content\/uploads\/Historia-as-Sextas-Filologia-e-Historia-Erich-site.jpg\",\"contentUrl\":\"https:\/\/www.his.puc-rio.br\/wp-content\/uploads\/Historia-as-Sextas-Filologia-e-Historia-Erich-site.jpg\",\"width\":1836,\"height\":1000},{\"@type\":\"BreadcrumbList\",\"@id\":\"http:\/\/www.his.puc-rio.br\/en\/historia-as-sextas-filologia-e-historia-erich-auerbach-na-alemanha-e-no-brasil-com-patricia-reis-puc-rio-unicamp-e-leopoldo-waizbort-usp\/#breadcrumb\",\"itemListElement\":[{\"@type\":\"ListItem\",\"position\":1,\"name\":\"In\u00edcio\",\"item\":\"http:\/\/www.his.puc-rio.br\/en\/\"},{\"@type\":\"ListItem\",\"position\":2,\"name\":\"Hist\u00f3ria \u00e0s Sextas &#8211; Filologia e Hist\u00f3ria: Erich Auerbach na Alemanha e no Brasil Com Patr\u00edcia Reis (PUC-Rio\/Unicamp) e Leopoldo Waizbort (USP)\"}]},{\"@type\":\"WebSite\",\"@id\":\"http:\/\/www.his.puc-rio.br\/en\/#website\",\"url\":\"http:\/\/www.his.puc-rio.br\/en\/\",\"name\":\"Departamento de Hist\u00f3ria da PUC-Rio\",\"description\":\"Cursos de Gradua\u00e7\u00e3o, P\u00f3s-gradua\u00e7\u00e3o, Mestrado e Doutorado\",\"potentialAction\":[{\"@type\":\"SearchAction\",\"target\":{\"@type\":\"EntryPoint\",\"urlTemplate\":\"http:\/\/www.his.puc-rio.br\/en\/?s={search_term_string}\"},\"query-input\":{\"@type\":\"PropertyValueSpecification\",\"valueRequired\":true,\"valueName\":\"search_term_string\"}}],\"inLanguage\":\"en-US\"},{\"@type\":\"Person\",\"@id\":\"http:\/\/www.his.puc-rio.br\/pb\/#\/schema\/person\/9e54900224aae47fd486e7013a22647b\",\"name\":\"dephist\",\"image\":{\"@type\":\"ImageObject\",\"inLanguage\":\"en-US\",\"@id\":\"http:\/\/www.his.puc-rio.br\/en\/#\/schema\/person\/image\/\",\"url\":\"https:\/\/secure.gravatar.com\/avatar\/bf2683cb6927d5fdbed7881a4ee37199?s=96&d=mm&r=g\",\"contentUrl\":\"https:\/\/secure.gravatar.com\/avatar\/bf2683cb6927d5fdbed7881a4ee37199?s=96&d=mm&r=g\",\"caption\":\"dephist\"},\"url\":\"https:\/\/www.his.puc-rio.br\/en\/author\/dephist\/\"}]}<\/script>\n<!-- \/ Yoast SEO plugin. -->","yoast_head_json":{"title":"(Portugu\u00eas) Hist\u00f3ria \u00e0s Sextas - Filologia e Hist\u00f3ria: Erich Auerbach na Alemanha e no Brasil Com Patr\u00edcia Reis (PUC-Rio\/Unicamp) e Leopoldo Waizbort (USP) - Departamento de Hist\u00f3ria da PUC-Rio","robots":{"index":"index","follow":"follow","max-snippet":"max-snippet:-1","max-image-preview":"max-image-preview:large","max-video-preview":"max-video-preview:-1"},"canonical":"http:\/\/www.his.puc-rio.br\/en\/historia-as-sextas-filologia-e-historia-erich-auerbach-na-alemanha-e-no-brasil-com-patricia-reis-puc-rio-unicamp-e-leopoldo-waizbort-usp\/","og_locale":"en_US","og_type":"article","og_title":"(Portugu\u00eas) Hist\u00f3ria \u00e0s Sextas - Filologia e Hist\u00f3ria: Erich Auerbach na Alemanha e no Brasil Com Patr\u00edcia Reis (PUC-Rio\/Unicamp) e Leopoldo Waizbort (USP) - Departamento de Hist\u00f3ria da PUC-Rio","og_description":"Sorry, this entry is only available in Portugu\u00eas.O Laborat\u00f3rio de Teoria e Hist\u00f3ria Intelectual do Depto de Hist\u00f3ria da PUC-Rio e o Laborat\u00f3rio de Estudos sobre Fic\u00e7\u00e3o e Hist\u00f3ria (LEFH) convidam para o\u00a0 HIST\u00d3RIA \u00c0S SEXTAS Filologia e Hist\u00f3ria: Erich...Leia mais..","og_url":"http:\/\/www.his.puc-rio.br\/en\/historia-as-sextas-filologia-e-historia-erich-auerbach-na-alemanha-e-no-brasil-com-patricia-reis-puc-rio-unicamp-e-leopoldo-waizbort-usp\/","og_site_name":"Departamento de Hist\u00f3ria da PUC-Rio","article_published_time":"2023-06-01T11:29:57+00:00","og_image":[{"width":1836,"height":1000,"url":"http:\/\/www.his.puc-rio.br\/wp-content\/uploads\/Historia-as-Sextas-Filologia-e-Historia-Erich-site.jpg","type":"image\/jpeg"}],"author":"dephist","twitter_card":"summary_large_image","twitter_misc":{"Written by":"dephist","Est. reading time":"2 minutes"},"schema":{"@context":"https:\/\/schema.org","@graph":[{"@type":"WebPage","@id":"http:\/\/www.his.puc-rio.br\/en\/historia-as-sextas-filologia-e-historia-erich-auerbach-na-alemanha-e-no-brasil-com-patricia-reis-puc-rio-unicamp-e-leopoldo-waizbort-usp\/","url":"http:\/\/www.his.puc-rio.br\/en\/historia-as-sextas-filologia-e-historia-erich-auerbach-na-alemanha-e-no-brasil-com-patricia-reis-puc-rio-unicamp-e-leopoldo-waizbort-usp\/","name":"(Portugu\u00eas) Hist\u00f3ria \u00e0s Sextas - Filologia e Hist\u00f3ria: Erich Auerbach na Alemanha e no Brasil Com Patr\u00edcia Reis (PUC-Rio\/Unicamp) e Leopoldo Waizbort (USP) - Departamento de Hist\u00f3ria da PUC-Rio","isPartOf":{"@id":"http:\/\/www.his.puc-rio.br\/en\/#website"},"primaryImageOfPage":{"@id":"http:\/\/www.his.puc-rio.br\/en\/historia-as-sextas-filologia-e-historia-erich-auerbach-na-alemanha-e-no-brasil-com-patricia-reis-puc-rio-unicamp-e-leopoldo-waizbort-usp\/#primaryimage"},"image":{"@id":"http:\/\/www.his.puc-rio.br\/pb\/historia-as-sextas-filologia-e-historia-erich-auerbach-na-alemanha-e-no-brasil-com-patricia-reis-puc-rio-unicamp-e-leopoldo-waizbort-usp\/#primaryimage"},"thumbnailUrl":"https:\/\/www.his.puc-rio.br\/wp-content\/uploads\/Historia-as-Sextas-Filologia-e-Historia-Erich-site.jpg","datePublished":"2023-06-01T11:29:57+00:00","dateModified":"2023-06-01T11:29:57+00:00","author":{"@id":"http:\/\/www.his.puc-rio.br\/pb\/#\/schema\/person\/9e54900224aae47fd486e7013a22647b"},"breadcrumb":{"@id":"http:\/\/www.his.puc-rio.br\/en\/historia-as-sextas-filologia-e-historia-erich-auerbach-na-alemanha-e-no-brasil-com-patricia-reis-puc-rio-unicamp-e-leopoldo-waizbort-usp\/#breadcrumb"},"inLanguage":"en-US","potentialAction":[{"@type":"ReadAction","target":[["http:\/\/www.his.puc-rio.br\/en\/historia-as-sextas-filologia-e-historia-erich-auerbach-na-alemanha-e-no-brasil-com-patricia-reis-puc-rio-unicamp-e-leopoldo-waizbort-usp\/"]]}]},{"@type":"ImageObject","inLanguage":"en-US","@id":"http:\/\/www.his.puc-rio.br\/en\/historia-as-sextas-filologia-e-historia-erich-auerbach-na-alemanha-e-no-brasil-com-patricia-reis-puc-rio-unicamp-e-leopoldo-waizbort-usp\/#primaryimage","url":"https:\/\/www.his.puc-rio.br\/wp-content\/uploads\/Historia-as-Sextas-Filologia-e-Historia-Erich-site.jpg","contentUrl":"https:\/\/www.his.puc-rio.br\/wp-content\/uploads\/Historia-as-Sextas-Filologia-e-Historia-Erich-site.jpg","width":1836,"height":1000},{"@type":"BreadcrumbList","@id":"http:\/\/www.his.puc-rio.br\/en\/historia-as-sextas-filologia-e-historia-erich-auerbach-na-alemanha-e-no-brasil-com-patricia-reis-puc-rio-unicamp-e-leopoldo-waizbort-usp\/#breadcrumb","itemListElement":[{"@type":"ListItem","position":1,"name":"In\u00edcio","item":"http:\/\/www.his.puc-rio.br\/en\/"},{"@type":"ListItem","position":2,"name":"Hist\u00f3ria \u00e0s Sextas &#8211; Filologia e Hist\u00f3ria: Erich Auerbach na Alemanha e no Brasil Com Patr\u00edcia Reis (PUC-Rio\/Unicamp) e Leopoldo Waizbort (USP)"}]},{"@type":"WebSite","@id":"http:\/\/www.his.puc-rio.br\/en\/#website","url":"http:\/\/www.his.puc-rio.br\/en\/","name":"Departamento de Hist\u00f3ria da PUC-Rio","description":"Cursos de Gradua\u00e7\u00e3o, P\u00f3s-gradua\u00e7\u00e3o, Mestrado e Doutorado","potentialAction":[{"@type":"SearchAction","target":{"@type":"EntryPoint","urlTemplate":"http:\/\/www.his.puc-rio.br\/en\/?s={search_term_string}"},"query-input":{"@type":"PropertyValueSpecification","valueRequired":true,"valueName":"search_term_string"}}],"inLanguage":"en-US"},{"@type":"Person","@id":"http:\/\/www.his.puc-rio.br\/pb\/#\/schema\/person\/9e54900224aae47fd486e7013a22647b","name":"dephist","image":{"@type":"ImageObject","inLanguage":"en-US","@id":"http:\/\/www.his.puc-rio.br\/en\/#\/schema\/person\/image\/","url":"https:\/\/secure.gravatar.com\/avatar\/bf2683cb6927d5fdbed7881a4ee37199?s=96&d=mm&r=g","contentUrl":"https:\/\/secure.gravatar.com\/avatar\/bf2683cb6927d5fdbed7881a4ee37199?s=96&d=mm&r=g","caption":"dephist"},"url":"https:\/\/www.his.puc-rio.br\/en\/author\/dephist\/"}]}},"jetpack_featured_media_url":"https:\/\/www.his.puc-rio.br\/wp-content\/uploads\/Historia-as-Sextas-Filologia-e-Historia-Erich-site.jpg","_links":{"self":[{"href":"https:\/\/www.his.puc-rio.br\/en\/wp-json\/wp\/v2\/posts\/4076"}],"collection":[{"href":"https:\/\/www.his.puc-rio.br\/en\/wp-json\/wp\/v2\/posts"}],"about":[{"href":"https:\/\/www.his.puc-rio.br\/en\/wp-json\/wp\/v2\/types\/post"}],"author":[{"embeddable":true,"href":"https:\/\/www.his.puc-rio.br\/en\/wp-json\/wp\/v2\/users\/1"}],"replies":[{"embeddable":true,"href":"https:\/\/www.his.puc-rio.br\/en\/wp-json\/wp\/v2\/comments?post=4076"}],"version-history":[{"count":1,"href":"https:\/\/www.his.puc-rio.br\/en\/wp-json\/wp\/v2\/posts\/4076\/revisions"}],"predecessor-version":[{"id":4077,"href":"https:\/\/www.his.puc-rio.br\/en\/wp-json\/wp\/v2\/posts\/4076\/revisions\/4077"}],"wp:featuredmedia":[{"embeddable":true,"href":"https:\/\/www.his.puc-rio.br\/en\/wp-json\/wp\/v2\/media\/4075"}],"wp:attachment":[{"href":"https:\/\/www.his.puc-rio.br\/en\/wp-json\/wp\/v2\/media?parent=4076"}],"wp:term":[{"taxonomy":"category","embeddable":true,"href":"https:\/\/www.his.puc-rio.br\/en\/wp-json\/wp\/v2\/categories?post=4076"},{"taxonomy":"post_tag","embeddable":true,"href":"https:\/\/www.his.puc-rio.br\/en\/wp-json\/wp\/v2\/tags?post=4076"}],"curies":[{"name":"wp","href":"https:\/\/api.w.org\/{rel}","templated":true}]}}