{"id":4119,"date":"2023-07-05T14:03:33","date_gmt":"2023-07-05T17:03:33","guid":{"rendered":"http:\/\/www.his.puc-rio.br\/pb\/?p=4119"},"modified":"2023-07-05T14:03:33","modified_gmt":"2023-07-05T17:03:33","slug":"xvi-encontro-de-grupo-de-pesquisa-textualidades-contemporaneas-processos-de-hibridacao","status":"publish","type":"post","link":"https:\/\/www.his.puc-rio.br\/en\/portugues-xvi-encontro-de-grupo-de-pesquisa-textualidades-contemporaneas-processos-de-hibridacao\/","title":{"rendered":"(Portugu\u00eas) XVI Encontro de Grupo de Pesquisa Textualidades Contempor\u00e2neas: Processos de Hibrida\u00e7\u00e3o"},"content":{"rendered":"<p class=\"qtranxs-available-languages-message qtranxs-available-languages-message-en\">Sorry, this entry is only available in <a href=\"https:\/\/www.his.puc-rio.br\/pb\/wp-json\/wp\/v2\/posts\/4119\" class=\"qtranxs-available-language-link qtranxs-available-language-link-pb\" title=\"Portugu\u00eas\">Portugu\u00eas<\/a>.<\/p><p><span style=\"color: #000000;\">XVI Encontro de Grupo de Pesquisa Textualidades Contempor\u00e2neas: Processos de Hibrida\u00e7\u00e3o<\/span><\/p>\n<p><span style=\"color: #000000;\">05 e 06 de Julho.<\/span><br \/>\n<span style=\"color: #000000;\">Sala de Reuni\u00e3o do Decanato o CTC &#8211; 12\u00b0 andar do pr\u00e9dio Leme<\/span><\/p>\n<p><span style=\"color: #000000;\">Programa\u00e7\u00e3o<\/span><\/p>\n<h2><span style=\"color: #000000;\">5 de julho &#8211; quarta-feira<\/span><\/h2>\n<p><span style=\"color: #000000;\">9h15 &#8211; 10h: ABERTURA<\/span><\/p>\n<p><span style=\"color: #000000;\"><strong><em>Pe. Andr\u00e9 Lu\u00eds Ara\u00fajo <\/em><\/strong>Vice-reitor da PUC-RIO <strong><em>J\u00falio Diniz<\/em><\/strong><\/span><\/p>\n<p><span style=\"color: #000000;\">Decano de Centro de Teologia e Ci\u00eancias Humanas PUC-RIO<\/span><\/p>\n<p><span style=\"color: #000000;\"><strong><em>Jaime Galgani<\/em><\/strong><\/span><\/p>\n<p><span style=\"color: #000000;\">Decano da Universidad Metropolitana de Ciencias de la Educaci\u00f3n UMCE-Chile<\/span><\/p>\n<p><span style=\"color: #000000;\"><strong><em>Juan Rojas<\/em><\/strong><\/span><\/p>\n<p><span style=\"color: #000000;\">Presidente dos Congressos Internacionais de Humanidades UnB-Brasil<\/span><\/p>\n<p><span style=\"color: #000000;\"><strong><em>Sylvia Cyntr\u00e3o<\/em><\/strong><\/span><\/p>\n<p><span style=\"color: #000000;\">L\u00edder do Grupo de Pesquisa Textualidades Contempor\u00e2neas UnB\/CNPq<\/span><\/p>\n<p><span style=\"color: #000000;\">10h &#8211; 11h30: PRIMEIRO TEMPO<\/span><\/p>\n<p><span style=\"color: #000000;\"><strong>1-A arte como instrumento pol\u00edtico e utilidade social na representa\u00e7\u00e3o do mal e da viol\u00eancia, nas re<\/strong><strong>\ufb02<\/strong><strong>ex\u00f5es de R\u00fcdiger Safranski sobre o drama da liberdade. <\/strong>Elga P\u00e9rez- Laborde (Instituto de Letras UnB)<\/span><\/p>\n<ul>\n<li><span style=\"color: #000000;\"><strong>Comunidade e assimila\u00e7\u00e3o: nexos do liter\u00e1rio nos contextos p\u00f3s-coloniais da l\u00edngua portuguesa. <\/strong>Alexandre Montaury (Depto de Letras PUC-Rio) Mediador<\/span><\/li>\n<li><span style=\"color: #000000;\"><strong>Linguagem e cogni\u00e7\u00e3o: percep\u00e7\u00e3o cibern\u00e9tica e presen\u00e7a <\/strong>Rozana Reigota Naves e Kely Viana de Oliveira (Instituto de Letras UnB)<\/span><\/li>\n<li><span style=\"color: #000000;\"><strong>\u201cZona Saer\u201d: antropologia especulativa e travessias <\/strong>Andr\u00e9 Lu\u00eds Ara\u00fajo (Depto de Letras PUC-RIO)<\/span><\/li>\n<\/ul>\n<p><span style=\"color: #000000;\">11h30 &#8211; 12h: Espa\u00e7o de debate<\/span><\/p>\n<p><span style=\"color: #000000;\">14h30 &#8211; 16h30: SEGUNDO TEMPO<\/span><\/p>\n<ul>\n<li><span style=\"color: #000000;\"><strong>Ruy Guerra \u2013 um poeta entre \u00c1frica, Europa e a Latinoam\u00e9rica. <\/strong>J\u00falio Diniz (Depto de Letras PUC-Rio\/CNPq) <em>Mediador<\/em><\/span><\/li>\n<li><span style=\"color: #000000;\"><strong>Prosas visionarias en la literatura hispanoamericana: una po\u00e9tica para su comprensi\u00f3n. <\/strong>Jaime Galgani -Universidad Metropolitana de Ciencias de la Educaci\u00f3n (UMCE)<\/span><\/li>\n<li><span style=\"color: #000000;\"><strong>Suzzann\u00fd Dinamarka, a esticadora de horizontes em \u201cA palavra que resta\u201d (2021) de St\u00eanio Gardel. <\/strong>Leoc\u00e1dia Chaves (Instituto de Letras UnB)<\/span><\/li>\n<li><span style=\"color: #000000;\"><strong>\u00bfD\u00f3nde est\u00e1 Tununa?: el dualismo axial \u201cEn estado de memoria\u201d. <\/strong>Ana Catarina Simas Oliveira (Instituto de Letras UnB)<\/span><\/li>\n<\/ul>\n<p><span style=\"color: #000000;\"><strong>INTERVALO<\/strong><\/span><\/p>\n<ul>\n<li><span style=\"color: #000000;\"><strong>Cultura de massas e horror no romance argentino contempor\u00e2neo: Sweblin- Enriquez- Lamberti. <\/strong>Juan Pedro Rojas (Instituto de Letras UnB)<\/span><\/li>\n<li><span style=\"color: #000000;\"><strong>Lembran\u00e7as e relatos de Carolina Maria de Jesus em o &#8220;Di\u00e1rio de Bitita&#8221;. <\/strong>Roberta Cantarela (Instituto de Letras UnB)<\/span><\/li>\n<\/ul>\n<p><span style=\"color: #000000;\">16h30 &#8211; 17h: Espa\u00e7o de debate<\/span><\/p>\n<p><span style=\"color: #000000;\">17h &#8211; 17h15<\/span><\/p>\n<p><span style=\"color: #000000;\"><strong>Apresenta\u00e7\u00e3o do livro <\/strong><strong><em>Incertezas latentes: entre o jornalismo e a literatura, <\/em><\/strong><strong>Por Elga P\u00e9rez-Laborde, a autora.<\/strong><\/span><\/p>\n<h2><span style=\"color: #000000;\">6 de julho &#8211; quinta-feira<\/span><\/h2>\n<p><span style=\"color: #000000;\">9h-11h15: TERCEIRO TEMPO<\/span><\/p>\n<p><span style=\"color: #000000;\">Espa\u00e7o exclusivo de pesquisadores convidados da PUC-RIO \/ Media\u00e7\u00e3o J\u00falio Diniz<\/span><\/p>\n<p><span style=\"color: #000000;\">9h-10h: MESA I<\/span><\/p>\n<p><span style=\"color: #000000;\"><strong>Literatura e Maafa: resist\u00eancia, perman\u00eancia e continuidade na Am\u00e9frica Ladina. <\/strong>Aza Njeri (Departamento\u00a0\u00a0\u00a0\u00a0\u00a0\u00a0\u00a0\u00a0\u00a0\u00a0\u00a0\u00a0\u00a0\u00a0\u00a0\u00a0\u00a0\u00a0\u00a0\u00a0\u00a0\u00a0 de\u00a0\u00a0\u00a0\u00a0\u00a0\u00a0\u00a0\u00a0\u00a0\u00a0\u00a0\u00a0\u00a0\u00a0\u00a0\u00a0\u00a0\u00a0\u00a0\u00a0\u00a0\u00a0 Letras\u00a0\u00a0\u00a0\u00a0\u00a0\u00a0\u00a0\u00a0\u00a0\u00a0\u00a0\u00a0\u00a0\u00a0\u00a0\u00a0\u00a0\u00a0\u00a0\u00a0\u00a0\u00a0 \u2013\u00a0\u00a0\u00a0\u00a0\u00a0\u00a0\u00a0\u00a0\u00a0\u00a0\u00a0\u00a0\u00a0\u00a0\u00a0\u00a0\u00a0\u00a0\u00a0\u00a0\u00a0\u00a0 PUC-Rio)\u00a0 <strong>O Novo Ensino M\u00e9dio brasileiro como li\u00e7\u00e3o negativamente exemplar. <\/strong>Edgar de Brito Lyra Netto (Departamento de Filoso\ufb01a \u2013 PUC-Rio)<\/span><\/p>\n<p><span style=\"color: #000000;\"><strong>A escuta-leitura da subjetividade como resist\u00eancia, a partir do servi\u00e7o de sa\u00fade mental e da literatura produzida recentemente na Rocinha. <\/strong>Fernando Ribeiro Ten\u00f3rio (Departamento de Psicologia \u2013 PUC-Rio)<\/span><\/p>\n<p><span style=\"color: #000000;\">10h15-11h15: MESA II<\/span><\/p>\n<p><span style=\"color: #000000;\"><strong>Discursos raciais, mesti\u00e7agem e diagn\u00f3sticos sobre as na\u00e7\u00f5es latino-americanas na <\/strong><strong>segunda metade do s\u00e9culo XIX. <\/strong>Maria Elisa Noronha de S\u00e1 (Departamento de Hist\u00f3ria\u2013 PUC-Rio)<\/span><\/p>\n<p><span style=\"color: #000000;\"><strong>O drive canibalista funk -A voz, a fala e outras partes da pessoa: a mat\u00e9ria do artista. <\/strong>Mylene\u00a0\u00a0\u00a0\u00a0\u00a0\u00a0\u00a0 Mizrahi\u00a0\u00a0\u00a0\u00a0\u00a0\u00a0\u00a0 (Departamento\u00a0\u00a0\u00a0\u00a0\u00a0\u00a0\u00a0 de\u00a0\u00a0\u00a0\u00a0\u00a0\u00a0\u00a0 Educa\u00e7\u00e3o\u00a0\u00a0\u00a0\u00a0\u00a0\u00a0\u00a0 \u2013\u00a0\u00a0\u00a0\u00a0\u00a0\u00a0\u00a0 PUC-Rio)\u00a0 <strong>Cultura da in<\/strong><strong>\ufb01<\/strong><strong>ltra\u00e7\u00e3o.<\/strong> Nilton Gon\u00e7alves Gamba Jr. (Departamento de Artes &amp; Design \u2013 PUC-Rio)<\/span><\/p>\n<p><span style=\"color: #000000;\">11h15-12h15 Espa\u00e7o de debate<\/span><\/p>\n<p><span style=\"color: #000000;\">14h30-16h15: QUARTO TEMPO<\/span><\/p>\n<ul>\n<li><span style=\"color: #000000;\"><strong>Do esquecimento da palavra \u00e0 habita\u00e7\u00e3o do espa\u00e7o-entre: exerc\u00edcios de escuta mais que humana na poesia de Mar\u00edlia Flo\u00f4r <\/strong>Rafaela Scardino (UFES)<\/span><\/li>\n<li><span style=\"color: #000000;\"><strong>Sem\u00e2nticas do feminismo e da opress\u00e3o no mercado da m\u00fasica: elas resistem! <\/strong>Mirele Carolina Werneque Jacomel (IFPR)<\/span><\/li>\n<\/ul>\n<p><span style=\"color: #000000;\">3-&#8220;Brasil de quem?&#8221;. As produ\u00e7\u00f5es est\u00e9ticas contempor\u00e2neas e as retra\u00e7\u00f5es da \u00e9tica.<\/span><\/p>\n<p><span style=\"color: #000000;\">Sylvia H. Cyntr\u00e3o (Instituto de Letras UnB) &#8211; Mediadora<\/span><\/p>\n<p><span style=\"color: #000000;\"><strong>4-&#8220;Made in Brazil? Or not tupi? <\/strong><strong>Representa\u00e7\u00f5es do Brasil moderno no concerto das na\u00e7\u00f5es&#8221;. <\/strong>Miguel Jost (Depto de Comunica\u00e7\u00e3o PUC- Rio)<\/span><\/p>\n<p><span style=\"color: #000000;\"><strong>5-Modos de pensar e modos de viver: a in<\/strong><strong>\ufb02<\/strong><strong>u\u00eancia do Oriente na cultura brasileira. <\/strong>Rog\u00e9rio Lima (Instituto de Letras UnB)<\/span><\/p>\n<p><span style=\"color: #000000;\">16h15-16h45: Espa\u00e7o de debate ENCERRAMENTO<\/span><\/p>","protected":false},"excerpt":{"rendered":"<p>Sorry, this entry is only available in Portugu\u00eas.XVI Encontro de Grupo de Pesquisa Textualidades Contempor\u00e2neas: Processos de Hibrida\u00e7\u00e3o 05 e 06 de Julho. Sala de Reuni\u00e3o do Decanato o CTC &#8211; 12\u00b0 andar do pr\u00e9dio Leme Programa\u00e7\u00e3o 5 de julho<a class=\"moretag\" href=\"https:\/\/www.his.puc-rio.br\/en\/portugues-xvi-encontro-de-grupo-de-pesquisa-textualidades-contemporaneas-processos-de-hibridacao\/\">&#8230;<\/a><\/br><a href=\"https:\/\/www.his.puc-rio.br\/en\/portugues-xvi-encontro-de-grupo-de-pesquisa-textualidades-contemporaneas-processos-de-hibridacao\/\" class=\"read-more\">Leia mais..  <span class=\"glyphicon glyphicon-chevron-right\" ><\/span><\/a><\/p>\n","protected":false},"author":1,"featured_media":4118,"comment_status":"closed","ping_status":"open","sticky":false,"template":"","format":"standard","meta":{"footnotes":""},"categories":[1],"tags":[],"yoast_head":"<!-- This site is optimized with the Yoast SEO plugin v23.5 - https:\/\/yoast.com\/wordpress\/plugins\/seo\/ -->\n<title>(Portugu\u00eas) XVI Encontro de Grupo de Pesquisa Textualidades Contempor\u00e2neas: Processos de Hibrida\u00e7\u00e3o - Departamento de Hist\u00f3ria da PUC-Rio<\/title>\n<meta name=\"robots\" content=\"index, follow, max-snippet:-1, max-image-preview:large, max-video-preview:-1\" \/>\n<link rel=\"canonical\" href=\"http:\/\/www.his.puc-rio.br\/en\/xvi-encontro-de-grupo-de-pesquisa-textualidades-contemporaneas-processos-de-hibridacao\/\" \/>\n<meta property=\"og:locale\" content=\"en_US\" \/>\n<meta property=\"og:type\" content=\"article\" \/>\n<meta property=\"og:title\" content=\"(Portugu\u00eas) XVI Encontro de Grupo de Pesquisa Textualidades Contempor\u00e2neas: Processos de Hibrida\u00e7\u00e3o - Departamento de Hist\u00f3ria da PUC-Rio\" \/>\n<meta property=\"og:description\" content=\"Sorry, this entry is only available in Portugu\u00eas.XVI Encontro de Grupo de Pesquisa Textualidades Contempor\u00e2neas: Processos de Hibrida\u00e7\u00e3o 05 e 06 de Julho. Sala de Reuni\u00e3o do Decanato o CTC &#8211; 12\u00b0 andar do pr\u00e9dio Leme Programa\u00e7\u00e3o 5 de julho...Leia mais..\" \/>\n<meta property=\"og:url\" content=\"http:\/\/www.his.puc-rio.br\/en\/xvi-encontro-de-grupo-de-pesquisa-textualidades-contemporaneas-processos-de-hibridacao\/\" \/>\n<meta property=\"og:site_name\" content=\"Departamento de Hist\u00f3ria da PUC-Rio\" \/>\n<meta property=\"article:published_time\" content=\"2023-07-05T17:03:33+00:00\" \/>\n<meta property=\"og:image\" content=\"http:\/\/www.his.puc-rio.br\/wp-content\/uploads\/XVI-Encontro-do-Grupo-de-Pesquisa-Textualidades-Contemporaneas-site.jpg\" \/>\n\t<meta property=\"og:image:width\" content=\"1836\" \/>\n\t<meta property=\"og:image:height\" content=\"1000\" \/>\n\t<meta property=\"og:image:type\" content=\"image\/jpeg\" \/>\n<meta name=\"author\" content=\"dephist\" \/>\n<meta name=\"twitter:card\" content=\"summary_large_image\" \/>\n<meta name=\"twitter:label1\" content=\"Written by\" \/>\n\t<meta name=\"twitter:data1\" content=\"dephist\" \/>\n\t<meta name=\"twitter:label2\" content=\"Est. reading time\" \/>\n\t<meta name=\"twitter:data2\" content=\"4 minutes\" \/>\n<script type=\"application\/ld+json\" class=\"yoast-schema-graph\">{\"@context\":\"https:\/\/schema.org\",\"@graph\":[{\"@type\":\"WebPage\",\"@id\":\"http:\/\/www.his.puc-rio.br\/en\/xvi-encontro-de-grupo-de-pesquisa-textualidades-contemporaneas-processos-de-hibridacao\/\",\"url\":\"http:\/\/www.his.puc-rio.br\/en\/xvi-encontro-de-grupo-de-pesquisa-textualidades-contemporaneas-processos-de-hibridacao\/\",\"name\":\"(Portugu\u00eas) XVI Encontro de Grupo de Pesquisa Textualidades Contempor\u00e2neas: Processos de Hibrida\u00e7\u00e3o - Departamento de Hist\u00f3ria da PUC-Rio\",\"isPartOf\":{\"@id\":\"http:\/\/www.his.puc-rio.br\/en\/#website\"},\"primaryImageOfPage\":{\"@id\":\"http:\/\/www.his.puc-rio.br\/en\/xvi-encontro-de-grupo-de-pesquisa-textualidades-contemporaneas-processos-de-hibridacao\/#primaryimage\"},\"image\":{\"@id\":\"http:\/\/www.his.puc-rio.br\/pb\/xvi-encontro-de-grupo-de-pesquisa-textualidades-contemporaneas-processos-de-hibridacao\/#primaryimage\"},\"thumbnailUrl\":\"https:\/\/www.his.puc-rio.br\/wp-content\/uploads\/XVI-Encontro-do-Grupo-de-Pesquisa-Textualidades-Contemporaneas-site.jpg\",\"datePublished\":\"2023-07-05T17:03:33+00:00\",\"dateModified\":\"2023-07-05T17:03:33+00:00\",\"author\":{\"@id\":\"http:\/\/www.his.puc-rio.br\/pb\/#\/schema\/person\/9e54900224aae47fd486e7013a22647b\"},\"breadcrumb\":{\"@id\":\"http:\/\/www.his.puc-rio.br\/en\/xvi-encontro-de-grupo-de-pesquisa-textualidades-contemporaneas-processos-de-hibridacao\/#breadcrumb\"},\"inLanguage\":\"en-US\",\"potentialAction\":[{\"@type\":\"ReadAction\",\"target\":[[\"http:\/\/www.his.puc-rio.br\/en\/xvi-encontro-de-grupo-de-pesquisa-textualidades-contemporaneas-processos-de-hibridacao\/\"]]}]},{\"@type\":\"ImageObject\",\"inLanguage\":\"en-US\",\"@id\":\"http:\/\/www.his.puc-rio.br\/en\/xvi-encontro-de-grupo-de-pesquisa-textualidades-contemporaneas-processos-de-hibridacao\/#primaryimage\",\"url\":\"https:\/\/www.his.puc-rio.br\/wp-content\/uploads\/XVI-Encontro-do-Grupo-de-Pesquisa-Textualidades-Contemporaneas-site.jpg\",\"contentUrl\":\"https:\/\/www.his.puc-rio.br\/wp-content\/uploads\/XVI-Encontro-do-Grupo-de-Pesquisa-Textualidades-Contemporaneas-site.jpg\",\"width\":1836,\"height\":1000},{\"@type\":\"BreadcrumbList\",\"@id\":\"http:\/\/www.his.puc-rio.br\/en\/xvi-encontro-de-grupo-de-pesquisa-textualidades-contemporaneas-processos-de-hibridacao\/#breadcrumb\",\"itemListElement\":[{\"@type\":\"ListItem\",\"position\":1,\"name\":\"In\u00edcio\",\"item\":\"http:\/\/www.his.puc-rio.br\/en\/\"},{\"@type\":\"ListItem\",\"position\":2,\"name\":\"XVI Encontro de Grupo de Pesquisa Textualidades Contempor\u00e2neas: Processos de Hibrida\u00e7\u00e3o\"}]},{\"@type\":\"WebSite\",\"@id\":\"http:\/\/www.his.puc-rio.br\/en\/#website\",\"url\":\"http:\/\/www.his.puc-rio.br\/en\/\",\"name\":\"Departamento de Hist\u00f3ria da PUC-Rio\",\"description\":\"Cursos de Gradua\u00e7\u00e3o, P\u00f3s-gradua\u00e7\u00e3o, Mestrado e Doutorado\",\"potentialAction\":[{\"@type\":\"SearchAction\",\"target\":{\"@type\":\"EntryPoint\",\"urlTemplate\":\"http:\/\/www.his.puc-rio.br\/en\/?s={search_term_string}\"},\"query-input\":{\"@type\":\"PropertyValueSpecification\",\"valueRequired\":true,\"valueName\":\"search_term_string\"}}],\"inLanguage\":\"en-US\"},{\"@type\":\"Person\",\"@id\":\"http:\/\/www.his.puc-rio.br\/pb\/#\/schema\/person\/9e54900224aae47fd486e7013a22647b\",\"name\":\"dephist\",\"image\":{\"@type\":\"ImageObject\",\"inLanguage\":\"en-US\",\"@id\":\"http:\/\/www.his.puc-rio.br\/en\/#\/schema\/person\/image\/\",\"url\":\"https:\/\/secure.gravatar.com\/avatar\/bf2683cb6927d5fdbed7881a4ee37199?s=96&d=mm&r=g\",\"contentUrl\":\"https:\/\/secure.gravatar.com\/avatar\/bf2683cb6927d5fdbed7881a4ee37199?s=96&d=mm&r=g\",\"caption\":\"dephist\"},\"url\":\"https:\/\/www.his.puc-rio.br\/en\/author\/dephist\/\"}]}<\/script>\n<!-- \/ Yoast SEO plugin. -->","yoast_head_json":{"title":"(Portugu\u00eas) XVI Encontro de Grupo de Pesquisa Textualidades Contempor\u00e2neas: Processos de Hibrida\u00e7\u00e3o - Departamento de Hist\u00f3ria da PUC-Rio","robots":{"index":"index","follow":"follow","max-snippet":"max-snippet:-1","max-image-preview":"max-image-preview:large","max-video-preview":"max-video-preview:-1"},"canonical":"http:\/\/www.his.puc-rio.br\/en\/xvi-encontro-de-grupo-de-pesquisa-textualidades-contemporaneas-processos-de-hibridacao\/","og_locale":"en_US","og_type":"article","og_title":"(Portugu\u00eas) XVI Encontro de Grupo de Pesquisa Textualidades Contempor\u00e2neas: Processos de Hibrida\u00e7\u00e3o - Departamento de Hist\u00f3ria da PUC-Rio","og_description":"Sorry, this entry is only available in Portugu\u00eas.XVI Encontro de Grupo de Pesquisa Textualidades Contempor\u00e2neas: Processos de Hibrida\u00e7\u00e3o 05 e 06 de Julho. Sala de Reuni\u00e3o do Decanato o CTC &#8211; 12\u00b0 andar do pr\u00e9dio Leme Programa\u00e7\u00e3o 5 de julho...Leia mais..","og_url":"http:\/\/www.his.puc-rio.br\/en\/xvi-encontro-de-grupo-de-pesquisa-textualidades-contemporaneas-processos-de-hibridacao\/","og_site_name":"Departamento de Hist\u00f3ria da PUC-Rio","article_published_time":"2023-07-05T17:03:33+00:00","og_image":[{"width":1836,"height":1000,"url":"http:\/\/www.his.puc-rio.br\/wp-content\/uploads\/XVI-Encontro-do-Grupo-de-Pesquisa-Textualidades-Contemporaneas-site.jpg","type":"image\/jpeg"}],"author":"dephist","twitter_card":"summary_large_image","twitter_misc":{"Written by":"dephist","Est. reading time":"4 minutes"},"schema":{"@context":"https:\/\/schema.org","@graph":[{"@type":"WebPage","@id":"http:\/\/www.his.puc-rio.br\/en\/xvi-encontro-de-grupo-de-pesquisa-textualidades-contemporaneas-processos-de-hibridacao\/","url":"http:\/\/www.his.puc-rio.br\/en\/xvi-encontro-de-grupo-de-pesquisa-textualidades-contemporaneas-processos-de-hibridacao\/","name":"(Portugu\u00eas) XVI Encontro de Grupo de Pesquisa Textualidades Contempor\u00e2neas: Processos de Hibrida\u00e7\u00e3o - Departamento de Hist\u00f3ria da PUC-Rio","isPartOf":{"@id":"http:\/\/www.his.puc-rio.br\/en\/#website"},"primaryImageOfPage":{"@id":"http:\/\/www.his.puc-rio.br\/en\/xvi-encontro-de-grupo-de-pesquisa-textualidades-contemporaneas-processos-de-hibridacao\/#primaryimage"},"image":{"@id":"http:\/\/www.his.puc-rio.br\/pb\/xvi-encontro-de-grupo-de-pesquisa-textualidades-contemporaneas-processos-de-hibridacao\/#primaryimage"},"thumbnailUrl":"https:\/\/www.his.puc-rio.br\/wp-content\/uploads\/XVI-Encontro-do-Grupo-de-Pesquisa-Textualidades-Contemporaneas-site.jpg","datePublished":"2023-07-05T17:03:33+00:00","dateModified":"2023-07-05T17:03:33+00:00","author":{"@id":"http:\/\/www.his.puc-rio.br\/pb\/#\/schema\/person\/9e54900224aae47fd486e7013a22647b"},"breadcrumb":{"@id":"http:\/\/www.his.puc-rio.br\/en\/xvi-encontro-de-grupo-de-pesquisa-textualidades-contemporaneas-processos-de-hibridacao\/#breadcrumb"},"inLanguage":"en-US","potentialAction":[{"@type":"ReadAction","target":[["http:\/\/www.his.puc-rio.br\/en\/xvi-encontro-de-grupo-de-pesquisa-textualidades-contemporaneas-processos-de-hibridacao\/"]]}]},{"@type":"ImageObject","inLanguage":"en-US","@id":"http:\/\/www.his.puc-rio.br\/en\/xvi-encontro-de-grupo-de-pesquisa-textualidades-contemporaneas-processos-de-hibridacao\/#primaryimage","url":"https:\/\/www.his.puc-rio.br\/wp-content\/uploads\/XVI-Encontro-do-Grupo-de-Pesquisa-Textualidades-Contemporaneas-site.jpg","contentUrl":"https:\/\/www.his.puc-rio.br\/wp-content\/uploads\/XVI-Encontro-do-Grupo-de-Pesquisa-Textualidades-Contemporaneas-site.jpg","width":1836,"height":1000},{"@type":"BreadcrumbList","@id":"http:\/\/www.his.puc-rio.br\/en\/xvi-encontro-de-grupo-de-pesquisa-textualidades-contemporaneas-processos-de-hibridacao\/#breadcrumb","itemListElement":[{"@type":"ListItem","position":1,"name":"In\u00edcio","item":"http:\/\/www.his.puc-rio.br\/en\/"},{"@type":"ListItem","position":2,"name":"XVI Encontro de Grupo de Pesquisa Textualidades Contempor\u00e2neas: Processos de Hibrida\u00e7\u00e3o"}]},{"@type":"WebSite","@id":"http:\/\/www.his.puc-rio.br\/en\/#website","url":"http:\/\/www.his.puc-rio.br\/en\/","name":"Departamento de Hist\u00f3ria da PUC-Rio","description":"Cursos de Gradua\u00e7\u00e3o, P\u00f3s-gradua\u00e7\u00e3o, Mestrado e Doutorado","potentialAction":[{"@type":"SearchAction","target":{"@type":"EntryPoint","urlTemplate":"http:\/\/www.his.puc-rio.br\/en\/?s={search_term_string}"},"query-input":{"@type":"PropertyValueSpecification","valueRequired":true,"valueName":"search_term_string"}}],"inLanguage":"en-US"},{"@type":"Person","@id":"http:\/\/www.his.puc-rio.br\/pb\/#\/schema\/person\/9e54900224aae47fd486e7013a22647b","name":"dephist","image":{"@type":"ImageObject","inLanguage":"en-US","@id":"http:\/\/www.his.puc-rio.br\/en\/#\/schema\/person\/image\/","url":"https:\/\/secure.gravatar.com\/avatar\/bf2683cb6927d5fdbed7881a4ee37199?s=96&d=mm&r=g","contentUrl":"https:\/\/secure.gravatar.com\/avatar\/bf2683cb6927d5fdbed7881a4ee37199?s=96&d=mm&r=g","caption":"dephist"},"url":"https:\/\/www.his.puc-rio.br\/en\/author\/dephist\/"}]}},"jetpack_featured_media_url":"https:\/\/www.his.puc-rio.br\/wp-content\/uploads\/XVI-Encontro-do-Grupo-de-Pesquisa-Textualidades-Contemporaneas-site.jpg","_links":{"self":[{"href":"https:\/\/www.his.puc-rio.br\/en\/wp-json\/wp\/v2\/posts\/4119"}],"collection":[{"href":"https:\/\/www.his.puc-rio.br\/en\/wp-json\/wp\/v2\/posts"}],"about":[{"href":"https:\/\/www.his.puc-rio.br\/en\/wp-json\/wp\/v2\/types\/post"}],"author":[{"embeddable":true,"href":"https:\/\/www.his.puc-rio.br\/en\/wp-json\/wp\/v2\/users\/1"}],"replies":[{"embeddable":true,"href":"https:\/\/www.his.puc-rio.br\/en\/wp-json\/wp\/v2\/comments?post=4119"}],"version-history":[{"count":1,"href":"https:\/\/www.his.puc-rio.br\/en\/wp-json\/wp\/v2\/posts\/4119\/revisions"}],"predecessor-version":[{"id":4120,"href":"https:\/\/www.his.puc-rio.br\/en\/wp-json\/wp\/v2\/posts\/4119\/revisions\/4120"}],"wp:featuredmedia":[{"embeddable":true,"href":"https:\/\/www.his.puc-rio.br\/en\/wp-json\/wp\/v2\/media\/4118"}],"wp:attachment":[{"href":"https:\/\/www.his.puc-rio.br\/en\/wp-json\/wp\/v2\/media?parent=4119"}],"wp:term":[{"taxonomy":"category","embeddable":true,"href":"https:\/\/www.his.puc-rio.br\/en\/wp-json\/wp\/v2\/categories?post=4119"},{"taxonomy":"post_tag","embeddable":true,"href":"https:\/\/www.his.puc-rio.br\/en\/wp-json\/wp\/v2\/tags?post=4119"}],"curies":[{"name":"wp","href":"https:\/\/api.w.org\/{rel}","templated":true}]}}