{"id":4134,"date":"2023-08-18T08:58:27","date_gmt":"2023-08-18T11:58:27","guid":{"rendered":"http:\/\/www.his.puc-rio.br\/pb\/?p=4134"},"modified":"2023-08-18T09:05:02","modified_gmt":"2023-08-18T12:05:02","slug":"palestra-de-otavio-leonidio-puc-rio-sera-mesmo-que-a-arte-contemporanea-brasileira-acabou","status":"publish","type":"post","link":"https:\/\/www.his.puc-rio.br\/en\/portugues-palestra-de-otavio-leonidio-puc-rio-sera-mesmo-que-a-arte-contemporanea-brasileira-acabou\/","title":{"rendered":"(Portugu\u00eas) Palestra de\u00a0Ot\u00e1vio Leon\u00eddio (PUC-Rio) &#8220;Ser\u00e1 mesmo que a arte contempor\u00e2nea brasileira acabou?&#8221;"},"content":{"rendered":"<p class=\"qtranxs-available-languages-message qtranxs-available-languages-message-en\">Sorry, this entry is only available in <a href=\"https:\/\/www.his.puc-rio.br\/pb\/wp-json\/wp\/v2\/posts\/4134\" class=\"qtranxs-available-language-link qtranxs-available-language-link-pb\" title=\"Portugu\u00eas\">Portugu\u00eas<\/a>.<\/p><p><span style=\"color: #000000;\">A palestra ter\u00e1 como ponto de partida o texto &#8220;Objeto impr\u00f3prio, ou: Ser\u00e1 mesmo que a arte contempor\u00e2nea brasileira acabou?&#8221; O texto pode ser acessado online na revista Viso: cadernos de est\u00e9tica aplicada, n.30, jan-jun \/ 2022.<\/span><\/p>\n<p><span style=\"color: #000000;\">Ot\u00e1vio Leon\u00eddio possui gradua\u00e7\u00e3o em Arquitetura e Urbanismo (USU, 1994) e doutorado em Hist\u00f3ria (PUC-Rio, 2005). \u00c9 Professor Associado do Departamento de Arquitetura e Urbanismo e de sua P\u00f3s-Grauda\u00e7\u00e3o. Tamb\u00e9m \u00e9 professor colaborador do Programa de P\u00f3s-Gradua\u00e7\u00e3o em Hist\u00f3ria Social da Cultura do Departamento de Hist\u00f3ria da PUC-Rio. Autor, entre outros, de &#8220;Carradas de Raz\u00f5es; Lucio Costa e a Arquitetura Moderna Brasileira&#8221; (Loyola\/PUC-Rio, 2005) e &#8220;Espa\u00e7o de Risco&#8221; (Romano Guerra, 2016).<\/span><\/p>\n<p><span style=\"font-size: 10pt; font-family: Verdana, sans-serif; color: #000000;\">Quarta-Feira, dia 23\/08, sala F502, PUC-Rio<\/span><\/p>","protected":false},"excerpt":{"rendered":"<p>Sorry, this entry is only available in Portugu\u00eas.A palestra ter\u00e1 como ponto de partida o texto &#8220;Objeto impr\u00f3prio, ou: Ser\u00e1 mesmo que a arte contempor\u00e2nea brasileira acabou?&#8221; O texto pode ser acessado online na revista Viso: cadernos de est\u00e9tica aplicada,<a class=\"moretag\" href=\"https:\/\/www.his.puc-rio.br\/en\/portugues-palestra-de-otavio-leonidio-puc-rio-sera-mesmo-que-a-arte-contemporanea-brasileira-acabou\/\">&#8230;<\/a><\/br><a href=\"https:\/\/www.his.puc-rio.br\/en\/portugues-palestra-de-otavio-leonidio-puc-rio-sera-mesmo-que-a-arte-contemporanea-brasileira-acabou\/\" class=\"read-more\">Leia mais..  <span class=\"glyphicon glyphicon-chevron-right\" ><\/span><\/a><\/p>\n","protected":false},"author":1,"featured_media":4133,"comment_status":"closed","ping_status":"open","sticky":false,"template":"","format":"standard","meta":{"footnotes":""},"categories":[1],"tags":[],"yoast_head":"<!-- This site is optimized with the Yoast SEO plugin v23.5 - https:\/\/yoast.com\/wordpress\/plugins\/seo\/ -->\n<title>(Portugu\u00eas) Palestra de\u00a0Ot\u00e1vio Leon\u00eddio (PUC-Rio) &quot;Ser\u00e1 mesmo que a arte contempor\u00e2nea brasileira acabou?&quot; - Departamento de Hist\u00f3ria da PUC-Rio<\/title>\n<meta name=\"robots\" content=\"index, follow, max-snippet:-1, max-image-preview:large, max-video-preview:-1\" \/>\n<link rel=\"canonical\" href=\"http:\/\/www.his.puc-rio.br\/en\/palestra-de-otavio-leonidio-puc-rio-sera-mesmo-que-a-arte-contemporanea-brasileira-acabou\/\" \/>\n<meta property=\"og:locale\" content=\"en_US\" \/>\n<meta property=\"og:type\" content=\"article\" \/>\n<meta property=\"og:title\" content=\"(Portugu\u00eas) Palestra de\u00a0Ot\u00e1vio Leon\u00eddio (PUC-Rio) &quot;Ser\u00e1 mesmo que a arte contempor\u00e2nea brasileira acabou?&quot; - Departamento de Hist\u00f3ria da PUC-Rio\" \/>\n<meta property=\"og:description\" content=\"Sorry, this entry is only available in Portugu\u00eas.A palestra ter\u00e1 como ponto de partida o texto &#8220;Objeto impr\u00f3prio, ou: Ser\u00e1 mesmo que a arte contempor\u00e2nea brasileira acabou?&#8221; O texto pode ser acessado online na revista Viso: cadernos de est\u00e9tica aplicada,...Leia mais..\" \/>\n<meta property=\"og:url\" content=\"http:\/\/www.his.puc-rio.br\/en\/palestra-de-otavio-leonidio-puc-rio-sera-mesmo-que-a-arte-contemporanea-brasileira-acabou\/\" \/>\n<meta property=\"og:site_name\" content=\"Departamento de Hist\u00f3ria da PUC-Rio\" \/>\n<meta property=\"article:published_time\" content=\"2023-08-18T11:58:27+00:00\" \/>\n<meta property=\"article:modified_time\" content=\"2023-08-18T12:05:02+00:00\" \/>\n<meta property=\"og:image\" content=\"http:\/\/www.his.puc-rio.br\/wp-content\/uploads\/Sera-mesmo-que-a-arte-contemporanea-site.jpg\" \/>\n\t<meta property=\"og:image:width\" content=\"1836\" \/>\n\t<meta property=\"og:image:height\" content=\"1000\" \/>\n\t<meta property=\"og:image:type\" content=\"image\/jpeg\" \/>\n<meta name=\"author\" content=\"dephist\" \/>\n<meta name=\"twitter:card\" content=\"summary_large_image\" \/>\n<meta name=\"twitter:label1\" content=\"Written by\" \/>\n\t<meta name=\"twitter:data1\" content=\"dephist\" \/>\n\t<meta name=\"twitter:label2\" content=\"Est. reading time\" \/>\n\t<meta name=\"twitter:data2\" content=\"1 minute\" \/>\n<script type=\"application\/ld+json\" class=\"yoast-schema-graph\">{\"@context\":\"https:\/\/schema.org\",\"@graph\":[{\"@type\":\"WebPage\",\"@id\":\"http:\/\/www.his.puc-rio.br\/en\/palestra-de-otavio-leonidio-puc-rio-sera-mesmo-que-a-arte-contemporanea-brasileira-acabou\/\",\"url\":\"http:\/\/www.his.puc-rio.br\/en\/palestra-de-otavio-leonidio-puc-rio-sera-mesmo-que-a-arte-contemporanea-brasileira-acabou\/\",\"name\":\"(Portugu\u00eas) Palestra de\u00a0Ot\u00e1vio Leon\u00eddio (PUC-Rio) \\\"Ser\u00e1 mesmo que a arte contempor\u00e2nea brasileira acabou?\\\" - Departamento de Hist\u00f3ria da PUC-Rio\",\"isPartOf\":{\"@id\":\"http:\/\/www.his.puc-rio.br\/en\/#website\"},\"primaryImageOfPage\":{\"@id\":\"http:\/\/www.his.puc-rio.br\/en\/palestra-de-otavio-leonidio-puc-rio-sera-mesmo-que-a-arte-contemporanea-brasileira-acabou\/#primaryimage\"},\"image\":{\"@id\":\"http:\/\/www.his.puc-rio.br\/pb\/palestra-de-otavio-leonidio-puc-rio-sera-mesmo-que-a-arte-contemporanea-brasileira-acabou\/#primaryimage\"},\"thumbnailUrl\":\"https:\/\/www.his.puc-rio.br\/wp-content\/uploads\/Sera-mesmo-que-a-arte-contemporanea-site.jpg\",\"datePublished\":\"2023-08-18T11:58:27+00:00\",\"dateModified\":\"2023-08-18T12:05:02+00:00\",\"author\":{\"@id\":\"http:\/\/www.his.puc-rio.br\/pb\/#\/schema\/person\/9e54900224aae47fd486e7013a22647b\"},\"breadcrumb\":{\"@id\":\"http:\/\/www.his.puc-rio.br\/en\/palestra-de-otavio-leonidio-puc-rio-sera-mesmo-que-a-arte-contemporanea-brasileira-acabou\/#breadcrumb\"},\"inLanguage\":\"en-US\",\"potentialAction\":[{\"@type\":\"ReadAction\",\"target\":[[\"http:\/\/www.his.puc-rio.br\/en\/palestra-de-otavio-leonidio-puc-rio-sera-mesmo-que-a-arte-contemporanea-brasileira-acabou\/\"]]}]},{\"@type\":\"ImageObject\",\"inLanguage\":\"en-US\",\"@id\":\"http:\/\/www.his.puc-rio.br\/en\/palestra-de-otavio-leonidio-puc-rio-sera-mesmo-que-a-arte-contemporanea-brasileira-acabou\/#primaryimage\",\"url\":\"https:\/\/www.his.puc-rio.br\/wp-content\/uploads\/Sera-mesmo-que-a-arte-contemporanea-site.jpg\",\"contentUrl\":\"https:\/\/www.his.puc-rio.br\/wp-content\/uploads\/Sera-mesmo-que-a-arte-contemporanea-site.jpg\",\"width\":1836,\"height\":1000},{\"@type\":\"BreadcrumbList\",\"@id\":\"http:\/\/www.his.puc-rio.br\/en\/palestra-de-otavio-leonidio-puc-rio-sera-mesmo-que-a-arte-contemporanea-brasileira-acabou\/#breadcrumb\",\"itemListElement\":[{\"@type\":\"ListItem\",\"position\":1,\"name\":\"In\u00edcio\",\"item\":\"http:\/\/www.his.puc-rio.br\/en\/\"},{\"@type\":\"ListItem\",\"position\":2,\"name\":\"Palestra de\u00a0Ot\u00e1vio Leon\u00eddio (PUC-Rio) &#8220;Ser\u00e1 mesmo que a arte contempor\u00e2nea brasileira acabou?&#8221;\"}]},{\"@type\":\"WebSite\",\"@id\":\"http:\/\/www.his.puc-rio.br\/en\/#website\",\"url\":\"http:\/\/www.his.puc-rio.br\/en\/\",\"name\":\"Departamento de Hist\u00f3ria da PUC-Rio\",\"description\":\"Cursos de Gradua\u00e7\u00e3o, P\u00f3s-gradua\u00e7\u00e3o, Mestrado e Doutorado\",\"potentialAction\":[{\"@type\":\"SearchAction\",\"target\":{\"@type\":\"EntryPoint\",\"urlTemplate\":\"http:\/\/www.his.puc-rio.br\/en\/?s={search_term_string}\"},\"query-input\":{\"@type\":\"PropertyValueSpecification\",\"valueRequired\":true,\"valueName\":\"search_term_string\"}}],\"inLanguage\":\"en-US\"},{\"@type\":\"Person\",\"@id\":\"http:\/\/www.his.puc-rio.br\/pb\/#\/schema\/person\/9e54900224aae47fd486e7013a22647b\",\"name\":\"dephist\",\"image\":{\"@type\":\"ImageObject\",\"inLanguage\":\"en-US\",\"@id\":\"http:\/\/www.his.puc-rio.br\/en\/#\/schema\/person\/image\/\",\"url\":\"https:\/\/secure.gravatar.com\/avatar\/bf2683cb6927d5fdbed7881a4ee37199?s=96&d=mm&r=g\",\"contentUrl\":\"https:\/\/secure.gravatar.com\/avatar\/bf2683cb6927d5fdbed7881a4ee37199?s=96&d=mm&r=g\",\"caption\":\"dephist\"},\"url\":\"https:\/\/www.his.puc-rio.br\/en\/author\/dephist\/\"}]}<\/script>\n<!-- \/ Yoast SEO plugin. -->","yoast_head_json":{"title":"(Portugu\u00eas) Palestra de\u00a0Ot\u00e1vio Leon\u00eddio (PUC-Rio) \"Ser\u00e1 mesmo que a arte contempor\u00e2nea brasileira acabou?\" - Departamento de Hist\u00f3ria da PUC-Rio","robots":{"index":"index","follow":"follow","max-snippet":"max-snippet:-1","max-image-preview":"max-image-preview:large","max-video-preview":"max-video-preview:-1"},"canonical":"http:\/\/www.his.puc-rio.br\/en\/palestra-de-otavio-leonidio-puc-rio-sera-mesmo-que-a-arte-contemporanea-brasileira-acabou\/","og_locale":"en_US","og_type":"article","og_title":"(Portugu\u00eas) Palestra de\u00a0Ot\u00e1vio Leon\u00eddio (PUC-Rio) \"Ser\u00e1 mesmo que a arte contempor\u00e2nea brasileira acabou?\" - Departamento de Hist\u00f3ria da PUC-Rio","og_description":"Sorry, this entry is only available in Portugu\u00eas.A palestra ter\u00e1 como ponto de partida o texto &#8220;Objeto impr\u00f3prio, ou: Ser\u00e1 mesmo que a arte contempor\u00e2nea brasileira acabou?&#8221; O texto pode ser acessado online na revista Viso: cadernos de est\u00e9tica aplicada,...Leia mais..","og_url":"http:\/\/www.his.puc-rio.br\/en\/palestra-de-otavio-leonidio-puc-rio-sera-mesmo-que-a-arte-contemporanea-brasileira-acabou\/","og_site_name":"Departamento de Hist\u00f3ria da PUC-Rio","article_published_time":"2023-08-18T11:58:27+00:00","article_modified_time":"2023-08-18T12:05:02+00:00","og_image":[{"width":1836,"height":1000,"url":"http:\/\/www.his.puc-rio.br\/wp-content\/uploads\/Sera-mesmo-que-a-arte-contemporanea-site.jpg","type":"image\/jpeg"}],"author":"dephist","twitter_card":"summary_large_image","twitter_misc":{"Written by":"dephist","Est. reading time":"1 minute"},"schema":{"@context":"https:\/\/schema.org","@graph":[{"@type":"WebPage","@id":"http:\/\/www.his.puc-rio.br\/en\/palestra-de-otavio-leonidio-puc-rio-sera-mesmo-que-a-arte-contemporanea-brasileira-acabou\/","url":"http:\/\/www.his.puc-rio.br\/en\/palestra-de-otavio-leonidio-puc-rio-sera-mesmo-que-a-arte-contemporanea-brasileira-acabou\/","name":"(Portugu\u00eas) Palestra de\u00a0Ot\u00e1vio Leon\u00eddio (PUC-Rio) \"Ser\u00e1 mesmo que a arte contempor\u00e2nea brasileira acabou?\" - Departamento de Hist\u00f3ria da PUC-Rio","isPartOf":{"@id":"http:\/\/www.his.puc-rio.br\/en\/#website"},"primaryImageOfPage":{"@id":"http:\/\/www.his.puc-rio.br\/en\/palestra-de-otavio-leonidio-puc-rio-sera-mesmo-que-a-arte-contemporanea-brasileira-acabou\/#primaryimage"},"image":{"@id":"http:\/\/www.his.puc-rio.br\/pb\/palestra-de-otavio-leonidio-puc-rio-sera-mesmo-que-a-arte-contemporanea-brasileira-acabou\/#primaryimage"},"thumbnailUrl":"https:\/\/www.his.puc-rio.br\/wp-content\/uploads\/Sera-mesmo-que-a-arte-contemporanea-site.jpg","datePublished":"2023-08-18T11:58:27+00:00","dateModified":"2023-08-18T12:05:02+00:00","author":{"@id":"http:\/\/www.his.puc-rio.br\/pb\/#\/schema\/person\/9e54900224aae47fd486e7013a22647b"},"breadcrumb":{"@id":"http:\/\/www.his.puc-rio.br\/en\/palestra-de-otavio-leonidio-puc-rio-sera-mesmo-que-a-arte-contemporanea-brasileira-acabou\/#breadcrumb"},"inLanguage":"en-US","potentialAction":[{"@type":"ReadAction","target":[["http:\/\/www.his.puc-rio.br\/en\/palestra-de-otavio-leonidio-puc-rio-sera-mesmo-que-a-arte-contemporanea-brasileira-acabou\/"]]}]},{"@type":"ImageObject","inLanguage":"en-US","@id":"http:\/\/www.his.puc-rio.br\/en\/palestra-de-otavio-leonidio-puc-rio-sera-mesmo-que-a-arte-contemporanea-brasileira-acabou\/#primaryimage","url":"https:\/\/www.his.puc-rio.br\/wp-content\/uploads\/Sera-mesmo-que-a-arte-contemporanea-site.jpg","contentUrl":"https:\/\/www.his.puc-rio.br\/wp-content\/uploads\/Sera-mesmo-que-a-arte-contemporanea-site.jpg","width":1836,"height":1000},{"@type":"BreadcrumbList","@id":"http:\/\/www.his.puc-rio.br\/en\/palestra-de-otavio-leonidio-puc-rio-sera-mesmo-que-a-arte-contemporanea-brasileira-acabou\/#breadcrumb","itemListElement":[{"@type":"ListItem","position":1,"name":"In\u00edcio","item":"http:\/\/www.his.puc-rio.br\/en\/"},{"@type":"ListItem","position":2,"name":"Palestra de\u00a0Ot\u00e1vio Leon\u00eddio (PUC-Rio) &#8220;Ser\u00e1 mesmo que a arte contempor\u00e2nea brasileira acabou?&#8221;"}]},{"@type":"WebSite","@id":"http:\/\/www.his.puc-rio.br\/en\/#website","url":"http:\/\/www.his.puc-rio.br\/en\/","name":"Departamento de Hist\u00f3ria da PUC-Rio","description":"Cursos de Gradua\u00e7\u00e3o, P\u00f3s-gradua\u00e7\u00e3o, Mestrado e Doutorado","potentialAction":[{"@type":"SearchAction","target":{"@type":"EntryPoint","urlTemplate":"http:\/\/www.his.puc-rio.br\/en\/?s={search_term_string}"},"query-input":{"@type":"PropertyValueSpecification","valueRequired":true,"valueName":"search_term_string"}}],"inLanguage":"en-US"},{"@type":"Person","@id":"http:\/\/www.his.puc-rio.br\/pb\/#\/schema\/person\/9e54900224aae47fd486e7013a22647b","name":"dephist","image":{"@type":"ImageObject","inLanguage":"en-US","@id":"http:\/\/www.his.puc-rio.br\/en\/#\/schema\/person\/image\/","url":"https:\/\/secure.gravatar.com\/avatar\/bf2683cb6927d5fdbed7881a4ee37199?s=96&d=mm&r=g","contentUrl":"https:\/\/secure.gravatar.com\/avatar\/bf2683cb6927d5fdbed7881a4ee37199?s=96&d=mm&r=g","caption":"dephist"},"url":"https:\/\/www.his.puc-rio.br\/en\/author\/dephist\/"}]}},"jetpack_featured_media_url":"https:\/\/www.his.puc-rio.br\/wp-content\/uploads\/Sera-mesmo-que-a-arte-contemporanea-site.jpg","_links":{"self":[{"href":"https:\/\/www.his.puc-rio.br\/en\/wp-json\/wp\/v2\/posts\/4134"}],"collection":[{"href":"https:\/\/www.his.puc-rio.br\/en\/wp-json\/wp\/v2\/posts"}],"about":[{"href":"https:\/\/www.his.puc-rio.br\/en\/wp-json\/wp\/v2\/types\/post"}],"author":[{"embeddable":true,"href":"https:\/\/www.his.puc-rio.br\/en\/wp-json\/wp\/v2\/users\/1"}],"replies":[{"embeddable":true,"href":"https:\/\/www.his.puc-rio.br\/en\/wp-json\/wp\/v2\/comments?post=4134"}],"version-history":[{"count":1,"href":"https:\/\/www.his.puc-rio.br\/en\/wp-json\/wp\/v2\/posts\/4134\/revisions"}],"predecessor-version":[{"id":4135,"href":"https:\/\/www.his.puc-rio.br\/en\/wp-json\/wp\/v2\/posts\/4134\/revisions\/4135"}],"wp:featuredmedia":[{"embeddable":true,"href":"https:\/\/www.his.puc-rio.br\/en\/wp-json\/wp\/v2\/media\/4133"}],"wp:attachment":[{"href":"https:\/\/www.his.puc-rio.br\/en\/wp-json\/wp\/v2\/media?parent=4134"}],"wp:term":[{"taxonomy":"category","embeddable":true,"href":"https:\/\/www.his.puc-rio.br\/en\/wp-json\/wp\/v2\/categories?post=4134"},{"taxonomy":"post_tag","embeddable":true,"href":"https:\/\/www.his.puc-rio.br\/en\/wp-json\/wp\/v2\/tags?post=4134"}],"curies":[{"name":"wp","href":"https:\/\/api.w.org\/{rel}","templated":true}]}}