{"id":4287,"date":"2023-09-26T10:37:40","date_gmt":"2023-09-26T13:37:40","guid":{"rendered":"http:\/\/www.his.puc-rio.br\/pb\/?p=4287"},"modified":"2023-09-26T10:37:40","modified_gmt":"2023-09-26T13:37:40","slug":"as-linhas-de-pesquisa-em-historia-da-arte-e-arquitetura-e-teoria-e-historia-intelectual-convidam-para-a-palestra-ideia-de-uma-historia-universal-de-um-ponto-de-vista-pandemico-de-pedro-duarte-puc","status":"publish","type":"post","link":"https:\/\/www.his.puc-rio.br\/en\/portugues-as-linhas-de-pesquisa-em-historia-da-arte-e-arquitetura-e-teoria-e-historia-intelectual-convidam-para-a-palestra-ideia-de-uma-historia-universal-de-um-ponto-de-vista-pandemico-de-pedro\/","title":{"rendered":"(Portugu\u00eas) As linhas de pesquisa em Hist\u00f3ria da Arte e Arquitetura e Teoria e Hist\u00f3ria Intelectual convidam para a palestra : Ideia de uma hist\u00f3ria universal de um ponto de vista pand\u00eamico  de Pedro Duarte (PUC-Rio)"},"content":{"rendered":"<p class=\"qtranxs-available-languages-message qtranxs-available-languages-message-en\">Sorry, this entry is only available in <a href=\"https:\/\/www.his.puc-rio.br\/pb\/wp-json\/wp\/v2\/posts\/4287\" class=\"qtranxs-available-language-link qtranxs-available-language-link-pb\" title=\"Portugu\u00eas\">Portugu\u00eas<\/a>.<\/p><p><span style=\"color: #000000;\">As linhas de pesquisa em Hist\u00f3ria da Arte e Arquitetura e Teoria e Hist\u00f3ria Intelectual<\/span><\/p>\n<p><span style=\"color: #000000;\">convidam para a palestra : <strong>Ideia de uma hist\u00f3ria universal de um ponto de vista pand\u00eamico<\/strong><\/span><\/p>\n<p><span style=\"color: #000000;\">de Pedro Duarte (PUC-Rio)<\/span><\/p>\n<p><span style=\"color: #000000;\">27\/09, 13h Sala F408, PUC-Rio<\/span><\/p>\n<p><span style=\"color: #000000;\">Immanuel Kant pensou a filosofia da hist\u00f3ria no horizonte teleol\u00f3gico da universalidade. Hegel ou Marx tamb\u00e9m enfatizaram o \u00edm\u00e3 do futuro na compreens\u00e3o do tempo. No come\u00e7o do XX, parte das vanguardas, como o Futurismo, ainda apostava no porvir. Mas desde o final dos anos 1960, j\u00e1 valeria o verso da banda Sex Pistols: &#8220;n\u00e3o h\u00e1 futuro&#8221;. Achatou-se o sentido da temporalidade, condenado a uma repeti\u00e7\u00e3o na realidade petrificada do capitalismo. Entretanto, como diz Franco Berardi, a pandemia de Covid-19 reabre nossa capacidade de imaginar o futuro. Por qu\u00ea? Como? A palestra partir\u00e1 dessas perguntas, formulando a &#8220;ideia de uma hist\u00f3ria\u00a0universal de um ponto de vista pand\u00eamico&#8221;.<\/span><\/p>\n<p><span style=\"color: #000000;\">Pedro Duarte \u00e9 professor nos Programas de P\u00f3s-gradua\u00e7\u00e3o de Filosofia e de Hist\u00f3ria, na Gradua\u00e7\u00e3o de Filosofia e nas Especializa\u00e7\u00f5es em Arte e Filosofia (Filosofia) e em Escritas Perform\u00e1ticas (Letras). Bolsista de Produtividade em Pesquisa do CNPq e Pesquisador do Programa Jovem Cientista do Nosso Estado da Faperj.\u00a0 \u00c9 autor dos livros &#8220;O ensaio como narrativa&#8221; (Oca, 2021 &#8211; Portugal); &#8220;A pandemia e o ex\u00edlio do mundo&#8221; (Bazar do Tempo, 2020); &#8220;Tropic\u00e1lia&#8221; (Cobog\u00f3, 2018); &#8220;A palavra modernista: vanguarda e manifesto&#8221; (Casa da Palavra, 2014); e &#8220;Estio do tempo: Romantismo e est\u00e9tica moderna&#8221; (Zahar, 2011). Organizou o livro &#8220;Objeto n\u00e3o identificado: Caetano Veloso &#8211; 80 anos&#8221; (Bazar do Tempo, 2022). \u00c9 tamb\u00e9m editor da revista &#8220;O que nos faz pensar&#8221;, do Departamento de Filosofia da PUC-Rio.\u00a0<\/span><\/p>","protected":false},"excerpt":{"rendered":"<p>Sorry, this entry is only available in Portugu\u00eas.As linhas de pesquisa em Hist\u00f3ria da Arte e Arquitetura e Teoria e Hist\u00f3ria Intelectual convidam para a palestra : Ideia de uma hist\u00f3ria universal de um ponto de vista pand\u00eamico de Pedro<a class=\"moretag\" href=\"https:\/\/www.his.puc-rio.br\/en\/portugues-as-linhas-de-pesquisa-em-historia-da-arte-e-arquitetura-e-teoria-e-historia-intelectual-convidam-para-a-palestra-ideia-de-uma-historia-universal-de-um-ponto-de-vista-pandemico-de-pedro\/\">&#8230;<\/a><\/br><a href=\"https:\/\/www.his.puc-rio.br\/en\/portugues-as-linhas-de-pesquisa-em-historia-da-arte-e-arquitetura-e-teoria-e-historia-intelectual-convidam-para-a-palestra-ideia-de-uma-historia-universal-de-um-ponto-de-vista-pandemico-de-pedro\/\" class=\"read-more\">Leia mais..  <span class=\"glyphicon glyphicon-chevron-right\" ><\/span><\/a><\/p>\n","protected":false},"author":1,"featured_media":4286,"comment_status":"closed","ping_status":"open","sticky":false,"template":"","format":"standard","meta":{"footnotes":""},"categories":[1],"tags":[],"yoast_head":"<!-- This site is optimized with the Yoast SEO plugin v23.5 - https:\/\/yoast.com\/wordpress\/plugins\/seo\/ -->\n<title>(Portugu\u00eas) As linhas de pesquisa em Hist\u00f3ria da Arte e Arquitetura e Teoria e Hist\u00f3ria Intelectual convidam para a palestra : Ideia de uma hist\u00f3ria universal de um ponto de vista pand\u00eamico de Pedro Duarte (PUC-Rio) - Departamento de Hist\u00f3ria da PUC-Rio<\/title>\n<meta name=\"robots\" content=\"index, follow, max-snippet:-1, max-image-preview:large, max-video-preview:-1\" \/>\n<link rel=\"canonical\" href=\"http:\/\/www.his.puc-rio.br\/en\/as-linhas-de-pesquisa-em-historia-da-arte-e-arquitetura-e-teoria-e-historia-intelectual-convidam-para-a-palestra-ideia-de-uma-historia-universal-de-um-ponto-de-vista-pandemico-de-pedro-duarte-puc\/\" \/>\n<meta property=\"og:locale\" content=\"en_US\" \/>\n<meta property=\"og:type\" content=\"article\" \/>\n<meta property=\"og:title\" content=\"(Portugu\u00eas) As linhas de pesquisa em Hist\u00f3ria da Arte e Arquitetura e Teoria e Hist\u00f3ria Intelectual convidam para a palestra : Ideia de uma hist\u00f3ria universal de um ponto de vista pand\u00eamico de Pedro Duarte (PUC-Rio) - Departamento de Hist\u00f3ria da PUC-Rio\" \/>\n<meta property=\"og:description\" content=\"Sorry, this entry is only available in Portugu\u00eas.As linhas de pesquisa em Hist\u00f3ria da Arte e Arquitetura e Teoria e Hist\u00f3ria Intelectual convidam para a palestra : Ideia de uma hist\u00f3ria universal de um ponto de vista pand\u00eamico de Pedro...Leia mais..\" \/>\n<meta property=\"og:url\" content=\"http:\/\/www.his.puc-rio.br\/en\/as-linhas-de-pesquisa-em-historia-da-arte-e-arquitetura-e-teoria-e-historia-intelectual-convidam-para-a-palestra-ideia-de-uma-historia-universal-de-um-ponto-de-vista-pandemico-de-pedro-duarte-puc\/\" \/>\n<meta property=\"og:site_name\" content=\"Departamento de Hist\u00f3ria da PUC-Rio\" \/>\n<meta property=\"article:published_time\" content=\"2023-09-26T13:37:40+00:00\" \/>\n<meta property=\"og:image\" content=\"http:\/\/www.his.puc-rio.br\/wp-content\/uploads\/Palestra-Ideia-de-uma-historia-universalsite.jpg\" \/>\n\t<meta property=\"og:image:width\" content=\"1836\" \/>\n\t<meta property=\"og:image:height\" content=\"1000\" \/>\n\t<meta property=\"og:image:type\" content=\"image\/jpeg\" \/>\n<meta name=\"author\" content=\"dephist\" \/>\n<meta name=\"twitter:card\" content=\"summary_large_image\" \/>\n<meta name=\"twitter:label1\" content=\"Written by\" \/>\n\t<meta name=\"twitter:data1\" content=\"dephist\" \/>\n\t<meta name=\"twitter:label2\" content=\"Est. reading time\" \/>\n\t<meta name=\"twitter:data2\" content=\"2 minutes\" \/>\n<script type=\"application\/ld+json\" class=\"yoast-schema-graph\">{\"@context\":\"https:\/\/schema.org\",\"@graph\":[{\"@type\":\"WebPage\",\"@id\":\"http:\/\/www.his.puc-rio.br\/en\/as-linhas-de-pesquisa-em-historia-da-arte-e-arquitetura-e-teoria-e-historia-intelectual-convidam-para-a-palestra-ideia-de-uma-historia-universal-de-um-ponto-de-vista-pandemico-de-pedro-duarte-puc\/\",\"url\":\"http:\/\/www.his.puc-rio.br\/en\/as-linhas-de-pesquisa-em-historia-da-arte-e-arquitetura-e-teoria-e-historia-intelectual-convidam-para-a-palestra-ideia-de-uma-historia-universal-de-um-ponto-de-vista-pandemico-de-pedro-duarte-puc\/\",\"name\":\"(Portugu\u00eas) As linhas de pesquisa em Hist\u00f3ria da Arte e Arquitetura e Teoria e Hist\u00f3ria Intelectual convidam para a palestra : Ideia de uma hist\u00f3ria universal de um ponto de vista pand\u00eamico de Pedro Duarte (PUC-Rio) - Departamento de Hist\u00f3ria da PUC-Rio\",\"isPartOf\":{\"@id\":\"http:\/\/www.his.puc-rio.br\/en\/#website\"},\"primaryImageOfPage\":{\"@id\":\"http:\/\/www.his.puc-rio.br\/en\/as-linhas-de-pesquisa-em-historia-da-arte-e-arquitetura-e-teoria-e-historia-intelectual-convidam-para-a-palestra-ideia-de-uma-historia-universal-de-um-ponto-de-vista-pandemico-de-pedro-duarte-puc\/#primaryimage\"},\"image\":{\"@id\":\"http:\/\/www.his.puc-rio.br\/pb\/as-linhas-de-pesquisa-em-historia-da-arte-e-arquitetura-e-teoria-e-historia-intelectual-convidam-para-a-palestra-ideia-de-uma-historia-universal-de-um-ponto-de-vista-pandemico-de-pedro-duarte-puc\/#primaryimage\"},\"thumbnailUrl\":\"https:\/\/www.his.puc-rio.br\/wp-content\/uploads\/Palestra-Ideia-de-uma-historia-universalsite.jpg\",\"datePublished\":\"2023-09-26T13:37:40+00:00\",\"dateModified\":\"2023-09-26T13:37:40+00:00\",\"author\":{\"@id\":\"http:\/\/www.his.puc-rio.br\/pb\/#\/schema\/person\/9e54900224aae47fd486e7013a22647b\"},\"breadcrumb\":{\"@id\":\"http:\/\/www.his.puc-rio.br\/en\/as-linhas-de-pesquisa-em-historia-da-arte-e-arquitetura-e-teoria-e-historia-intelectual-convidam-para-a-palestra-ideia-de-uma-historia-universal-de-um-ponto-de-vista-pandemico-de-pedro-duarte-puc\/#breadcrumb\"},\"inLanguage\":\"en-US\",\"potentialAction\":[{\"@type\":\"ReadAction\",\"target\":[[\"http:\/\/www.his.puc-rio.br\/en\/as-linhas-de-pesquisa-em-historia-da-arte-e-arquitetura-e-teoria-e-historia-intelectual-convidam-para-a-palestra-ideia-de-uma-historia-universal-de-um-ponto-de-vista-pandemico-de-pedro-duarte-puc\/\"]]}]},{\"@type\":\"ImageObject\",\"inLanguage\":\"en-US\",\"@id\":\"http:\/\/www.his.puc-rio.br\/en\/as-linhas-de-pesquisa-em-historia-da-arte-e-arquitetura-e-teoria-e-historia-intelectual-convidam-para-a-palestra-ideia-de-uma-historia-universal-de-um-ponto-de-vista-pandemico-de-pedro-duarte-puc\/#primaryimage\",\"url\":\"https:\/\/www.his.puc-rio.br\/wp-content\/uploads\/Palestra-Ideia-de-uma-historia-universalsite.jpg\",\"contentUrl\":\"https:\/\/www.his.puc-rio.br\/wp-content\/uploads\/Palestra-Ideia-de-uma-historia-universalsite.jpg\",\"width\":1836,\"height\":1000},{\"@type\":\"BreadcrumbList\",\"@id\":\"http:\/\/www.his.puc-rio.br\/en\/as-linhas-de-pesquisa-em-historia-da-arte-e-arquitetura-e-teoria-e-historia-intelectual-convidam-para-a-palestra-ideia-de-uma-historia-universal-de-um-ponto-de-vista-pandemico-de-pedro-duarte-puc\/#breadcrumb\",\"itemListElement\":[{\"@type\":\"ListItem\",\"position\":1,\"name\":\"In\u00edcio\",\"item\":\"http:\/\/www.his.puc-rio.br\/en\/\"},{\"@type\":\"ListItem\",\"position\":2,\"name\":\"As linhas de pesquisa em Hist\u00f3ria da Arte e Arquitetura e Teoria e Hist\u00f3ria Intelectual convidam para a palestra : Ideia de uma hist\u00f3ria universal de um ponto de vista pand\u00eamico de Pedro Duarte (PUC-Rio)\"}]},{\"@type\":\"WebSite\",\"@id\":\"http:\/\/www.his.puc-rio.br\/en\/#website\",\"url\":\"http:\/\/www.his.puc-rio.br\/en\/\",\"name\":\"Departamento de Hist\u00f3ria da PUC-Rio\",\"description\":\"Cursos de Gradua\u00e7\u00e3o, P\u00f3s-gradua\u00e7\u00e3o, Mestrado e Doutorado\",\"potentialAction\":[{\"@type\":\"SearchAction\",\"target\":{\"@type\":\"EntryPoint\",\"urlTemplate\":\"http:\/\/www.his.puc-rio.br\/en\/?s={search_term_string}\"},\"query-input\":{\"@type\":\"PropertyValueSpecification\",\"valueRequired\":true,\"valueName\":\"search_term_string\"}}],\"inLanguage\":\"en-US\"},{\"@type\":\"Person\",\"@id\":\"http:\/\/www.his.puc-rio.br\/pb\/#\/schema\/person\/9e54900224aae47fd486e7013a22647b\",\"name\":\"dephist\",\"image\":{\"@type\":\"ImageObject\",\"inLanguage\":\"en-US\",\"@id\":\"http:\/\/www.his.puc-rio.br\/en\/#\/schema\/person\/image\/\",\"url\":\"https:\/\/secure.gravatar.com\/avatar\/bf2683cb6927d5fdbed7881a4ee37199?s=96&d=mm&r=g\",\"contentUrl\":\"https:\/\/secure.gravatar.com\/avatar\/bf2683cb6927d5fdbed7881a4ee37199?s=96&d=mm&r=g\",\"caption\":\"dephist\"},\"url\":\"https:\/\/www.his.puc-rio.br\/en\/author\/dephist\/\"}]}<\/script>\n<!-- \/ Yoast SEO plugin. -->","yoast_head_json":{"title":"(Portugu\u00eas) As linhas de pesquisa em Hist\u00f3ria da Arte e Arquitetura e Teoria e Hist\u00f3ria Intelectual convidam para a palestra : Ideia de uma hist\u00f3ria universal de um ponto de vista pand\u00eamico de Pedro Duarte (PUC-Rio) - Departamento de Hist\u00f3ria da PUC-Rio","robots":{"index":"index","follow":"follow","max-snippet":"max-snippet:-1","max-image-preview":"max-image-preview:large","max-video-preview":"max-video-preview:-1"},"canonical":"http:\/\/www.his.puc-rio.br\/en\/as-linhas-de-pesquisa-em-historia-da-arte-e-arquitetura-e-teoria-e-historia-intelectual-convidam-para-a-palestra-ideia-de-uma-historia-universal-de-um-ponto-de-vista-pandemico-de-pedro-duarte-puc\/","og_locale":"en_US","og_type":"article","og_title":"(Portugu\u00eas) As linhas de pesquisa em Hist\u00f3ria da Arte e Arquitetura e Teoria e Hist\u00f3ria Intelectual convidam para a palestra : Ideia de uma hist\u00f3ria universal de um ponto de vista pand\u00eamico de Pedro Duarte (PUC-Rio) - Departamento de Hist\u00f3ria da PUC-Rio","og_description":"Sorry, this entry is only available in Portugu\u00eas.As linhas de pesquisa em Hist\u00f3ria da Arte e Arquitetura e Teoria e Hist\u00f3ria Intelectual convidam para a palestra : Ideia de uma hist\u00f3ria universal de um ponto de vista pand\u00eamico de Pedro...Leia mais..","og_url":"http:\/\/www.his.puc-rio.br\/en\/as-linhas-de-pesquisa-em-historia-da-arte-e-arquitetura-e-teoria-e-historia-intelectual-convidam-para-a-palestra-ideia-de-uma-historia-universal-de-um-ponto-de-vista-pandemico-de-pedro-duarte-puc\/","og_site_name":"Departamento de Hist\u00f3ria da PUC-Rio","article_published_time":"2023-09-26T13:37:40+00:00","og_image":[{"width":1836,"height":1000,"url":"http:\/\/www.his.puc-rio.br\/wp-content\/uploads\/Palestra-Ideia-de-uma-historia-universalsite.jpg","type":"image\/jpeg"}],"author":"dephist","twitter_card":"summary_large_image","twitter_misc":{"Written by":"dephist","Est. reading time":"2 minutes"},"schema":{"@context":"https:\/\/schema.org","@graph":[{"@type":"WebPage","@id":"http:\/\/www.his.puc-rio.br\/en\/as-linhas-de-pesquisa-em-historia-da-arte-e-arquitetura-e-teoria-e-historia-intelectual-convidam-para-a-palestra-ideia-de-uma-historia-universal-de-um-ponto-de-vista-pandemico-de-pedro-duarte-puc\/","url":"http:\/\/www.his.puc-rio.br\/en\/as-linhas-de-pesquisa-em-historia-da-arte-e-arquitetura-e-teoria-e-historia-intelectual-convidam-para-a-palestra-ideia-de-uma-historia-universal-de-um-ponto-de-vista-pandemico-de-pedro-duarte-puc\/","name":"(Portugu\u00eas) As linhas de pesquisa em Hist\u00f3ria da Arte e Arquitetura e Teoria e Hist\u00f3ria Intelectual convidam para a palestra : Ideia de uma hist\u00f3ria universal de um ponto de vista pand\u00eamico de Pedro Duarte (PUC-Rio) - Departamento de Hist\u00f3ria da PUC-Rio","isPartOf":{"@id":"http:\/\/www.his.puc-rio.br\/en\/#website"},"primaryImageOfPage":{"@id":"http:\/\/www.his.puc-rio.br\/en\/as-linhas-de-pesquisa-em-historia-da-arte-e-arquitetura-e-teoria-e-historia-intelectual-convidam-para-a-palestra-ideia-de-uma-historia-universal-de-um-ponto-de-vista-pandemico-de-pedro-duarte-puc\/#primaryimage"},"image":{"@id":"http:\/\/www.his.puc-rio.br\/pb\/as-linhas-de-pesquisa-em-historia-da-arte-e-arquitetura-e-teoria-e-historia-intelectual-convidam-para-a-palestra-ideia-de-uma-historia-universal-de-um-ponto-de-vista-pandemico-de-pedro-duarte-puc\/#primaryimage"},"thumbnailUrl":"https:\/\/www.his.puc-rio.br\/wp-content\/uploads\/Palestra-Ideia-de-uma-historia-universalsite.jpg","datePublished":"2023-09-26T13:37:40+00:00","dateModified":"2023-09-26T13:37:40+00:00","author":{"@id":"http:\/\/www.his.puc-rio.br\/pb\/#\/schema\/person\/9e54900224aae47fd486e7013a22647b"},"breadcrumb":{"@id":"http:\/\/www.his.puc-rio.br\/en\/as-linhas-de-pesquisa-em-historia-da-arte-e-arquitetura-e-teoria-e-historia-intelectual-convidam-para-a-palestra-ideia-de-uma-historia-universal-de-um-ponto-de-vista-pandemico-de-pedro-duarte-puc\/#breadcrumb"},"inLanguage":"en-US","potentialAction":[{"@type":"ReadAction","target":[["http:\/\/www.his.puc-rio.br\/en\/as-linhas-de-pesquisa-em-historia-da-arte-e-arquitetura-e-teoria-e-historia-intelectual-convidam-para-a-palestra-ideia-de-uma-historia-universal-de-um-ponto-de-vista-pandemico-de-pedro-duarte-puc\/"]]}]},{"@type":"ImageObject","inLanguage":"en-US","@id":"http:\/\/www.his.puc-rio.br\/en\/as-linhas-de-pesquisa-em-historia-da-arte-e-arquitetura-e-teoria-e-historia-intelectual-convidam-para-a-palestra-ideia-de-uma-historia-universal-de-um-ponto-de-vista-pandemico-de-pedro-duarte-puc\/#primaryimage","url":"https:\/\/www.his.puc-rio.br\/wp-content\/uploads\/Palestra-Ideia-de-uma-historia-universalsite.jpg","contentUrl":"https:\/\/www.his.puc-rio.br\/wp-content\/uploads\/Palestra-Ideia-de-uma-historia-universalsite.jpg","width":1836,"height":1000},{"@type":"BreadcrumbList","@id":"http:\/\/www.his.puc-rio.br\/en\/as-linhas-de-pesquisa-em-historia-da-arte-e-arquitetura-e-teoria-e-historia-intelectual-convidam-para-a-palestra-ideia-de-uma-historia-universal-de-um-ponto-de-vista-pandemico-de-pedro-duarte-puc\/#breadcrumb","itemListElement":[{"@type":"ListItem","position":1,"name":"In\u00edcio","item":"http:\/\/www.his.puc-rio.br\/en\/"},{"@type":"ListItem","position":2,"name":"As linhas de pesquisa em Hist\u00f3ria da Arte e Arquitetura e Teoria e Hist\u00f3ria Intelectual convidam para a palestra : Ideia de uma hist\u00f3ria universal de um ponto de vista pand\u00eamico de Pedro Duarte (PUC-Rio)"}]},{"@type":"WebSite","@id":"http:\/\/www.his.puc-rio.br\/en\/#website","url":"http:\/\/www.his.puc-rio.br\/en\/","name":"Departamento de Hist\u00f3ria da PUC-Rio","description":"Cursos de Gradua\u00e7\u00e3o, P\u00f3s-gradua\u00e7\u00e3o, Mestrado e Doutorado","potentialAction":[{"@type":"SearchAction","target":{"@type":"EntryPoint","urlTemplate":"http:\/\/www.his.puc-rio.br\/en\/?s={search_term_string}"},"query-input":{"@type":"PropertyValueSpecification","valueRequired":true,"valueName":"search_term_string"}}],"inLanguage":"en-US"},{"@type":"Person","@id":"http:\/\/www.his.puc-rio.br\/pb\/#\/schema\/person\/9e54900224aae47fd486e7013a22647b","name":"dephist","image":{"@type":"ImageObject","inLanguage":"en-US","@id":"http:\/\/www.his.puc-rio.br\/en\/#\/schema\/person\/image\/","url":"https:\/\/secure.gravatar.com\/avatar\/bf2683cb6927d5fdbed7881a4ee37199?s=96&d=mm&r=g","contentUrl":"https:\/\/secure.gravatar.com\/avatar\/bf2683cb6927d5fdbed7881a4ee37199?s=96&d=mm&r=g","caption":"dephist"},"url":"https:\/\/www.his.puc-rio.br\/en\/author\/dephist\/"}]}},"jetpack_featured_media_url":"https:\/\/www.his.puc-rio.br\/wp-content\/uploads\/Palestra-Ideia-de-uma-historia-universalsite.jpg","_links":{"self":[{"href":"https:\/\/www.his.puc-rio.br\/en\/wp-json\/wp\/v2\/posts\/4287"}],"collection":[{"href":"https:\/\/www.his.puc-rio.br\/en\/wp-json\/wp\/v2\/posts"}],"about":[{"href":"https:\/\/www.his.puc-rio.br\/en\/wp-json\/wp\/v2\/types\/post"}],"author":[{"embeddable":true,"href":"https:\/\/www.his.puc-rio.br\/en\/wp-json\/wp\/v2\/users\/1"}],"replies":[{"embeddable":true,"href":"https:\/\/www.his.puc-rio.br\/en\/wp-json\/wp\/v2\/comments?post=4287"}],"version-history":[{"count":1,"href":"https:\/\/www.his.puc-rio.br\/en\/wp-json\/wp\/v2\/posts\/4287\/revisions"}],"predecessor-version":[{"id":4288,"href":"https:\/\/www.his.puc-rio.br\/en\/wp-json\/wp\/v2\/posts\/4287\/revisions\/4288"}],"wp:featuredmedia":[{"embeddable":true,"href":"https:\/\/www.his.puc-rio.br\/en\/wp-json\/wp\/v2\/media\/4286"}],"wp:attachment":[{"href":"https:\/\/www.his.puc-rio.br\/en\/wp-json\/wp\/v2\/media?parent=4287"}],"wp:term":[{"taxonomy":"category","embeddable":true,"href":"https:\/\/www.his.puc-rio.br\/en\/wp-json\/wp\/v2\/categories?post=4287"},{"taxonomy":"post_tag","embeddable":true,"href":"https:\/\/www.his.puc-rio.br\/en\/wp-json\/wp\/v2\/tags?post=4287"}],"curies":[{"name":"wp","href":"https:\/\/api.w.org\/{rel}","templated":true}]}}