{"id":460,"date":"2016-05-24T23:36:32","date_gmt":"2016-05-25T02:36:32","guid":{"rendered":"http:\/\/wwwt.his.puc-rio.br\/his\/?p=460"},"modified":"2016-06-13T11:58:54","modified_gmt":"2016-06-13T14:58:54","slug":"o-departamento-de-historia-da-puc-rio-convida-para-mesa-redonda-sobre-mocambique","status":"publish","type":"post","link":"https:\/\/www.his.puc-rio.br\/en\/o-departamento-de-historia-da-puc-rio-convida-para-mesa-redonda-sobre-mocambique\/","title":{"rendered":"O Departamento de Hist\u00f3ria da PUC-Rio convida para mesa-redonda sobre Mo\u00e7ambique."},"content":{"rendered":"<p>&nbsp;<\/p>\n<h5>Tema: Experi&ecirc;ncias de inclus&atilde;o social por meio do ensino de Hist&oacute;ria e das m&iacute;dias digitais (Brasil e Mo&ccedil;ambique): o projeto Acervo Digital da hist&oacute;ria e cultura swahili do norte de Mo&ccedil;ambique<\/h5>\n<h5>O projeto Acervo Digital da hist&oacute;ria e cultura swahili do norte de Mo&ccedil;ambique &eacute; resultado da parceria entre professores e pesquisadores do Departamento de Hist&oacute;ria da PUC-Rio e do Centro de Estudos Africanos da Universidade Eduardo Mondlane (Mo&ccedil;ambique) com o financiamento do Programa PRO&Aacute;FRICA do CNPq.<br \/>\nO projeto tem por objetivo principal desenvolver uma pesquisa sobre a hist&oacute;ria e a cultura swahili do norte de Mo&ccedil;ambique, e refletir como a pesquisa e o ensino de hist&oacute;ria e das culturas africanas e a preserva&ccedil;&atilde;o do patrim&ocirc;nio cultural de popula&ccedil;&otilde;es historicamente marginalizadas podem se configurar estrat&eacute;gias de promo&ccedil;&atilde;o da inclus&atilde;o social no Brasil e em Mo&ccedil;ambique. Tamb&eacute;m privilegia a populariza&ccedil;&atilde;o e o aperfei&ccedil;oamento do ensino nas escolas e universidades e a difus&atilde;o de tecnologias como meio de inclus&atilde;o social, recorrendo aos conte&uacute;dos digitais na internet como instrumento de apoio a professores e estudantes e de divulga&ccedil;&atilde;o mais ampla do conhecimento com a apropria&ccedil;&atilde;o deste pela sociedade como um todo, promovendo, assim, a integra&ccedil;&atilde;o entre universidade, escola e sociedade, bem como pesquisadores, professores e estudantes.<br \/>\nPara tanto, os participantes desse projeto pretendem desenvolver como produto final da pesquisa um &ldquo;Acervo Digital da hist&oacute;ria e cultura swahili do norte de Mo&ccedil;ambique&rdquo;, no qual ser&atilde;o disponibilizados, al&eacute;m das reflex&otilde;es e dos trabalhos desenvolvidos, documentos digitalizados &ndash; fotos, filmagens, tradi&ccedil;&otilde;es orais, iconografia, manuscritos, entrevistas &ndash; resultado do trabalho em Mo&ccedil;ambique de pesquisadores e estudantes de p&oacute;s-gradua&ccedil;&atilde;o envolvidos neste projeto.<\/h5>\n<h5>Mais informa&ccedil;&otilde;es:<br \/>\nwww.facebook.com\/acervodigitalhistoriaeculturaswahili.<br \/>\nDia 2 de junho, &agrave;s 10h, no Audit&oacute;rio Pe. Anchieta<br \/>\nParticipantes:<br \/>\nRegiane Augusto de Mattos (Nirema\/PUC-Rio): A experi&ecirc;ncia do ensino de Hist&oacute;ria da &Aacute;frica no Brasil e o projeto &ldquo;Acervo Digital da hist&oacute;ria e cultura swahili do norte de Mo&ccedil;ambique&rdquo;.<br \/>\nChapane Mutiua (Centro de Estudos Africanos da Universidade Eduardo Mondlane-Mo&ccedil;ambique): O &lsquo;Saber Local&rsquo; em busca de solu&ccedil;&otilde;es &lsquo;tradicionais&rsquo; para problemas &lsquo;modernos&rsquo; nas sociedades costeiras de Cabo Delgado.<br \/>\nAlberto Calbe Jaime (Arquivo Hist&oacute;rico de Mo&ccedil;ambique): As&nbsp;fontes hist&oacute;ricas sobre o norte de Mo&ccedil;ambique existentes no Arquivo Hist&oacute;rico de Mo&ccedil;ambique.<br \/>\nJu&ccedil;ara Mello e Iamara Viana (Leehpac\/PUC-Rio): Estudos sobre o patrim&ocirc;nio cultural das popula&ccedil;&otilde;es afrodescendentes no Rio de Janeiro: experi&ecirc;ncias do Laborat&oacute;rio de Ensino de Hist&oacute;ria e Patrim&ocirc;nio Cultural (Leehpac-PUC-Rio).<br \/>\nCoordena&ccedil;&atilde;o: S&eacute;rgio Barra (Nirema\/PUC-Rio)<\/h5>\n","protected":false},"excerpt":{"rendered":"<p>&nbsp; Tema: Experi&ecirc;ncias de inclus&atilde;o social por meio do ensino de Hist&oacute;ria e das m&iacute;dias digitais (Brasil e Mo&ccedil;ambique): o projeto Acervo Digital da hist&oacute;ria e cultura swahili do norte de Mo&ccedil;ambique O projeto Acervo Digital da hist&oacute;ria e cultura<a class=\"moretag\" href=\"https:\/\/www.his.puc-rio.br\/en\/o-departamento-de-historia-da-puc-rio-convida-para-mesa-redonda-sobre-mocambique\/\">&#8230;<\/a><\/br><a href=\"https:\/\/www.his.puc-rio.br\/en\/o-departamento-de-historia-da-puc-rio-convida-para-mesa-redonda-sobre-mocambique\/\" class=\"read-more\">Leia mais..  <span class=\"glyphicon glyphicon-chevron-right\" ><\/span><\/a><\/p>\n","protected":false},"author":2,"featured_media":458,"comment_status":"open","ping_status":"open","sticky":false,"template":"","format":"standard","meta":{"footnotes":""},"categories":[1],"tags":[],"yoast_head":"<!-- This site is optimized with the Yoast SEO plugin v23.5 - https:\/\/yoast.com\/wordpress\/plugins\/seo\/ -->\n<title>O Departamento de Hist\u00f3ria da PUC-Rio convida para mesa-redonda sobre Mo\u00e7ambique. - Departamento de Hist\u00f3ria da PUC-Rio<\/title>\n<meta name=\"robots\" content=\"index, follow, max-snippet:-1, max-image-preview:large, max-video-preview:-1\" \/>\n<link rel=\"canonical\" href=\"https:\/\/www.his.puc-rio.br\/en\/o-departamento-de-historia-da-puc-rio-convida-para-mesa-redonda-sobre-mocambique\/\" \/>\n<meta property=\"og:locale\" content=\"en_US\" \/>\n<meta property=\"og:type\" content=\"article\" \/>\n<meta property=\"og:title\" content=\"O Departamento de Hist\u00f3ria da PUC-Rio convida para mesa-redonda sobre Mo\u00e7ambique. - Departamento de Hist\u00f3ria da PUC-Rio\" \/>\n<meta property=\"og:description\" content=\"&nbsp; Tema: Experi&ecirc;ncias de inclus&atilde;o social por meio do ensino de Hist&oacute;ria e das m&iacute;dias digitais (Brasil e Mo&ccedil;ambique): o projeto Acervo Digital da hist&oacute;ria e cultura swahili do norte de Mo&ccedil;ambique O projeto Acervo Digital da hist&oacute;ria e cultura...Leia mais..\" \/>\n<meta property=\"og:url\" content=\"https:\/\/www.his.puc-rio.br\/en\/o-departamento-de-historia-da-puc-rio-convida-para-mesa-redonda-sobre-mocambique\/\" \/>\n<meta property=\"og:site_name\" content=\"Departamento de Hist\u00f3ria da PUC-Rio\" \/>\n<meta property=\"article:published_time\" content=\"2016-05-25T02:36:32+00:00\" \/>\n<meta property=\"article:modified_time\" content=\"2016-06-13T14:58:54+00:00\" \/>\n<meta property=\"og:image\" content=\"https:\/\/www.his.puc-rio.br\/wp-content\/uploads\/2016\/05\/mesaredonda.png\" \/>\n\t<meta property=\"og:image:width\" content=\"1336\" \/>\n\t<meta property=\"og:image:height\" content=\"766\" \/>\n\t<meta property=\"og:image:type\" content=\"image\/png\" \/>\n<meta name=\"author\" content=\"Departamento Hist\u00f3ria\" \/>\n<meta name=\"twitter:card\" content=\"summary_large_image\" \/>\n<meta name=\"twitter:label1\" content=\"Written by\" \/>\n\t<meta name=\"twitter:data1\" content=\"Departamento Hist\u00f3ria\" \/>\n\t<meta name=\"twitter:label2\" content=\"Est. reading time\" \/>\n\t<meta name=\"twitter:data2\" content=\"3 minutes\" \/>\n<script type=\"application\/ld+json\" class=\"yoast-schema-graph\">{\"@context\":\"https:\/\/schema.org\",\"@graph\":[{\"@type\":\"WebPage\",\"@id\":\"https:\/\/www.his.puc-rio.br\/en\/o-departamento-de-historia-da-puc-rio-convida-para-mesa-redonda-sobre-mocambique\/\",\"url\":\"https:\/\/www.his.puc-rio.br\/en\/o-departamento-de-historia-da-puc-rio-convida-para-mesa-redonda-sobre-mocambique\/\",\"name\":\"O Departamento de Hist\u00f3ria da PUC-Rio convida para mesa-redonda sobre Mo\u00e7ambique. - Departamento de Hist\u00f3ria da PUC-Rio\",\"isPartOf\":{\"@id\":\"http:\/\/www.his.puc-rio.br\/en\/#website\"},\"primaryImageOfPage\":{\"@id\":\"https:\/\/www.his.puc-rio.br\/en\/o-departamento-de-historia-da-puc-rio-convida-para-mesa-redonda-sobre-mocambique\/#primaryimage\"},\"image\":{\"@id\":\"https:\/\/www.his.puc-rio.br\/en\/o-departamento-de-historia-da-puc-rio-convida-para-mesa-redonda-sobre-mocambique\/#primaryimage\"},\"thumbnailUrl\":\"https:\/\/www.his.puc-rio.br\/wp-content\/uploads\/2016\/05\/mesaredonda.png\",\"datePublished\":\"2016-05-25T02:36:32+00:00\",\"dateModified\":\"2016-06-13T14:58:54+00:00\",\"author\":{\"@id\":\"http:\/\/www.his.puc-rio.br\/pb\/#\/schema\/person\/fec65e4856898a103cfe1fecf09d7ff1\"},\"breadcrumb\":{\"@id\":\"https:\/\/www.his.puc-rio.br\/en\/o-departamento-de-historia-da-puc-rio-convida-para-mesa-redonda-sobre-mocambique\/#breadcrumb\"},\"inLanguage\":\"en-US\",\"potentialAction\":[{\"@type\":\"ReadAction\",\"target\":[[\"https:\/\/www.his.puc-rio.br\/en\/o-departamento-de-historia-da-puc-rio-convida-para-mesa-redonda-sobre-mocambique\/\"]]}]},{\"@type\":\"ImageObject\",\"inLanguage\":\"en-US\",\"@id\":\"https:\/\/www.his.puc-rio.br\/en\/o-departamento-de-historia-da-puc-rio-convida-para-mesa-redonda-sobre-mocambique\/#primaryimage\",\"url\":\"https:\/\/www.his.puc-rio.br\/wp-content\/uploads\/2016\/05\/mesaredonda.png\",\"contentUrl\":\"https:\/\/www.his.puc-rio.br\/wp-content\/uploads\/2016\/05\/mesaredonda.png\",\"width\":1336,\"height\":766},{\"@type\":\"BreadcrumbList\",\"@id\":\"https:\/\/www.his.puc-rio.br\/en\/o-departamento-de-historia-da-puc-rio-convida-para-mesa-redonda-sobre-mocambique\/#breadcrumb\",\"itemListElement\":[{\"@type\":\"ListItem\",\"position\":1,\"name\":\"In\u00edcio\",\"item\":\"http:\/\/www.his.puc-rio.br\/en\/\"},{\"@type\":\"ListItem\",\"position\":2,\"name\":\"O Departamento de Hist\u00f3ria da PUC-Rio convida para mesa-redonda sobre Mo\u00e7ambique.\"}]},{\"@type\":\"WebSite\",\"@id\":\"http:\/\/www.his.puc-rio.br\/en\/#website\",\"url\":\"http:\/\/www.his.puc-rio.br\/en\/\",\"name\":\"Departamento de Hist\u00f3ria da PUC-Rio\",\"description\":\"Cursos de Gradua\u00e7\u00e3o, P\u00f3s-gradua\u00e7\u00e3o, Mestrado e Doutorado\",\"potentialAction\":[{\"@type\":\"SearchAction\",\"target\":{\"@type\":\"EntryPoint\",\"urlTemplate\":\"http:\/\/www.his.puc-rio.br\/en\/?s={search_term_string}\"},\"query-input\":{\"@type\":\"PropertyValueSpecification\",\"valueRequired\":true,\"valueName\":\"search_term_string\"}}],\"inLanguage\":\"en-US\"},{\"@type\":\"Person\",\"@id\":\"http:\/\/www.his.puc-rio.br\/pb\/#\/schema\/person\/fec65e4856898a103cfe1fecf09d7ff1\",\"name\":\"Departamento Hist\u00f3ria\",\"image\":{\"@type\":\"ImageObject\",\"inLanguage\":\"en-US\",\"@id\":\"http:\/\/www.his.puc-rio.br\/en\/#\/schema\/person\/image\/\",\"url\":\"https:\/\/secure.gravatar.com\/avatar\/1f3f33ef2549017af2aff6bf0a341d4c?s=96&d=mm&r=g\",\"contentUrl\":\"https:\/\/secure.gravatar.com\/avatar\/1f3f33ef2549017af2aff6bf0a341d4c?s=96&d=mm&r=g\",\"caption\":\"Departamento Hist\u00f3ria\"},\"url\":\"https:\/\/www.his.puc-rio.br\/en\/author\/dephistoria\/\"}]}<\/script>\n<!-- \/ Yoast SEO plugin. -->","yoast_head_json":{"title":"O Departamento de Hist\u00f3ria da PUC-Rio convida para mesa-redonda sobre Mo\u00e7ambique. - Departamento de Hist\u00f3ria da PUC-Rio","robots":{"index":"index","follow":"follow","max-snippet":"max-snippet:-1","max-image-preview":"max-image-preview:large","max-video-preview":"max-video-preview:-1"},"canonical":"https:\/\/www.his.puc-rio.br\/en\/o-departamento-de-historia-da-puc-rio-convida-para-mesa-redonda-sobre-mocambique\/","og_locale":"en_US","og_type":"article","og_title":"O Departamento de Hist\u00f3ria da PUC-Rio convida para mesa-redonda sobre Mo\u00e7ambique. - Departamento de Hist\u00f3ria da PUC-Rio","og_description":"&nbsp; Tema: Experi&ecirc;ncias de inclus&atilde;o social por meio do ensino de Hist&oacute;ria e das m&iacute;dias digitais (Brasil e Mo&ccedil;ambique): o projeto Acervo Digital da hist&oacute;ria e cultura swahili do norte de Mo&ccedil;ambique O projeto Acervo Digital da hist&oacute;ria e cultura...Leia mais..","og_url":"https:\/\/www.his.puc-rio.br\/en\/o-departamento-de-historia-da-puc-rio-convida-para-mesa-redonda-sobre-mocambique\/","og_site_name":"Departamento de Hist\u00f3ria da PUC-Rio","article_published_time":"2016-05-25T02:36:32+00:00","article_modified_time":"2016-06-13T14:58:54+00:00","og_image":[{"width":1336,"height":766,"url":"https:\/\/www.his.puc-rio.br\/wp-content\/uploads\/2016\/05\/mesaredonda.png","type":"image\/png"}],"author":"Departamento Hist\u00f3ria","twitter_card":"summary_large_image","twitter_misc":{"Written by":"Departamento Hist\u00f3ria","Est. reading time":"3 minutes"},"schema":{"@context":"https:\/\/schema.org","@graph":[{"@type":"WebPage","@id":"https:\/\/www.his.puc-rio.br\/en\/o-departamento-de-historia-da-puc-rio-convida-para-mesa-redonda-sobre-mocambique\/","url":"https:\/\/www.his.puc-rio.br\/en\/o-departamento-de-historia-da-puc-rio-convida-para-mesa-redonda-sobre-mocambique\/","name":"O Departamento de Hist\u00f3ria da PUC-Rio convida para mesa-redonda sobre Mo\u00e7ambique. - Departamento de Hist\u00f3ria da PUC-Rio","isPartOf":{"@id":"http:\/\/www.his.puc-rio.br\/en\/#website"},"primaryImageOfPage":{"@id":"https:\/\/www.his.puc-rio.br\/en\/o-departamento-de-historia-da-puc-rio-convida-para-mesa-redonda-sobre-mocambique\/#primaryimage"},"image":{"@id":"https:\/\/www.his.puc-rio.br\/en\/o-departamento-de-historia-da-puc-rio-convida-para-mesa-redonda-sobre-mocambique\/#primaryimage"},"thumbnailUrl":"https:\/\/www.his.puc-rio.br\/wp-content\/uploads\/2016\/05\/mesaredonda.png","datePublished":"2016-05-25T02:36:32+00:00","dateModified":"2016-06-13T14:58:54+00:00","author":{"@id":"http:\/\/www.his.puc-rio.br\/pb\/#\/schema\/person\/fec65e4856898a103cfe1fecf09d7ff1"},"breadcrumb":{"@id":"https:\/\/www.his.puc-rio.br\/en\/o-departamento-de-historia-da-puc-rio-convida-para-mesa-redonda-sobre-mocambique\/#breadcrumb"},"inLanguage":"en-US","potentialAction":[{"@type":"ReadAction","target":[["https:\/\/www.his.puc-rio.br\/en\/o-departamento-de-historia-da-puc-rio-convida-para-mesa-redonda-sobre-mocambique\/"]]}]},{"@type":"ImageObject","inLanguage":"en-US","@id":"https:\/\/www.his.puc-rio.br\/en\/o-departamento-de-historia-da-puc-rio-convida-para-mesa-redonda-sobre-mocambique\/#primaryimage","url":"https:\/\/www.his.puc-rio.br\/wp-content\/uploads\/2016\/05\/mesaredonda.png","contentUrl":"https:\/\/www.his.puc-rio.br\/wp-content\/uploads\/2016\/05\/mesaredonda.png","width":1336,"height":766},{"@type":"BreadcrumbList","@id":"https:\/\/www.his.puc-rio.br\/en\/o-departamento-de-historia-da-puc-rio-convida-para-mesa-redonda-sobre-mocambique\/#breadcrumb","itemListElement":[{"@type":"ListItem","position":1,"name":"In\u00edcio","item":"http:\/\/www.his.puc-rio.br\/en\/"},{"@type":"ListItem","position":2,"name":"O Departamento de Hist\u00f3ria da PUC-Rio convida para mesa-redonda sobre Mo\u00e7ambique."}]},{"@type":"WebSite","@id":"http:\/\/www.his.puc-rio.br\/en\/#website","url":"http:\/\/www.his.puc-rio.br\/en\/","name":"Departamento de Hist\u00f3ria da PUC-Rio","description":"Cursos de Gradua\u00e7\u00e3o, P\u00f3s-gradua\u00e7\u00e3o, Mestrado e Doutorado","potentialAction":[{"@type":"SearchAction","target":{"@type":"EntryPoint","urlTemplate":"http:\/\/www.his.puc-rio.br\/en\/?s={search_term_string}"},"query-input":{"@type":"PropertyValueSpecification","valueRequired":true,"valueName":"search_term_string"}}],"inLanguage":"en-US"},{"@type":"Person","@id":"http:\/\/www.his.puc-rio.br\/pb\/#\/schema\/person\/fec65e4856898a103cfe1fecf09d7ff1","name":"Departamento Hist\u00f3ria","image":{"@type":"ImageObject","inLanguage":"en-US","@id":"http:\/\/www.his.puc-rio.br\/en\/#\/schema\/person\/image\/","url":"https:\/\/secure.gravatar.com\/avatar\/1f3f33ef2549017af2aff6bf0a341d4c?s=96&d=mm&r=g","contentUrl":"https:\/\/secure.gravatar.com\/avatar\/1f3f33ef2549017af2aff6bf0a341d4c?s=96&d=mm&r=g","caption":"Departamento Hist\u00f3ria"},"url":"https:\/\/www.his.puc-rio.br\/en\/author\/dephistoria\/"}]}},"jetpack_featured_media_url":"https:\/\/www.his.puc-rio.br\/wp-content\/uploads\/2016\/05\/mesaredonda.png","_links":{"self":[{"href":"https:\/\/www.his.puc-rio.br\/en\/wp-json\/wp\/v2\/posts\/460"}],"collection":[{"href":"https:\/\/www.his.puc-rio.br\/en\/wp-json\/wp\/v2\/posts"}],"about":[{"href":"https:\/\/www.his.puc-rio.br\/en\/wp-json\/wp\/v2\/types\/post"}],"author":[{"embeddable":true,"href":"https:\/\/www.his.puc-rio.br\/en\/wp-json\/wp\/v2\/users\/2"}],"replies":[{"embeddable":true,"href":"https:\/\/www.his.puc-rio.br\/en\/wp-json\/wp\/v2\/comments?post=460"}],"version-history":[{"count":18,"href":"https:\/\/www.his.puc-rio.br\/en\/wp-json\/wp\/v2\/posts\/460\/revisions"}],"predecessor-version":[{"id":485,"href":"https:\/\/www.his.puc-rio.br\/en\/wp-json\/wp\/v2\/posts\/460\/revisions\/485"}],"wp:featuredmedia":[{"embeddable":true,"href":"https:\/\/www.his.puc-rio.br\/en\/wp-json\/wp\/v2\/media\/458"}],"wp:attachment":[{"href":"https:\/\/www.his.puc-rio.br\/en\/wp-json\/wp\/v2\/media?parent=460"}],"wp:term":[{"taxonomy":"category","embeddable":true,"href":"https:\/\/www.his.puc-rio.br\/en\/wp-json\/wp\/v2\/categories?post=460"},{"taxonomy":"post_tag","embeddable":true,"href":"https:\/\/www.his.puc-rio.br\/en\/wp-json\/wp\/v2\/tags?post=460"}],"curies":[{"name":"wp","href":"https:\/\/api.w.org\/{rel}","templated":true}]}}