{"id":4688,"date":"2024-08-27T10:52:46","date_gmt":"2024-08-27T13:52:46","guid":{"rendered":"http:\/\/www.his.puc-rio.br\/pb\/?p=4688"},"modified":"2024-08-27T10:59:34","modified_gmt":"2024-08-27T13:59:34","slug":"minicurso-mulheres-genero-e-trabalho-perspectivas-de-historia-social-i-profa-gabriela-mitidieri-pos-doutorado-faperj","status":"publish","type":"post","link":"https:\/\/www.his.puc-rio.br\/en\/portugues-minicurso-mulheres-genero-e-trabalho-perspectivas-de-historia-social-i-profa-gabriela-mitidieri-pos-doutorado-faperj\/","title":{"rendered":"(Portugu\u00eas) Minicurso \u2013 Mulheres, g\u00eanero e trabalho: perspectivas de hist\u00f3ria social (I) \u2013 Profa. Gabriela Mitidieri (P\u00f3s-doutorado \u2013 FAPERJ)"},"content":{"rendered":"<p class=\"qtranxs-available-languages-message qtranxs-available-languages-message-en\">Sorry, this entry is only available in <a href=\"https:\/\/www.his.puc-rio.br\/pb\/wp-json\/wp\/v2\/posts\/4688\" class=\"qtranxs-available-language-link qtranxs-available-language-link-pb\" title=\"Portugu\u00eas\">Portugu\u00eas<\/a>.<\/p><p><\/p>\n<h6><span style=\"color: #000000;\"><strong>Minicurso \u2013 Mulheres, g\u00eanero e trabalho: perspectivas de hist\u00f3ria social (I) \u2013 Profa. Gabriela Mitidieri (P\u00f3s-doutorado \u2013 FAPERJ)<\/strong><\/span><\/h6>\n<table width=\"646\">\n<tbody>\n<tr>\n<td width=\"514\">\n<h6><span style=\"color: #000000;\">Este curso prop\u00f5e uma abordagem da hist\u00f3ria das mulheres e das suas experi\u00eancias no mundo do trabalho durante a segunda metade do s\u00e9culo XIX e in\u00edcio do s\u00e9culo XX. Procuraremos investigar a historiografia de certos trabalhos femininos e o seu significado social, econ\u00f3mico e pol\u00edtico em diferentes contextos espaciais e temporais. Exploraremos o potencial anal\u00edtico de determinados of\u00edcios (por exemplo, servi\u00e7o dom\u00e9stico e costureiras), problematizando o lugar ocupado na produ\u00e7\u00e3o historiogr\u00e1fica. No intuito de interrogar a agenda da hist\u00f3ria do trabalho a partir de uma perspectiva de g\u00eanero, promoveremos di\u00e1logos produtivos com diferentes subcampos da hist\u00f3ria social que renovaram a agenda historiogr\u00e1fica na Am\u00e9rica Latina: a hist\u00f3ria das mulheres e os estudos de g\u00eanero, a hist\u00f3ria da di\u00e1spora afro-americana, a hist\u00f3ria ind\u00edgena, a hist\u00f3ria da fam\u00edlia e da inf\u00e2ncia, a hist\u00f3ria do crime e da puni\u00e7\u00e3o, e a hist\u00f3ria urbana. Buscaremos aprofundar a an\u00e1lise das particularidades desses campos de estudo em diferentes contextos, identificando conex\u00f5es, compara\u00e7\u00f5es e perspectivas cr\u00edticas. A primeira parte do curso, composta de cinco encontros, est\u00e1 articulada com uma segunda parte, cujas aulas ser\u00e3o ministradas pela Profa. Cecilia Allemandi. Ainda que conectadas por uma problematiza\u00e7\u00e3o comum, ambas as partes podem ser cursadas em forma aut\u00f4noma. As aulas ser\u00e3o realizadas em formato h\u00edbrido, presencial e remoto. Se espera que os alunos e as alunas dominem a leitura de bibliografia em espanhol.<\/span><\/h6>\n<h6><span style=\"color: #000000;\"><u>Objetivos<\/u>:<\/span><\/h6>\n<h6><span style=\"color: #000000;\">&#x25aa;\u00a0\u00a0\u00a0\u00a0\u00a0\u00a0\u00a0\u00a0\u00a0 Investigar a historiografia sobre o trabalho de costureiras, costureiros, alfaiates e aprendizes em perspectiva de g\u00eanero.<\/span><\/h6>\n<h6><span style=\"color: #000000;\">&#x25aa;\u00a0\u00a0\u00a0\u00a0\u00a0\u00a0\u00a0\u00a0\u00a0 Olhar para estes trabalhos em diferentes contextos situados, de modo a desafiar os limites hist\u00f3ricos e conceptuais do trabalho como experi\u00eancia e como categoria.<\/span><\/h6>\n<h6><span style=\"color: #000000;\">&#x25aa;\u00a0\u00a0\u00a0\u00a0\u00a0\u00a0\u00a0\u00a0\u00a0 Repensar a particularidade das rela\u00e7\u00f5es que se teceram neste mundo do trabalho e as fronteiras t\u00e9nues entre o trabalho e os arranjos familiares, a educa\u00e7\u00e3o ou os la\u00e7os afetivo-sexuais; entre a tutela e o trabalho, entre o trabalho e o castigo.<\/span><\/h6>\n<\/td>\n<\/tr>\n<tr>\n<td width=\"514\"><\/td>\n<\/tr>\n<tr>\n<td width=\"514\">\n<h6><span style=\"color: #000000;\">Inscri\u00e7\u00f5es devem ser enviadas pghis@puc-rio.br com as informa\u00e7\u00f5es abaixo informando o nome do curso.<\/span><\/h6>\n<h6 dir=\"auto\"><span style=\"color: #000000;\">Nome completo do aluno:<\/span><br \/>\n<span style=\"color: #000000;\">Institui\u00e7\u00e3o de ensino superior:<\/span><br \/>\n<span style=\"color: #000000;\">Matr\u00edcula (quando aluno da PUC Rio):<\/span><br \/>\n<span style=\"color: #000000;\">Curso:<\/span><br \/>\n<span style=\"color: #000000;\">E-mail:<\/span><br \/>\n<span style=\"color: #000000;\">Telefone:<\/span><\/h6>\n<\/td>\n<\/tr>\n<\/tbody>\n<\/table>\n<p><\/p>","protected":false},"excerpt":{"rendered":"<p>Sorry, this entry is only available in Portugu\u00eas. Minicurso \u2013 Mulheres, g\u00eanero e trabalho: perspectivas de hist\u00f3ria social (I) \u2013 Profa. Gabriela Mitidieri (P\u00f3s-doutorado \u2013 FAPERJ) Este curso prop\u00f5e uma abordagem da hist\u00f3ria das mulheres e das suas experi\u00eancias no<a class=\"moretag\" href=\"https:\/\/www.his.puc-rio.br\/en\/portugues-minicurso-mulheres-genero-e-trabalho-perspectivas-de-historia-social-i-profa-gabriela-mitidieri-pos-doutorado-faperj\/\">&#8230;<\/a><\/br><a href=\"https:\/\/www.his.puc-rio.br\/en\/portugues-minicurso-mulheres-genero-e-trabalho-perspectivas-de-historia-social-i-profa-gabriela-mitidieri-pos-doutorado-faperj\/\" class=\"read-more\">Leia mais..  <span class=\"glyphicon glyphicon-chevron-right\" ><\/span><\/a><\/p>\n","protected":false},"author":1,"featured_media":4689,"comment_status":"closed","ping_status":"open","sticky":false,"template":"","format":"standard","meta":{"footnotes":""},"categories":[1],"tags":[],"yoast_head":"<!-- This site is optimized with the Yoast SEO plugin v23.5 - https:\/\/yoast.com\/wordpress\/plugins\/seo\/ -->\n<title>(Portugu\u00eas) Minicurso \u2013 Mulheres, g\u00eanero e trabalho: perspectivas de hist\u00f3ria social (I) \u2013 Profa. Gabriela Mitidieri (P\u00f3s-doutorado \u2013 FAPERJ) - Departamento de Hist\u00f3ria da PUC-Rio<\/title>\n<meta name=\"robots\" content=\"index, follow, max-snippet:-1, max-image-preview:large, max-video-preview:-1\" \/>\n<link rel=\"canonical\" href=\"http:\/\/www.his.puc-rio.br\/en\/minicurso-mulheres-genero-e-trabalho-perspectivas-de-historia-social-i-profa-gabriela-mitidieri-pos-doutorado-faperj\/\" \/>\n<meta property=\"og:locale\" content=\"en_US\" \/>\n<meta property=\"og:type\" content=\"article\" \/>\n<meta property=\"og:title\" content=\"(Portugu\u00eas) Minicurso \u2013 Mulheres, g\u00eanero e trabalho: perspectivas de hist\u00f3ria social (I) \u2013 Profa. Gabriela Mitidieri (P\u00f3s-doutorado \u2013 FAPERJ) - Departamento de Hist\u00f3ria da PUC-Rio\" \/>\n<meta property=\"og:description\" content=\"Sorry, this entry is only available in Portugu\u00eas. Minicurso \u2013 Mulheres, g\u00eanero e trabalho: perspectivas de hist\u00f3ria social (I) \u2013 Profa. Gabriela Mitidieri (P\u00f3s-doutorado \u2013 FAPERJ) Este curso prop\u00f5e uma abordagem da hist\u00f3ria das mulheres e das suas experi\u00eancias no...Leia mais..\" \/>\n<meta property=\"og:url\" content=\"http:\/\/www.his.puc-rio.br\/en\/minicurso-mulheres-genero-e-trabalho-perspectivas-de-historia-social-i-profa-gabriela-mitidieri-pos-doutorado-faperj\/\" \/>\n<meta property=\"og:site_name\" content=\"Departamento de Hist\u00f3ria da PUC-Rio\" \/>\n<meta property=\"article:published_time\" content=\"2024-08-27T13:52:46+00:00\" \/>\n<meta property=\"article:modified_time\" content=\"2024-08-27T13:59:34+00:00\" \/>\n<meta property=\"og:image\" content=\"http:\/\/www.his.puc-rio.br\/wp-content\/uploads\/Minicurso-Mulheres-genero-e-trabalho-I-site.jpg\" \/>\n\t<meta property=\"og:image:width\" content=\"1836\" \/>\n\t<meta property=\"og:image:height\" content=\"1000\" \/>\n\t<meta property=\"og:image:type\" content=\"image\/jpeg\" \/>\n<meta name=\"author\" content=\"dephist\" \/>\n<meta name=\"twitter:card\" content=\"summary_large_image\" \/>\n<meta name=\"twitter:label1\" content=\"Written by\" \/>\n\t<meta name=\"twitter:data1\" content=\"dephist\" \/>\n\t<meta name=\"twitter:label2\" content=\"Est. reading time\" \/>\n\t<meta name=\"twitter:data2\" content=\"2 minutes\" \/>\n<script type=\"application\/ld+json\" class=\"yoast-schema-graph\">{\"@context\":\"https:\/\/schema.org\",\"@graph\":[{\"@type\":\"WebPage\",\"@id\":\"http:\/\/www.his.puc-rio.br\/en\/minicurso-mulheres-genero-e-trabalho-perspectivas-de-historia-social-i-profa-gabriela-mitidieri-pos-doutorado-faperj\/\",\"url\":\"http:\/\/www.his.puc-rio.br\/en\/minicurso-mulheres-genero-e-trabalho-perspectivas-de-historia-social-i-profa-gabriela-mitidieri-pos-doutorado-faperj\/\",\"name\":\"(Portugu\u00eas) Minicurso \u2013 Mulheres, g\u00eanero e trabalho: perspectivas de hist\u00f3ria social (I) \u2013 Profa. Gabriela Mitidieri (P\u00f3s-doutorado \u2013 FAPERJ) - Departamento de Hist\u00f3ria da PUC-Rio\",\"isPartOf\":{\"@id\":\"http:\/\/www.his.puc-rio.br\/en\/#website\"},\"primaryImageOfPage\":{\"@id\":\"http:\/\/www.his.puc-rio.br\/en\/minicurso-mulheres-genero-e-trabalho-perspectivas-de-historia-social-i-profa-gabriela-mitidieri-pos-doutorado-faperj\/#primaryimage\"},\"image\":{\"@id\":\"http:\/\/www.his.puc-rio.br\/pb\/minicurso-mulheres-genero-e-trabalho-perspectivas-de-historia-social-i-profa-gabriela-mitidieri-pos-doutorado-faperj\/#primaryimage\"},\"thumbnailUrl\":\"https:\/\/www.his.puc-rio.br\/wp-content\/uploads\/Minicurso-Mulheres-genero-e-trabalho-I-site.jpg\",\"datePublished\":\"2024-08-27T13:52:46+00:00\",\"dateModified\":\"2024-08-27T13:59:34+00:00\",\"author\":{\"@id\":\"http:\/\/www.his.puc-rio.br\/pb\/#\/schema\/person\/9e54900224aae47fd486e7013a22647b\"},\"breadcrumb\":{\"@id\":\"http:\/\/www.his.puc-rio.br\/en\/minicurso-mulheres-genero-e-trabalho-perspectivas-de-historia-social-i-profa-gabriela-mitidieri-pos-doutorado-faperj\/#breadcrumb\"},\"inLanguage\":\"en-US\",\"potentialAction\":[{\"@type\":\"ReadAction\",\"target\":[[\"http:\/\/www.his.puc-rio.br\/en\/minicurso-mulheres-genero-e-trabalho-perspectivas-de-historia-social-i-profa-gabriela-mitidieri-pos-doutorado-faperj\/\"]]}]},{\"@type\":\"ImageObject\",\"inLanguage\":\"en-US\",\"@id\":\"http:\/\/www.his.puc-rio.br\/en\/minicurso-mulheres-genero-e-trabalho-perspectivas-de-historia-social-i-profa-gabriela-mitidieri-pos-doutorado-faperj\/#primaryimage\",\"url\":\"https:\/\/www.his.puc-rio.br\/wp-content\/uploads\/Minicurso-Mulheres-genero-e-trabalho-I-site.jpg\",\"contentUrl\":\"https:\/\/www.his.puc-rio.br\/wp-content\/uploads\/Minicurso-Mulheres-genero-e-trabalho-I-site.jpg\",\"width\":1836,\"height\":1000},{\"@type\":\"BreadcrumbList\",\"@id\":\"http:\/\/www.his.puc-rio.br\/en\/minicurso-mulheres-genero-e-trabalho-perspectivas-de-historia-social-i-profa-gabriela-mitidieri-pos-doutorado-faperj\/#breadcrumb\",\"itemListElement\":[{\"@type\":\"ListItem\",\"position\":1,\"name\":\"In\u00edcio\",\"item\":\"http:\/\/www.his.puc-rio.br\/en\/\"},{\"@type\":\"ListItem\",\"position\":2,\"name\":\"Minicurso \u2013 Mulheres, g\u00eanero e trabalho: perspectivas de hist\u00f3ria social (I) \u2013 Profa. Gabriela Mitidieri (P\u00f3s-doutorado \u2013 FAPERJ)\"}]},{\"@type\":\"WebSite\",\"@id\":\"http:\/\/www.his.puc-rio.br\/en\/#website\",\"url\":\"http:\/\/www.his.puc-rio.br\/en\/\",\"name\":\"Departamento de Hist\u00f3ria da PUC-Rio\",\"description\":\"Cursos de Gradua\u00e7\u00e3o, P\u00f3s-gradua\u00e7\u00e3o, Mestrado e Doutorado\",\"potentialAction\":[{\"@type\":\"SearchAction\",\"target\":{\"@type\":\"EntryPoint\",\"urlTemplate\":\"http:\/\/www.his.puc-rio.br\/en\/?s={search_term_string}\"},\"query-input\":{\"@type\":\"PropertyValueSpecification\",\"valueRequired\":true,\"valueName\":\"search_term_string\"}}],\"inLanguage\":\"en-US\"},{\"@type\":\"Person\",\"@id\":\"http:\/\/www.his.puc-rio.br\/pb\/#\/schema\/person\/9e54900224aae47fd486e7013a22647b\",\"name\":\"dephist\",\"image\":{\"@type\":\"ImageObject\",\"inLanguage\":\"en-US\",\"@id\":\"http:\/\/www.his.puc-rio.br\/en\/#\/schema\/person\/image\/\",\"url\":\"https:\/\/secure.gravatar.com\/avatar\/bf2683cb6927d5fdbed7881a4ee37199?s=96&d=mm&r=g\",\"contentUrl\":\"https:\/\/secure.gravatar.com\/avatar\/bf2683cb6927d5fdbed7881a4ee37199?s=96&d=mm&r=g\",\"caption\":\"dephist\"},\"url\":\"https:\/\/www.his.puc-rio.br\/en\/author\/dephist\/\"}]}<\/script>\n<!-- \/ Yoast SEO plugin. -->","yoast_head_json":{"title":"(Portugu\u00eas) Minicurso \u2013 Mulheres, g\u00eanero e trabalho: perspectivas de hist\u00f3ria social (I) \u2013 Profa. Gabriela Mitidieri (P\u00f3s-doutorado \u2013 FAPERJ) - Departamento de Hist\u00f3ria da PUC-Rio","robots":{"index":"index","follow":"follow","max-snippet":"max-snippet:-1","max-image-preview":"max-image-preview:large","max-video-preview":"max-video-preview:-1"},"canonical":"http:\/\/www.his.puc-rio.br\/en\/minicurso-mulheres-genero-e-trabalho-perspectivas-de-historia-social-i-profa-gabriela-mitidieri-pos-doutorado-faperj\/","og_locale":"en_US","og_type":"article","og_title":"(Portugu\u00eas) Minicurso \u2013 Mulheres, g\u00eanero e trabalho: perspectivas de hist\u00f3ria social (I) \u2013 Profa. Gabriela Mitidieri (P\u00f3s-doutorado \u2013 FAPERJ) - Departamento de Hist\u00f3ria da PUC-Rio","og_description":"Sorry, this entry is only available in Portugu\u00eas. Minicurso \u2013 Mulheres, g\u00eanero e trabalho: perspectivas de hist\u00f3ria social (I) \u2013 Profa. Gabriela Mitidieri (P\u00f3s-doutorado \u2013 FAPERJ) Este curso prop\u00f5e uma abordagem da hist\u00f3ria das mulheres e das suas experi\u00eancias no...Leia mais..","og_url":"http:\/\/www.his.puc-rio.br\/en\/minicurso-mulheres-genero-e-trabalho-perspectivas-de-historia-social-i-profa-gabriela-mitidieri-pos-doutorado-faperj\/","og_site_name":"Departamento de Hist\u00f3ria da PUC-Rio","article_published_time":"2024-08-27T13:52:46+00:00","article_modified_time":"2024-08-27T13:59:34+00:00","og_image":[{"width":1836,"height":1000,"url":"http:\/\/www.his.puc-rio.br\/wp-content\/uploads\/Minicurso-Mulheres-genero-e-trabalho-I-site.jpg","type":"image\/jpeg"}],"author":"dephist","twitter_card":"summary_large_image","twitter_misc":{"Written by":"dephist","Est. reading time":"2 minutes"},"schema":{"@context":"https:\/\/schema.org","@graph":[{"@type":"WebPage","@id":"http:\/\/www.his.puc-rio.br\/en\/minicurso-mulheres-genero-e-trabalho-perspectivas-de-historia-social-i-profa-gabriela-mitidieri-pos-doutorado-faperj\/","url":"http:\/\/www.his.puc-rio.br\/en\/minicurso-mulheres-genero-e-trabalho-perspectivas-de-historia-social-i-profa-gabriela-mitidieri-pos-doutorado-faperj\/","name":"(Portugu\u00eas) Minicurso \u2013 Mulheres, g\u00eanero e trabalho: perspectivas de hist\u00f3ria social (I) \u2013 Profa. Gabriela Mitidieri (P\u00f3s-doutorado \u2013 FAPERJ) - Departamento de Hist\u00f3ria da PUC-Rio","isPartOf":{"@id":"http:\/\/www.his.puc-rio.br\/en\/#website"},"primaryImageOfPage":{"@id":"http:\/\/www.his.puc-rio.br\/en\/minicurso-mulheres-genero-e-trabalho-perspectivas-de-historia-social-i-profa-gabriela-mitidieri-pos-doutorado-faperj\/#primaryimage"},"image":{"@id":"http:\/\/www.his.puc-rio.br\/pb\/minicurso-mulheres-genero-e-trabalho-perspectivas-de-historia-social-i-profa-gabriela-mitidieri-pos-doutorado-faperj\/#primaryimage"},"thumbnailUrl":"https:\/\/www.his.puc-rio.br\/wp-content\/uploads\/Minicurso-Mulheres-genero-e-trabalho-I-site.jpg","datePublished":"2024-08-27T13:52:46+00:00","dateModified":"2024-08-27T13:59:34+00:00","author":{"@id":"http:\/\/www.his.puc-rio.br\/pb\/#\/schema\/person\/9e54900224aae47fd486e7013a22647b"},"breadcrumb":{"@id":"http:\/\/www.his.puc-rio.br\/en\/minicurso-mulheres-genero-e-trabalho-perspectivas-de-historia-social-i-profa-gabriela-mitidieri-pos-doutorado-faperj\/#breadcrumb"},"inLanguage":"en-US","potentialAction":[{"@type":"ReadAction","target":[["http:\/\/www.his.puc-rio.br\/en\/minicurso-mulheres-genero-e-trabalho-perspectivas-de-historia-social-i-profa-gabriela-mitidieri-pos-doutorado-faperj\/"]]}]},{"@type":"ImageObject","inLanguage":"en-US","@id":"http:\/\/www.his.puc-rio.br\/en\/minicurso-mulheres-genero-e-trabalho-perspectivas-de-historia-social-i-profa-gabriela-mitidieri-pos-doutorado-faperj\/#primaryimage","url":"https:\/\/www.his.puc-rio.br\/wp-content\/uploads\/Minicurso-Mulheres-genero-e-trabalho-I-site.jpg","contentUrl":"https:\/\/www.his.puc-rio.br\/wp-content\/uploads\/Minicurso-Mulheres-genero-e-trabalho-I-site.jpg","width":1836,"height":1000},{"@type":"BreadcrumbList","@id":"http:\/\/www.his.puc-rio.br\/en\/minicurso-mulheres-genero-e-trabalho-perspectivas-de-historia-social-i-profa-gabriela-mitidieri-pos-doutorado-faperj\/#breadcrumb","itemListElement":[{"@type":"ListItem","position":1,"name":"In\u00edcio","item":"http:\/\/www.his.puc-rio.br\/en\/"},{"@type":"ListItem","position":2,"name":"Minicurso \u2013 Mulheres, g\u00eanero e trabalho: perspectivas de hist\u00f3ria social (I) \u2013 Profa. Gabriela Mitidieri (P\u00f3s-doutorado \u2013 FAPERJ)"}]},{"@type":"WebSite","@id":"http:\/\/www.his.puc-rio.br\/en\/#website","url":"http:\/\/www.his.puc-rio.br\/en\/","name":"Departamento de Hist\u00f3ria da PUC-Rio","description":"Cursos de Gradua\u00e7\u00e3o, P\u00f3s-gradua\u00e7\u00e3o, Mestrado e Doutorado","potentialAction":[{"@type":"SearchAction","target":{"@type":"EntryPoint","urlTemplate":"http:\/\/www.his.puc-rio.br\/en\/?s={search_term_string}"},"query-input":{"@type":"PropertyValueSpecification","valueRequired":true,"valueName":"search_term_string"}}],"inLanguage":"en-US"},{"@type":"Person","@id":"http:\/\/www.his.puc-rio.br\/pb\/#\/schema\/person\/9e54900224aae47fd486e7013a22647b","name":"dephist","image":{"@type":"ImageObject","inLanguage":"en-US","@id":"http:\/\/www.his.puc-rio.br\/en\/#\/schema\/person\/image\/","url":"https:\/\/secure.gravatar.com\/avatar\/bf2683cb6927d5fdbed7881a4ee37199?s=96&d=mm&r=g","contentUrl":"https:\/\/secure.gravatar.com\/avatar\/bf2683cb6927d5fdbed7881a4ee37199?s=96&d=mm&r=g","caption":"dephist"},"url":"https:\/\/www.his.puc-rio.br\/en\/author\/dephist\/"}]}},"jetpack_featured_media_url":"https:\/\/www.his.puc-rio.br\/wp-content\/uploads\/Minicurso-Mulheres-genero-e-trabalho-I-site.jpg","_links":{"self":[{"href":"https:\/\/www.his.puc-rio.br\/en\/wp-json\/wp\/v2\/posts\/4688"}],"collection":[{"href":"https:\/\/www.his.puc-rio.br\/en\/wp-json\/wp\/v2\/posts"}],"about":[{"href":"https:\/\/www.his.puc-rio.br\/en\/wp-json\/wp\/v2\/types\/post"}],"author":[{"embeddable":true,"href":"https:\/\/www.his.puc-rio.br\/en\/wp-json\/wp\/v2\/users\/1"}],"replies":[{"embeddable":true,"href":"https:\/\/www.his.puc-rio.br\/en\/wp-json\/wp\/v2\/comments?post=4688"}],"version-history":[{"count":3,"href":"https:\/\/www.his.puc-rio.br\/en\/wp-json\/wp\/v2\/posts\/4688\/revisions"}],"predecessor-version":[{"id":4692,"href":"https:\/\/www.his.puc-rio.br\/en\/wp-json\/wp\/v2\/posts\/4688\/revisions\/4692"}],"wp:featuredmedia":[{"embeddable":true,"href":"https:\/\/www.his.puc-rio.br\/en\/wp-json\/wp\/v2\/media\/4689"}],"wp:attachment":[{"href":"https:\/\/www.his.puc-rio.br\/en\/wp-json\/wp\/v2\/media?parent=4688"}],"wp:term":[{"taxonomy":"category","embeddable":true,"href":"https:\/\/www.his.puc-rio.br\/en\/wp-json\/wp\/v2\/categories?post=4688"},{"taxonomy":"post_tag","embeddable":true,"href":"https:\/\/www.his.puc-rio.br\/en\/wp-json\/wp\/v2\/tags?post=4688"}],"curies":[{"name":"wp","href":"https:\/\/api.w.org\/{rel}","templated":true}]}}