{"id":4763,"date":"2024-11-29T08:40:01","date_gmt":"2024-11-29T11:40:01","guid":{"rendered":"http:\/\/www.his.puc-rio.br\/pb\/?p=4763"},"modified":"2024-11-29T08:40:01","modified_gmt":"2024-11-29T11:40:01","slug":"lancamento-coletivo-de-livros-sobre-a-historia-social-do-trabalho-na-america-latina-e-no-caribe","status":"publish","type":"post","link":"https:\/\/www.his.puc-rio.br\/en\/portugues-lancamento-coletivo-de-livros-sobre-a-historia-social-do-trabalho-na-america-latina-e-no-caribe\/","title":{"rendered":"(Portugu\u00eas) Lan\u00e7amento coletivo de livros sobre a hist\u00f3ria social do trabalho na Am\u00e9rica Latina e no Caribe"},"content":{"rendered":"<p class=\"qtranxs-available-languages-message qtranxs-available-languages-message-en\">Sorry, this entry is only available in <a href=\"https:\/\/www.his.puc-rio.br\/pb\/wp-json\/wp\/v2\/posts\/4763\" class=\"qtranxs-available-language-link qtranxs-available-language-link-pb\" title=\"Portugu\u00eas\">Portugu\u00eas<\/a>.<\/p><p><\/p>\n<div class=\"xdj266r x11i5rnm xat24cr x1mh8g0r x1vvkbs x126k92a\">\n<h5 dir=\"auto\"><span style=\"color: #000000;\">Venha para o lan\u00e7amento coletivo de livros sobre a hist\u00f3ria social do trabalho na Am\u00e9rica Latina e no Caribe! <span class=\"html-span xexx8yu x4uap5 x18d9i69 xkhd6sd x1hl2dhg x16tdsg8 x1vvkbs x3nfvp2 x1j61x8r x1fcty0u xdj266r xat24cr xgzva0m xhhsvwb xxymvpz xlup9mm x1kky2od\"><img loading=\"lazy\" decoding=\"async\" class=\"xz74otr\" src=\"https:\/\/static.xx.fbcdn.net\/images\/emoji.php\/v9\/t9e\/1\/16\/1f4d6.png\" alt=\"&#x1f4d6;\" width=\"16\" height=\"16\" \/><\/span><\/span><\/h5>\n<\/div>\n<div dir=\"auto\"><span style=\"color: #000000;\"><span class=\"html-span xexx8yu x4uap5 x18d9i69 xkhd6sd x1hl2dhg x16tdsg8 x1vvkbs x3nfvp2 x1j61x8r x1fcty0u xdj266r xat24cr xgzva0m xhhsvwb xxymvpz xlup9mm x1kky2od\"><img loading=\"lazy\" decoding=\"async\" class=\"xz74otr\" src=\"https:\/\/static.xx.fbcdn.net\/images\/emoji.php\/v9\/t7e\/1\/16\/1f4c5.png\" alt=\"&#x1f4c5;\" width=\"16\" height=\"16\" \/><\/span> Data: 29 de novembro<\/span><\/div>\n<div dir=\"auto\"><span style=\"color: #000000;\"><span class=\"html-span xexx8yu x4uap5 x18d9i69 xkhd6sd x1hl2dhg x16tdsg8 x1vvkbs x3nfvp2 x1j61x8r x1fcty0u xdj266r xat24cr xgzva0m xhhsvwb xxymvpz xlup9mm x1kky2od\"><img loading=\"lazy\" decoding=\"async\" class=\"xz74otr\" src=\"https:\/\/static.xx.fbcdn.net\/images\/emoji.php\/v9\/taa\/1\/16\/1f552.png\" alt=\"&#x1f552;\" width=\"16\" height=\"16\" \/><\/span> Hora: 14:00<\/span><\/div>\n<div dir=\"auto\"><span style=\"color: #000000;\"><span class=\"html-span xexx8yu x4uap5 x18d9i69 xkhd6sd x1hl2dhg x16tdsg8 x1vvkbs x3nfvp2 x1j61x8r x1fcty0u xdj266r xat24cr xgzva0m xhhsvwb xxymvpz xlup9mm x1kky2od\"><img loading=\"lazy\" decoding=\"async\" class=\"xz74otr\" src=\"https:\/\/static.xx.fbcdn.net\/images\/emoji.php\/v9\/t2d\/1\/16\/1f4cd.png\" alt=\"&#x1f4cd;\" width=\"16\" height=\"16\" \/><\/span> Local: Edif\u00edcio Cardeal Frings, Sala F301A, PUC-Rio<\/span><\/div>\n<div dir=\"auto\"><span style=\"color: #000000;\">Livros apresentados:<\/span><\/div>\n<div dir=\"auto\"><span style=\"color: #000000;\">1. Los Mundos del Trabajo: Sociabilidad, resistencias y vidas en movimiento \u2013 Organizadores: <span class=\"html-span xdj266r x11i5rnm xat24cr x1mh8g0r xexx8yu x4uap5 x18d9i69 xkhd6sd x1hl2dhg x16tdsg8 x1vvkbs\"><a class=\"x1i10hfl xjbqb8w x1ejq31n xd10rxx x1sy0etr x17r0tee x972fbf xcfux6l x1qhh985 xm0m39n x9f619 x1ypdohk xt0psk2 xe8uvvx xdj266r x11i5rnm xat24cr x1mh8g0r xexx8yu x4uap5 x18d9i69 xkhd6sd x16tdsg8 x1hl2dhg xggy1nq x1a2a7pz x1sur9pj xkrqix3 x1fey0fg x1s688f\" style=\"color: #000000;\" tabindex=\"0\" role=\"link\" href=\"https:\/\/l.facebook.com\/l.php?u=https%3A%2F%2Fwww.instagram.com%2F_u%2Ffidelrodve%3Ffbclid%3DIwZXh0bgNhZW0CMTAAAR1_S1PsakiN_eTQFEx3d5mK-5jLZwAAtc38rgvf6GiFViVLTNt34cNKyfs_aem_bfc5SaL-pSQ3ibJO0789qw&amp;h=AT2LAlGpBU7SMzZrP2sejoc18nI4m7NiRoF_srIDERnBUkZ-M-dNmPW8Pyjqbb-hxKVWx9z6Rz6WSgJdidgHmTZ8Y-5v12XsxpJHMlxjfuZEmOsWjAAMhug6XfO3v-3VwulN&amp;__tn__=-UK-R&amp;c[0]=AT3lOi4F98wP91ohF0PFPJ68UPr17EZnBhYVl3MMMoUvR7dplZb0Z_t-AeoKnLO8JeMrSa1LfyhAHSZtkGEAkAx6FERhxVDU9vsARcwV7BL2rEoFhLy2vxyYzZeR4d0S4mRKDnzpSU660f1tcdFfWCLDPmb5W2MIKn2Em419vLDzAbsRXBO_D4_QkR4yhOe00QuUNRyURL1ei7hro0QZV4gQEiM\" target=\"_blank\" rel=\"nofollow noopener noreferrer\"><span style=\"color: #0000ff;\">@fidelrodve<\/span><\/a><\/span> , Julimar Mora Silva e Maria Elena Meneses Muro.<span class=\"html-span xdj266r x11i5rnm xat24cr x1mh8g0r xexx8yu x4uap5 x18d9i69 xkhd6sd x1hl2dhg x16tdsg8 x1vvkbs\" style=\"color: #0000ff;\"> <a class=\"x1i10hfl xjbqb8w x1ejq31n xd10rxx x1sy0etr x17r0tee x972fbf xcfux6l x1qhh985 xm0m39n x9f619 x1ypdohk xt0psk2 xe8uvvx xdj266r x11i5rnm xat24cr x1mh8g0r xexx8yu x4uap5 x18d9i69 xkhd6sd x16tdsg8 x1hl2dhg xggy1nq x1a2a7pz x1sur9pj xkrqix3 x1fey0fg x1s688f\" style=\"color: #0000ff;\" tabindex=\"0\" role=\"link\" href=\"https:\/\/l.facebook.com\/l.php?u=https%3A%2F%2Fwww.instagram.com%2F_u%2Fsigloxximex%3Ffbclid%3DIwZXh0bgNhZW0CMTAAAR06lgKfiblkOWAdfnYNdlq95T7O3ONNe8vP1w-s81_HVHvEbf_k-PAgouU_aem_UqA4wtut-wi9a6AUNbjyzQ&amp;h=AT2rHxTrrQ0W8_xr4iFOtkNi6LTRtBpsezU2b-NimWxNFCfDwKZZTpKOMj4_xTy9AxArIHw8f-Usmz69k_2aT318yHoMf3epGnt_uh3lE-K18KnDFnzBncGEGb2HyhyiTVMv&amp;__tn__=-UK-R&amp;c[0]=AT3lOi4F98wP91ohF0PFPJ68UPr17EZnBhYVl3MMMoUvR7dplZb0Z_t-AeoKnLO8JeMrSa1LfyhAHSZtkGEAkAx6FERhxVDU9vsARcwV7BL2rEoFhLy2vxyYzZeR4d0S4mRKDnzpSU660f1tcdFfWCLDPmb5W2MIKn2Em419vLDzAbsRXBO_D4_QkR4yhOe00QuUNRyURL1ei7hro0QZV4gQEiM\" target=\"_blank\" rel=\"nofollow noopener noreferrer\">@sigloxximex<\/a><\/span><\/span><\/div>\n<div dir=\"auto\"><span style=\"color: #000000;\">2. El Blanqueamiento de la Fuerza de trabajo en Santa Fe: Transformaciones demogr\u00e1ficas y laborales durante la segunda mitad del siglo XIX \u2014 Autor: <span class=\"html-span xdj266r x11i5rnm xat24cr x1mh8g0r xexx8yu x4uap5 x18d9i69 xkhd6sd x1hl2dhg x16tdsg8 x1vvkbs\"><a class=\"x1i10hfl xjbqb8w x1ejq31n xd10rxx x1sy0etr x17r0tee x972fbf xcfux6l x1qhh985 xm0m39n x9f619 x1ypdohk xt0psk2 xe8uvvx xdj266r x11i5rnm xat24cr x1mh8g0r xexx8yu x4uap5 x18d9i69 xkhd6sd x16tdsg8 x1hl2dhg xggy1nq x1a2a7pz x1sur9pj xkrqix3 x1fey0fg x1s688f\" style=\"color: #000000;\" tabindex=\"0\" role=\"link\" href=\"https:\/\/www.instagram.com\/_u\/arielviol.a?fbclid=IwZXh0bgNhZW0CMTAAAR1LXqncZRPIZSQMct7pGSNHJddLW6LPHPJPD9mWmQCiJZWFRjIOoyOUCSI_aem_i4BKYf48cHTtpk78JERGdg\" target=\"_blank\" rel=\"nofollow noopener noreferrer\"><span style=\"color: #0000ff;\">@arielviol.a<\/span><\/a><\/span> \u2014 <span class=\"html-span xdj266r x11i5rnm xat24cr x1mh8g0r xexx8yu x4uap5 x18d9i69 xkhd6sd x1hl2dhg x16tdsg8 x1vvkbs\" style=\"color: #0000ff;\"><a class=\"x1i10hfl xjbqb8w x1ejq31n xd10rxx x1sy0etr x17r0tee x972fbf xcfux6l x1qhh985 xm0m39n x9f619 x1ypdohk xt0psk2 xe8uvvx xdj266r x11i5rnm xat24cr x1mh8g0r xexx8yu x4uap5 x18d9i69 xkhd6sd x16tdsg8 x1hl2dhg xggy1nq x1a2a7pz x1sur9pj xkrqix3 x1fey0fg x1s688f\" style=\"color: #0000ff;\" tabindex=\"0\" role=\"link\" href=\"https:\/\/l.facebook.com\/l.php?u=https%3A%2F%2Fwww.instagram.com%2F_u%2Fprohistoriaediciones%3Ffbclid%3DIwZXh0bgNhZW0CMTAAAR2ZLaEkf37gnQ3upqyYwX9HQIrqMZFNy4Ft5EJPN5aQ4pHnl-FDZsGk2iY_aem_cFvCMTEsCo7cZB-TXeEy1A&amp;h=AT3Yt-c19ObjmRX43sWC3CJgs2bfC0aWaoiMtCJxlkFoMW4crFNCrlXtOi7rfhnOIkmeKhyFVXMjQ5BttQlNxnNuCEX5FcGQeOAbgNGO7MxFIe4F-SoIhHyIYY012ITRh4uj&amp;__tn__=-UK-R&amp;c[0]=AT3lOi4F98wP91ohF0PFPJ68UPr17EZnBhYVl3MMMoUvR7dplZb0Z_t-AeoKnLO8JeMrSa1LfyhAHSZtkGEAkAx6FERhxVDU9vsARcwV7BL2rEoFhLy2vxyYzZeR4d0S4mRKDnzpSU660f1tcdFfWCLDPmb5W2MIKn2Em419vLDzAbsRXBO_D4_QkR4yhOe00QuUNRyURL1ei7hro0QZV4gQEiM\" target=\"_blank\" rel=\"nofollow noopener noreferrer\">@prohistoriaediciones<\/a><\/span><\/span><\/div>\n<div dir=\"auto\"><span style=\"color: #000000;\">3. Tem Pano para Manga: Hist\u00f3rias do trabalho t\u00eaxtil no Brasil \u2013 Organizadores: Felipe Ribeiro, Ju\u00e7ara Mello e Lucas Porto. <span class=\"html-span xdj266r x11i5rnm xat24cr x1mh8g0r xexx8yu x4uap5 x18d9i69 xkhd6sd x1hl2dhg x16tdsg8 x1vvkbs\" style=\"color: #0000ff;\"><a class=\"x1i10hfl xjbqb8w x1ejq31n xd10rxx x1sy0etr x17r0tee x972fbf xcfux6l x1qhh985 xm0m39n x9f619 x1ypdohk xt0psk2 xe8uvvx xdj266r x11i5rnm xat24cr x1mh8g0r xexx8yu x4uap5 x18d9i69 xkhd6sd x16tdsg8 x1hl2dhg xggy1nq x1a2a7pz x1sur9pj xkrqix3 x1fey0fg x1s688f\" style=\"color: #0000ff;\" tabindex=\"0\" role=\"link\" href=\"https:\/\/l.facebook.com\/l.php?u=https%3A%2F%2Fwww.instagram.com%2F_u%2Fpacoeditorial%3Ffbclid%3DIwZXh0bgNhZW0CMTAAAR2msmGxJDvaj_FjSwAtMnN_lFsvtBIJBEHawdLFCs4c0G5DQyXKuOwLSFg_aem_gD3Us0QTR6MmcX_bsV_57g&amp;h=AT3BeIwGVRaM8fC9CJtwRRZusol6qHnUAfzGc3iYQlRtMCSrmAOEUNyV260dzDTYngVGBHX9l9rERtb116oLFfex6iz-gTT8FNVN4Z_paB6ufmZqtOxgtg1_jziaJBgcuskj&amp;__tn__=-UK-R&amp;c[0]=AT3lOi4F98wP91ohF0PFPJ68UPr17EZnBhYVl3MMMoUvR7dplZb0Z_t-AeoKnLO8JeMrSa1LfyhAHSZtkGEAkAx6FERhxVDU9vsARcwV7BL2rEoFhLy2vxyYzZeR4d0S4mRKDnzpSU660f1tcdFfWCLDPmb5W2MIKn2Em419vLDzAbsRXBO_D4_QkR4yhOe00QuUNRyURL1ei7hro0QZV4gQEiM\" target=\"_blank\" rel=\"nofollow noopener noreferrer\">@pacoeditorial<\/a><\/span><\/span><\/div>\n<div class=\"x11i5rnm xat24cr x1mh8g0r x1vvkbs xtlvy1s x126k92a\">\n<h5 dir=\"auto\"><span class=\"html-span xdj266r x11i5rnm xat24cr x1mh8g0r xexx8yu x4uap5 x18d9i69 xkhd6sd x1hl2dhg x16tdsg8 x1vvkbs\" style=\"color: #0000ff;\"><a class=\"x1i10hfl xjbqb8w x1ejq31n xd10rxx x1sy0etr x17r0tee x972fbf xcfux6l x1qhh985 xm0m39n x9f619 x1ypdohk xt0psk2 xe8uvvx xdj266r x11i5rnm xat24cr x1mh8g0r xexx8yu x4uap5 x18d9i69 xkhd6sd x16tdsg8 x1hl2dhg xggy1nq x1a2a7pz x1sur9pj xkrqix3 x1fey0fg x1s688f\" style=\"color: #0000ff;\" tabindex=\"0\" role=\"link\" href=\"https:\/\/l.facebook.com\/l.php?u=https%3A%2F%2Fwww.instagram.com%2F_u%2Fpucrio.oficial%3Ffbclid%3DIwZXh0bgNhZW0CMTAAAR1_S1PsakiN_eTQFEx3d5mK-5jLZwAAtc38rgvf6GiFViVLTNt34cNKyfs_aem_bfc5SaL-pSQ3ibJO0789qw&amp;h=AT2doZKLKpVfLTtHe__4ax13uaf8UCwmFY9Xml8PQO4S4jYUtLIM2YD-yR3LUYOhCOAEil-qpk9SBzp33rDDxT5Ea41PkwYd6c0rxM22m-7P56OzrMmFlQJ4hi5drlr3gllc&amp;__tn__=-UK-R&amp;c[0]=AT3lOi4F98wP91ohF0PFPJ68UPr17EZnBhYVl3MMMoUvR7dplZb0Z_t-AeoKnLO8JeMrSa1LfyhAHSZtkGEAkAx6FERhxVDU9vsARcwV7BL2rEoFhLy2vxyYzZeR4d0S4mRKDnzpSU660f1tcdFfWCLDPmb5W2MIKn2Em419vLDzAbsRXBO_D4_QkR4yhOe00QuUNRyURL1ei7hro0QZV4gQEiM\" target=\"_blank\" rel=\"nofollow noopener noreferrer\">@pucrio.oficial<\/a><\/span><\/h5>\n<\/div>\n<p><\/p>","protected":false},"excerpt":{"rendered":"<p>Sorry, this entry is only available in Portugu\u00eas. Venha para o lan\u00e7amento coletivo de livros sobre a hist\u00f3ria social do trabalho na Am\u00e9rica Latina e no Caribe! Data: 29 de novembro Hora: 14:00 Local: Edif\u00edcio Cardeal Frings, Sala F301A, PUC-Rio<a class=\"moretag\" href=\"https:\/\/www.his.puc-rio.br\/en\/portugues-lancamento-coletivo-de-livros-sobre-a-historia-social-do-trabalho-na-america-latina-e-no-caribe\/\">&#8230;<\/a><\/br><a href=\"https:\/\/www.his.puc-rio.br\/en\/portugues-lancamento-coletivo-de-livros-sobre-a-historia-social-do-trabalho-na-america-latina-e-no-caribe\/\" class=\"read-more\">Leia mais..  <span class=\"glyphicon glyphicon-chevron-right\" ><\/span><\/a><\/p>\n","protected":false},"author":1,"featured_media":4762,"comment_status":"closed","ping_status":"open","sticky":false,"template":"","format":"standard","meta":{"footnotes":""},"categories":[1],"tags":[],"yoast_head":"<!-- This site is optimized with the Yoast SEO plugin v23.5 - https:\/\/yoast.com\/wordpress\/plugins\/seo\/ -->\n<title>(Portugu\u00eas) Lan\u00e7amento coletivo de livros sobre a hist\u00f3ria social do trabalho na Am\u00e9rica Latina e no Caribe - Departamento de Hist\u00f3ria da PUC-Rio<\/title>\n<meta name=\"robots\" content=\"index, follow, max-snippet:-1, max-image-preview:large, max-video-preview:-1\" \/>\n<link rel=\"canonical\" href=\"http:\/\/www.his.puc-rio.br\/en\/lancamento-coletivo-de-livros-sobre-a-historia-social-do-trabalho-na-america-latina-e-no-caribe\/\" \/>\n<meta property=\"og:locale\" content=\"en_US\" \/>\n<meta property=\"og:type\" content=\"article\" \/>\n<meta property=\"og:title\" content=\"(Portugu\u00eas) Lan\u00e7amento coletivo de livros sobre a hist\u00f3ria social do trabalho na Am\u00e9rica Latina e no Caribe - Departamento de Hist\u00f3ria da PUC-Rio\" \/>\n<meta property=\"og:description\" content=\"Sorry, this entry is only available in Portugu\u00eas. Venha para o lan\u00e7amento coletivo de livros sobre a hist\u00f3ria social do trabalho na Am\u00e9rica Latina e no Caribe! Data: 29 de novembro Hora: 14:00 Local: Edif\u00edcio Cardeal Frings, Sala F301A, PUC-Rio...Leia mais..\" \/>\n<meta property=\"og:url\" content=\"http:\/\/www.his.puc-rio.br\/en\/lancamento-coletivo-de-livros-sobre-a-historia-social-do-trabalho-na-america-latina-e-no-caribe\/\" \/>\n<meta property=\"og:site_name\" content=\"Departamento de Hist\u00f3ria da PUC-Rio\" \/>\n<meta property=\"article:published_time\" content=\"2024-11-29T11:40:01+00:00\" \/>\n<meta property=\"og:image\" content=\"http:\/\/www.his.puc-rio.br\/wp-content\/uploads\/Lanc\u0327amento-de-llivros.-profe.-Fidel-site_.jpg\" \/>\n\t<meta property=\"og:image:width\" content=\"1836\" \/>\n\t<meta property=\"og:image:height\" content=\"1000\" \/>\n\t<meta property=\"og:image:type\" content=\"image\/jpeg\" \/>\n<meta name=\"author\" content=\"dephist\" \/>\n<meta name=\"twitter:card\" content=\"summary_large_image\" \/>\n<meta name=\"twitter:label1\" content=\"Written by\" \/>\n\t<meta name=\"twitter:data1\" content=\"dephist\" \/>\n\t<meta name=\"twitter:label2\" content=\"Est. reading time\" \/>\n\t<meta name=\"twitter:data2\" content=\"2 minutes\" \/>\n<script type=\"application\/ld+json\" class=\"yoast-schema-graph\">{\"@context\":\"https:\/\/schema.org\",\"@graph\":[{\"@type\":\"WebPage\",\"@id\":\"http:\/\/www.his.puc-rio.br\/en\/lancamento-coletivo-de-livros-sobre-a-historia-social-do-trabalho-na-america-latina-e-no-caribe\/\",\"url\":\"http:\/\/www.his.puc-rio.br\/en\/lancamento-coletivo-de-livros-sobre-a-historia-social-do-trabalho-na-america-latina-e-no-caribe\/\",\"name\":\"(Portugu\u00eas) Lan\u00e7amento coletivo de livros sobre a hist\u00f3ria social do trabalho na Am\u00e9rica Latina e no Caribe - Departamento de Hist\u00f3ria da PUC-Rio\",\"isPartOf\":{\"@id\":\"http:\/\/www.his.puc-rio.br\/en\/#website\"},\"primaryImageOfPage\":{\"@id\":\"http:\/\/www.his.puc-rio.br\/en\/lancamento-coletivo-de-livros-sobre-a-historia-social-do-trabalho-na-america-latina-e-no-caribe\/#primaryimage\"},\"image\":{\"@id\":\"http:\/\/www.his.puc-rio.br\/pb\/lancamento-coletivo-de-livros-sobre-a-historia-social-do-trabalho-na-america-latina-e-no-caribe\/#primaryimage\"},\"thumbnailUrl\":\"https:\/\/www.his.puc-rio.br\/wp-content\/uploads\/Lanc\u0327amento-de-llivros.-profe.-Fidel-site_.jpg\",\"datePublished\":\"2024-11-29T11:40:01+00:00\",\"dateModified\":\"2024-11-29T11:40:01+00:00\",\"author\":{\"@id\":\"http:\/\/www.his.puc-rio.br\/pb\/#\/schema\/person\/9e54900224aae47fd486e7013a22647b\"},\"breadcrumb\":{\"@id\":\"http:\/\/www.his.puc-rio.br\/en\/lancamento-coletivo-de-livros-sobre-a-historia-social-do-trabalho-na-america-latina-e-no-caribe\/#breadcrumb\"},\"inLanguage\":\"en-US\",\"potentialAction\":[{\"@type\":\"ReadAction\",\"target\":[[\"http:\/\/www.his.puc-rio.br\/en\/lancamento-coletivo-de-livros-sobre-a-historia-social-do-trabalho-na-america-latina-e-no-caribe\/\"]]}]},{\"@type\":\"ImageObject\",\"inLanguage\":\"en-US\",\"@id\":\"http:\/\/www.his.puc-rio.br\/en\/lancamento-coletivo-de-livros-sobre-a-historia-social-do-trabalho-na-america-latina-e-no-caribe\/#primaryimage\",\"url\":\"https:\/\/www.his.puc-rio.br\/wp-content\/uploads\/Lanc\u0327amento-de-llivros.-profe.-Fidel-site_.jpg\",\"contentUrl\":\"https:\/\/www.his.puc-rio.br\/wp-content\/uploads\/Lanc\u0327amento-de-llivros.-profe.-Fidel-site_.jpg\",\"width\":1836,\"height\":1000},{\"@type\":\"BreadcrumbList\",\"@id\":\"http:\/\/www.his.puc-rio.br\/en\/lancamento-coletivo-de-livros-sobre-a-historia-social-do-trabalho-na-america-latina-e-no-caribe\/#breadcrumb\",\"itemListElement\":[{\"@type\":\"ListItem\",\"position\":1,\"name\":\"In\u00edcio\",\"item\":\"http:\/\/www.his.puc-rio.br\/en\/\"},{\"@type\":\"ListItem\",\"position\":2,\"name\":\"Lan\u00e7amento coletivo de livros sobre a hist\u00f3ria social do trabalho na Am\u00e9rica Latina e no Caribe\"}]},{\"@type\":\"WebSite\",\"@id\":\"http:\/\/www.his.puc-rio.br\/en\/#website\",\"url\":\"http:\/\/www.his.puc-rio.br\/en\/\",\"name\":\"Departamento de Hist\u00f3ria da PUC-Rio\",\"description\":\"Cursos de Gradua\u00e7\u00e3o, P\u00f3s-gradua\u00e7\u00e3o, Mestrado e Doutorado\",\"potentialAction\":[{\"@type\":\"SearchAction\",\"target\":{\"@type\":\"EntryPoint\",\"urlTemplate\":\"http:\/\/www.his.puc-rio.br\/en\/?s={search_term_string}\"},\"query-input\":{\"@type\":\"PropertyValueSpecification\",\"valueRequired\":true,\"valueName\":\"search_term_string\"}}],\"inLanguage\":\"en-US\"},{\"@type\":\"Person\",\"@id\":\"http:\/\/www.his.puc-rio.br\/pb\/#\/schema\/person\/9e54900224aae47fd486e7013a22647b\",\"name\":\"dephist\",\"image\":{\"@type\":\"ImageObject\",\"inLanguage\":\"en-US\",\"@id\":\"http:\/\/www.his.puc-rio.br\/en\/#\/schema\/person\/image\/\",\"url\":\"https:\/\/secure.gravatar.com\/avatar\/bf2683cb6927d5fdbed7881a4ee37199?s=96&d=mm&r=g\",\"contentUrl\":\"https:\/\/secure.gravatar.com\/avatar\/bf2683cb6927d5fdbed7881a4ee37199?s=96&d=mm&r=g\",\"caption\":\"dephist\"},\"url\":\"https:\/\/www.his.puc-rio.br\/en\/author\/dephist\/\"}]}<\/script>\n<!-- \/ Yoast SEO plugin. -->","yoast_head_json":{"title":"(Portugu\u00eas) Lan\u00e7amento coletivo de livros sobre a hist\u00f3ria social do trabalho na Am\u00e9rica Latina e no Caribe - Departamento de Hist\u00f3ria da PUC-Rio","robots":{"index":"index","follow":"follow","max-snippet":"max-snippet:-1","max-image-preview":"max-image-preview:large","max-video-preview":"max-video-preview:-1"},"canonical":"http:\/\/www.his.puc-rio.br\/en\/lancamento-coletivo-de-livros-sobre-a-historia-social-do-trabalho-na-america-latina-e-no-caribe\/","og_locale":"en_US","og_type":"article","og_title":"(Portugu\u00eas) Lan\u00e7amento coletivo de livros sobre a hist\u00f3ria social do trabalho na Am\u00e9rica Latina e no Caribe - Departamento de Hist\u00f3ria da PUC-Rio","og_description":"Sorry, this entry is only available in Portugu\u00eas. Venha para o lan\u00e7amento coletivo de livros sobre a hist\u00f3ria social do trabalho na Am\u00e9rica Latina e no Caribe! Data: 29 de novembro Hora: 14:00 Local: Edif\u00edcio Cardeal Frings, Sala F301A, PUC-Rio...Leia mais..","og_url":"http:\/\/www.his.puc-rio.br\/en\/lancamento-coletivo-de-livros-sobre-a-historia-social-do-trabalho-na-america-latina-e-no-caribe\/","og_site_name":"Departamento de Hist\u00f3ria da PUC-Rio","article_published_time":"2024-11-29T11:40:01+00:00","og_image":[{"width":1836,"height":1000,"url":"http:\/\/www.his.puc-rio.br\/wp-content\/uploads\/Lanc\u0327amento-de-llivros.-profe.-Fidel-site_.jpg","type":"image\/jpeg"}],"author":"dephist","twitter_card":"summary_large_image","twitter_misc":{"Written by":"dephist","Est. reading time":"2 minutes"},"schema":{"@context":"https:\/\/schema.org","@graph":[{"@type":"WebPage","@id":"http:\/\/www.his.puc-rio.br\/en\/lancamento-coletivo-de-livros-sobre-a-historia-social-do-trabalho-na-america-latina-e-no-caribe\/","url":"http:\/\/www.his.puc-rio.br\/en\/lancamento-coletivo-de-livros-sobre-a-historia-social-do-trabalho-na-america-latina-e-no-caribe\/","name":"(Portugu\u00eas) Lan\u00e7amento coletivo de livros sobre a hist\u00f3ria social do trabalho na Am\u00e9rica Latina e no Caribe - Departamento de Hist\u00f3ria da PUC-Rio","isPartOf":{"@id":"http:\/\/www.his.puc-rio.br\/en\/#website"},"primaryImageOfPage":{"@id":"http:\/\/www.his.puc-rio.br\/en\/lancamento-coletivo-de-livros-sobre-a-historia-social-do-trabalho-na-america-latina-e-no-caribe\/#primaryimage"},"image":{"@id":"http:\/\/www.his.puc-rio.br\/pb\/lancamento-coletivo-de-livros-sobre-a-historia-social-do-trabalho-na-america-latina-e-no-caribe\/#primaryimage"},"thumbnailUrl":"https:\/\/www.his.puc-rio.br\/wp-content\/uploads\/Lanc\u0327amento-de-llivros.-profe.-Fidel-site_.jpg","datePublished":"2024-11-29T11:40:01+00:00","dateModified":"2024-11-29T11:40:01+00:00","author":{"@id":"http:\/\/www.his.puc-rio.br\/pb\/#\/schema\/person\/9e54900224aae47fd486e7013a22647b"},"breadcrumb":{"@id":"http:\/\/www.his.puc-rio.br\/en\/lancamento-coletivo-de-livros-sobre-a-historia-social-do-trabalho-na-america-latina-e-no-caribe\/#breadcrumb"},"inLanguage":"en-US","potentialAction":[{"@type":"ReadAction","target":[["http:\/\/www.his.puc-rio.br\/en\/lancamento-coletivo-de-livros-sobre-a-historia-social-do-trabalho-na-america-latina-e-no-caribe\/"]]}]},{"@type":"ImageObject","inLanguage":"en-US","@id":"http:\/\/www.his.puc-rio.br\/en\/lancamento-coletivo-de-livros-sobre-a-historia-social-do-trabalho-na-america-latina-e-no-caribe\/#primaryimage","url":"https:\/\/www.his.puc-rio.br\/wp-content\/uploads\/Lanc\u0327amento-de-llivros.-profe.-Fidel-site_.jpg","contentUrl":"https:\/\/www.his.puc-rio.br\/wp-content\/uploads\/Lanc\u0327amento-de-llivros.-profe.-Fidel-site_.jpg","width":1836,"height":1000},{"@type":"BreadcrumbList","@id":"http:\/\/www.his.puc-rio.br\/en\/lancamento-coletivo-de-livros-sobre-a-historia-social-do-trabalho-na-america-latina-e-no-caribe\/#breadcrumb","itemListElement":[{"@type":"ListItem","position":1,"name":"In\u00edcio","item":"http:\/\/www.his.puc-rio.br\/en\/"},{"@type":"ListItem","position":2,"name":"Lan\u00e7amento coletivo de livros sobre a hist\u00f3ria social do trabalho na Am\u00e9rica Latina e no Caribe"}]},{"@type":"WebSite","@id":"http:\/\/www.his.puc-rio.br\/en\/#website","url":"http:\/\/www.his.puc-rio.br\/en\/","name":"Departamento de Hist\u00f3ria da PUC-Rio","description":"Cursos de Gradua\u00e7\u00e3o, P\u00f3s-gradua\u00e7\u00e3o, Mestrado e Doutorado","potentialAction":[{"@type":"SearchAction","target":{"@type":"EntryPoint","urlTemplate":"http:\/\/www.his.puc-rio.br\/en\/?s={search_term_string}"},"query-input":{"@type":"PropertyValueSpecification","valueRequired":true,"valueName":"search_term_string"}}],"inLanguage":"en-US"},{"@type":"Person","@id":"http:\/\/www.his.puc-rio.br\/pb\/#\/schema\/person\/9e54900224aae47fd486e7013a22647b","name":"dephist","image":{"@type":"ImageObject","inLanguage":"en-US","@id":"http:\/\/www.his.puc-rio.br\/en\/#\/schema\/person\/image\/","url":"https:\/\/secure.gravatar.com\/avatar\/bf2683cb6927d5fdbed7881a4ee37199?s=96&d=mm&r=g","contentUrl":"https:\/\/secure.gravatar.com\/avatar\/bf2683cb6927d5fdbed7881a4ee37199?s=96&d=mm&r=g","caption":"dephist"},"url":"https:\/\/www.his.puc-rio.br\/en\/author\/dephist\/"}]}},"jetpack_featured_media_url":"https:\/\/www.his.puc-rio.br\/wp-content\/uploads\/Lanc\u0327amento-de-llivros.-profe.-Fidel-site_.jpg","_links":{"self":[{"href":"https:\/\/www.his.puc-rio.br\/en\/wp-json\/wp\/v2\/posts\/4763"}],"collection":[{"href":"https:\/\/www.his.puc-rio.br\/en\/wp-json\/wp\/v2\/posts"}],"about":[{"href":"https:\/\/www.his.puc-rio.br\/en\/wp-json\/wp\/v2\/types\/post"}],"author":[{"embeddable":true,"href":"https:\/\/www.his.puc-rio.br\/en\/wp-json\/wp\/v2\/users\/1"}],"replies":[{"embeddable":true,"href":"https:\/\/www.his.puc-rio.br\/en\/wp-json\/wp\/v2\/comments?post=4763"}],"version-history":[{"count":1,"href":"https:\/\/www.his.puc-rio.br\/en\/wp-json\/wp\/v2\/posts\/4763\/revisions"}],"predecessor-version":[{"id":4764,"href":"https:\/\/www.his.puc-rio.br\/en\/wp-json\/wp\/v2\/posts\/4763\/revisions\/4764"}],"wp:featuredmedia":[{"embeddable":true,"href":"https:\/\/www.his.puc-rio.br\/en\/wp-json\/wp\/v2\/media\/4762"}],"wp:attachment":[{"href":"https:\/\/www.his.puc-rio.br\/en\/wp-json\/wp\/v2\/media?parent=4763"}],"wp:term":[{"taxonomy":"category","embeddable":true,"href":"https:\/\/www.his.puc-rio.br\/en\/wp-json\/wp\/v2\/categories?post=4763"},{"taxonomy":"post_tag","embeddable":true,"href":"https:\/\/www.his.puc-rio.br\/en\/wp-json\/wp\/v2\/tags?post=4763"}],"curies":[{"name":"wp","href":"https:\/\/api.w.org\/{rel}","templated":true}]}}