{"id":4881,"date":"2025-06-09T08:58:38","date_gmt":"2025-06-09T11:58:38","guid":{"rendered":"http:\/\/www.his.puc-rio.br\/pb\/?p=4881"},"modified":"2025-06-09T08:59:01","modified_gmt":"2025-06-09T11:59:01","slug":"seminario-o-ensaio-fronteiras-entre-literatura-e-ciencias-humanas","status":"publish","type":"post","link":"https:\/\/www.his.puc-rio.br\/en\/portugues-seminario-o-ensaio-fronteiras-entre-literatura-e-ciencias-humanas\/","title":{"rendered":"(Portugu\u00eas) Semin\u00e1rio &#8211; O Ensaio: Fronteiras entre literatura e ci\u00eancias humanas"},"content":{"rendered":"<p class=\"qtranxs-available-languages-message qtranxs-available-languages-message-en\">Sorry, this entry is only available in <a href=\"https:\/\/www.his.puc-rio.br\/pb\/wp-json\/wp\/v2\/posts\/4881\" class=\"qtranxs-available-language-link qtranxs-available-language-link-pb\" title=\"Portugu\u00eas\">Portugu\u00eas<\/a>.<\/p><p><span style=\"color: #000000;\">O Departamento de Hist\u00f3ria e o Laborat\u00f3rio de Teoria, Historiografia e Hist\u00f3ria Intelectual convidam para o evento:<\/span><\/p>\n<p><span style=\"color: #000000;\"><strong>O Ensaio: Fronteiras entre literatura e ci\u00eancias humanas<\/strong><\/span><\/p>\n<p><span style=\"color: #000000;\">O evento analisar\u00e1 o ensaio como forma expressiva, valorizando seu aspecto interdisciplinar e existencial, te\u00f3rico e epistemol\u00f3gico. Ao se materializar como forma abrangente de dialogar com a realidade social, cultural e espiritual, o ensaio tamb\u00e9m franqueia as fronteiras das ci\u00eancias humanas, da literatura e da filosofia.<\/span><\/p>\n<p><span style=\"color: #000000;\"><strong>Dia<\/strong>: 13 de junho de 2025<\/span><\/p>\n<p><span style=\"color: #000000;\"><strong>Local<\/strong>: PUC-Rio, Edif\u00edcio Frings, sala F302<\/span><\/p>\n<p><span style=\"color: #000000;\"><strong>Confer\u00eancia de abertura<\/strong>: Jacyntho Lins Brand\u00e3o (UFMG)-11h-12h30: Nas origens do ensaio: o que e o como.<\/span><\/p>\n<p><span style=\"color: #000000;\"><strong>Mesa 1: Ensaio e historicidade<\/strong> &#8211; 14:00 -15:40: Glaucia Villas B\u00f4as, Felipe Charbel (UFRJ), Francine Iegelski (UFF).<\/span><\/p>\n<p><span style=\"color: #000000;\">Coffee-break<\/span><\/p>\n<p><span style=\"color: #000000;\"><strong>Mesa 2: Perspectivas da filosofia brasileira<\/strong> -16:00 -17:40: Pedro Duarte (PUC-Rio), Jessica Di Chiara, Augusto de Carvalho (UNIRIO)<\/span><\/p>\n<p><span style=\"color: #000000;\"><strong>Organizadores<\/strong>: Manuela Fantinato (UNIRIO), Tomaz de Tassis (PUC-Rio)<\/span><br \/>\n<span style=\"color: #000000;\"><strong>Financiamento<\/strong>: CAPES-PIPD<\/span><\/p>\n<p>&nbsp;<\/p>","protected":false},"excerpt":{"rendered":"<p>Sorry, this entry is only available in Portugu\u00eas.O Departamento de Hist\u00f3ria e o Laborat\u00f3rio de Teoria, Historiografia e Hist\u00f3ria Intelectual convidam para o evento: O Ensaio: Fronteiras entre literatura e ci\u00eancias humanas O evento analisar\u00e1 o ensaio como forma expressiva,<a class=\"moretag\" href=\"https:\/\/www.his.puc-rio.br\/en\/portugues-seminario-o-ensaio-fronteiras-entre-literatura-e-ciencias-humanas\/\">&#8230;<\/a><\/br><a href=\"https:\/\/www.his.puc-rio.br\/en\/portugues-seminario-o-ensaio-fronteiras-entre-literatura-e-ciencias-humanas\/\" class=\"read-more\">Leia mais..  <span class=\"glyphicon glyphicon-chevron-right\" ><\/span><\/a><\/p>\n","protected":false},"author":1,"featured_media":4880,"comment_status":"closed","ping_status":"open","sticky":false,"template":"","format":"standard","meta":{"footnotes":""},"categories":[1],"tags":[],"yoast_head":"<!-- This site is optimized with the Yoast SEO plugin v23.5 - https:\/\/yoast.com\/wordpress\/plugins\/seo\/ -->\n<title>(Portugu\u00eas) Semin\u00e1rio - O Ensaio: Fronteiras entre literatura e ci\u00eancias humanas - Departamento de Hist\u00f3ria da PUC-Rio<\/title>\n<meta name=\"robots\" content=\"index, follow, max-snippet:-1, max-image-preview:large, max-video-preview:-1\" \/>\n<link rel=\"canonical\" href=\"http:\/\/www.his.puc-rio.br\/en\/seminario-o-ensaio-fronteiras-entre-literatura-e-ciencias-humanas\/\" \/>\n<meta property=\"og:locale\" content=\"en_US\" \/>\n<meta property=\"og:type\" content=\"article\" \/>\n<meta property=\"og:title\" content=\"(Portugu\u00eas) Semin\u00e1rio - O Ensaio: Fronteiras entre literatura e ci\u00eancias humanas - Departamento de Hist\u00f3ria da PUC-Rio\" \/>\n<meta property=\"og:description\" content=\"Sorry, this entry is only available in Portugu\u00eas.O Departamento de Hist\u00f3ria e o Laborat\u00f3rio de Teoria, Historiografia e Hist\u00f3ria Intelectual convidam para o evento: O Ensaio: Fronteiras entre literatura e ci\u00eancias humanas O evento analisar\u00e1 o ensaio como forma expressiva,...Leia mais..\" \/>\n<meta property=\"og:url\" content=\"http:\/\/www.his.puc-rio.br\/en\/seminario-o-ensaio-fronteiras-entre-literatura-e-ciencias-humanas\/\" \/>\n<meta property=\"og:site_name\" content=\"Departamento de Hist\u00f3ria da PUC-Rio\" \/>\n<meta property=\"article:published_time\" content=\"2025-06-09T11:58:38+00:00\" \/>\n<meta property=\"article:modified_time\" content=\"2025-06-09T11:59:01+00:00\" \/>\n<meta property=\"og:image\" content=\"http:\/\/www.his.puc-rio.br\/wp-content\/uploads\/Cartaz-Prof.-Henrique-Site.png\" \/>\n\t<meta property=\"og:image:width\" content=\"7667\" \/>\n\t<meta property=\"og:image:height\" content=\"4184\" \/>\n\t<meta property=\"og:image:type\" content=\"image\/png\" \/>\n<meta name=\"author\" content=\"dephist\" \/>\n<meta name=\"twitter:card\" content=\"summary_large_image\" \/>\n<meta name=\"twitter:label1\" content=\"Written by\" \/>\n\t<meta name=\"twitter:data1\" content=\"dephist\" \/>\n\t<meta name=\"twitter:label2\" content=\"Est. reading time\" \/>\n\t<meta name=\"twitter:data2\" content=\"1 minute\" \/>\n<script type=\"application\/ld+json\" class=\"yoast-schema-graph\">{\"@context\":\"https:\/\/schema.org\",\"@graph\":[{\"@type\":\"WebPage\",\"@id\":\"http:\/\/www.his.puc-rio.br\/en\/seminario-o-ensaio-fronteiras-entre-literatura-e-ciencias-humanas\/\",\"url\":\"http:\/\/www.his.puc-rio.br\/en\/seminario-o-ensaio-fronteiras-entre-literatura-e-ciencias-humanas\/\",\"name\":\"(Portugu\u00eas) Semin\u00e1rio - O Ensaio: Fronteiras entre literatura e ci\u00eancias humanas - Departamento de Hist\u00f3ria da PUC-Rio\",\"isPartOf\":{\"@id\":\"http:\/\/www.his.puc-rio.br\/en\/#website\"},\"primaryImageOfPage\":{\"@id\":\"http:\/\/www.his.puc-rio.br\/en\/seminario-o-ensaio-fronteiras-entre-literatura-e-ciencias-humanas\/#primaryimage\"},\"image\":{\"@id\":\"http:\/\/www.his.puc-rio.br\/pb\/seminario-o-ensaio-fronteiras-entre-literatura-e-ciencias-humanas\/#primaryimage\"},\"thumbnailUrl\":\"https:\/\/www.his.puc-rio.br\/wp-content\/uploads\/Cartaz-Prof.-Henrique-Site.png\",\"datePublished\":\"2025-06-09T11:58:38+00:00\",\"dateModified\":\"2025-06-09T11:59:01+00:00\",\"author\":{\"@id\":\"http:\/\/www.his.puc-rio.br\/pb\/#\/schema\/person\/9e54900224aae47fd486e7013a22647b\"},\"breadcrumb\":{\"@id\":\"http:\/\/www.his.puc-rio.br\/en\/seminario-o-ensaio-fronteiras-entre-literatura-e-ciencias-humanas\/#breadcrumb\"},\"inLanguage\":\"en-US\",\"potentialAction\":[{\"@type\":\"ReadAction\",\"target\":[[\"http:\/\/www.his.puc-rio.br\/en\/seminario-o-ensaio-fronteiras-entre-literatura-e-ciencias-humanas\/\"]]}]},{\"@type\":\"ImageObject\",\"inLanguage\":\"en-US\",\"@id\":\"http:\/\/www.his.puc-rio.br\/en\/seminario-o-ensaio-fronteiras-entre-literatura-e-ciencias-humanas\/#primaryimage\",\"url\":\"https:\/\/www.his.puc-rio.br\/wp-content\/uploads\/Cartaz-Prof.-Henrique-Site.png\",\"contentUrl\":\"https:\/\/www.his.puc-rio.br\/wp-content\/uploads\/Cartaz-Prof.-Henrique-Site.png\",\"width\":7667,\"height\":4184},{\"@type\":\"BreadcrumbList\",\"@id\":\"http:\/\/www.his.puc-rio.br\/en\/seminario-o-ensaio-fronteiras-entre-literatura-e-ciencias-humanas\/#breadcrumb\",\"itemListElement\":[{\"@type\":\"ListItem\",\"position\":1,\"name\":\"In\u00edcio\",\"item\":\"http:\/\/www.his.puc-rio.br\/en\/\"},{\"@type\":\"ListItem\",\"position\":2,\"name\":\"Semin\u00e1rio &#8211; O Ensaio: Fronteiras entre literatura e ci\u00eancias humanas\"}]},{\"@type\":\"WebSite\",\"@id\":\"http:\/\/www.his.puc-rio.br\/en\/#website\",\"url\":\"http:\/\/www.his.puc-rio.br\/en\/\",\"name\":\"Departamento de Hist\u00f3ria da PUC-Rio\",\"description\":\"Cursos de Gradua\u00e7\u00e3o, P\u00f3s-gradua\u00e7\u00e3o, Mestrado e Doutorado\",\"potentialAction\":[{\"@type\":\"SearchAction\",\"target\":{\"@type\":\"EntryPoint\",\"urlTemplate\":\"http:\/\/www.his.puc-rio.br\/en\/?s={search_term_string}\"},\"query-input\":{\"@type\":\"PropertyValueSpecification\",\"valueRequired\":true,\"valueName\":\"search_term_string\"}}],\"inLanguage\":\"en-US\"},{\"@type\":\"Person\",\"@id\":\"http:\/\/www.his.puc-rio.br\/pb\/#\/schema\/person\/9e54900224aae47fd486e7013a22647b\",\"name\":\"dephist\",\"image\":{\"@type\":\"ImageObject\",\"inLanguage\":\"en-US\",\"@id\":\"http:\/\/www.his.puc-rio.br\/en\/#\/schema\/person\/image\/\",\"url\":\"https:\/\/secure.gravatar.com\/avatar\/bf2683cb6927d5fdbed7881a4ee37199?s=96&d=mm&r=g\",\"contentUrl\":\"https:\/\/secure.gravatar.com\/avatar\/bf2683cb6927d5fdbed7881a4ee37199?s=96&d=mm&r=g\",\"caption\":\"dephist\"},\"url\":\"https:\/\/www.his.puc-rio.br\/en\/author\/dephist\/\"}]}<\/script>\n<!-- \/ Yoast SEO plugin. -->","yoast_head_json":{"title":"(Portugu\u00eas) Semin\u00e1rio - O Ensaio: Fronteiras entre literatura e ci\u00eancias humanas - Departamento de Hist\u00f3ria da PUC-Rio","robots":{"index":"index","follow":"follow","max-snippet":"max-snippet:-1","max-image-preview":"max-image-preview:large","max-video-preview":"max-video-preview:-1"},"canonical":"http:\/\/www.his.puc-rio.br\/en\/seminario-o-ensaio-fronteiras-entre-literatura-e-ciencias-humanas\/","og_locale":"en_US","og_type":"article","og_title":"(Portugu\u00eas) Semin\u00e1rio - O Ensaio: Fronteiras entre literatura e ci\u00eancias humanas - Departamento de Hist\u00f3ria da PUC-Rio","og_description":"Sorry, this entry is only available in Portugu\u00eas.O Departamento de Hist\u00f3ria e o Laborat\u00f3rio de Teoria, Historiografia e Hist\u00f3ria Intelectual convidam para o evento: O Ensaio: Fronteiras entre literatura e ci\u00eancias humanas O evento analisar\u00e1 o ensaio como forma expressiva,...Leia mais..","og_url":"http:\/\/www.his.puc-rio.br\/en\/seminario-o-ensaio-fronteiras-entre-literatura-e-ciencias-humanas\/","og_site_name":"Departamento de Hist\u00f3ria da PUC-Rio","article_published_time":"2025-06-09T11:58:38+00:00","article_modified_time":"2025-06-09T11:59:01+00:00","og_image":[{"width":7667,"height":4184,"url":"http:\/\/www.his.puc-rio.br\/wp-content\/uploads\/Cartaz-Prof.-Henrique-Site.png","type":"image\/png"}],"author":"dephist","twitter_card":"summary_large_image","twitter_misc":{"Written by":"dephist","Est. reading time":"1 minute"},"schema":{"@context":"https:\/\/schema.org","@graph":[{"@type":"WebPage","@id":"http:\/\/www.his.puc-rio.br\/en\/seminario-o-ensaio-fronteiras-entre-literatura-e-ciencias-humanas\/","url":"http:\/\/www.his.puc-rio.br\/en\/seminario-o-ensaio-fronteiras-entre-literatura-e-ciencias-humanas\/","name":"(Portugu\u00eas) Semin\u00e1rio - O Ensaio: Fronteiras entre literatura e ci\u00eancias humanas - Departamento de Hist\u00f3ria da PUC-Rio","isPartOf":{"@id":"http:\/\/www.his.puc-rio.br\/en\/#website"},"primaryImageOfPage":{"@id":"http:\/\/www.his.puc-rio.br\/en\/seminario-o-ensaio-fronteiras-entre-literatura-e-ciencias-humanas\/#primaryimage"},"image":{"@id":"http:\/\/www.his.puc-rio.br\/pb\/seminario-o-ensaio-fronteiras-entre-literatura-e-ciencias-humanas\/#primaryimage"},"thumbnailUrl":"https:\/\/www.his.puc-rio.br\/wp-content\/uploads\/Cartaz-Prof.-Henrique-Site.png","datePublished":"2025-06-09T11:58:38+00:00","dateModified":"2025-06-09T11:59:01+00:00","author":{"@id":"http:\/\/www.his.puc-rio.br\/pb\/#\/schema\/person\/9e54900224aae47fd486e7013a22647b"},"breadcrumb":{"@id":"http:\/\/www.his.puc-rio.br\/en\/seminario-o-ensaio-fronteiras-entre-literatura-e-ciencias-humanas\/#breadcrumb"},"inLanguage":"en-US","potentialAction":[{"@type":"ReadAction","target":[["http:\/\/www.his.puc-rio.br\/en\/seminario-o-ensaio-fronteiras-entre-literatura-e-ciencias-humanas\/"]]}]},{"@type":"ImageObject","inLanguage":"en-US","@id":"http:\/\/www.his.puc-rio.br\/en\/seminario-o-ensaio-fronteiras-entre-literatura-e-ciencias-humanas\/#primaryimage","url":"https:\/\/www.his.puc-rio.br\/wp-content\/uploads\/Cartaz-Prof.-Henrique-Site.png","contentUrl":"https:\/\/www.his.puc-rio.br\/wp-content\/uploads\/Cartaz-Prof.-Henrique-Site.png","width":7667,"height":4184},{"@type":"BreadcrumbList","@id":"http:\/\/www.his.puc-rio.br\/en\/seminario-o-ensaio-fronteiras-entre-literatura-e-ciencias-humanas\/#breadcrumb","itemListElement":[{"@type":"ListItem","position":1,"name":"In\u00edcio","item":"http:\/\/www.his.puc-rio.br\/en\/"},{"@type":"ListItem","position":2,"name":"Semin\u00e1rio &#8211; O Ensaio: Fronteiras entre literatura e ci\u00eancias humanas"}]},{"@type":"WebSite","@id":"http:\/\/www.his.puc-rio.br\/en\/#website","url":"http:\/\/www.his.puc-rio.br\/en\/","name":"Departamento de Hist\u00f3ria da PUC-Rio","description":"Cursos de Gradua\u00e7\u00e3o, P\u00f3s-gradua\u00e7\u00e3o, Mestrado e Doutorado","potentialAction":[{"@type":"SearchAction","target":{"@type":"EntryPoint","urlTemplate":"http:\/\/www.his.puc-rio.br\/en\/?s={search_term_string}"},"query-input":{"@type":"PropertyValueSpecification","valueRequired":true,"valueName":"search_term_string"}}],"inLanguage":"en-US"},{"@type":"Person","@id":"http:\/\/www.his.puc-rio.br\/pb\/#\/schema\/person\/9e54900224aae47fd486e7013a22647b","name":"dephist","image":{"@type":"ImageObject","inLanguage":"en-US","@id":"http:\/\/www.his.puc-rio.br\/en\/#\/schema\/person\/image\/","url":"https:\/\/secure.gravatar.com\/avatar\/bf2683cb6927d5fdbed7881a4ee37199?s=96&d=mm&r=g","contentUrl":"https:\/\/secure.gravatar.com\/avatar\/bf2683cb6927d5fdbed7881a4ee37199?s=96&d=mm&r=g","caption":"dephist"},"url":"https:\/\/www.his.puc-rio.br\/en\/author\/dephist\/"}]}},"jetpack_featured_media_url":"https:\/\/www.his.puc-rio.br\/wp-content\/uploads\/Cartaz-Prof.-Henrique-Site.png","_links":{"self":[{"href":"https:\/\/www.his.puc-rio.br\/en\/wp-json\/wp\/v2\/posts\/4881"}],"collection":[{"href":"https:\/\/www.his.puc-rio.br\/en\/wp-json\/wp\/v2\/posts"}],"about":[{"href":"https:\/\/www.his.puc-rio.br\/en\/wp-json\/wp\/v2\/types\/post"}],"author":[{"embeddable":true,"href":"https:\/\/www.his.puc-rio.br\/en\/wp-json\/wp\/v2\/users\/1"}],"replies":[{"embeddable":true,"href":"https:\/\/www.his.puc-rio.br\/en\/wp-json\/wp\/v2\/comments?post=4881"}],"version-history":[{"count":1,"href":"https:\/\/www.his.puc-rio.br\/en\/wp-json\/wp\/v2\/posts\/4881\/revisions"}],"predecessor-version":[{"id":4882,"href":"https:\/\/www.his.puc-rio.br\/en\/wp-json\/wp\/v2\/posts\/4881\/revisions\/4882"}],"wp:featuredmedia":[{"embeddable":true,"href":"https:\/\/www.his.puc-rio.br\/en\/wp-json\/wp\/v2\/media\/4880"}],"wp:attachment":[{"href":"https:\/\/www.his.puc-rio.br\/en\/wp-json\/wp\/v2\/media?parent=4881"}],"wp:term":[{"taxonomy":"category","embeddable":true,"href":"https:\/\/www.his.puc-rio.br\/en\/wp-json\/wp\/v2\/categories?post=4881"},{"taxonomy":"post_tag","embeddable":true,"href":"https:\/\/www.his.puc-rio.br\/en\/wp-json\/wp\/v2\/tags?post=4881"}],"curies":[{"name":"wp","href":"https:\/\/api.w.org\/{rel}","templated":true}]}}