{"id":509,"date":"2016-05-31T16:27:22","date_gmt":"2016-05-31T19:27:22","guid":{"rendered":"http:\/\/wwwt.his.puc-rio.br\/his\/?p=509"},"modified":"2016-05-31T16:27:22","modified_gmt":"2016-05-31T19:27:22","slug":"historia-as-sextas","status":"publish","type":"post","link":"https:\/\/www.his.puc-rio.br\/en\/historia-as-sextas\/","title":{"rendered":"&#8220;Hist\u00f3ria \u00e0s Sextas&#8221;"},"content":{"rendered":"<p><span style=\"font-size: 10.0pt;font-family: 'Verdana','sans-serif';color: #333333\">O Programa &#8220;Hist\u00f3ria \u00e0s Sextas&#8221; do Departamento de Hist\u00f3ria da PUC-Rio convida para a palestra: Autorretrato, mem\u00f3ria e hist\u00f3ria: os di\u00e1rios de uma &#8220;<em><span style=\"font-family: 'Verdana','sans-serif'\">femme des lettres<\/span><\/em>&#8221; pelos sal\u00f5es liter\u00e1rios de Paris.<\/span><\/p>\n<p>Autorretrato, mem\u00f3ria e hist\u00f3ria: os di\u00e1rios de uma &#8220;<em>femme des lettres<\/em>&#8221; pelos sal\u00f5es liter\u00e1rios de Paris<\/p>\n<p>Catherine Pozzi foi uma <em>femme des lettres<\/em> que circulava pelos sal\u00f5es liter\u00e1rios da Paris dos anos 1920 e 1930, amiga e interlocutora de intelectuais, romancistas e poetas como J. Benda, J. Paulhan, Colette, R. M Rilke, E. R. Curtius e P. Val\u00e9ry, com quem viveu uma longa e dif\u00edcil rela\u00e7\u00e3o amorosa. C. Pozzi deixou cerca de quarenta cadernos em que retrata seu cotidiano, onde discuss\u00f5es intelectuais e filos\u00f3ficas disputam espa\u00e7o com interesses, ego\u00edsmos e vaidades. Embora sua vida tenha sido sofrida e cativante, o que move esse estudo \u00e9 a inclina\u00e7\u00e3o reflexiva com que ela comp\u00f5e seu di\u00e1rio, transformando-o em um autorretrato em que a busca de entendimento de si ressoa uma preocupa\u00e7\u00e3o com o universal. Como parte de uma agenda de pesquisa mais ampla, essa apresenta\u00e7\u00e3o se focar\u00e1 em analisar e comentar como o autorretrato de Pozzi ganha a forma de um destino (metaf\u00f3rico): o naufr\u00e1gio.<\/p>\n<p>Palestrante: Aline Magalh\u00e3es Pinto (P\u00f3s-doutoranda no Departamento de Hist\u00f3ria da PUC-Rio)<\/p>\n<p>Dia\/hor\u00e1rio: 03 de junho, sexta-feira, 11-13hs<\/p>\n<p>Local: PUC-Rio, sala F 502<\/p>\n","protected":false},"excerpt":{"rendered":"<p>O Programa &#8220;Hist\u00f3ria \u00e0s Sextas&#8221; do Departamento de Hist\u00f3ria da PUC-Rio convida para a palestra: Autorretrato, mem\u00f3ria e hist\u00f3ria: os di\u00e1rios de uma &#8220;femme des lettres&#8221; pelos sal\u00f5es liter\u00e1rios de Paris. Autorretrato, mem\u00f3ria e hist\u00f3ria: os di\u00e1rios de uma &#8220;femme<a class=\"moretag\" href=\"https:\/\/www.his.puc-rio.br\/en\/historia-as-sextas\/\">&#8230;<\/a><\/br><a href=\"https:\/\/www.his.puc-rio.br\/en\/historia-as-sextas\/\" class=\"read-more\">Leia mais..  <span class=\"glyphicon glyphicon-chevron-right\" ><\/span><\/a><\/p>\n","protected":false},"author":2,"featured_media":510,"comment_status":"open","ping_status":"open","sticky":false,"template":"","format":"standard","meta":{"footnotes":""},"categories":[1],"tags":[],"yoast_head":"<!-- This site is optimized with the Yoast SEO plugin v23.5 - https:\/\/yoast.com\/wordpress\/plugins\/seo\/ -->\n<title>&quot;Hist\u00f3ria \u00e0s Sextas&quot; - Departamento de Hist\u00f3ria da PUC-Rio<\/title>\n<meta name=\"robots\" content=\"index, follow, max-snippet:-1, max-image-preview:large, max-video-preview:-1\" \/>\n<link rel=\"canonical\" href=\"https:\/\/www.his.puc-rio.br\/en\/historia-as-sextas\/\" \/>\n<meta property=\"og:locale\" content=\"en_US\" \/>\n<meta property=\"og:type\" content=\"article\" \/>\n<meta property=\"og:title\" content=\"&quot;Hist\u00f3ria \u00e0s Sextas&quot; - Departamento de Hist\u00f3ria da PUC-Rio\" \/>\n<meta property=\"og:description\" content=\"O Programa &#8220;Hist\u00f3ria \u00e0s Sextas&#8221; do Departamento de Hist\u00f3ria da PUC-Rio convida para a palestra: Autorretrato, mem\u00f3ria e hist\u00f3ria: os di\u00e1rios de uma &#8220;femme des lettres&#8221; pelos sal\u00f5es liter\u00e1rios de Paris. Autorretrato, mem\u00f3ria e hist\u00f3ria: os di\u00e1rios de uma &#8220;femme...Leia mais..\" \/>\n<meta property=\"og:url\" content=\"https:\/\/www.his.puc-rio.br\/en\/historia-as-sextas\/\" \/>\n<meta property=\"og:site_name\" content=\"Departamento de Hist\u00f3ria da PUC-Rio\" \/>\n<meta property=\"article:published_time\" content=\"2016-05-31T19:27:22+00:00\" \/>\n<meta property=\"og:image\" content=\"https:\/\/www.his.puc-rio.br\/wp-content\/uploads\/pozzi.jpg\" \/>\n\t<meta property=\"og:image:width\" content=\"1920\" \/>\n\t<meta property=\"og:image:height\" content=\"1080\" \/>\n\t<meta property=\"og:image:type\" content=\"image\/jpeg\" \/>\n<meta name=\"author\" content=\"Departamento Hist\u00f3ria\" \/>\n<meta name=\"twitter:card\" content=\"summary_large_image\" \/>\n<meta name=\"twitter:label1\" content=\"Written by\" \/>\n\t<meta name=\"twitter:data1\" content=\"Departamento Hist\u00f3ria\" \/>\n\t<meta name=\"twitter:label2\" content=\"Est. reading time\" \/>\n\t<meta name=\"twitter:data2\" content=\"1 minute\" \/>\n<script type=\"application\/ld+json\" class=\"yoast-schema-graph\">{\"@context\":\"https:\/\/schema.org\",\"@graph\":[{\"@type\":\"WebPage\",\"@id\":\"https:\/\/www.his.puc-rio.br\/en\/historia-as-sextas\/\",\"url\":\"https:\/\/www.his.puc-rio.br\/en\/historia-as-sextas\/\",\"name\":\"\\\"Hist\u00f3ria \u00e0s Sextas\\\" - Departamento de Hist\u00f3ria da PUC-Rio\",\"isPartOf\":{\"@id\":\"http:\/\/www.his.puc-rio.br\/en\/#website\"},\"primaryImageOfPage\":{\"@id\":\"https:\/\/www.his.puc-rio.br\/en\/historia-as-sextas\/#primaryimage\"},\"image\":{\"@id\":\"https:\/\/www.his.puc-rio.br\/en\/historia-as-sextas\/#primaryimage\"},\"thumbnailUrl\":\"https:\/\/www.his.puc-rio.br\/wp-content\/uploads\/pozzi.jpg\",\"datePublished\":\"2016-05-31T19:27:22+00:00\",\"dateModified\":\"2016-05-31T19:27:22+00:00\",\"author\":{\"@id\":\"http:\/\/www.his.puc-rio.br\/pb\/#\/schema\/person\/fec65e4856898a103cfe1fecf09d7ff1\"},\"breadcrumb\":{\"@id\":\"https:\/\/www.his.puc-rio.br\/en\/historia-as-sextas\/#breadcrumb\"},\"inLanguage\":\"en-US\",\"potentialAction\":[{\"@type\":\"ReadAction\",\"target\":[[\"https:\/\/www.his.puc-rio.br\/en\/historia-as-sextas\/\"]]}]},{\"@type\":\"ImageObject\",\"inLanguage\":\"en-US\",\"@id\":\"https:\/\/www.his.puc-rio.br\/en\/historia-as-sextas\/#primaryimage\",\"url\":\"https:\/\/www.his.puc-rio.br\/wp-content\/uploads\/pozzi.jpg\",\"contentUrl\":\"https:\/\/www.his.puc-rio.br\/wp-content\/uploads\/pozzi.jpg\",\"width\":1920,\"height\":1080},{\"@type\":\"BreadcrumbList\",\"@id\":\"https:\/\/www.his.puc-rio.br\/en\/historia-as-sextas\/#breadcrumb\",\"itemListElement\":[{\"@type\":\"ListItem\",\"position\":1,\"name\":\"In\u00edcio\",\"item\":\"http:\/\/www.his.puc-rio.br\/en\/\"},{\"@type\":\"ListItem\",\"position\":2,\"name\":\"&#8220;Hist\u00f3ria \u00e0s Sextas&#8221;\"}]},{\"@type\":\"WebSite\",\"@id\":\"http:\/\/www.his.puc-rio.br\/en\/#website\",\"url\":\"http:\/\/www.his.puc-rio.br\/en\/\",\"name\":\"Departamento de Hist\u00f3ria da PUC-Rio\",\"description\":\"Cursos de Gradua\u00e7\u00e3o, P\u00f3s-gradua\u00e7\u00e3o, Mestrado e Doutorado\",\"potentialAction\":[{\"@type\":\"SearchAction\",\"target\":{\"@type\":\"EntryPoint\",\"urlTemplate\":\"http:\/\/www.his.puc-rio.br\/en\/?s={search_term_string}\"},\"query-input\":{\"@type\":\"PropertyValueSpecification\",\"valueRequired\":true,\"valueName\":\"search_term_string\"}}],\"inLanguage\":\"en-US\"},{\"@type\":\"Person\",\"@id\":\"http:\/\/www.his.puc-rio.br\/pb\/#\/schema\/person\/fec65e4856898a103cfe1fecf09d7ff1\",\"name\":\"Departamento Hist\u00f3ria\",\"image\":{\"@type\":\"ImageObject\",\"inLanguage\":\"en-US\",\"@id\":\"http:\/\/www.his.puc-rio.br\/en\/#\/schema\/person\/image\/\",\"url\":\"https:\/\/secure.gravatar.com\/avatar\/1f3f33ef2549017af2aff6bf0a341d4c?s=96&d=mm&r=g\",\"contentUrl\":\"https:\/\/secure.gravatar.com\/avatar\/1f3f33ef2549017af2aff6bf0a341d4c?s=96&d=mm&r=g\",\"caption\":\"Departamento Hist\u00f3ria\"},\"url\":\"https:\/\/www.his.puc-rio.br\/en\/author\/dephistoria\/\"}]}<\/script>\n<!-- \/ Yoast SEO plugin. -->","yoast_head_json":{"title":"\"Hist\u00f3ria \u00e0s Sextas\" - Departamento de Hist\u00f3ria da PUC-Rio","robots":{"index":"index","follow":"follow","max-snippet":"max-snippet:-1","max-image-preview":"max-image-preview:large","max-video-preview":"max-video-preview:-1"},"canonical":"https:\/\/www.his.puc-rio.br\/en\/historia-as-sextas\/","og_locale":"en_US","og_type":"article","og_title":"\"Hist\u00f3ria \u00e0s Sextas\" - Departamento de Hist\u00f3ria da PUC-Rio","og_description":"O Programa &#8220;Hist\u00f3ria \u00e0s Sextas&#8221; do Departamento de Hist\u00f3ria da PUC-Rio convida para a palestra: Autorretrato, mem\u00f3ria e hist\u00f3ria: os di\u00e1rios de uma &#8220;femme des lettres&#8221; pelos sal\u00f5es liter\u00e1rios de Paris. Autorretrato, mem\u00f3ria e hist\u00f3ria: os di\u00e1rios de uma &#8220;femme...Leia mais..","og_url":"https:\/\/www.his.puc-rio.br\/en\/historia-as-sextas\/","og_site_name":"Departamento de Hist\u00f3ria da PUC-Rio","article_published_time":"2016-05-31T19:27:22+00:00","og_image":[{"width":1920,"height":1080,"url":"https:\/\/www.his.puc-rio.br\/wp-content\/uploads\/pozzi.jpg","type":"image\/jpeg"}],"author":"Departamento Hist\u00f3ria","twitter_card":"summary_large_image","twitter_misc":{"Written by":"Departamento Hist\u00f3ria","Est. reading time":"1 minute"},"schema":{"@context":"https:\/\/schema.org","@graph":[{"@type":"WebPage","@id":"https:\/\/www.his.puc-rio.br\/en\/historia-as-sextas\/","url":"https:\/\/www.his.puc-rio.br\/en\/historia-as-sextas\/","name":"\"Hist\u00f3ria \u00e0s Sextas\" - Departamento de Hist\u00f3ria da PUC-Rio","isPartOf":{"@id":"http:\/\/www.his.puc-rio.br\/en\/#website"},"primaryImageOfPage":{"@id":"https:\/\/www.his.puc-rio.br\/en\/historia-as-sextas\/#primaryimage"},"image":{"@id":"https:\/\/www.his.puc-rio.br\/en\/historia-as-sextas\/#primaryimage"},"thumbnailUrl":"https:\/\/www.his.puc-rio.br\/wp-content\/uploads\/pozzi.jpg","datePublished":"2016-05-31T19:27:22+00:00","dateModified":"2016-05-31T19:27:22+00:00","author":{"@id":"http:\/\/www.his.puc-rio.br\/pb\/#\/schema\/person\/fec65e4856898a103cfe1fecf09d7ff1"},"breadcrumb":{"@id":"https:\/\/www.his.puc-rio.br\/en\/historia-as-sextas\/#breadcrumb"},"inLanguage":"en-US","potentialAction":[{"@type":"ReadAction","target":[["https:\/\/www.his.puc-rio.br\/en\/historia-as-sextas\/"]]}]},{"@type":"ImageObject","inLanguage":"en-US","@id":"https:\/\/www.his.puc-rio.br\/en\/historia-as-sextas\/#primaryimage","url":"https:\/\/www.his.puc-rio.br\/wp-content\/uploads\/pozzi.jpg","contentUrl":"https:\/\/www.his.puc-rio.br\/wp-content\/uploads\/pozzi.jpg","width":1920,"height":1080},{"@type":"BreadcrumbList","@id":"https:\/\/www.his.puc-rio.br\/en\/historia-as-sextas\/#breadcrumb","itemListElement":[{"@type":"ListItem","position":1,"name":"In\u00edcio","item":"http:\/\/www.his.puc-rio.br\/en\/"},{"@type":"ListItem","position":2,"name":"&#8220;Hist\u00f3ria \u00e0s Sextas&#8221;"}]},{"@type":"WebSite","@id":"http:\/\/www.his.puc-rio.br\/en\/#website","url":"http:\/\/www.his.puc-rio.br\/en\/","name":"Departamento de Hist\u00f3ria da PUC-Rio","description":"Cursos de Gradua\u00e7\u00e3o, P\u00f3s-gradua\u00e7\u00e3o, Mestrado e Doutorado","potentialAction":[{"@type":"SearchAction","target":{"@type":"EntryPoint","urlTemplate":"http:\/\/www.his.puc-rio.br\/en\/?s={search_term_string}"},"query-input":{"@type":"PropertyValueSpecification","valueRequired":true,"valueName":"search_term_string"}}],"inLanguage":"en-US"},{"@type":"Person","@id":"http:\/\/www.his.puc-rio.br\/pb\/#\/schema\/person\/fec65e4856898a103cfe1fecf09d7ff1","name":"Departamento Hist\u00f3ria","image":{"@type":"ImageObject","inLanguage":"en-US","@id":"http:\/\/www.his.puc-rio.br\/en\/#\/schema\/person\/image\/","url":"https:\/\/secure.gravatar.com\/avatar\/1f3f33ef2549017af2aff6bf0a341d4c?s=96&d=mm&r=g","contentUrl":"https:\/\/secure.gravatar.com\/avatar\/1f3f33ef2549017af2aff6bf0a341d4c?s=96&d=mm&r=g","caption":"Departamento Hist\u00f3ria"},"url":"https:\/\/www.his.puc-rio.br\/en\/author\/dephistoria\/"}]}},"jetpack_featured_media_url":"https:\/\/www.his.puc-rio.br\/wp-content\/uploads\/pozzi.jpg","_links":{"self":[{"href":"https:\/\/www.his.puc-rio.br\/en\/wp-json\/wp\/v2\/posts\/509"}],"collection":[{"href":"https:\/\/www.his.puc-rio.br\/en\/wp-json\/wp\/v2\/posts"}],"about":[{"href":"https:\/\/www.his.puc-rio.br\/en\/wp-json\/wp\/v2\/types\/post"}],"author":[{"embeddable":true,"href":"https:\/\/www.his.puc-rio.br\/en\/wp-json\/wp\/v2\/users\/2"}],"replies":[{"embeddable":true,"href":"https:\/\/www.his.puc-rio.br\/en\/wp-json\/wp\/v2\/comments?post=509"}],"version-history":[{"count":1,"href":"https:\/\/www.his.puc-rio.br\/en\/wp-json\/wp\/v2\/posts\/509\/revisions"}],"predecessor-version":[{"id":511,"href":"https:\/\/www.his.puc-rio.br\/en\/wp-json\/wp\/v2\/posts\/509\/revisions\/511"}],"wp:featuredmedia":[{"embeddable":true,"href":"https:\/\/www.his.puc-rio.br\/en\/wp-json\/wp\/v2\/media\/510"}],"wp:attachment":[{"href":"https:\/\/www.his.puc-rio.br\/en\/wp-json\/wp\/v2\/media?parent=509"}],"wp:term":[{"taxonomy":"category","embeddable":true,"href":"https:\/\/www.his.puc-rio.br\/en\/wp-json\/wp\/v2\/categories?post=509"},{"taxonomy":"post_tag","embeddable":true,"href":"https:\/\/www.his.puc-rio.br\/en\/wp-json\/wp\/v2\/tags?post=509"}],"curies":[{"name":"wp","href":"https:\/\/api.w.org\/{rel}","templated":true}]}}