{"id":553,"date":"2016-06-13T11:01:24","date_gmt":"2016-06-13T14:01:24","guid":{"rendered":"http:\/\/wwwt.his.puc-rio.br\/his\/?p=553"},"modified":"2016-06-21T10:43:29","modified_gmt":"2016-06-21T13:43:29","slug":"futuros-presentes-e-violencia-politica","status":"publish","type":"post","link":"https:\/\/www.his.puc-rio.br\/en\/futuros-presentes-e-violencia-politica\/","title":{"rendered":"\u201cFuturos Presentes e Viol\u00eancia Pol\u00edtica\u201d"},"content":{"rendered":"<h2>Palestra com Marcelo Jasmim no F\u00f3rum de Teoria e Hist\u00f3ria da Historiografia<\/h2>\n<p>Quando se acreditava que o tempo era o da repeti\u00e7\u00e3o ou o da circularidade, a hist\u00f3ria teve a fun\u00e7\u00e3o de ensinar atrav\u00e9s dos seus exemplos, guiando os seres humanos no presente de incertezas, dando-lhes alguma seguran\u00e7a pela narrativa das experi\u00eancias de seus antepassados, vitoriosos ou fracassados. Quando se concebeu o tempo como uma linha infinita pela qual escorria uma mudan\u00e7a que deixava o passado para tr\u00e1s, a Hist\u00f3ria foi al\u00e7ada ao patamar de ci\u00eancia da humanidade, ganhou unidade ontol\u00f3gica, dire\u00e7\u00e3o e significado, sendo ent\u00e3o respons\u00e1vel por indicar os caminhos para um futuro por vezes redentor. Sem linha nem c\u00edrculo, o tempo de hoje parece combinar a lat\u00eancia inultrapass\u00e1vel do \u201cb\u00e1rbaro\u201d ou do \u201cprimitivo\u201d \u2013 como ant\u00edpodas do \u201ccivilizado\u201d \u2013 com os raios velozes de uma tecnologia renovada sem fim e sem significado. As muta\u00e7\u00f5es da hist\u00f3ria se d\u00e3o num espa\u00e7o dividido com a mem\u00f3ria e o testemunho, e as tecnologias do registro da imagem inundam o presente de passado, exigindo a nossa aten\u00e7\u00e3o em modos n\u00e3o-convencionais ao historiador<\/p>\n<p>&nbsp;<\/p>\n<p><strong>Local: CPDA\/UFRRJ &#8211;\u00a0 Av. Presidente Vargas, 147 \u2013 6\u00b0andar, sala 201. Centro- Rio de Janeiro<\/strong><\/p>\n<p>Dia 16 de junho, quinta-feira \u00e0s 14:00 horas<\/p>\n","protected":false},"excerpt":{"rendered":"<p>Palestra com Marcelo Jasmim no F\u00f3rum de Teoria e Hist\u00f3ria da Historiografia Quando se acreditava que o tempo era o da repeti\u00e7\u00e3o ou o da circularidade, a hist\u00f3ria teve a fun\u00e7\u00e3o de ensinar atrav\u00e9s dos seus exemplos, guiando os seres<a class=\"moretag\" href=\"https:\/\/www.his.puc-rio.br\/en\/futuros-presentes-e-violencia-politica\/\">&#8230;<\/a><\/br><a href=\"https:\/\/www.his.puc-rio.br\/en\/futuros-presentes-e-violencia-politica\/\" class=\"read-more\">Leia mais..  <span class=\"glyphicon glyphicon-chevron-right\" ><\/span><\/a><\/p>\n","protected":false},"author":2,"featured_media":554,"comment_status":"open","ping_status":"open","sticky":false,"template":"","format":"standard","meta":{"footnotes":""},"categories":[1],"tags":[],"yoast_head":"<!-- This site is optimized with the Yoast SEO plugin v23.5 - https:\/\/yoast.com\/wordpress\/plugins\/seo\/ -->\n<title>\u201cFuturos Presentes e Viol\u00eancia Pol\u00edtica\u201d - Departamento de Hist\u00f3ria da PUC-Rio<\/title>\n<meta name=\"robots\" content=\"index, follow, max-snippet:-1, max-image-preview:large, max-video-preview:-1\" \/>\n<link rel=\"canonical\" href=\"https:\/\/www.his.puc-rio.br\/en\/futuros-presentes-e-violencia-politica\/\" \/>\n<meta property=\"og:locale\" content=\"en_US\" \/>\n<meta property=\"og:type\" content=\"article\" \/>\n<meta property=\"og:title\" content=\"\u201cFuturos Presentes e Viol\u00eancia Pol\u00edtica\u201d - Departamento de Hist\u00f3ria da PUC-Rio\" \/>\n<meta property=\"og:description\" content=\"Palestra com Marcelo Jasmim no F\u00f3rum de Teoria e Hist\u00f3ria da Historiografia Quando se acreditava que o tempo era o da repeti\u00e7\u00e3o ou o da circularidade, a hist\u00f3ria teve a fun\u00e7\u00e3o de ensinar atrav\u00e9s dos seus exemplos, guiando os seres...Leia mais..\" \/>\n<meta property=\"og:url\" content=\"https:\/\/www.his.puc-rio.br\/en\/futuros-presentes-e-violencia-politica\/\" \/>\n<meta property=\"og:site_name\" content=\"Departamento de Hist\u00f3ria da PUC-Rio\" \/>\n<meta property=\"article:published_time\" content=\"2016-06-13T14:01:24+00:00\" \/>\n<meta property=\"article:modified_time\" content=\"2016-06-21T13:43:29+00:00\" \/>\n<meta property=\"og:image\" content=\"https:\/\/www.his.puc-rio.br\/wp-content\/uploads\/jasmin-f\u00f3rum-de-teoria.jpg\" \/>\n\t<meta property=\"og:image:width\" content=\"1920\" \/>\n\t<meta property=\"og:image:height\" content=\"1080\" \/>\n\t<meta property=\"og:image:type\" content=\"image\/jpeg\" \/>\n<meta name=\"author\" content=\"Departamento Hist\u00f3ria\" \/>\n<meta name=\"twitter:card\" content=\"summary_large_image\" \/>\n<meta name=\"twitter:label1\" content=\"Written by\" \/>\n\t<meta name=\"twitter:data1\" content=\"Departamento Hist\u00f3ria\" \/>\n\t<meta name=\"twitter:label2\" content=\"Est. reading time\" \/>\n\t<meta name=\"twitter:data2\" content=\"1 minute\" \/>\n<script type=\"application\/ld+json\" class=\"yoast-schema-graph\">{\"@context\":\"https:\/\/schema.org\",\"@graph\":[{\"@type\":\"WebPage\",\"@id\":\"https:\/\/www.his.puc-rio.br\/en\/futuros-presentes-e-violencia-politica\/\",\"url\":\"https:\/\/www.his.puc-rio.br\/en\/futuros-presentes-e-violencia-politica\/\",\"name\":\"\u201cFuturos Presentes e Viol\u00eancia Pol\u00edtica\u201d - Departamento de Hist\u00f3ria da PUC-Rio\",\"isPartOf\":{\"@id\":\"http:\/\/www.his.puc-rio.br\/en\/#website\"},\"primaryImageOfPage\":{\"@id\":\"https:\/\/www.his.puc-rio.br\/en\/futuros-presentes-e-violencia-politica\/#primaryimage\"},\"image\":{\"@id\":\"https:\/\/www.his.puc-rio.br\/en\/futuros-presentes-e-violencia-politica\/#primaryimage\"},\"thumbnailUrl\":\"https:\/\/www.his.puc-rio.br\/wp-content\/uploads\/jasmin-f\u00f3rum-de-teoria.jpg\",\"datePublished\":\"2016-06-13T14:01:24+00:00\",\"dateModified\":\"2016-06-21T13:43:29+00:00\",\"author\":{\"@id\":\"http:\/\/www.his.puc-rio.br\/pb\/#\/schema\/person\/fec65e4856898a103cfe1fecf09d7ff1\"},\"breadcrumb\":{\"@id\":\"https:\/\/www.his.puc-rio.br\/en\/futuros-presentes-e-violencia-politica\/#breadcrumb\"},\"inLanguage\":\"en-US\",\"potentialAction\":[{\"@type\":\"ReadAction\",\"target\":[[\"https:\/\/www.his.puc-rio.br\/en\/futuros-presentes-e-violencia-politica\/\"]]}]},{\"@type\":\"ImageObject\",\"inLanguage\":\"en-US\",\"@id\":\"https:\/\/www.his.puc-rio.br\/en\/futuros-presentes-e-violencia-politica\/#primaryimage\",\"url\":\"https:\/\/www.his.puc-rio.br\/wp-content\/uploads\/jasmin-f\u00f3rum-de-teoria.jpg\",\"contentUrl\":\"https:\/\/www.his.puc-rio.br\/wp-content\/uploads\/jasmin-f\u00f3rum-de-teoria.jpg\",\"width\":1920,\"height\":1080},{\"@type\":\"BreadcrumbList\",\"@id\":\"https:\/\/www.his.puc-rio.br\/en\/futuros-presentes-e-violencia-politica\/#breadcrumb\",\"itemListElement\":[{\"@type\":\"ListItem\",\"position\":1,\"name\":\"In\u00edcio\",\"item\":\"http:\/\/www.his.puc-rio.br\/en\/\"},{\"@type\":\"ListItem\",\"position\":2,\"name\":\"\u201cFuturos Presentes e Viol\u00eancia Pol\u00edtica\u201d\"}]},{\"@type\":\"WebSite\",\"@id\":\"http:\/\/www.his.puc-rio.br\/en\/#website\",\"url\":\"http:\/\/www.his.puc-rio.br\/en\/\",\"name\":\"Departamento de Hist\u00f3ria da PUC-Rio\",\"description\":\"Cursos de Gradua\u00e7\u00e3o, P\u00f3s-gradua\u00e7\u00e3o, Mestrado e Doutorado\",\"potentialAction\":[{\"@type\":\"SearchAction\",\"target\":{\"@type\":\"EntryPoint\",\"urlTemplate\":\"http:\/\/www.his.puc-rio.br\/en\/?s={search_term_string}\"},\"query-input\":{\"@type\":\"PropertyValueSpecification\",\"valueRequired\":true,\"valueName\":\"search_term_string\"}}],\"inLanguage\":\"en-US\"},{\"@type\":\"Person\",\"@id\":\"http:\/\/www.his.puc-rio.br\/pb\/#\/schema\/person\/fec65e4856898a103cfe1fecf09d7ff1\",\"name\":\"Departamento Hist\u00f3ria\",\"image\":{\"@type\":\"ImageObject\",\"inLanguage\":\"en-US\",\"@id\":\"http:\/\/www.his.puc-rio.br\/en\/#\/schema\/person\/image\/\",\"url\":\"https:\/\/secure.gravatar.com\/avatar\/1f3f33ef2549017af2aff6bf0a341d4c?s=96&d=mm&r=g\",\"contentUrl\":\"https:\/\/secure.gravatar.com\/avatar\/1f3f33ef2549017af2aff6bf0a341d4c?s=96&d=mm&r=g\",\"caption\":\"Departamento Hist\u00f3ria\"},\"url\":\"https:\/\/www.his.puc-rio.br\/en\/author\/dephistoria\/\"}]}<\/script>\n<!-- \/ Yoast SEO plugin. -->","yoast_head_json":{"title":"\u201cFuturos Presentes e Viol\u00eancia Pol\u00edtica\u201d - Departamento de Hist\u00f3ria da PUC-Rio","robots":{"index":"index","follow":"follow","max-snippet":"max-snippet:-1","max-image-preview":"max-image-preview:large","max-video-preview":"max-video-preview:-1"},"canonical":"https:\/\/www.his.puc-rio.br\/en\/futuros-presentes-e-violencia-politica\/","og_locale":"en_US","og_type":"article","og_title":"\u201cFuturos Presentes e Viol\u00eancia Pol\u00edtica\u201d - Departamento de Hist\u00f3ria da PUC-Rio","og_description":"Palestra com Marcelo Jasmim no F\u00f3rum de Teoria e Hist\u00f3ria da Historiografia Quando se acreditava que o tempo era o da repeti\u00e7\u00e3o ou o da circularidade, a hist\u00f3ria teve a fun\u00e7\u00e3o de ensinar atrav\u00e9s dos seus exemplos, guiando os seres...Leia mais..","og_url":"https:\/\/www.his.puc-rio.br\/en\/futuros-presentes-e-violencia-politica\/","og_site_name":"Departamento de Hist\u00f3ria da PUC-Rio","article_published_time":"2016-06-13T14:01:24+00:00","article_modified_time":"2016-06-21T13:43:29+00:00","og_image":[{"width":1920,"height":1080,"url":"https:\/\/www.his.puc-rio.br\/wp-content\/uploads\/jasmin-f\u00f3rum-de-teoria.jpg","type":"image\/jpeg"}],"author":"Departamento Hist\u00f3ria","twitter_card":"summary_large_image","twitter_misc":{"Written by":"Departamento Hist\u00f3ria","Est. reading time":"1 minute"},"schema":{"@context":"https:\/\/schema.org","@graph":[{"@type":"WebPage","@id":"https:\/\/www.his.puc-rio.br\/en\/futuros-presentes-e-violencia-politica\/","url":"https:\/\/www.his.puc-rio.br\/en\/futuros-presentes-e-violencia-politica\/","name":"\u201cFuturos Presentes e Viol\u00eancia Pol\u00edtica\u201d - Departamento de Hist\u00f3ria da PUC-Rio","isPartOf":{"@id":"http:\/\/www.his.puc-rio.br\/en\/#website"},"primaryImageOfPage":{"@id":"https:\/\/www.his.puc-rio.br\/en\/futuros-presentes-e-violencia-politica\/#primaryimage"},"image":{"@id":"https:\/\/www.his.puc-rio.br\/en\/futuros-presentes-e-violencia-politica\/#primaryimage"},"thumbnailUrl":"https:\/\/www.his.puc-rio.br\/wp-content\/uploads\/jasmin-f\u00f3rum-de-teoria.jpg","datePublished":"2016-06-13T14:01:24+00:00","dateModified":"2016-06-21T13:43:29+00:00","author":{"@id":"http:\/\/www.his.puc-rio.br\/pb\/#\/schema\/person\/fec65e4856898a103cfe1fecf09d7ff1"},"breadcrumb":{"@id":"https:\/\/www.his.puc-rio.br\/en\/futuros-presentes-e-violencia-politica\/#breadcrumb"},"inLanguage":"en-US","potentialAction":[{"@type":"ReadAction","target":[["https:\/\/www.his.puc-rio.br\/en\/futuros-presentes-e-violencia-politica\/"]]}]},{"@type":"ImageObject","inLanguage":"en-US","@id":"https:\/\/www.his.puc-rio.br\/en\/futuros-presentes-e-violencia-politica\/#primaryimage","url":"https:\/\/www.his.puc-rio.br\/wp-content\/uploads\/jasmin-f\u00f3rum-de-teoria.jpg","contentUrl":"https:\/\/www.his.puc-rio.br\/wp-content\/uploads\/jasmin-f\u00f3rum-de-teoria.jpg","width":1920,"height":1080},{"@type":"BreadcrumbList","@id":"https:\/\/www.his.puc-rio.br\/en\/futuros-presentes-e-violencia-politica\/#breadcrumb","itemListElement":[{"@type":"ListItem","position":1,"name":"In\u00edcio","item":"http:\/\/www.his.puc-rio.br\/en\/"},{"@type":"ListItem","position":2,"name":"\u201cFuturos Presentes e Viol\u00eancia Pol\u00edtica\u201d"}]},{"@type":"WebSite","@id":"http:\/\/www.his.puc-rio.br\/en\/#website","url":"http:\/\/www.his.puc-rio.br\/en\/","name":"Departamento de Hist\u00f3ria da PUC-Rio","description":"Cursos de Gradua\u00e7\u00e3o, P\u00f3s-gradua\u00e7\u00e3o, Mestrado e Doutorado","potentialAction":[{"@type":"SearchAction","target":{"@type":"EntryPoint","urlTemplate":"http:\/\/www.his.puc-rio.br\/en\/?s={search_term_string}"},"query-input":{"@type":"PropertyValueSpecification","valueRequired":true,"valueName":"search_term_string"}}],"inLanguage":"en-US"},{"@type":"Person","@id":"http:\/\/www.his.puc-rio.br\/pb\/#\/schema\/person\/fec65e4856898a103cfe1fecf09d7ff1","name":"Departamento Hist\u00f3ria","image":{"@type":"ImageObject","inLanguage":"en-US","@id":"http:\/\/www.his.puc-rio.br\/en\/#\/schema\/person\/image\/","url":"https:\/\/secure.gravatar.com\/avatar\/1f3f33ef2549017af2aff6bf0a341d4c?s=96&d=mm&r=g","contentUrl":"https:\/\/secure.gravatar.com\/avatar\/1f3f33ef2549017af2aff6bf0a341d4c?s=96&d=mm&r=g","caption":"Departamento Hist\u00f3ria"},"url":"https:\/\/www.his.puc-rio.br\/en\/author\/dephistoria\/"}]}},"jetpack_featured_media_url":"https:\/\/www.his.puc-rio.br\/wp-content\/uploads\/jasmin-f\u00f3rum-de-teoria.jpg","_links":{"self":[{"href":"https:\/\/www.his.puc-rio.br\/en\/wp-json\/wp\/v2\/posts\/553"}],"collection":[{"href":"https:\/\/www.his.puc-rio.br\/en\/wp-json\/wp\/v2\/posts"}],"about":[{"href":"https:\/\/www.his.puc-rio.br\/en\/wp-json\/wp\/v2\/types\/post"}],"author":[{"embeddable":true,"href":"https:\/\/www.his.puc-rio.br\/en\/wp-json\/wp\/v2\/users\/2"}],"replies":[{"embeddable":true,"href":"https:\/\/www.his.puc-rio.br\/en\/wp-json\/wp\/v2\/comments?post=553"}],"version-history":[{"count":1,"href":"https:\/\/www.his.puc-rio.br\/en\/wp-json\/wp\/v2\/posts\/553\/revisions"}],"predecessor-version":[{"id":555,"href":"https:\/\/www.his.puc-rio.br\/en\/wp-json\/wp\/v2\/posts\/553\/revisions\/555"}],"wp:featuredmedia":[{"embeddable":true,"href":"https:\/\/www.his.puc-rio.br\/en\/wp-json\/wp\/v2\/media\/554"}],"wp:attachment":[{"href":"https:\/\/www.his.puc-rio.br\/en\/wp-json\/wp\/v2\/media?parent=553"}],"wp:term":[{"taxonomy":"category","embeddable":true,"href":"https:\/\/www.his.puc-rio.br\/en\/wp-json\/wp\/v2\/categories?post=553"},{"taxonomy":"post_tag","embeddable":true,"href":"https:\/\/www.his.puc-rio.br\/en\/wp-json\/wp\/v2\/tags?post=553"}],"curies":[{"name":"wp","href":"https:\/\/api.w.org\/{rel}","templated":true}]}}