{"id":724,"date":"2016-10-25T09:19:18","date_gmt":"2016-10-25T11:19:18","guid":{"rendered":"http:\/\/wwwt.his.puc-rio.br\/his\/?p=724"},"modified":"2016-11-04T15:10:02","modified_gmt":"2016-11-04T17:10:02","slug":"figuras-do-pensamento-artes-visuais-teoria-e-poesia-desde-1945","status":"publish","type":"post","link":"https:\/\/www.his.puc-rio.br\/en\/figuras-do-pensamento-artes-visuais-teoria-e-poesia-desde-1945\/","title":{"rendered":"Figuras do Pensamento: artes visuais, teoria e poesia desde 1945"},"content":{"rendered":"<h4><span style=\"color: #000000\">Os departamentos de Hist\u00f3ria e Filosofia, e o Grupo de Pesquisa Arte, Autonomia e Pol\u00edtica convidam para o minicurso de p\u00f3s-gradua\u00e7\u00e3o: Figuras do Pensamento: artes visuais, teoria e poesia desde 1945.<\/span><\/h4>\n<h4><span style=\"color: #000000\">Professor: Ed Kr\u010dma, University of East Anglia (Inglaterra), historiador e cr\u00edtico de arte<\/span><\/h4>\n<h4><span style=\"color: #000000\">Programa:<\/span><br \/>\n<span style=\"color: #000000\"> \u2013 Leg\u00edvel\/Vis\u00edvel: Adorno, Kristeva e teorias da forma po\u00e9tica<\/span><br \/>\n<span style=\"color: #000000\"> \u2013 Escolas de Nova Iorque: arte e poesia na Nova Iorque do p\u00f3s-guerra<\/span><br \/>\n<span style=\"color: #000000\"> \u2013 Compress\u00e3o: arte e poesia contempor\u00e2neas e o legado do modernismo<\/span><br \/>\n<span style=\"color: #000000\"> \u2013 Rauschenberg encontra Dante: desenhando um Inferno moderno (palestra)<\/span><\/h4>\n<h4><span style=\"color: #000000\">Obs.: O minicurso ser\u00e1 ministrado em ingl\u00eas.<\/span><\/h4>\n<h4><span style=\"color: #000000\">Carga Hor\u00e1ria: 12 horas (1 cr\u00e9dito)<\/span><\/h4>\n<h4><span style=\"color: #000000\">Inscri\u00e7\u00f5es no Departamento de Hist\u00f3ria<br \/>\nPUC-Rio &#8211; Predio Frings 5\u00b0 andar &#8211; Sala 512<br \/>\nTelefone : 3527-1100 \/ 1608<\/span><\/h4>\n","protected":false},"excerpt":{"rendered":"<p>Os departamentos de Hist\u00f3ria e Filosofia, e o Grupo de Pesquisa Arte, Autonomia e Pol\u00edtica convidam para o minicurso de p\u00f3s-gradua\u00e7\u00e3o: Figuras do Pensamento: artes visuais, teoria e poesia desde 1945. Professor: Ed Kr\u010dma, University of East Anglia (Inglaterra), historiador<a class=\"moretag\" href=\"https:\/\/www.his.puc-rio.br\/en\/figuras-do-pensamento-artes-visuais-teoria-e-poesia-desde-1945\/\">&#8230;<\/a><\/br><a href=\"https:\/\/www.his.puc-rio.br\/en\/figuras-do-pensamento-artes-visuais-teoria-e-poesia-desde-1945\/\" class=\"read-more\">Leia mais..  <span class=\"glyphicon glyphicon-chevron-right\" ><\/span><\/a><\/p>\n","protected":false},"author":2,"featured_media":725,"comment_status":"open","ping_status":"open","sticky":false,"template":"","format":"standard","meta":{"footnotes":""},"categories":[1],"tags":[],"yoast_head":"<!-- This site is optimized with the Yoast SEO plugin v23.5 - https:\/\/yoast.com\/wordpress\/plugins\/seo\/ -->\n<title>Figuras do Pensamento: artes visuais, teoria e poesia desde 1945 - Departamento de Hist\u00f3ria da PUC-Rio<\/title>\n<meta name=\"robots\" content=\"index, follow, max-snippet:-1, max-image-preview:large, max-video-preview:-1\" \/>\n<link rel=\"canonical\" href=\"https:\/\/www.his.puc-rio.br\/en\/figuras-do-pensamento-artes-visuais-teoria-e-poesia-desde-1945\/\" \/>\n<meta property=\"og:locale\" content=\"en_US\" \/>\n<meta property=\"og:type\" content=\"article\" \/>\n<meta property=\"og:title\" content=\"Figuras do Pensamento: artes visuais, teoria e poesia desde 1945 - Departamento de Hist\u00f3ria da PUC-Rio\" \/>\n<meta property=\"og:description\" content=\"Os departamentos de Hist\u00f3ria e Filosofia, e o Grupo de Pesquisa Arte, Autonomia e Pol\u00edtica convidam para o minicurso de p\u00f3s-gradua\u00e7\u00e3o: Figuras do Pensamento: artes visuais, teoria e poesia desde 1945. Professor: Ed Kr\u010dma, University of East Anglia (Inglaterra), historiador...Leia mais..\" \/>\n<meta property=\"og:url\" content=\"https:\/\/www.his.puc-rio.br\/en\/figuras-do-pensamento-artes-visuais-teoria-e-poesia-desde-1945\/\" \/>\n<meta property=\"og:site_name\" content=\"Departamento de Hist\u00f3ria da PUC-Rio\" \/>\n<meta property=\"article:published_time\" content=\"2016-10-25T11:19:18+00:00\" \/>\n<meta property=\"article:modified_time\" content=\"2016-11-04T17:10:02+00:00\" \/>\n<meta property=\"og:image\" content=\"https:\/\/www.his.puc-rio.br\/wp-content\/uploads\/mini-curso-sergio-martins.jpg\" \/>\n\t<meta property=\"og:image:width\" content=\"800\" \/>\n\t<meta property=\"og:image:height\" content=\"600\" \/>\n\t<meta property=\"og:image:type\" content=\"image\/jpeg\" \/>\n<meta name=\"author\" content=\"Departamento Hist\u00f3ria\" \/>\n<meta name=\"twitter:card\" content=\"summary_large_image\" \/>\n<meta name=\"twitter:label1\" content=\"Written by\" \/>\n\t<meta name=\"twitter:data1\" content=\"Departamento Hist\u00f3ria\" \/>\n\t<meta name=\"twitter:label2\" content=\"Est. reading time\" \/>\n\t<meta name=\"twitter:data2\" content=\"1 minute\" \/>\n<script type=\"application\/ld+json\" class=\"yoast-schema-graph\">{\"@context\":\"https:\/\/schema.org\",\"@graph\":[{\"@type\":\"WebPage\",\"@id\":\"https:\/\/www.his.puc-rio.br\/en\/figuras-do-pensamento-artes-visuais-teoria-e-poesia-desde-1945\/\",\"url\":\"https:\/\/www.his.puc-rio.br\/en\/figuras-do-pensamento-artes-visuais-teoria-e-poesia-desde-1945\/\",\"name\":\"Figuras do Pensamento: artes visuais, teoria e poesia desde 1945 - Departamento de Hist\u00f3ria da PUC-Rio\",\"isPartOf\":{\"@id\":\"http:\/\/www.his.puc-rio.br\/en\/#website\"},\"primaryImageOfPage\":{\"@id\":\"https:\/\/www.his.puc-rio.br\/en\/figuras-do-pensamento-artes-visuais-teoria-e-poesia-desde-1945\/#primaryimage\"},\"image\":{\"@id\":\"https:\/\/www.his.puc-rio.br\/en\/figuras-do-pensamento-artes-visuais-teoria-e-poesia-desde-1945\/#primaryimage\"},\"thumbnailUrl\":\"https:\/\/www.his.puc-rio.br\/wp-content\/uploads\/mini-curso-sergio-martins.jpg\",\"datePublished\":\"2016-10-25T11:19:18+00:00\",\"dateModified\":\"2016-11-04T17:10:02+00:00\",\"author\":{\"@id\":\"http:\/\/www.his.puc-rio.br\/pb\/#\/schema\/person\/fec65e4856898a103cfe1fecf09d7ff1\"},\"breadcrumb\":{\"@id\":\"https:\/\/www.his.puc-rio.br\/en\/figuras-do-pensamento-artes-visuais-teoria-e-poesia-desde-1945\/#breadcrumb\"},\"inLanguage\":\"en-US\",\"potentialAction\":[{\"@type\":\"ReadAction\",\"target\":[[\"https:\/\/www.his.puc-rio.br\/en\/figuras-do-pensamento-artes-visuais-teoria-e-poesia-desde-1945\/\"]]}]},{\"@type\":\"ImageObject\",\"inLanguage\":\"en-US\",\"@id\":\"https:\/\/www.his.puc-rio.br\/en\/figuras-do-pensamento-artes-visuais-teoria-e-poesia-desde-1945\/#primaryimage\",\"url\":\"https:\/\/www.his.puc-rio.br\/wp-content\/uploads\/mini-curso-sergio-martins.jpg\",\"contentUrl\":\"https:\/\/www.his.puc-rio.br\/wp-content\/uploads\/mini-curso-sergio-martins.jpg\",\"width\":800,\"height\":600},{\"@type\":\"BreadcrumbList\",\"@id\":\"https:\/\/www.his.puc-rio.br\/en\/figuras-do-pensamento-artes-visuais-teoria-e-poesia-desde-1945\/#breadcrumb\",\"itemListElement\":[{\"@type\":\"ListItem\",\"position\":1,\"name\":\"In\u00edcio\",\"item\":\"http:\/\/www.his.puc-rio.br\/en\/\"},{\"@type\":\"ListItem\",\"position\":2,\"name\":\"Figuras do Pensamento: artes visuais, teoria e poesia desde 1945\"}]},{\"@type\":\"WebSite\",\"@id\":\"http:\/\/www.his.puc-rio.br\/en\/#website\",\"url\":\"http:\/\/www.his.puc-rio.br\/en\/\",\"name\":\"Departamento de Hist\u00f3ria da PUC-Rio\",\"description\":\"Cursos de Gradua\u00e7\u00e3o, P\u00f3s-gradua\u00e7\u00e3o, Mestrado e Doutorado\",\"potentialAction\":[{\"@type\":\"SearchAction\",\"target\":{\"@type\":\"EntryPoint\",\"urlTemplate\":\"http:\/\/www.his.puc-rio.br\/en\/?s={search_term_string}\"},\"query-input\":{\"@type\":\"PropertyValueSpecification\",\"valueRequired\":true,\"valueName\":\"search_term_string\"}}],\"inLanguage\":\"en-US\"},{\"@type\":\"Person\",\"@id\":\"http:\/\/www.his.puc-rio.br\/pb\/#\/schema\/person\/fec65e4856898a103cfe1fecf09d7ff1\",\"name\":\"Departamento Hist\u00f3ria\",\"image\":{\"@type\":\"ImageObject\",\"inLanguage\":\"en-US\",\"@id\":\"http:\/\/www.his.puc-rio.br\/en\/#\/schema\/person\/image\/\",\"url\":\"https:\/\/secure.gravatar.com\/avatar\/1f3f33ef2549017af2aff6bf0a341d4c?s=96&d=mm&r=g\",\"contentUrl\":\"https:\/\/secure.gravatar.com\/avatar\/1f3f33ef2549017af2aff6bf0a341d4c?s=96&d=mm&r=g\",\"caption\":\"Departamento Hist\u00f3ria\"},\"url\":\"https:\/\/www.his.puc-rio.br\/en\/author\/dephistoria\/\"}]}<\/script>\n<!-- \/ Yoast SEO plugin. -->","yoast_head_json":{"title":"Figuras do Pensamento: artes visuais, teoria e poesia desde 1945 - Departamento de Hist\u00f3ria da PUC-Rio","robots":{"index":"index","follow":"follow","max-snippet":"max-snippet:-1","max-image-preview":"max-image-preview:large","max-video-preview":"max-video-preview:-1"},"canonical":"https:\/\/www.his.puc-rio.br\/en\/figuras-do-pensamento-artes-visuais-teoria-e-poesia-desde-1945\/","og_locale":"en_US","og_type":"article","og_title":"Figuras do Pensamento: artes visuais, teoria e poesia desde 1945 - Departamento de Hist\u00f3ria da PUC-Rio","og_description":"Os departamentos de Hist\u00f3ria e Filosofia, e o Grupo de Pesquisa Arte, Autonomia e Pol\u00edtica convidam para o minicurso de p\u00f3s-gradua\u00e7\u00e3o: Figuras do Pensamento: artes visuais, teoria e poesia desde 1945. Professor: Ed Kr\u010dma, University of East Anglia (Inglaterra), historiador...Leia mais..","og_url":"https:\/\/www.his.puc-rio.br\/en\/figuras-do-pensamento-artes-visuais-teoria-e-poesia-desde-1945\/","og_site_name":"Departamento de Hist\u00f3ria da PUC-Rio","article_published_time":"2016-10-25T11:19:18+00:00","article_modified_time":"2016-11-04T17:10:02+00:00","og_image":[{"width":800,"height":600,"url":"https:\/\/www.his.puc-rio.br\/wp-content\/uploads\/mini-curso-sergio-martins.jpg","type":"image\/jpeg"}],"author":"Departamento Hist\u00f3ria","twitter_card":"summary_large_image","twitter_misc":{"Written by":"Departamento Hist\u00f3ria","Est. reading time":"1 minute"},"schema":{"@context":"https:\/\/schema.org","@graph":[{"@type":"WebPage","@id":"https:\/\/www.his.puc-rio.br\/en\/figuras-do-pensamento-artes-visuais-teoria-e-poesia-desde-1945\/","url":"https:\/\/www.his.puc-rio.br\/en\/figuras-do-pensamento-artes-visuais-teoria-e-poesia-desde-1945\/","name":"Figuras do Pensamento: artes visuais, teoria e poesia desde 1945 - Departamento de Hist\u00f3ria da PUC-Rio","isPartOf":{"@id":"http:\/\/www.his.puc-rio.br\/en\/#website"},"primaryImageOfPage":{"@id":"https:\/\/www.his.puc-rio.br\/en\/figuras-do-pensamento-artes-visuais-teoria-e-poesia-desde-1945\/#primaryimage"},"image":{"@id":"https:\/\/www.his.puc-rio.br\/en\/figuras-do-pensamento-artes-visuais-teoria-e-poesia-desde-1945\/#primaryimage"},"thumbnailUrl":"https:\/\/www.his.puc-rio.br\/wp-content\/uploads\/mini-curso-sergio-martins.jpg","datePublished":"2016-10-25T11:19:18+00:00","dateModified":"2016-11-04T17:10:02+00:00","author":{"@id":"http:\/\/www.his.puc-rio.br\/pb\/#\/schema\/person\/fec65e4856898a103cfe1fecf09d7ff1"},"breadcrumb":{"@id":"https:\/\/www.his.puc-rio.br\/en\/figuras-do-pensamento-artes-visuais-teoria-e-poesia-desde-1945\/#breadcrumb"},"inLanguage":"en-US","potentialAction":[{"@type":"ReadAction","target":[["https:\/\/www.his.puc-rio.br\/en\/figuras-do-pensamento-artes-visuais-teoria-e-poesia-desde-1945\/"]]}]},{"@type":"ImageObject","inLanguage":"en-US","@id":"https:\/\/www.his.puc-rio.br\/en\/figuras-do-pensamento-artes-visuais-teoria-e-poesia-desde-1945\/#primaryimage","url":"https:\/\/www.his.puc-rio.br\/wp-content\/uploads\/mini-curso-sergio-martins.jpg","contentUrl":"https:\/\/www.his.puc-rio.br\/wp-content\/uploads\/mini-curso-sergio-martins.jpg","width":800,"height":600},{"@type":"BreadcrumbList","@id":"https:\/\/www.his.puc-rio.br\/en\/figuras-do-pensamento-artes-visuais-teoria-e-poesia-desde-1945\/#breadcrumb","itemListElement":[{"@type":"ListItem","position":1,"name":"In\u00edcio","item":"http:\/\/www.his.puc-rio.br\/en\/"},{"@type":"ListItem","position":2,"name":"Figuras do Pensamento: artes visuais, teoria e poesia desde 1945"}]},{"@type":"WebSite","@id":"http:\/\/www.his.puc-rio.br\/en\/#website","url":"http:\/\/www.his.puc-rio.br\/en\/","name":"Departamento de Hist\u00f3ria da PUC-Rio","description":"Cursos de Gradua\u00e7\u00e3o, P\u00f3s-gradua\u00e7\u00e3o, Mestrado e Doutorado","potentialAction":[{"@type":"SearchAction","target":{"@type":"EntryPoint","urlTemplate":"http:\/\/www.his.puc-rio.br\/en\/?s={search_term_string}"},"query-input":{"@type":"PropertyValueSpecification","valueRequired":true,"valueName":"search_term_string"}}],"inLanguage":"en-US"},{"@type":"Person","@id":"http:\/\/www.his.puc-rio.br\/pb\/#\/schema\/person\/fec65e4856898a103cfe1fecf09d7ff1","name":"Departamento Hist\u00f3ria","image":{"@type":"ImageObject","inLanguage":"en-US","@id":"http:\/\/www.his.puc-rio.br\/en\/#\/schema\/person\/image\/","url":"https:\/\/secure.gravatar.com\/avatar\/1f3f33ef2549017af2aff6bf0a341d4c?s=96&d=mm&r=g","contentUrl":"https:\/\/secure.gravatar.com\/avatar\/1f3f33ef2549017af2aff6bf0a341d4c?s=96&d=mm&r=g","caption":"Departamento Hist\u00f3ria"},"url":"https:\/\/www.his.puc-rio.br\/en\/author\/dephistoria\/"}]}},"jetpack_featured_media_url":"https:\/\/www.his.puc-rio.br\/wp-content\/uploads\/mini-curso-sergio-martins.jpg","_links":{"self":[{"href":"https:\/\/www.his.puc-rio.br\/en\/wp-json\/wp\/v2\/posts\/724"}],"collection":[{"href":"https:\/\/www.his.puc-rio.br\/en\/wp-json\/wp\/v2\/posts"}],"about":[{"href":"https:\/\/www.his.puc-rio.br\/en\/wp-json\/wp\/v2\/types\/post"}],"author":[{"embeddable":true,"href":"https:\/\/www.his.puc-rio.br\/en\/wp-json\/wp\/v2\/users\/2"}],"replies":[{"embeddable":true,"href":"https:\/\/www.his.puc-rio.br\/en\/wp-json\/wp\/v2\/comments?post=724"}],"version-history":[{"count":3,"href":"https:\/\/www.his.puc-rio.br\/en\/wp-json\/wp\/v2\/posts\/724\/revisions"}],"predecessor-version":[{"id":728,"href":"https:\/\/www.his.puc-rio.br\/en\/wp-json\/wp\/v2\/posts\/724\/revisions\/728"}],"wp:featuredmedia":[{"embeddable":true,"href":"https:\/\/www.his.puc-rio.br\/en\/wp-json\/wp\/v2\/media\/725"}],"wp:attachment":[{"href":"https:\/\/www.his.puc-rio.br\/en\/wp-json\/wp\/v2\/media?parent=724"}],"wp:term":[{"taxonomy":"category","embeddable":true,"href":"https:\/\/www.his.puc-rio.br\/en\/wp-json\/wp\/v2\/categories?post=724"},{"taxonomy":"post_tag","embeddable":true,"href":"https:\/\/www.his.puc-rio.br\/en\/wp-json\/wp\/v2\/tags?post=724"}],"curies":[{"name":"wp","href":"https:\/\/api.w.org\/{rel}","templated":true}]}}