{"id":74,"date":"2016-04-19T11:59:12","date_gmt":"2016-04-19T14:59:12","guid":{"rendered":"http:\/\/www.historiapuc.com\/#!Edital-de-sele\u00e7\u00e3o-do-ProfHist\u00f3ria\/jr6vm\/571644e90cf25351a37af893"},"modified":"2016-09-09T15:27:51","modified_gmt":"2016-09-09T18:27:51","slug":"edital-de-selecao-do-profhistoria","status":"publish","type":"post","link":"https:\/\/www.his.puc-rio.br\/en\/edital-de-selecao-do-profhistoria\/","title":{"rendered":"Edital de sele\u00e7\u00e3o do ProfHist\u00f3ria"},"content":{"rendered":"<p>O ProfHist&oacute;ria, programa de p&oacute;s-gradua&ccedil;&atilde;o stricto sensu em Ensino de Hist&oacute;ria, reconhecido pela Coordena&ccedil;&atilde;o de Aperfei&ccedil;oamento de Pessoal de N&iacute;vel Superior (CAPES) do Minist&eacute;rio da Educa&ccedil;&atilde;o, visa &agrave; forma&ccedil;&atilde;o continuada do docente em Hist&oacute;ria que atua na Educa&ccedil;&atilde;o B&aacute;sica, propiciando qualifica&ccedil;&atilde;o certificada para o exerc&iacute;cio da profiss&atilde;o.<br \/>\n&nbsp;&nbsp;&nbsp;&nbsp; O ProfHist&oacute;ria, que conduz ao t&iacute;tulo de Mestre em Ensino de Hist&oacute;ria, &eacute; um curso presencial, com oferta simult&acirc;nea nacional, coordenado pela Universidade Federal do Rio de Janeiro (UFRJ) e com a participa&ccedil;&atilde;o do Departamento de Hist&oacute;ria da Puc-Rio.<\/p>\n<p>Veja o edital 2016 :<a href=\"http:\/\/www.profhistoria.uerj.br\"> http:\/\/www.profhistoria.uerj.br<\/a><\/p>\n","protected":false},"excerpt":{"rendered":"<p>O ProfHist&oacute;ria, programa de p&oacute;s-gradua&ccedil;&atilde;o stricto sensu em Ensino de Hist&oacute;ria, reconhecido pela Coordena&ccedil;&atilde;o de Aperfei&ccedil;oamento de Pessoal de N&iacute;vel Superior (CAPES) do Minist&eacute;rio da Educa&ccedil;&atilde;o, visa &agrave; forma&ccedil;&atilde;o continuada do docente em Hist&oacute;ria que atua na Educa&ccedil;&atilde;o B&aacute;sica, propiciando<a class=\"moretag\" href=\"https:\/\/www.his.puc-rio.br\/en\/edital-de-selecao-do-profhistoria\/\">&#8230;<\/a><\/br><a href=\"https:\/\/www.his.puc-rio.br\/en\/edital-de-selecao-do-profhistoria\/\" class=\"read-more\">Leia mais..  <span class=\"glyphicon glyphicon-chevron-right\" ><\/span><\/a><\/p>\n","protected":false},"author":1,"featured_media":5,"comment_status":"open","ping_status":"open","sticky":false,"template":"","format":"standard","meta":{"footnotes":""},"categories":[1],"tags":[],"yoast_head":"<!-- This site is optimized with the Yoast SEO plugin v23.5 - https:\/\/yoast.com\/wordpress\/plugins\/seo\/ -->\n<title>Edital de sele\u00e7\u00e3o do ProfHist\u00f3ria - Departamento de Hist\u00f3ria da PUC-Rio<\/title>\n<meta name=\"robots\" content=\"index, follow, max-snippet:-1, max-image-preview:large, max-video-preview:-1\" \/>\n<link rel=\"canonical\" href=\"https:\/\/www.his.puc-rio.br\/en\/edital-de-selecao-do-profhistoria\/\" \/>\n<meta property=\"og:locale\" content=\"en_US\" \/>\n<meta property=\"og:type\" content=\"article\" \/>\n<meta property=\"og:title\" content=\"Edital de sele\u00e7\u00e3o do ProfHist\u00f3ria - Departamento de Hist\u00f3ria da PUC-Rio\" \/>\n<meta property=\"og:description\" content=\"O ProfHist&oacute;ria, programa de p&oacute;s-gradua&ccedil;&atilde;o stricto sensu em Ensino de Hist&oacute;ria, reconhecido pela Coordena&ccedil;&atilde;o de Aperfei&ccedil;oamento de Pessoal de N&iacute;vel Superior (CAPES) do Minist&eacute;rio da Educa&ccedil;&atilde;o, visa &agrave; forma&ccedil;&atilde;o continuada do docente em Hist&oacute;ria que atua na Educa&ccedil;&atilde;o B&aacute;sica, propiciando...Leia mais..\" \/>\n<meta property=\"og:url\" content=\"https:\/\/www.his.puc-rio.br\/en\/edital-de-selecao-do-profhistoria\/\" \/>\n<meta property=\"og:site_name\" content=\"Departamento de Hist\u00f3ria da PUC-Rio\" \/>\n<meta property=\"article:published_time\" content=\"2016-04-19T14:59:12+00:00\" \/>\n<meta property=\"article:modified_time\" content=\"2016-09-09T18:27:51+00:00\" \/>\n<meta property=\"og:image\" content=\"https:\/\/www.his.puc-rio.br\/wp-content\/uploads\/2016\/05\/profhist.png\" \/>\n\t<meta property=\"og:image:width\" content=\"525\" \/>\n\t<meta property=\"og:image:height\" content=\"301\" \/>\n\t<meta property=\"og:image:type\" content=\"image\/png\" \/>\n<meta name=\"author\" content=\"dephist\" \/>\n<meta name=\"twitter:card\" content=\"summary_large_image\" \/>\n<meta name=\"twitter:label1\" content=\"Written by\" \/>\n\t<meta name=\"twitter:data1\" content=\"dephist\" \/>\n\t<meta name=\"twitter:label2\" content=\"Est. reading time\" \/>\n\t<meta name=\"twitter:data2\" content=\"1 minute\" \/>\n<script type=\"application\/ld+json\" class=\"yoast-schema-graph\">{\"@context\":\"https:\/\/schema.org\",\"@graph\":[{\"@type\":\"WebPage\",\"@id\":\"https:\/\/www.his.puc-rio.br\/en\/edital-de-selecao-do-profhistoria\/\",\"url\":\"https:\/\/www.his.puc-rio.br\/en\/edital-de-selecao-do-profhistoria\/\",\"name\":\"Edital de sele\u00e7\u00e3o do ProfHist\u00f3ria - Departamento de Hist\u00f3ria da PUC-Rio\",\"isPartOf\":{\"@id\":\"http:\/\/www.his.puc-rio.br\/en\/#website\"},\"primaryImageOfPage\":{\"@id\":\"https:\/\/www.his.puc-rio.br\/en\/edital-de-selecao-do-profhistoria\/#primaryimage\"},\"image\":{\"@id\":\"https:\/\/www.his.puc-rio.br\/en\/edital-de-selecao-do-profhistoria\/#primaryimage\"},\"thumbnailUrl\":\"https:\/\/www.his.puc-rio.br\/wp-content\/uploads\/2016\/05\/profhist.png\",\"datePublished\":\"2016-04-19T14:59:12+00:00\",\"dateModified\":\"2016-09-09T18:27:51+00:00\",\"author\":{\"@id\":\"http:\/\/www.his.puc-rio.br\/pb\/#\/schema\/person\/9e54900224aae47fd486e7013a22647b\"},\"breadcrumb\":{\"@id\":\"https:\/\/www.his.puc-rio.br\/en\/edital-de-selecao-do-profhistoria\/#breadcrumb\"},\"inLanguage\":\"en-US\",\"potentialAction\":[{\"@type\":\"ReadAction\",\"target\":[[\"https:\/\/www.his.puc-rio.br\/en\/edital-de-selecao-do-profhistoria\/\"]]}]},{\"@type\":\"ImageObject\",\"inLanguage\":\"en-US\",\"@id\":\"https:\/\/www.his.puc-rio.br\/en\/edital-de-selecao-do-profhistoria\/#primaryimage\",\"url\":\"https:\/\/www.his.puc-rio.br\/wp-content\/uploads\/2016\/05\/profhist.png\",\"contentUrl\":\"https:\/\/www.his.puc-rio.br\/wp-content\/uploads\/2016\/05\/profhist.png\",\"width\":525,\"height\":301},{\"@type\":\"BreadcrumbList\",\"@id\":\"https:\/\/www.his.puc-rio.br\/en\/edital-de-selecao-do-profhistoria\/#breadcrumb\",\"itemListElement\":[{\"@type\":\"ListItem\",\"position\":1,\"name\":\"In\u00edcio\",\"item\":\"http:\/\/www.his.puc-rio.br\/en\/\"},{\"@type\":\"ListItem\",\"position\":2,\"name\":\"Edital de sele\u00e7\u00e3o do ProfHist\u00f3ria\"}]},{\"@type\":\"WebSite\",\"@id\":\"http:\/\/www.his.puc-rio.br\/en\/#website\",\"url\":\"http:\/\/www.his.puc-rio.br\/en\/\",\"name\":\"Departamento de Hist\u00f3ria da PUC-Rio\",\"description\":\"Cursos de Gradua\u00e7\u00e3o, P\u00f3s-gradua\u00e7\u00e3o, Mestrado e Doutorado\",\"potentialAction\":[{\"@type\":\"SearchAction\",\"target\":{\"@type\":\"EntryPoint\",\"urlTemplate\":\"http:\/\/www.his.puc-rio.br\/en\/?s={search_term_string}\"},\"query-input\":{\"@type\":\"PropertyValueSpecification\",\"valueRequired\":true,\"valueName\":\"search_term_string\"}}],\"inLanguage\":\"en-US\"},{\"@type\":\"Person\",\"@id\":\"http:\/\/www.his.puc-rio.br\/pb\/#\/schema\/person\/9e54900224aae47fd486e7013a22647b\",\"name\":\"dephist\",\"image\":{\"@type\":\"ImageObject\",\"inLanguage\":\"en-US\",\"@id\":\"http:\/\/www.his.puc-rio.br\/en\/#\/schema\/person\/image\/\",\"url\":\"https:\/\/secure.gravatar.com\/avatar\/bf2683cb6927d5fdbed7881a4ee37199?s=96&d=mm&r=g\",\"contentUrl\":\"https:\/\/secure.gravatar.com\/avatar\/bf2683cb6927d5fdbed7881a4ee37199?s=96&d=mm&r=g\",\"caption\":\"dephist\"},\"url\":\"https:\/\/www.his.puc-rio.br\/en\/author\/dephist\/\"}]}<\/script>\n<!-- \/ Yoast SEO plugin. -->","yoast_head_json":{"title":"Edital de sele\u00e7\u00e3o do ProfHist\u00f3ria - Departamento de Hist\u00f3ria da PUC-Rio","robots":{"index":"index","follow":"follow","max-snippet":"max-snippet:-1","max-image-preview":"max-image-preview:large","max-video-preview":"max-video-preview:-1"},"canonical":"https:\/\/www.his.puc-rio.br\/en\/edital-de-selecao-do-profhistoria\/","og_locale":"en_US","og_type":"article","og_title":"Edital de sele\u00e7\u00e3o do ProfHist\u00f3ria - Departamento de Hist\u00f3ria da PUC-Rio","og_description":"O ProfHist&oacute;ria, programa de p&oacute;s-gradua&ccedil;&atilde;o stricto sensu em Ensino de Hist&oacute;ria, reconhecido pela Coordena&ccedil;&atilde;o de Aperfei&ccedil;oamento de Pessoal de N&iacute;vel Superior (CAPES) do Minist&eacute;rio da Educa&ccedil;&atilde;o, visa &agrave; forma&ccedil;&atilde;o continuada do docente em Hist&oacute;ria que atua na Educa&ccedil;&atilde;o B&aacute;sica, propiciando...Leia mais..","og_url":"https:\/\/www.his.puc-rio.br\/en\/edital-de-selecao-do-profhistoria\/","og_site_name":"Departamento de Hist\u00f3ria da PUC-Rio","article_published_time":"2016-04-19T14:59:12+00:00","article_modified_time":"2016-09-09T18:27:51+00:00","og_image":[{"width":525,"height":301,"url":"https:\/\/www.his.puc-rio.br\/wp-content\/uploads\/2016\/05\/profhist.png","type":"image\/png"}],"author":"dephist","twitter_card":"summary_large_image","twitter_misc":{"Written by":"dephist","Est. reading time":"1 minute"},"schema":{"@context":"https:\/\/schema.org","@graph":[{"@type":"WebPage","@id":"https:\/\/www.his.puc-rio.br\/en\/edital-de-selecao-do-profhistoria\/","url":"https:\/\/www.his.puc-rio.br\/en\/edital-de-selecao-do-profhistoria\/","name":"Edital de sele\u00e7\u00e3o do ProfHist\u00f3ria - Departamento de Hist\u00f3ria da PUC-Rio","isPartOf":{"@id":"http:\/\/www.his.puc-rio.br\/en\/#website"},"primaryImageOfPage":{"@id":"https:\/\/www.his.puc-rio.br\/en\/edital-de-selecao-do-profhistoria\/#primaryimage"},"image":{"@id":"https:\/\/www.his.puc-rio.br\/en\/edital-de-selecao-do-profhistoria\/#primaryimage"},"thumbnailUrl":"https:\/\/www.his.puc-rio.br\/wp-content\/uploads\/2016\/05\/profhist.png","datePublished":"2016-04-19T14:59:12+00:00","dateModified":"2016-09-09T18:27:51+00:00","author":{"@id":"http:\/\/www.his.puc-rio.br\/pb\/#\/schema\/person\/9e54900224aae47fd486e7013a22647b"},"breadcrumb":{"@id":"https:\/\/www.his.puc-rio.br\/en\/edital-de-selecao-do-profhistoria\/#breadcrumb"},"inLanguage":"en-US","potentialAction":[{"@type":"ReadAction","target":[["https:\/\/www.his.puc-rio.br\/en\/edital-de-selecao-do-profhistoria\/"]]}]},{"@type":"ImageObject","inLanguage":"en-US","@id":"https:\/\/www.his.puc-rio.br\/en\/edital-de-selecao-do-profhistoria\/#primaryimage","url":"https:\/\/www.his.puc-rio.br\/wp-content\/uploads\/2016\/05\/profhist.png","contentUrl":"https:\/\/www.his.puc-rio.br\/wp-content\/uploads\/2016\/05\/profhist.png","width":525,"height":301},{"@type":"BreadcrumbList","@id":"https:\/\/www.his.puc-rio.br\/en\/edital-de-selecao-do-profhistoria\/#breadcrumb","itemListElement":[{"@type":"ListItem","position":1,"name":"In\u00edcio","item":"http:\/\/www.his.puc-rio.br\/en\/"},{"@type":"ListItem","position":2,"name":"Edital de sele\u00e7\u00e3o do ProfHist\u00f3ria"}]},{"@type":"WebSite","@id":"http:\/\/www.his.puc-rio.br\/en\/#website","url":"http:\/\/www.his.puc-rio.br\/en\/","name":"Departamento de Hist\u00f3ria da PUC-Rio","description":"Cursos de Gradua\u00e7\u00e3o, P\u00f3s-gradua\u00e7\u00e3o, Mestrado e Doutorado","potentialAction":[{"@type":"SearchAction","target":{"@type":"EntryPoint","urlTemplate":"http:\/\/www.his.puc-rio.br\/en\/?s={search_term_string}"},"query-input":{"@type":"PropertyValueSpecification","valueRequired":true,"valueName":"search_term_string"}}],"inLanguage":"en-US"},{"@type":"Person","@id":"http:\/\/www.his.puc-rio.br\/pb\/#\/schema\/person\/9e54900224aae47fd486e7013a22647b","name":"dephist","image":{"@type":"ImageObject","inLanguage":"en-US","@id":"http:\/\/www.his.puc-rio.br\/en\/#\/schema\/person\/image\/","url":"https:\/\/secure.gravatar.com\/avatar\/bf2683cb6927d5fdbed7881a4ee37199?s=96&d=mm&r=g","contentUrl":"https:\/\/secure.gravatar.com\/avatar\/bf2683cb6927d5fdbed7881a4ee37199?s=96&d=mm&r=g","caption":"dephist"},"url":"https:\/\/www.his.puc-rio.br\/en\/author\/dephist\/"}]}},"jetpack_featured_media_url":"https:\/\/www.his.puc-rio.br\/wp-content\/uploads\/2016\/05\/profhist.png","_links":{"self":[{"href":"https:\/\/www.his.puc-rio.br\/en\/wp-json\/wp\/v2\/posts\/74"}],"collection":[{"href":"https:\/\/www.his.puc-rio.br\/en\/wp-json\/wp\/v2\/posts"}],"about":[{"href":"https:\/\/www.his.puc-rio.br\/en\/wp-json\/wp\/v2\/types\/post"}],"author":[{"embeddable":true,"href":"https:\/\/www.his.puc-rio.br\/en\/wp-json\/wp\/v2\/users\/1"}],"replies":[{"embeddable":true,"href":"https:\/\/www.his.puc-rio.br\/en\/wp-json\/wp\/v2\/comments?post=74"}],"version-history":[{"count":1,"href":"https:\/\/www.his.puc-rio.br\/en\/wp-json\/wp\/v2\/posts\/74\/revisions"}],"predecessor-version":[{"id":365,"href":"https:\/\/www.his.puc-rio.br\/en\/wp-json\/wp\/v2\/posts\/74\/revisions\/365"}],"wp:featuredmedia":[{"embeddable":true,"href":"https:\/\/www.his.puc-rio.br\/en\/wp-json\/wp\/v2\/media\/5"}],"wp:attachment":[{"href":"https:\/\/www.his.puc-rio.br\/en\/wp-json\/wp\/v2\/media?parent=74"}],"wp:term":[{"taxonomy":"category","embeddable":true,"href":"https:\/\/www.his.puc-rio.br\/en\/wp-json\/wp\/v2\/categories?post=74"},{"taxonomy":"post_tag","embeddable":true,"href":"https:\/\/www.his.puc-rio.br\/en\/wp-json\/wp\/v2\/tags?post=74"}],"curies":[{"name":"wp","href":"https:\/\/api.w.org\/{rel}","templated":true}]}}