{"id":5116,"global_id":"www.his.puc-rio.br\/pb?id=5116","global_id_lineage":["www.his.puc-rio.br\/pb?id=5116"],"author":"1","status":"publish","date":"2025-09-23 14:28:44","date_utc":"2025-09-23 17:28:44","modified":"2025-09-23 14:28:44","modified_utc":"2025-09-23 17:28:44","url":"https:\/\/www.his.puc-rio.br\/pb\/event\/historia-as-sextas-exibicao-do-filme-eu-sou-o-padre-operario\/","rest_url":"https:\/\/www.his.puc-rio.br\/pb\/wp-json\/tribe\/events\/v1\/events\/5116","title":"Hist\u00f3ria \u00e0s Sextas &#8211; Exibi\u00e7\u00e3o do Filme &#8220;Eu sou o padre oper\u00e1rio&#8221;","description":"","excerpt":"","slug":"historia-as-sextas-exibicao-do-filme-eu-sou-o-padre-operario","image":false,"all_day":false,"start_date":"2025-10-24 11:00:00","start_date_details":{"year":"2025","month":"10","day":"24","hour":"11","minutes":"00","seconds":"00"},"end_date":"2025-10-24 13:00:00","end_date_details":{"year":"2025","month":"10","day":"24","hour":"13","minutes":"00","seconds":"00"},"utc_start_date":"2025-10-24 14:00:00","utc_start_date_details":{"year":"2025","month":"10","day":"24","hour":"14","minutes":"00","seconds":"00"},"utc_end_date":"2025-10-24 16:00:00","utc_end_date_details":{"year":"2025","month":"10","day":"24","hour":"16","minutes":"00","seconds":"00"},"timezone":"America\/Sao_Paulo","timezone_abbr":"-03","cost":"","cost_details":{"currency_symbol":"$","currency_code":"USD","currency_position":"prefix","values":[]},"website":"","show_map":true,"show_map_link":true,"hide_from_listings":false,"sticky":false,"featured":false,"categories":[],"tags":[],"venue":[],"organizer":[{"id":3979,"author":"1","status":"publish","date":"2023-03-21 10:12:31","date_utc":"2023-03-21 13:12:31","modified":"2023-03-21 10:12:31","modified_utc":"2023-03-21 13:12:31","url":"https:\/\/www.his.puc-rio.br\/pb\/organizador\/profa-larissa-correa\/","organizer":"Profa. Larissa Corr\u00eaa","slug":"profa-larissa-correa","json_ld":{"@type":"Person","name":"Profa. Larissa Corr\u00eaa","description":"","url":"","telephone":"","email":"","sameAs":""},"global_id":"www.his.puc-rio.br\/pb?id=3979","global_id_lineage":["www.his.puc-rio.br\/pb?id=3979"]},{"id":4450,"author":"1","status":"publish","date":"2024-04-09 09:18:32","date_utc":"2024-04-09 12:18:32","modified":"2024-04-09 09:18:32","modified_utc":"2024-04-09 12:18:32","url":"https:\/\/www.his.puc-rio.br\/pb\/organizador\/prof-deivison-amaral\/","organizer":"Prof. Deivison Amaral","slug":"prof-deivison-amaral","json_ld":{"@type":"Person","name":"Prof. Deivison Amaral","description":"","url":"","telephone":"","email":"","sameAs":""},"global_id":"www.his.puc-rio.br\/pb?id=4450","global_id_lineage":["www.his.puc-rio.br\/pb?id=4450"]}],"json_ld":{"@context":"http:\/\/schema.org","@type":"Event","name":"Hist\u00f3ria \u00e0s Sextas &#8211; Exibi\u00e7\u00e3o do Filme &#8220;Eu sou o padre oper\u00e1rio&#8221;","description":"","url":"https:\/\/www.his.puc-rio.br\/pb\/event\/historia-as-sextas-exibicao-do-filme-eu-sou-o-padre-operario\/","eventAttendanceMode":"https:\/\/schema.org\/OfflineEventAttendanceMode","eventStatus":"https:\/\/schema.org\/EventScheduled","startDate":"2025-10-24T11:00:00-03:00","endDate":"2025-10-24T13:00:00-03:00","organizer":{"@type":"Person","name":"Profa. Larissa Corr\u00eaa","description":"","url":"","telephone":"","email":"","sameAs":""},"performer":"Organization"}}