{"id":1078,"date":"2017-05-03T14:10:56","date_gmt":"2017-05-03T17:10:56","guid":{"rendered":"http:\/\/wwwt.his.puc-rio.br\/his\/?p=1078"},"modified":"2017-05-03T14:10:56","modified_gmt":"2017-05-03T17:10:56","slug":"puc-por-um-dia-atividades-do-departamento-de-historia","status":"publish","type":"post","link":"https:\/\/www.his.puc-rio.br\/pb\/puc-por-um-dia-atividades-do-departamento-de-historia\/","title":{"rendered":"Puc por um dia \u2013 Atividades do Departamento de Hist\u00f3ria"},"content":{"rendered":"<p><\/p>\n<h5><span style=\"color: #000000;\">PUC Por Um Dia<\/span><\/h5>\n<h5><span style=\"color: #000000;\">A Pontif\u00edcia Universidade Cat\u00f3lica do Rio de Janeiro o convida a participar do PUC por um Dia, a ser realizado no dia\u00a0<strong>05 de maio de 2017<\/strong>, das 8h \u00e0s 17h. Neste dia, todas as unidades da Universidade (departamentos, bibliotecas, laborat\u00f3rios e demais \u00f3rg\u00e3os acad\u00eamicos) receber\u00e3o estudantes do Ensino M\u00e9dio, seus pais e professores. Os visitantes ter\u00e3o a oportunidade de conhecer as unidades de ensino e pesquisa da PUC-Rio, seus centros interdisciplinares e outros setores acad\u00eamicos e de servi\u00e7os, inseridos em um campus que, al\u00e9m de integrador e aconchegante, constitui \u00e1rea de reserva ambiental da Mata Atl\u00e2ntica. A iniciativa tem duas motiva\u00e7\u00f5es: facilitar a escolha das carreiras universit\u00e1rias, por interm\u00e9dio de um contato direto com pesquisadores de diferentes campos do conhecimento, e apresentar aos estudantes o interior de uma Universidade que conjuga ensino, pesquisa e empreendedorismo. Um dos aspectos mais importantes do evento diz respeito \u00e0 realiza\u00e7\u00e3o de palestras e workshops em diversas \u00e1reas de atua\u00e7\u00e3o da PUC-Rio, com foco tanto no ponto de vista acad\u00eamico quanto nas diferentes inser\u00e7\u00f5es profissionais que se abrem aos alunos formados nos cursos de gradua\u00e7\u00e3o e de p\u00f3s-gradua\u00e7\u00e3o.<\/span><\/h5>\n<h5><span style=\"color: #000000;\">Informa\u00e7\u00f5es no site: <a href=\"http:\/\/www.piues.puc-rio.br\/pucporumdia\/\" target=\"_blank\"><span style=\"color: #999999;\">http:\/\/www.piues.puc-rio.br\/pucporumdia\/<\/span><\/a><\/span><\/h5>\n<h5><\/h5>\n<h5><span style=\"color: #000000;\">\u00a0Programa\u00e7\u00e3o do departamento de Hist\u00f3ria<\/span><\/h5>\n<h5><span style=\"color: #000000;\">Atividade: Bate-papo<\/span><\/h5>\n<h5><span style=\"color: #000000;\">Tema: Hist\u00f3rias contadas: o historiador e seus of\u00edcios<\/span><\/h5>\n<h5><span style=\"color: #000000;\">Descri\u00e7\u00e3o: O \u201ccontar hist\u00f3rias\u201d atravessa todas as atividades do historiador-professor ou do professor-historiador, sejam aquelas com as quais lida no processo da pesquisa, sejam as constru\u00eddas e reconstru\u00eddas em textos-escritos e em aulas-texto. Esse \u201ccontar\u201d se d\u00e1 por meio da elabora\u00e7\u00e3o de narrativas memoriais e hist\u00f3ricas, influenciadas pelo lugar de fala dos sujeitos. As narrativas podem ser expressas pela linguagem oral ou escrita. Elas tamb\u00e9m podem aparecer no patrim\u00f4nio cultural dos diferentes grupos e coletividades, tanto nos produtos culturais materiais (objetos, edifica\u00e7\u00f5es, etc.) como nos imateriais (modos de ser e fazer). Dito isso, pretende-se com esta atividade estimular o debate e a reflex\u00e3o a partir das seguintes quest\u00f5es: O que faz o historiador? Qual o seu of\u00edcio? Ser\u00e3o utilizados trechos do filme \u201cNarradores de Jav\u00e9\u201d, de Eliane Caff\u00e9.<\/span><\/h5>\n<h5><span style=\"color: #000000;\">SENHAS SER\u00c3O ENTREGUES MEIA HORA ANTES, NO LOCAL DA PALESTRA<\/span><\/h5>\n<h5><span style=\"color: #000000;\">Hor\u00e1rio\/ Local 09:00 \u00e0s 10:00 Audit\u00f3rio Anchieta<\/span><\/h5>\n<h5><span style=\"color: #000000;\">Respons\u00e1vel: \u00a0Ju\u00e7ara da Silva Barbosa de Mello\/ equipe do Laborat\u00f3rio de Ensino de Hist\u00f3ria e Patrim\u00f4nio Cultural (Leehpac)<\/span><\/h5>\n<h5><\/h5>\n<h5><span style=\"color: #000000;\">Atividade: Bate-papo<\/span><\/h5>\n<h5><span style=\"color: #000000;\">Tema: Representatividade Negra &#8211; A For\u00e7a do Movimento Negro na Universidade<\/span><\/h5>\n<h5><span style=\"color: #000000;\">Descri\u00e7\u00e3o: O \u201cColetivo Nuvem Negra\u201d, formado por alunos negros de diversos cursos da PUC-Rio, e o \u201cN\u00facleo Interdisciplinar de Reflex\u00e3o e Mem\u00f3ria Afrodescendente\u201d (NIREMA) convidam para um bate-papo sobre a import\u00e2ncia e os desafios da forma\u00e7\u00e3o de um coletivo negro em uma institui\u00e7\u00e3o de ensino superior. Os alunos Felipe Ramos, Lucilene Marques, Thayna Mattos, Eduarda Santos, Jefferson Souza, Henrique Almeida e Milena Manfredini, membros do Nuvem Negra, v\u00e3o apresentar as atividades do Coletivo e discutir quest\u00f5es tais como os perigos de uma hist\u00f3ria \u00fanica e a aus\u00eancia de representatividade negra no corpo docente. Tamb\u00e9m conversaremos sobre a PUC e sua rela\u00e7\u00e3o com as pol\u00edticas de a\u00e7\u00f5es afirmativas e aux\u00edlio perman\u00eancia.<\/span><\/h5>\n<h5><span style=\"color: #000000;\">SENHAS SER\u00c3O ENTREGUES MEIA HORA ANTES, NO LOCAL DA PALESTRA<\/span><\/h5>\n<h5><span style=\"color: #000000;\">Hor\u00e1rio \/Local 10:00 \u00e0s 11:00 Audit\u00f3rio Anchieta<\/span><\/h5>\n<h5><span style=\"color: #000000;\">Respons\u00e1vel : S\u00e9rgio Barra e alunos do Coletivo Nuvem Negra<\/span><\/h5>\n<h5><\/h5>\n<h5><span style=\"color: #000000;\">Atividade: Bate-papo<\/span><\/h5>\n<h5><span style=\"color: #000000;\">Tema: Um Rio que passou em minha vida<\/span><\/h5>\n<h5><span style=\"color: #000000;\">Descri\u00e7\u00e3o: Papo aberto sobre a cidade do Rio de Janeiro com \u00eanfase nos projetos urbanos que impactaram a paisagem da cidade.<\/span><\/h5>\n<h5><span style=\"color: #000000;\">SENHAS SER\u00c3O ENTREGUES MEIA HORA ANTES, NO LOCAL DA PALESTRA<\/span><\/h5>\n<h5><span style=\"color: #000000;\">\u00a0Hor\u00e1rio\/ Local 11:00 \u00e0s 12:00 Audit\u00f3rio Anchieta<\/span><\/h5>\n<h5><span style=\"color: #000000;\">Respons\u00e1vel : Antonio Edmilson Rodrigues<\/span><\/h5>\n<h5><\/h5>\n<h5><span style=\"color: #000000;\">Atividade: Bate-papo<\/span><\/h5>\n<h5><span style=\"color: #000000;\">\u00a0Tema: \u201cOcidental\u201d e \u201coriental\u201d: uma constru\u00e7\u00e3o que limita o encontro<\/span><\/h5>\n<h5><span style=\"color: #000000;\">\u00a0Descri\u00e7\u00e3o: Pretendemos discutir um conjunto de imagens e representa\u00e7\u00f5es atribu\u00eddas ao \u201coriente\u201d e ao \u201coriental\u201d no contexto da expans\u00e3o imperialista europeia do final do s\u00e9culo XIX e de suas persist\u00eancias e continuidades no \u00e2mbito das rela\u00e7\u00f5es entre os distintos povos e sociedades nos nossos dias. \u201cOriente\u201d e \u201cocidente\u201d, seu oposto natural, s\u00e3o defini\u00e7\u00f5es que incorporam uma forma previs\u00edvel e estereotipada de lidar com o estrangeiro e remetem a uma longa tradi\u00e7\u00e3o de constru\u00e7\u00e3o enviesada do \u201coutro\u201d, que, por vezes, atende a interesses de controle e domina\u00e7\u00e3o. Para aproximar os estudantes do instrumental utilizado pelo historiador em seu oficio, manusearemos documentos de \u00e9poca e tipos de fontes variadas.<\/span><\/h5>\n<h5><span style=\"color: #000000;\">SENHAS SER\u00c3O ENTREGUES MEIA HORA ANTES, NO LOCAL DA PALESTRA<\/span><\/h5>\n<h5><span style=\"color: #000000;\">Hor\u00e1rio \/Local 12:00 \u00e0s 13:00 F502<\/span><\/h5>\n<h5><span style=\"color: #000000;\">Respons\u00e1vel : Mario Angelo Brand\u00e3o de Oliveira Miranda<\/span><\/h5>\n<h5><\/h5>\n<h5><span style=\"color: #000000;\">Atividade: Bate-papo<\/span><\/h5>\n<h5><span style=\"color: #000000;\">\u00a0Tema: A cria\u00e7\u00e3o das leis trabalhistas e previdenci\u00e1rias: Estado, empres\u00e1rios e trabalhadores na Era Vargas<\/span><\/h5>\n<h5><span style=\"color: #000000;\">Descri\u00e7\u00e3o: A atividade tem como objetivo debater o contexto hist\u00f3rico em que foram criadas as leis referentes ao trabalho e \u00e0 previd\u00eancia no Brasil, a negocia\u00e7\u00e3o entre os diferentes setores em torno delas, o desrespeito dos empres\u00e1rios a sua implanta\u00e7\u00e3o, as lutas dos trabalhadores para que os direitos sociais se tornassem realidade, o papel do governo no sentido de divulgar a nova legisla\u00e7\u00e3o \u00e0 popula\u00e7\u00e3o e a sua import\u00e2ncia dentro do projeto de constru\u00e7\u00e3o do Estado nacional. Tamb\u00e9m ser\u00e3o abordadas as leis sindicais e a tentativa de controle da mobiliza\u00e7\u00e3o dos trabalhadores na Era Vargas.<\/span><\/h5>\n<h5><span style=\"color: #000000;\">SENHAS SER\u00c3O ENTREGUES MEIA HORA ANTES, NO LOCAL DA PALESTRA<\/span><\/h5>\n<h5><span style=\"color: #000000;\">Hor\u00e1rio \/Local 14:00 \u00e0s 15:00 F502<\/span><\/h5>\n<h5><span style=\"color: #000000;\">Respons\u00e1vel: Romulo Matos<\/span><\/h5>\n<p><\/p>","protected":false},"excerpt":{"rendered":"<p>PUC Por Um Dia A Pontif\u00edcia Universidade Cat\u00f3lica do Rio de Janeiro o convida a participar do PUC por um Dia, a ser realizado no dia\u00a005 de maio de 2017, das 8h \u00e0s 17h. Neste dia, todas as unidades da<a class=\"moretag\" href=\"https:\/\/www.his.puc-rio.br\/pb\/puc-por-um-dia-atividades-do-departamento-de-historia\/\">&#8230;<\/a><\/br><a href=\"https:\/\/www.his.puc-rio.br\/pb\/puc-por-um-dia-atividades-do-departamento-de-historia\/\" class=\"read-more\">Leia mais..  <span class=\"glyphicon glyphicon-chevron-right\" ><\/span><\/a><\/p>\n","protected":false},"author":1,"featured_media":1079,"comment_status":"open","ping_status":"open","sticky":false,"template":"","format":"standard","meta":{"footnotes":""},"categories":[1],"tags":[],"yoast_head":"<!-- This site is optimized with the Yoast SEO plugin v23.5 - https:\/\/yoast.com\/wordpress\/plugins\/seo\/ -->\n<title>Puc por um dia \u2013 Atividades do Departamento de Hist\u00f3ria - Departamento de Hist\u00f3ria da PUC-Rio<\/title>\n<meta name=\"robots\" content=\"index, follow, max-snippet:-1, max-image-preview:large, max-video-preview:-1\" \/>\n<link rel=\"canonical\" href=\"https:\/\/www.his.puc-rio.br\/pb\/puc-por-um-dia-atividades-do-departamento-de-historia\/\" \/>\n<meta property=\"og:locale\" content=\"pt_BR\" \/>\n<meta property=\"og:type\" content=\"article\" \/>\n<meta property=\"og:title\" content=\"Puc por um dia \u2013 Atividades do Departamento de Hist\u00f3ria - Departamento de Hist\u00f3ria da PUC-Rio\" \/>\n<meta property=\"og:description\" content=\"PUC Por Um Dia A Pontif\u00edcia Universidade Cat\u00f3lica do Rio de Janeiro o convida a participar do PUC por um Dia, a ser realizado no dia\u00a005 de maio de 2017, das 8h \u00e0s 17h. Neste dia, todas as unidades da...Leia mais..\" \/>\n<meta property=\"og:url\" content=\"https:\/\/www.his.puc-rio.br\/pb\/puc-por-um-dia-atividades-do-departamento-de-historia\/\" \/>\n<meta property=\"og:site_name\" content=\"Departamento de Hist\u00f3ria da PUC-Rio\" \/>\n<meta property=\"article:published_time\" content=\"2017-05-03T17:10:56+00:00\" \/>\n<meta property=\"og:image\" content=\"https:\/\/www.his.puc-rio.br\/wp-content\/uploads\/piues.png\" \/>\n\t<meta property=\"og:image:width\" content=\"623\" \/>\n\t<meta property=\"og:image:height\" content=\"524\" \/>\n\t<meta property=\"og:image:type\" content=\"image\/png\" \/>\n<meta name=\"author\" content=\"dephist\" \/>\n<meta name=\"twitter:card\" content=\"summary_large_image\" \/>\n<meta name=\"twitter:label1\" content=\"Escrito por\" \/>\n\t<meta name=\"twitter:data1\" content=\"dephist\" \/>\n\t<meta name=\"twitter:label2\" content=\"Est. tempo de leitura\" \/>\n\t<meta name=\"twitter:data2\" content=\"5 minutos\" \/>\n<script type=\"application\/ld+json\" class=\"yoast-schema-graph\">{\"@context\":\"https:\/\/schema.org\",\"@graph\":[{\"@type\":\"WebPage\",\"@id\":\"https:\/\/www.his.puc-rio.br\/pb\/puc-por-um-dia-atividades-do-departamento-de-historia\/\",\"url\":\"https:\/\/www.his.puc-rio.br\/pb\/puc-por-um-dia-atividades-do-departamento-de-historia\/\",\"name\":\"Puc por um dia \u2013 Atividades do Departamento de Hist\u00f3ria - Departamento de Hist\u00f3ria da PUC-Rio\",\"isPartOf\":{\"@id\":\"http:\/\/www.his.puc-rio.br\/pb\/#website\"},\"primaryImageOfPage\":{\"@id\":\"https:\/\/www.his.puc-rio.br\/pb\/puc-por-um-dia-atividades-do-departamento-de-historia\/#primaryimage\"},\"image\":{\"@id\":\"https:\/\/www.his.puc-rio.br\/pb\/puc-por-um-dia-atividades-do-departamento-de-historia\/#primaryimage\"},\"thumbnailUrl\":\"https:\/\/www.his.puc-rio.br\/wp-content\/uploads\/piues.png\",\"datePublished\":\"2017-05-03T17:10:56+00:00\",\"dateModified\":\"2017-05-03T17:10:56+00:00\",\"author\":{\"@id\":\"http:\/\/www.his.puc-rio.br\/pb\/#\/schema\/person\/9e54900224aae47fd486e7013a22647b\"},\"breadcrumb\":{\"@id\":\"https:\/\/www.his.puc-rio.br\/pb\/puc-por-um-dia-atividades-do-departamento-de-historia\/#breadcrumb\"},\"inLanguage\":\"pt-BR\",\"potentialAction\":[{\"@type\":\"ReadAction\",\"target\":[[\"https:\/\/www.his.puc-rio.br\/pb\/puc-por-um-dia-atividades-do-departamento-de-historia\/\"]]}]},{\"@type\":\"ImageObject\",\"inLanguage\":\"pt-BR\",\"@id\":\"https:\/\/www.his.puc-rio.br\/pb\/puc-por-um-dia-atividades-do-departamento-de-historia\/#primaryimage\",\"url\":\"https:\/\/www.his.puc-rio.br\/wp-content\/uploads\/piues.png\",\"contentUrl\":\"https:\/\/www.his.puc-rio.br\/wp-content\/uploads\/piues.png\",\"width\":623,\"height\":524},{\"@type\":\"BreadcrumbList\",\"@id\":\"https:\/\/www.his.puc-rio.br\/pb\/puc-por-um-dia-atividades-do-departamento-de-historia\/#breadcrumb\",\"itemListElement\":[{\"@type\":\"ListItem\",\"position\":1,\"name\":\"In\u00edcio\",\"item\":\"http:\/\/www.his.puc-rio.br\/pb\/\"},{\"@type\":\"ListItem\",\"position\":2,\"name\":\"Puc por um dia \u2013 Atividades do Departamento de Hist\u00f3ria\"}]},{\"@type\":\"WebSite\",\"@id\":\"http:\/\/www.his.puc-rio.br\/pb\/#website\",\"url\":\"http:\/\/www.his.puc-rio.br\/pb\/\",\"name\":\"Departamento de Hist\u00f3ria da PUC-Rio\",\"description\":\"Cursos de Gradua\u00e7\u00e3o, P\u00f3s-gradua\u00e7\u00e3o, Mestrado e Doutorado\",\"potentialAction\":[{\"@type\":\"SearchAction\",\"target\":{\"@type\":\"EntryPoint\",\"urlTemplate\":\"http:\/\/www.his.puc-rio.br\/pb\/?s={search_term_string}\"},\"query-input\":{\"@type\":\"PropertyValueSpecification\",\"valueRequired\":true,\"valueName\":\"search_term_string\"}}],\"inLanguage\":\"pt-BR\"},{\"@type\":\"Person\",\"@id\":\"http:\/\/www.his.puc-rio.br\/pb\/#\/schema\/person\/9e54900224aae47fd486e7013a22647b\",\"name\":\"dephist\",\"image\":{\"@type\":\"ImageObject\",\"inLanguage\":\"pt-BR\",\"@id\":\"http:\/\/www.his.puc-rio.br\/pb\/#\/schema\/person\/image\/\",\"url\":\"https:\/\/secure.gravatar.com\/avatar\/bf2683cb6927d5fdbed7881a4ee37199?s=96&d=mm&r=g\",\"contentUrl\":\"https:\/\/secure.gravatar.com\/avatar\/bf2683cb6927d5fdbed7881a4ee37199?s=96&d=mm&r=g\",\"caption\":\"dephist\"},\"url\":\"https:\/\/www.his.puc-rio.br\/pb\/author\/dephist\/\"}]}<\/script>\n<!-- \/ Yoast SEO plugin. -->","yoast_head_json":{"title":"Puc por um dia \u2013 Atividades do Departamento de Hist\u00f3ria - Departamento de Hist\u00f3ria da PUC-Rio","robots":{"index":"index","follow":"follow","max-snippet":"max-snippet:-1","max-image-preview":"max-image-preview:large","max-video-preview":"max-video-preview:-1"},"canonical":"https:\/\/www.his.puc-rio.br\/pb\/puc-por-um-dia-atividades-do-departamento-de-historia\/","og_locale":"pt_BR","og_type":"article","og_title":"Puc por um dia \u2013 Atividades do Departamento de Hist\u00f3ria - Departamento de Hist\u00f3ria da PUC-Rio","og_description":"PUC Por Um Dia A Pontif\u00edcia Universidade Cat\u00f3lica do Rio de Janeiro o convida a participar do PUC por um Dia, a ser realizado no dia\u00a005 de maio de 2017, das 8h \u00e0s 17h. Neste dia, todas as unidades da...Leia mais..","og_url":"https:\/\/www.his.puc-rio.br\/pb\/puc-por-um-dia-atividades-do-departamento-de-historia\/","og_site_name":"Departamento de Hist\u00f3ria da PUC-Rio","article_published_time":"2017-05-03T17:10:56+00:00","og_image":[{"width":623,"height":524,"url":"https:\/\/www.his.puc-rio.br\/wp-content\/uploads\/piues.png","type":"image\/png"}],"author":"dephist","twitter_card":"summary_large_image","twitter_misc":{"Escrito por":"dephist","Est. tempo de leitura":"5 minutos"},"schema":{"@context":"https:\/\/schema.org","@graph":[{"@type":"WebPage","@id":"https:\/\/www.his.puc-rio.br\/pb\/puc-por-um-dia-atividades-do-departamento-de-historia\/","url":"https:\/\/www.his.puc-rio.br\/pb\/puc-por-um-dia-atividades-do-departamento-de-historia\/","name":"Puc por um dia \u2013 Atividades do Departamento de Hist\u00f3ria - Departamento de Hist\u00f3ria da PUC-Rio","isPartOf":{"@id":"http:\/\/www.his.puc-rio.br\/pb\/#website"},"primaryImageOfPage":{"@id":"https:\/\/www.his.puc-rio.br\/pb\/puc-por-um-dia-atividades-do-departamento-de-historia\/#primaryimage"},"image":{"@id":"https:\/\/www.his.puc-rio.br\/pb\/puc-por-um-dia-atividades-do-departamento-de-historia\/#primaryimage"},"thumbnailUrl":"https:\/\/www.his.puc-rio.br\/wp-content\/uploads\/piues.png","datePublished":"2017-05-03T17:10:56+00:00","dateModified":"2017-05-03T17:10:56+00:00","author":{"@id":"http:\/\/www.his.puc-rio.br\/pb\/#\/schema\/person\/9e54900224aae47fd486e7013a22647b"},"breadcrumb":{"@id":"https:\/\/www.his.puc-rio.br\/pb\/puc-por-um-dia-atividades-do-departamento-de-historia\/#breadcrumb"},"inLanguage":"pt-BR","potentialAction":[{"@type":"ReadAction","target":[["https:\/\/www.his.puc-rio.br\/pb\/puc-por-um-dia-atividades-do-departamento-de-historia\/"]]}]},{"@type":"ImageObject","inLanguage":"pt-BR","@id":"https:\/\/www.his.puc-rio.br\/pb\/puc-por-um-dia-atividades-do-departamento-de-historia\/#primaryimage","url":"https:\/\/www.his.puc-rio.br\/wp-content\/uploads\/piues.png","contentUrl":"https:\/\/www.his.puc-rio.br\/wp-content\/uploads\/piues.png","width":623,"height":524},{"@type":"BreadcrumbList","@id":"https:\/\/www.his.puc-rio.br\/pb\/puc-por-um-dia-atividades-do-departamento-de-historia\/#breadcrumb","itemListElement":[{"@type":"ListItem","position":1,"name":"In\u00edcio","item":"http:\/\/www.his.puc-rio.br\/pb\/"},{"@type":"ListItem","position":2,"name":"Puc por um dia \u2013 Atividades do Departamento de Hist\u00f3ria"}]},{"@type":"WebSite","@id":"http:\/\/www.his.puc-rio.br\/pb\/#website","url":"http:\/\/www.his.puc-rio.br\/pb\/","name":"Departamento de Hist\u00f3ria da PUC-Rio","description":"Cursos de Gradua\u00e7\u00e3o, P\u00f3s-gradua\u00e7\u00e3o, Mestrado e Doutorado","potentialAction":[{"@type":"SearchAction","target":{"@type":"EntryPoint","urlTemplate":"http:\/\/www.his.puc-rio.br\/pb\/?s={search_term_string}"},"query-input":{"@type":"PropertyValueSpecification","valueRequired":true,"valueName":"search_term_string"}}],"inLanguage":"pt-BR"},{"@type":"Person","@id":"http:\/\/www.his.puc-rio.br\/pb\/#\/schema\/person\/9e54900224aae47fd486e7013a22647b","name":"dephist","image":{"@type":"ImageObject","inLanguage":"pt-BR","@id":"http:\/\/www.his.puc-rio.br\/pb\/#\/schema\/person\/image\/","url":"https:\/\/secure.gravatar.com\/avatar\/bf2683cb6927d5fdbed7881a4ee37199?s=96&d=mm&r=g","contentUrl":"https:\/\/secure.gravatar.com\/avatar\/bf2683cb6927d5fdbed7881a4ee37199?s=96&d=mm&r=g","caption":"dephist"},"url":"https:\/\/www.his.puc-rio.br\/pb\/author\/dephist\/"}]}},"jetpack_featured_media_url":"https:\/\/www.his.puc-rio.br\/wp-content\/uploads\/piues.png","_links":{"self":[{"href":"https:\/\/www.his.puc-rio.br\/pb\/wp-json\/wp\/v2\/posts\/1078"}],"collection":[{"href":"https:\/\/www.his.puc-rio.br\/pb\/wp-json\/wp\/v2\/posts"}],"about":[{"href":"https:\/\/www.his.puc-rio.br\/pb\/wp-json\/wp\/v2\/types\/post"}],"author":[{"embeddable":true,"href":"https:\/\/www.his.puc-rio.br\/pb\/wp-json\/wp\/v2\/users\/1"}],"replies":[{"embeddable":true,"href":"https:\/\/www.his.puc-rio.br\/pb\/wp-json\/wp\/v2\/comments?post=1078"}],"version-history":[{"count":1,"href":"https:\/\/www.his.puc-rio.br\/pb\/wp-json\/wp\/v2\/posts\/1078\/revisions"}],"predecessor-version":[{"id":1080,"href":"https:\/\/www.his.puc-rio.br\/pb\/wp-json\/wp\/v2\/posts\/1078\/revisions\/1080"}],"wp:featuredmedia":[{"embeddable":true,"href":"https:\/\/www.his.puc-rio.br\/pb\/wp-json\/wp\/v2\/media\/1079"}],"wp:attachment":[{"href":"https:\/\/www.his.puc-rio.br\/pb\/wp-json\/wp\/v2\/media?parent=1078"}],"wp:term":[{"taxonomy":"category","embeddable":true,"href":"https:\/\/www.his.puc-rio.br\/pb\/wp-json\/wp\/v2\/categories?post=1078"},{"taxonomy":"post_tag","embeddable":true,"href":"https:\/\/www.his.puc-rio.br\/pb\/wp-json\/wp\/v2\/tags?post=1078"}],"curies":[{"name":"wp","href":"https:\/\/api.w.org\/{rel}","templated":true}]}}