{"id":1124,"date":"2017-05-31T15:59:32","date_gmt":"2017-05-31T18:59:32","guid":{"rendered":"http:\/\/wwwt.his.puc-rio.br\/his\/?p=1124"},"modified":"2017-05-31T16:01:35","modified_gmt":"2017-05-31T19:01:35","slug":"mar-na-academia-seminario-interseccoes-arquitetura-cultura-cidade","status":"publish","type":"post","link":"https:\/\/www.his.puc-rio.br\/pb\/mar-na-academia-seminario-interseccoes-arquitetura-cultura-cidade\/","title":{"rendered":"MAR na Academia | Semin\u00e1rio Intersec\u00e7\u00f5es: Arquitetura, cultura, cidade."},"content":{"rendered":"<p><\/p>\n<h4><span style=\"color: #000000;\">Arquitetura e o seu papel na constru\u00e7\u00e3o da identidade cultural da cidade e de seus habitantes, \u00e9 o tema do semin\u00e1rio que acontecer\u00e1 no Museu de Arte do Rio (MAR) entre Junho e Julho. Os encontros buscar\u00e3o entender e debater de que modo, e com que instrumentos, a arquitetura interfere na din\u00e2mica da cidade e, consequentemente, configura a dimens\u00e3o cultural como experi\u00eancia cotidiana de seus habitantes.<\/span><\/h4>\n<h4><strong><span style=\"color: #000000;\">Palestrantes :<\/span><\/strong><\/h4>\n<h4><span style=\"color: #000000;\">Una Arquitetos, com Fernando Vi\u00e9gas Fundada em 1996, \u00e9 uma associa\u00e7\u00e3o de arquitetos formados pela Faculdade de Arquitetura e Urbanismo da USP. Desde sua forma\u00e7\u00e3o desenvolve projetos em diversas escalas e programas como projetos urbanos, espa\u00e7os culturais, escolas, edif\u00edcios residenciais e comerciais. O escrit\u00f3rio recebeu diversos pr\u00eamios por projetos e obras constru\u00eddas. Entre eles, v\u00e1rios concedidos pelo Instituto de Arquitetos do Brasil, tendo recebido em 2008, o pr\u00eamio m\u00e1ximo dessa institui\u00e7\u00e3o, o pr\u00eamio Carlos Barjas Milan, pelo projeto da Nova Esta\u00e7\u00e3o Piqueri.<\/span><\/h4>\n<h4><span style=\"color: #000000;\">\u00a0Jo\u00e3o Masao Kamita. Arquiteto, formado pela Universidade Estadual de Londrina, Mestre em Hist\u00f3ria Social da Cultura pelo Programa de P\u00f3s-Gradua\u00e7\u00e3o em Hist\u00f3ria Social da Cultura\/PUC-Rio e Doutor em Arquitetura pela Faculdade de Arquitetura e Urbanismo da Universidade de S\u00e3o PauloFAU- USP. \u00c9 autor de Vilanova Artigas (Cosac&amp;Naify, 2000), do cap\u00edtulo A Casa Moderna Brasileira em Arquitetura Moderna Brasileira (Phaidon, 2004), do cap\u00edtulo Modern Architecture and Constructivist Will em Art in Brasil (1950-2011) (EUROPALIA, 2012) e um dos organizadores de Um Modo de Ser Moderno: Lucio Costa e a cr\u00edtica contempor\u00e2nea (Cosac&amp;Naify, 2004). Tem publicado ensaios sobre arte e arquitetura em cat\u00e1logos e revistas especializadas.<\/span><\/h4>\n<h4><span style=\"color: #000000;\">Hora e Local: 3 de junho de 2017 | 14h \u00e0s 17h Escola do Olhar | Audit\u00f3rio<\/span><\/h4>\n<h4><span style=\"color: #000000;\">Informa\u00e7\u00f5es em:<\/span> <a href=\"http:\/\/www.museudeartedorio.org.br\/pt-br\/evento\/mar-na-academiaseminario-interseccoes-arquitetura-cultura-cidade\">http:\/\/www.museudeartedorio.org.br\/pt-br\/evento\/mar-na-academiaseminario-interseccoes-arquitetura-cultura-cidade<\/a><\/h4>\n<p><\/p>","protected":false},"excerpt":{"rendered":"<p>Arquitetura e o seu papel na constru\u00e7\u00e3o da identidade cultural da cidade e de seus habitantes, \u00e9 o tema do semin\u00e1rio que acontecer\u00e1 no Museu de Arte do Rio (MAR) entre Junho e Julho. Os encontros buscar\u00e3o entender e debater<a class=\"moretag\" href=\"https:\/\/www.his.puc-rio.br\/pb\/mar-na-academia-seminario-interseccoes-arquitetura-cultura-cidade\/\">&#8230;<\/a><\/br><a href=\"https:\/\/www.his.puc-rio.br\/pb\/mar-na-academia-seminario-interseccoes-arquitetura-cultura-cidade\/\" class=\"read-more\">Leia mais..  <span class=\"glyphicon glyphicon-chevron-right\" ><\/span><\/a><\/p>\n","protected":false},"author":1,"featured_media":1126,"comment_status":"open","ping_status":"open","sticky":false,"template":"","format":"standard","meta":{"footnotes":""},"categories":[1],"tags":[],"yoast_head":"<!-- This site is optimized with the Yoast SEO plugin v23.5 - https:\/\/yoast.com\/wordpress\/plugins\/seo\/ -->\n<title>MAR na Academia | Semin\u00e1rio Intersec\u00e7\u00f5es: Arquitetura, cultura, cidade.  - Departamento de Hist\u00f3ria da PUC-Rio<\/title>\n<meta name=\"robots\" content=\"index, follow, max-snippet:-1, max-image-preview:large, max-video-preview:-1\" \/>\n<link rel=\"canonical\" href=\"https:\/\/www.his.puc-rio.br\/pb\/mar-na-academia-seminario-interseccoes-arquitetura-cultura-cidade\/\" \/>\n<meta property=\"og:locale\" content=\"pt_BR\" \/>\n<meta property=\"og:type\" content=\"article\" \/>\n<meta property=\"og:title\" content=\"MAR na Academia | Semin\u00e1rio Intersec\u00e7\u00f5es: Arquitetura, cultura, cidade.  - Departamento de Hist\u00f3ria da PUC-Rio\" \/>\n<meta property=\"og:description\" content=\"Arquitetura e o seu papel na constru\u00e7\u00e3o da identidade cultural da cidade e de seus habitantes, \u00e9 o tema do semin\u00e1rio que acontecer\u00e1 no Museu de Arte do Rio (MAR) entre Junho e Julho. Os encontros buscar\u00e3o entender e debater...Leia mais..\" \/>\n<meta property=\"og:url\" content=\"https:\/\/www.his.puc-rio.br\/pb\/mar-na-academia-seminario-interseccoes-arquitetura-cultura-cidade\/\" \/>\n<meta property=\"og:site_name\" content=\"Departamento de Hist\u00f3ria da PUC-Rio\" \/>\n<meta property=\"article:published_time\" content=\"2017-05-31T18:59:32+00:00\" \/>\n<meta property=\"article:modified_time\" content=\"2017-05-31T19:01:35+00:00\" \/>\n<meta property=\"og:image\" content=\"https:\/\/www.his.puc-rio.br\/wp-content\/uploads\/mar.jpg\" \/>\n\t<meta property=\"og:image:width\" content=\"1920\" \/>\n\t<meta property=\"og:image:height\" content=\"565\" \/>\n\t<meta property=\"og:image:type\" content=\"image\/jpeg\" \/>\n<meta name=\"author\" content=\"dephist\" \/>\n<meta name=\"twitter:card\" content=\"summary_large_image\" \/>\n<meta name=\"twitter:label1\" content=\"Escrito por\" \/>\n\t<meta name=\"twitter:data1\" content=\"dephist\" \/>\n\t<meta name=\"twitter:label2\" content=\"Est. tempo de leitura\" \/>\n\t<meta name=\"twitter:data2\" content=\"2 minutos\" \/>\n<script type=\"application\/ld+json\" class=\"yoast-schema-graph\">{\"@context\":\"https:\/\/schema.org\",\"@graph\":[{\"@type\":\"WebPage\",\"@id\":\"https:\/\/www.his.puc-rio.br\/pb\/mar-na-academia-seminario-interseccoes-arquitetura-cultura-cidade\/\",\"url\":\"https:\/\/www.his.puc-rio.br\/pb\/mar-na-academia-seminario-interseccoes-arquitetura-cultura-cidade\/\",\"name\":\"MAR na Academia | Semin\u00e1rio Intersec\u00e7\u00f5es: Arquitetura, cultura, cidade.  - Departamento de Hist\u00f3ria da PUC-Rio\",\"isPartOf\":{\"@id\":\"http:\/\/www.his.puc-rio.br\/pb\/#website\"},\"primaryImageOfPage\":{\"@id\":\"https:\/\/www.his.puc-rio.br\/pb\/mar-na-academia-seminario-interseccoes-arquitetura-cultura-cidade\/#primaryimage\"},\"image\":{\"@id\":\"https:\/\/www.his.puc-rio.br\/pb\/mar-na-academia-seminario-interseccoes-arquitetura-cultura-cidade\/#primaryimage\"},\"thumbnailUrl\":\"https:\/\/www.his.puc-rio.br\/wp-content\/uploads\/mar.jpg\",\"datePublished\":\"2017-05-31T18:59:32+00:00\",\"dateModified\":\"2017-05-31T19:01:35+00:00\",\"author\":{\"@id\":\"http:\/\/www.his.puc-rio.br\/pb\/#\/schema\/person\/9e54900224aae47fd486e7013a22647b\"},\"breadcrumb\":{\"@id\":\"https:\/\/www.his.puc-rio.br\/pb\/mar-na-academia-seminario-interseccoes-arquitetura-cultura-cidade\/#breadcrumb\"},\"inLanguage\":\"pt-BR\",\"potentialAction\":[{\"@type\":\"ReadAction\",\"target\":[[\"https:\/\/www.his.puc-rio.br\/pb\/mar-na-academia-seminario-interseccoes-arquitetura-cultura-cidade\/\"]]}]},{\"@type\":\"ImageObject\",\"inLanguage\":\"pt-BR\",\"@id\":\"https:\/\/www.his.puc-rio.br\/pb\/mar-na-academia-seminario-interseccoes-arquitetura-cultura-cidade\/#primaryimage\",\"url\":\"https:\/\/www.his.puc-rio.br\/wp-content\/uploads\/mar.jpg\",\"contentUrl\":\"https:\/\/www.his.puc-rio.br\/wp-content\/uploads\/mar.jpg\",\"width\":1920,\"height\":565},{\"@type\":\"BreadcrumbList\",\"@id\":\"https:\/\/www.his.puc-rio.br\/pb\/mar-na-academia-seminario-interseccoes-arquitetura-cultura-cidade\/#breadcrumb\",\"itemListElement\":[{\"@type\":\"ListItem\",\"position\":1,\"name\":\"In\u00edcio\",\"item\":\"http:\/\/www.his.puc-rio.br\/pb\/\"},{\"@type\":\"ListItem\",\"position\":2,\"name\":\"MAR na Academia | Semin\u00e1rio Intersec\u00e7\u00f5es: Arquitetura, cultura, cidade.\"}]},{\"@type\":\"WebSite\",\"@id\":\"http:\/\/www.his.puc-rio.br\/pb\/#website\",\"url\":\"http:\/\/www.his.puc-rio.br\/pb\/\",\"name\":\"Departamento de Hist\u00f3ria da PUC-Rio\",\"description\":\"Cursos de Gradua\u00e7\u00e3o, P\u00f3s-gradua\u00e7\u00e3o, Mestrado e Doutorado\",\"potentialAction\":[{\"@type\":\"SearchAction\",\"target\":{\"@type\":\"EntryPoint\",\"urlTemplate\":\"http:\/\/www.his.puc-rio.br\/pb\/?s={search_term_string}\"},\"query-input\":{\"@type\":\"PropertyValueSpecification\",\"valueRequired\":true,\"valueName\":\"search_term_string\"}}],\"inLanguage\":\"pt-BR\"},{\"@type\":\"Person\",\"@id\":\"http:\/\/www.his.puc-rio.br\/pb\/#\/schema\/person\/9e54900224aae47fd486e7013a22647b\",\"name\":\"dephist\",\"image\":{\"@type\":\"ImageObject\",\"inLanguage\":\"pt-BR\",\"@id\":\"http:\/\/www.his.puc-rio.br\/pb\/#\/schema\/person\/image\/\",\"url\":\"https:\/\/secure.gravatar.com\/avatar\/bf2683cb6927d5fdbed7881a4ee37199?s=96&d=mm&r=g\",\"contentUrl\":\"https:\/\/secure.gravatar.com\/avatar\/bf2683cb6927d5fdbed7881a4ee37199?s=96&d=mm&r=g\",\"caption\":\"dephist\"},\"url\":\"https:\/\/www.his.puc-rio.br\/pb\/author\/dephist\/\"}]}<\/script>\n<!-- \/ Yoast SEO plugin. -->","yoast_head_json":{"title":"MAR na Academia | Semin\u00e1rio Intersec\u00e7\u00f5es: Arquitetura, cultura, cidade.  - Departamento de Hist\u00f3ria da PUC-Rio","robots":{"index":"index","follow":"follow","max-snippet":"max-snippet:-1","max-image-preview":"max-image-preview:large","max-video-preview":"max-video-preview:-1"},"canonical":"https:\/\/www.his.puc-rio.br\/pb\/mar-na-academia-seminario-interseccoes-arquitetura-cultura-cidade\/","og_locale":"pt_BR","og_type":"article","og_title":"MAR na Academia | Semin\u00e1rio Intersec\u00e7\u00f5es: Arquitetura, cultura, cidade.  - Departamento de Hist\u00f3ria da PUC-Rio","og_description":"Arquitetura e o seu papel na constru\u00e7\u00e3o da identidade cultural da cidade e de seus habitantes, \u00e9 o tema do semin\u00e1rio que acontecer\u00e1 no Museu de Arte do Rio (MAR) entre Junho e Julho. Os encontros buscar\u00e3o entender e debater...Leia mais..","og_url":"https:\/\/www.his.puc-rio.br\/pb\/mar-na-academia-seminario-interseccoes-arquitetura-cultura-cidade\/","og_site_name":"Departamento de Hist\u00f3ria da PUC-Rio","article_published_time":"2017-05-31T18:59:32+00:00","article_modified_time":"2017-05-31T19:01:35+00:00","og_image":[{"width":1920,"height":565,"url":"https:\/\/www.his.puc-rio.br\/wp-content\/uploads\/mar.jpg","type":"image\/jpeg"}],"author":"dephist","twitter_card":"summary_large_image","twitter_misc":{"Escrito por":"dephist","Est. tempo de leitura":"2 minutos"},"schema":{"@context":"https:\/\/schema.org","@graph":[{"@type":"WebPage","@id":"https:\/\/www.his.puc-rio.br\/pb\/mar-na-academia-seminario-interseccoes-arquitetura-cultura-cidade\/","url":"https:\/\/www.his.puc-rio.br\/pb\/mar-na-academia-seminario-interseccoes-arquitetura-cultura-cidade\/","name":"MAR na Academia | Semin\u00e1rio Intersec\u00e7\u00f5es: Arquitetura, cultura, cidade.  - Departamento de Hist\u00f3ria da PUC-Rio","isPartOf":{"@id":"http:\/\/www.his.puc-rio.br\/pb\/#website"},"primaryImageOfPage":{"@id":"https:\/\/www.his.puc-rio.br\/pb\/mar-na-academia-seminario-interseccoes-arquitetura-cultura-cidade\/#primaryimage"},"image":{"@id":"https:\/\/www.his.puc-rio.br\/pb\/mar-na-academia-seminario-interseccoes-arquitetura-cultura-cidade\/#primaryimage"},"thumbnailUrl":"https:\/\/www.his.puc-rio.br\/wp-content\/uploads\/mar.jpg","datePublished":"2017-05-31T18:59:32+00:00","dateModified":"2017-05-31T19:01:35+00:00","author":{"@id":"http:\/\/www.his.puc-rio.br\/pb\/#\/schema\/person\/9e54900224aae47fd486e7013a22647b"},"breadcrumb":{"@id":"https:\/\/www.his.puc-rio.br\/pb\/mar-na-academia-seminario-interseccoes-arquitetura-cultura-cidade\/#breadcrumb"},"inLanguage":"pt-BR","potentialAction":[{"@type":"ReadAction","target":[["https:\/\/www.his.puc-rio.br\/pb\/mar-na-academia-seminario-interseccoes-arquitetura-cultura-cidade\/"]]}]},{"@type":"ImageObject","inLanguage":"pt-BR","@id":"https:\/\/www.his.puc-rio.br\/pb\/mar-na-academia-seminario-interseccoes-arquitetura-cultura-cidade\/#primaryimage","url":"https:\/\/www.his.puc-rio.br\/wp-content\/uploads\/mar.jpg","contentUrl":"https:\/\/www.his.puc-rio.br\/wp-content\/uploads\/mar.jpg","width":1920,"height":565},{"@type":"BreadcrumbList","@id":"https:\/\/www.his.puc-rio.br\/pb\/mar-na-academia-seminario-interseccoes-arquitetura-cultura-cidade\/#breadcrumb","itemListElement":[{"@type":"ListItem","position":1,"name":"In\u00edcio","item":"http:\/\/www.his.puc-rio.br\/pb\/"},{"@type":"ListItem","position":2,"name":"MAR na Academia | Semin\u00e1rio Intersec\u00e7\u00f5es: Arquitetura, cultura, cidade."}]},{"@type":"WebSite","@id":"http:\/\/www.his.puc-rio.br\/pb\/#website","url":"http:\/\/www.his.puc-rio.br\/pb\/","name":"Departamento de Hist\u00f3ria da PUC-Rio","description":"Cursos de Gradua\u00e7\u00e3o, P\u00f3s-gradua\u00e7\u00e3o, Mestrado e Doutorado","potentialAction":[{"@type":"SearchAction","target":{"@type":"EntryPoint","urlTemplate":"http:\/\/www.his.puc-rio.br\/pb\/?s={search_term_string}"},"query-input":{"@type":"PropertyValueSpecification","valueRequired":true,"valueName":"search_term_string"}}],"inLanguage":"pt-BR"},{"@type":"Person","@id":"http:\/\/www.his.puc-rio.br\/pb\/#\/schema\/person\/9e54900224aae47fd486e7013a22647b","name":"dephist","image":{"@type":"ImageObject","inLanguage":"pt-BR","@id":"http:\/\/www.his.puc-rio.br\/pb\/#\/schema\/person\/image\/","url":"https:\/\/secure.gravatar.com\/avatar\/bf2683cb6927d5fdbed7881a4ee37199?s=96&d=mm&r=g","contentUrl":"https:\/\/secure.gravatar.com\/avatar\/bf2683cb6927d5fdbed7881a4ee37199?s=96&d=mm&r=g","caption":"dephist"},"url":"https:\/\/www.his.puc-rio.br\/pb\/author\/dephist\/"}]}},"jetpack_featured_media_url":"https:\/\/www.his.puc-rio.br\/wp-content\/uploads\/mar.jpg","_links":{"self":[{"href":"https:\/\/www.his.puc-rio.br\/pb\/wp-json\/wp\/v2\/posts\/1124"}],"collection":[{"href":"https:\/\/www.his.puc-rio.br\/pb\/wp-json\/wp\/v2\/posts"}],"about":[{"href":"https:\/\/www.his.puc-rio.br\/pb\/wp-json\/wp\/v2\/types\/post"}],"author":[{"embeddable":true,"href":"https:\/\/www.his.puc-rio.br\/pb\/wp-json\/wp\/v2\/users\/1"}],"replies":[{"embeddable":true,"href":"https:\/\/www.his.puc-rio.br\/pb\/wp-json\/wp\/v2\/comments?post=1124"}],"version-history":[{"count":1,"href":"https:\/\/www.his.puc-rio.br\/pb\/wp-json\/wp\/v2\/posts\/1124\/revisions"}],"predecessor-version":[{"id":1125,"href":"https:\/\/www.his.puc-rio.br\/pb\/wp-json\/wp\/v2\/posts\/1124\/revisions\/1125"}],"wp:featuredmedia":[{"embeddable":true,"href":"https:\/\/www.his.puc-rio.br\/pb\/wp-json\/wp\/v2\/media\/1126"}],"wp:attachment":[{"href":"https:\/\/www.his.puc-rio.br\/pb\/wp-json\/wp\/v2\/media?parent=1124"}],"wp:term":[{"taxonomy":"category","embeddable":true,"href":"https:\/\/www.his.puc-rio.br\/pb\/wp-json\/wp\/v2\/categories?post=1124"},{"taxonomy":"post_tag","embeddable":true,"href":"https:\/\/www.his.puc-rio.br\/pb\/wp-json\/wp\/v2\/tags?post=1124"}],"curies":[{"name":"wp","href":"https:\/\/api.w.org\/{rel}","templated":true}]}}