{"id":1164,"date":"2017-06-20T10:19:08","date_gmt":"2017-06-20T13:19:08","guid":{"rendered":"http:\/\/wwwt.his.puc-rio.br\/his\/?p=1164"},"modified":"2017-07-28T15:39:00","modified_gmt":"2017-07-28T18:39:00","slug":"o-prof-jorge-eduardo-myers-do-programa-de-historia-intelectual-da-universidad-de-quilmes-buenos-aires-argentina-proferira-uma-palestra-na-4a-feira-dia-21-de-junho-as-10h-na-sala-502f","status":"publish","type":"post","link":"https:\/\/www.his.puc-rio.br\/pb\/o-prof-jorge-eduardo-myers-do-programa-de-historia-intelectual-da-universidad-de-quilmes-buenos-aires-argentina-proferira-uma-palestra-na-4a-feira-dia-21-de-junho-as-10h-na-sala-502f\/","title":{"rendered":"O Prof Jorge Eduardo Myers (do Programa de Hist\u00f3ria Intelectual da Universidad de Quilmes, Buenos Aires, Argentina) proferir\u00e1 uma palestra na 4a feira, dia 21 de junho, \u00e0s 10h, na sala 502F."},"content":{"rendered":"<p><\/p>\n<h4><span style=\"color: #000000;\">O professor Jorge Myers \u00e9 especialista em Hist\u00f3ria Intelectual e das Ideias nos s\u00e9culos XIX e XX.\u00a0 Formou-se nas universidades de Cambridge (Reino Unido) e Stanford (Estados Unidos) e ocupou cargos de ensino e pesquisa nas universidades de Buenos Aires e do Centro da Prov\u00edncia de Buenos Aires e na FLACSO. Atualmente est\u00e1 vinculado a Universidade Nacional de Quilmes. Ao longo de sua carreira, publicou diversos artigos e livros, dentre os quais podemos destacar: \u201cOrden y virtud: el discurso republicano del r\u00e9gimen rosista (1995)\u201d e \u201cResonancias rom\u00e1nticas: historia cultural del R\u00edo de la Plata 1820-1890 (2005)\u201d.<\/span><\/h4>\n<h4><span style=\"color: #000000;\">O t\u00edtulo de sua palestra ser\u00e1: <em>Cuesti\u00f3n de raza: la representaci\u00f3n intelectual de la experiencia africana en el R\u00edo de la Plata durante el siglo XX (Vicente Rossi, Ildefonso Pereda Vald\u00e9s y la recepci\u00f3n de la obra cubana de Fernando Ortiz)<\/em>. Como na hist\u00f3ria argentina a popula\u00e7\u00e3o negra \u00e9 um fato negado , quase n\u00e3o h\u00e1 bibliografia a respeito. Os poucos livros existentes ser\u00e3o comentados. Mas a\u00a0 palestra tratar\u00e1 do negro rioplatense em geral, particularmente o do Uruguai onde a popula\u00e7\u00e3o afro-descendente foi sempre reconhecida como grupo demogr\u00e1fico com identidade &#8211; e cultura &#8211; pr\u00f3pria e onde foi gerada uma abundante historiografia.<\/span><\/h4>\n<h4><span style=\"color: #000000;\">Local, data e hora: sala 502F, dia 21 de junho, \u00e0s 10 horas.<\/span><\/h4>\n<h4><\/h4>\n<p><\/p>","protected":false},"excerpt":{"rendered":"<p>O professor Jorge Myers \u00e9 especialista em Hist\u00f3ria Intelectual e das Ideias nos s\u00e9culos XIX e XX.\u00a0 Formou-se nas universidades de Cambridge (Reino Unido) e Stanford (Estados Unidos) e ocupou cargos de ensino e pesquisa nas universidades de Buenos Aires<a class=\"moretag\" href=\"https:\/\/www.his.puc-rio.br\/pb\/o-prof-jorge-eduardo-myers-do-programa-de-historia-intelectual-da-universidad-de-quilmes-buenos-aires-argentina-proferira-uma-palestra-na-4a-feira-dia-21-de-junho-as-10h-na-sala-502f\/\">&#8230;<\/a><\/br><a href=\"https:\/\/www.his.puc-rio.br\/pb\/o-prof-jorge-eduardo-myers-do-programa-de-historia-intelectual-da-universidad-de-quilmes-buenos-aires-argentina-proferira-uma-palestra-na-4a-feira-dia-21-de-junho-as-10h-na-sala-502f\/\" class=\"read-more\">Leia mais..  <span class=\"glyphicon glyphicon-chevron-right\" ><\/span><\/a><\/p>\n","protected":false},"author":1,"featured_media":1174,"comment_status":"open","ping_status":"open","sticky":false,"template":"","format":"standard","meta":{"footnotes":""},"categories":[1],"tags":[],"yoast_head":"<!-- This site is optimized with the Yoast SEO plugin v23.5 - https:\/\/yoast.com\/wordpress\/plugins\/seo\/ -->\n<title>O Prof Jorge Eduardo Myers (do Programa de Hist\u00f3ria Intelectual da Universidad de Quilmes, Buenos Aires, Argentina) proferir\u00e1 uma palestra na 4a feira, dia 21 de junho, \u00e0s 10h, na sala 502F. - Departamento de Hist\u00f3ria da PUC-Rio<\/title>\n<meta name=\"robots\" content=\"index, follow, max-snippet:-1, max-image-preview:large, max-video-preview:-1\" \/>\n<link rel=\"canonical\" href=\"https:\/\/www.his.puc-rio.br\/pb\/o-prof-jorge-eduardo-myers-do-programa-de-historia-intelectual-da-universidad-de-quilmes-buenos-aires-argentina-proferira-uma-palestra-na-4a-feira-dia-21-de-junho-as-10h-na-sala-502f\/\" \/>\n<meta property=\"og:locale\" content=\"pt_BR\" \/>\n<meta property=\"og:type\" content=\"article\" \/>\n<meta property=\"og:title\" content=\"O Prof Jorge Eduardo Myers (do Programa de Hist\u00f3ria Intelectual da Universidad de Quilmes, Buenos Aires, Argentina) proferir\u00e1 uma palestra na 4a feira, dia 21 de junho, \u00e0s 10h, na sala 502F. - Departamento de Hist\u00f3ria da PUC-Rio\" \/>\n<meta property=\"og:description\" content=\"O professor Jorge Myers \u00e9 especialista em Hist\u00f3ria Intelectual e das Ideias nos s\u00e9culos XIX e XX.\u00a0 Formou-se nas universidades de Cambridge (Reino Unido) e Stanford (Estados Unidos) e ocupou cargos de ensino e pesquisa nas universidades de Buenos Aires...Leia mais..\" \/>\n<meta property=\"og:url\" content=\"https:\/\/www.his.puc-rio.br\/pb\/o-prof-jorge-eduardo-myers-do-programa-de-historia-intelectual-da-universidad-de-quilmes-buenos-aires-argentina-proferira-uma-palestra-na-4a-feira-dia-21-de-junho-as-10h-na-sala-502f\/\" \/>\n<meta property=\"og:site_name\" content=\"Departamento de Hist\u00f3ria da PUC-Rio\" \/>\n<meta property=\"article:published_time\" content=\"2017-06-20T13:19:08+00:00\" \/>\n<meta property=\"article:modified_time\" content=\"2017-07-28T18:39:00+00:00\" \/>\n<meta property=\"og:image\" content=\"https:\/\/www.his.puc-rio.br\/wp-content\/uploads\/Untitled-1-8-1.jpg\" \/>\n\t<meta property=\"og:image:width\" content=\"1173\" \/>\n\t<meta property=\"og:image:height\" content=\"704\" \/>\n\t<meta property=\"og:image:type\" content=\"image\/jpeg\" \/>\n<meta name=\"author\" content=\"dephist\" \/>\n<meta name=\"twitter:card\" content=\"summary_large_image\" \/>\n<meta name=\"twitter:label1\" content=\"Escrito por\" \/>\n\t<meta name=\"twitter:data1\" content=\"dephist\" \/>\n\t<meta name=\"twitter:label2\" content=\"Est. tempo de leitura\" \/>\n\t<meta name=\"twitter:data2\" content=\"1 minuto\" \/>\n<script type=\"application\/ld+json\" class=\"yoast-schema-graph\">{\"@context\":\"https:\/\/schema.org\",\"@graph\":[{\"@type\":\"WebPage\",\"@id\":\"https:\/\/www.his.puc-rio.br\/pb\/o-prof-jorge-eduardo-myers-do-programa-de-historia-intelectual-da-universidad-de-quilmes-buenos-aires-argentina-proferira-uma-palestra-na-4a-feira-dia-21-de-junho-as-10h-na-sala-502f\/\",\"url\":\"https:\/\/www.his.puc-rio.br\/pb\/o-prof-jorge-eduardo-myers-do-programa-de-historia-intelectual-da-universidad-de-quilmes-buenos-aires-argentina-proferira-uma-palestra-na-4a-feira-dia-21-de-junho-as-10h-na-sala-502f\/\",\"name\":\"O Prof Jorge Eduardo Myers (do Programa de Hist\u00f3ria Intelectual da Universidad de Quilmes, Buenos Aires, Argentina) proferir\u00e1 uma palestra na 4a feira, dia 21 de junho, \u00e0s 10h, na sala 502F. - Departamento de Hist\u00f3ria da PUC-Rio\",\"isPartOf\":{\"@id\":\"http:\/\/www.his.puc-rio.br\/pb\/#website\"},\"primaryImageOfPage\":{\"@id\":\"https:\/\/www.his.puc-rio.br\/pb\/o-prof-jorge-eduardo-myers-do-programa-de-historia-intelectual-da-universidad-de-quilmes-buenos-aires-argentina-proferira-uma-palestra-na-4a-feira-dia-21-de-junho-as-10h-na-sala-502f\/#primaryimage\"},\"image\":{\"@id\":\"https:\/\/www.his.puc-rio.br\/pb\/o-prof-jorge-eduardo-myers-do-programa-de-historia-intelectual-da-universidad-de-quilmes-buenos-aires-argentina-proferira-uma-palestra-na-4a-feira-dia-21-de-junho-as-10h-na-sala-502f\/#primaryimage\"},\"thumbnailUrl\":\"https:\/\/www.his.puc-rio.br\/wp-content\/uploads\/Untitled-1-8-1.jpg\",\"datePublished\":\"2017-06-20T13:19:08+00:00\",\"dateModified\":\"2017-07-28T18:39:00+00:00\",\"author\":{\"@id\":\"http:\/\/www.his.puc-rio.br\/pb\/#\/schema\/person\/9e54900224aae47fd486e7013a22647b\"},\"breadcrumb\":{\"@id\":\"https:\/\/www.his.puc-rio.br\/pb\/o-prof-jorge-eduardo-myers-do-programa-de-historia-intelectual-da-universidad-de-quilmes-buenos-aires-argentina-proferira-uma-palestra-na-4a-feira-dia-21-de-junho-as-10h-na-sala-502f\/#breadcrumb\"},\"inLanguage\":\"pt-BR\",\"potentialAction\":[{\"@type\":\"ReadAction\",\"target\":[[\"https:\/\/www.his.puc-rio.br\/pb\/o-prof-jorge-eduardo-myers-do-programa-de-historia-intelectual-da-universidad-de-quilmes-buenos-aires-argentina-proferira-uma-palestra-na-4a-feira-dia-21-de-junho-as-10h-na-sala-502f\/\"]]}]},{\"@type\":\"ImageObject\",\"inLanguage\":\"pt-BR\",\"@id\":\"https:\/\/www.his.puc-rio.br\/pb\/o-prof-jorge-eduardo-myers-do-programa-de-historia-intelectual-da-universidad-de-quilmes-buenos-aires-argentina-proferira-uma-palestra-na-4a-feira-dia-21-de-junho-as-10h-na-sala-502f\/#primaryimage\",\"url\":\"https:\/\/www.his.puc-rio.br\/wp-content\/uploads\/Untitled-1-8-1.jpg\",\"contentUrl\":\"https:\/\/www.his.puc-rio.br\/wp-content\/uploads\/Untitled-1-8-1.jpg\",\"width\":1173,\"height\":704},{\"@type\":\"BreadcrumbList\",\"@id\":\"https:\/\/www.his.puc-rio.br\/pb\/o-prof-jorge-eduardo-myers-do-programa-de-historia-intelectual-da-universidad-de-quilmes-buenos-aires-argentina-proferira-uma-palestra-na-4a-feira-dia-21-de-junho-as-10h-na-sala-502f\/#breadcrumb\",\"itemListElement\":[{\"@type\":\"ListItem\",\"position\":1,\"name\":\"In\u00edcio\",\"item\":\"http:\/\/www.his.puc-rio.br\/pb\/\"},{\"@type\":\"ListItem\",\"position\":2,\"name\":\"O Prof Jorge Eduardo Myers (do Programa de Hist\u00f3ria Intelectual da Universidad de Quilmes, Buenos Aires, Argentina) proferir\u00e1 uma palestra na 4a feira, dia 21 de junho, \u00e0s 10h, na sala 502F.\"}]},{\"@type\":\"WebSite\",\"@id\":\"http:\/\/www.his.puc-rio.br\/pb\/#website\",\"url\":\"http:\/\/www.his.puc-rio.br\/pb\/\",\"name\":\"Departamento de Hist\u00f3ria da PUC-Rio\",\"description\":\"Cursos de Gradua\u00e7\u00e3o, P\u00f3s-gradua\u00e7\u00e3o, Mestrado e Doutorado\",\"potentialAction\":[{\"@type\":\"SearchAction\",\"target\":{\"@type\":\"EntryPoint\",\"urlTemplate\":\"http:\/\/www.his.puc-rio.br\/pb\/?s={search_term_string}\"},\"query-input\":{\"@type\":\"PropertyValueSpecification\",\"valueRequired\":true,\"valueName\":\"search_term_string\"}}],\"inLanguage\":\"pt-BR\"},{\"@type\":\"Person\",\"@id\":\"http:\/\/www.his.puc-rio.br\/pb\/#\/schema\/person\/9e54900224aae47fd486e7013a22647b\",\"name\":\"dephist\",\"image\":{\"@type\":\"ImageObject\",\"inLanguage\":\"pt-BR\",\"@id\":\"http:\/\/www.his.puc-rio.br\/pb\/#\/schema\/person\/image\/\",\"url\":\"https:\/\/secure.gravatar.com\/avatar\/bf2683cb6927d5fdbed7881a4ee37199?s=96&d=mm&r=g\",\"contentUrl\":\"https:\/\/secure.gravatar.com\/avatar\/bf2683cb6927d5fdbed7881a4ee37199?s=96&d=mm&r=g\",\"caption\":\"dephist\"},\"url\":\"https:\/\/www.his.puc-rio.br\/pb\/author\/dephist\/\"}]}<\/script>\n<!-- \/ Yoast SEO plugin. -->","yoast_head_json":{"title":"O Prof Jorge Eduardo Myers (do Programa de Hist\u00f3ria Intelectual da Universidad de Quilmes, Buenos Aires, Argentina) proferir\u00e1 uma palestra na 4a feira, dia 21 de junho, \u00e0s 10h, na sala 502F. - Departamento de Hist\u00f3ria da PUC-Rio","robots":{"index":"index","follow":"follow","max-snippet":"max-snippet:-1","max-image-preview":"max-image-preview:large","max-video-preview":"max-video-preview:-1"},"canonical":"https:\/\/www.his.puc-rio.br\/pb\/o-prof-jorge-eduardo-myers-do-programa-de-historia-intelectual-da-universidad-de-quilmes-buenos-aires-argentina-proferira-uma-palestra-na-4a-feira-dia-21-de-junho-as-10h-na-sala-502f\/","og_locale":"pt_BR","og_type":"article","og_title":"O Prof Jorge Eduardo Myers (do Programa de Hist\u00f3ria Intelectual da Universidad de Quilmes, Buenos Aires, Argentina) proferir\u00e1 uma palestra na 4a feira, dia 21 de junho, \u00e0s 10h, na sala 502F. - Departamento de Hist\u00f3ria da PUC-Rio","og_description":"O professor Jorge Myers \u00e9 especialista em Hist\u00f3ria Intelectual e das Ideias nos s\u00e9culos XIX e XX.\u00a0 Formou-se nas universidades de Cambridge (Reino Unido) e Stanford (Estados Unidos) e ocupou cargos de ensino e pesquisa nas universidades de Buenos Aires...Leia mais..","og_url":"https:\/\/www.his.puc-rio.br\/pb\/o-prof-jorge-eduardo-myers-do-programa-de-historia-intelectual-da-universidad-de-quilmes-buenos-aires-argentina-proferira-uma-palestra-na-4a-feira-dia-21-de-junho-as-10h-na-sala-502f\/","og_site_name":"Departamento de Hist\u00f3ria da PUC-Rio","article_published_time":"2017-06-20T13:19:08+00:00","article_modified_time":"2017-07-28T18:39:00+00:00","og_image":[{"width":1173,"height":704,"url":"https:\/\/www.his.puc-rio.br\/wp-content\/uploads\/Untitled-1-8-1.jpg","type":"image\/jpeg"}],"author":"dephist","twitter_card":"summary_large_image","twitter_misc":{"Escrito por":"dephist","Est. tempo de leitura":"1 minuto"},"schema":{"@context":"https:\/\/schema.org","@graph":[{"@type":"WebPage","@id":"https:\/\/www.his.puc-rio.br\/pb\/o-prof-jorge-eduardo-myers-do-programa-de-historia-intelectual-da-universidad-de-quilmes-buenos-aires-argentina-proferira-uma-palestra-na-4a-feira-dia-21-de-junho-as-10h-na-sala-502f\/","url":"https:\/\/www.his.puc-rio.br\/pb\/o-prof-jorge-eduardo-myers-do-programa-de-historia-intelectual-da-universidad-de-quilmes-buenos-aires-argentina-proferira-uma-palestra-na-4a-feira-dia-21-de-junho-as-10h-na-sala-502f\/","name":"O Prof Jorge Eduardo Myers (do Programa de Hist\u00f3ria Intelectual da Universidad de Quilmes, Buenos Aires, Argentina) proferir\u00e1 uma palestra na 4a feira, dia 21 de junho, \u00e0s 10h, na sala 502F. - Departamento de Hist\u00f3ria da PUC-Rio","isPartOf":{"@id":"http:\/\/www.his.puc-rio.br\/pb\/#website"},"primaryImageOfPage":{"@id":"https:\/\/www.his.puc-rio.br\/pb\/o-prof-jorge-eduardo-myers-do-programa-de-historia-intelectual-da-universidad-de-quilmes-buenos-aires-argentina-proferira-uma-palestra-na-4a-feira-dia-21-de-junho-as-10h-na-sala-502f\/#primaryimage"},"image":{"@id":"https:\/\/www.his.puc-rio.br\/pb\/o-prof-jorge-eduardo-myers-do-programa-de-historia-intelectual-da-universidad-de-quilmes-buenos-aires-argentina-proferira-uma-palestra-na-4a-feira-dia-21-de-junho-as-10h-na-sala-502f\/#primaryimage"},"thumbnailUrl":"https:\/\/www.his.puc-rio.br\/wp-content\/uploads\/Untitled-1-8-1.jpg","datePublished":"2017-06-20T13:19:08+00:00","dateModified":"2017-07-28T18:39:00+00:00","author":{"@id":"http:\/\/www.his.puc-rio.br\/pb\/#\/schema\/person\/9e54900224aae47fd486e7013a22647b"},"breadcrumb":{"@id":"https:\/\/www.his.puc-rio.br\/pb\/o-prof-jorge-eduardo-myers-do-programa-de-historia-intelectual-da-universidad-de-quilmes-buenos-aires-argentina-proferira-uma-palestra-na-4a-feira-dia-21-de-junho-as-10h-na-sala-502f\/#breadcrumb"},"inLanguage":"pt-BR","potentialAction":[{"@type":"ReadAction","target":[["https:\/\/www.his.puc-rio.br\/pb\/o-prof-jorge-eduardo-myers-do-programa-de-historia-intelectual-da-universidad-de-quilmes-buenos-aires-argentina-proferira-uma-palestra-na-4a-feira-dia-21-de-junho-as-10h-na-sala-502f\/"]]}]},{"@type":"ImageObject","inLanguage":"pt-BR","@id":"https:\/\/www.his.puc-rio.br\/pb\/o-prof-jorge-eduardo-myers-do-programa-de-historia-intelectual-da-universidad-de-quilmes-buenos-aires-argentina-proferira-uma-palestra-na-4a-feira-dia-21-de-junho-as-10h-na-sala-502f\/#primaryimage","url":"https:\/\/www.his.puc-rio.br\/wp-content\/uploads\/Untitled-1-8-1.jpg","contentUrl":"https:\/\/www.his.puc-rio.br\/wp-content\/uploads\/Untitled-1-8-1.jpg","width":1173,"height":704},{"@type":"BreadcrumbList","@id":"https:\/\/www.his.puc-rio.br\/pb\/o-prof-jorge-eduardo-myers-do-programa-de-historia-intelectual-da-universidad-de-quilmes-buenos-aires-argentina-proferira-uma-palestra-na-4a-feira-dia-21-de-junho-as-10h-na-sala-502f\/#breadcrumb","itemListElement":[{"@type":"ListItem","position":1,"name":"In\u00edcio","item":"http:\/\/www.his.puc-rio.br\/pb\/"},{"@type":"ListItem","position":2,"name":"O Prof Jorge Eduardo Myers (do Programa de Hist\u00f3ria Intelectual da Universidad de Quilmes, Buenos Aires, Argentina) proferir\u00e1 uma palestra na 4a feira, dia 21 de junho, \u00e0s 10h, na sala 502F."}]},{"@type":"WebSite","@id":"http:\/\/www.his.puc-rio.br\/pb\/#website","url":"http:\/\/www.his.puc-rio.br\/pb\/","name":"Departamento de Hist\u00f3ria da PUC-Rio","description":"Cursos de Gradua\u00e7\u00e3o, P\u00f3s-gradua\u00e7\u00e3o, Mestrado e Doutorado","potentialAction":[{"@type":"SearchAction","target":{"@type":"EntryPoint","urlTemplate":"http:\/\/www.his.puc-rio.br\/pb\/?s={search_term_string}"},"query-input":{"@type":"PropertyValueSpecification","valueRequired":true,"valueName":"search_term_string"}}],"inLanguage":"pt-BR"},{"@type":"Person","@id":"http:\/\/www.his.puc-rio.br\/pb\/#\/schema\/person\/9e54900224aae47fd486e7013a22647b","name":"dephist","image":{"@type":"ImageObject","inLanguage":"pt-BR","@id":"http:\/\/www.his.puc-rio.br\/pb\/#\/schema\/person\/image\/","url":"https:\/\/secure.gravatar.com\/avatar\/bf2683cb6927d5fdbed7881a4ee37199?s=96&d=mm&r=g","contentUrl":"https:\/\/secure.gravatar.com\/avatar\/bf2683cb6927d5fdbed7881a4ee37199?s=96&d=mm&r=g","caption":"dephist"},"url":"https:\/\/www.his.puc-rio.br\/pb\/author\/dephist\/"}]}},"jetpack_featured_media_url":"https:\/\/www.his.puc-rio.br\/wp-content\/uploads\/Untitled-1-8-1.jpg","_links":{"self":[{"href":"https:\/\/www.his.puc-rio.br\/pb\/wp-json\/wp\/v2\/posts\/1164"}],"collection":[{"href":"https:\/\/www.his.puc-rio.br\/pb\/wp-json\/wp\/v2\/posts"}],"about":[{"href":"https:\/\/www.his.puc-rio.br\/pb\/wp-json\/wp\/v2\/types\/post"}],"author":[{"embeddable":true,"href":"https:\/\/www.his.puc-rio.br\/pb\/wp-json\/wp\/v2\/users\/1"}],"replies":[{"embeddable":true,"href":"https:\/\/www.his.puc-rio.br\/pb\/wp-json\/wp\/v2\/comments?post=1164"}],"version-history":[{"count":2,"href":"https:\/\/www.his.puc-rio.br\/pb\/wp-json\/wp\/v2\/posts\/1164\/revisions"}],"predecessor-version":[{"id":1378,"href":"https:\/\/www.his.puc-rio.br\/pb\/wp-json\/wp\/v2\/posts\/1164\/revisions\/1378"}],"wp:featuredmedia":[{"embeddable":true,"href":"https:\/\/www.his.puc-rio.br\/pb\/wp-json\/wp\/v2\/media\/1174"}],"wp:attachment":[{"href":"https:\/\/www.his.puc-rio.br\/pb\/wp-json\/wp\/v2\/media?parent=1164"}],"wp:term":[{"taxonomy":"category","embeddable":true,"href":"https:\/\/www.his.puc-rio.br\/pb\/wp-json\/wp\/v2\/categories?post=1164"},{"taxonomy":"post_tag","embeddable":true,"href":"https:\/\/www.his.puc-rio.br\/pb\/wp-json\/wp\/v2\/tags?post=1164"}],"curies":[{"name":"wp","href":"https:\/\/api.w.org\/{rel}","templated":true}]}}