{"id":1514,"date":"2017-10-24T16:49:20","date_gmt":"2017-10-24T18:49:20","guid":{"rendered":"http:\/\/wwwt.his.puc-rio.br\/his\/?p=1514"},"modified":"2018-10-23T19:29:48","modified_gmt":"2018-10-23T22:29:48","slug":"conferencia-do-prof-dr-javier-fernandez-sebastian","status":"publish","type":"post","link":"https:\/\/www.his.puc-rio.br\/pb\/conferencia-do-prof-dr-javier-fernandez-sebastian\/","title":{"rendered":"Confer\u00eancia do Prof Dr. Javier Fern\u00e1ndez Sebasti\u00e1n"},"content":{"rendered":"<p><\/p>\n<h4><span style=\"color: #000000\">Javier Fern\u00e1ndez Sebasti\u00e1n \u00e9 Professor de Hist\u00f3ria do Pensamento Pol\u00edtico na Universidade do Pa\u00eds Basco (Bilbao) e Investigador Principal do grupo Hist\u00f3ria intelectual da Pol\u00edtica Moderna (IT-615-13, Basco University System) e do Projeto Hist\u00f3ria Conceitual, Constitucionalismo e Modernidade na Espanha, na Europa e no mundo Ibero-americano (HAR2013-42779-P, MINECO). Fellow e professor convidado no EHESS (Paris), no Max Planck Institut f\u00fcr Geschichte G\u00f6ttingen), e nas Universidades de Cambridge, Paris III, S\u00e3o Paulo, Timisoara e Harvard, ao longo da carreira ministrou cursos e confer\u00eancias em muitos pa\u00edses europeus e nas Am\u00e9ricas.<\/span><\/h4>\n<h4><span style=\"color: #000000\">Diretor das cole\u00e7\u00f5es Textos Cl\u00e1ssicos Pensamento Pol\u00edtico e Social do Pa\u00eds Basco (UPV) e Social Sciences &amp; Humanities (Mc Graw Hill-Santander University Press), Javier Sebast\u00edan tamb\u00e9m \u00e9\u00a0 membro do Conselho Editorial da cole\u00e7\u00e3o Arquivos Internacionais de Hist\u00f3ria das Ideias da editora Springer; membro dos Conselhos Editorial e Cient\u00edfico da Revista de Estudos Pol\u00edticos, Hist\u00f3ria Constitucional, Res Publica, M\u00e9langes de Vel\u00e1zquez House, Almanack, Hist\u00f3ria e Gr\u00e1fico, Contribui\u00e7\u00f5es para a Hist\u00f3ria dos Conceitos. Fundador e coordenador do projeto internacional \/ rede Iberconceptos e membro do Conselho Cient\u00edfico da Cilengua; diretor da revista Ariadna: L\u00ednguas, conceitos, met\u00e1foras.<\/span><\/h4>\n<h4><span style=\"color: #000000\">Em colabora\u00e7\u00e3o com um grupo de estudiosos europeus, ele \u00e9 um dos promotores do Projeto de Hist\u00f3ria Conceitual Europeia (ECHP).<\/span><\/h4>\n<p><\/p>","protected":false},"excerpt":{"rendered":"<p>Javier Fern\u00e1ndez Sebasti\u00e1n \u00e9 Professor de Hist\u00f3ria do Pensamento Pol\u00edtico na Universidade do Pa\u00eds Basco (Bilbao) e Investigador Principal do grupo Hist\u00f3ria intelectual da Pol\u00edtica Moderna (IT-615-13, Basco University System) e do Projeto Hist\u00f3ria Conceitual, Constitucionalismo e Modernidade na Espanha,<a class=\"moretag\" href=\"https:\/\/www.his.puc-rio.br\/pb\/conferencia-do-prof-dr-javier-fernandez-sebastian\/\">&#8230;<\/a><\/br><a href=\"https:\/\/www.his.puc-rio.br\/pb\/conferencia-do-prof-dr-javier-fernandez-sebastian\/\" class=\"read-more\">Leia mais..  <span class=\"glyphicon glyphicon-chevron-right\" ><\/span><\/a><\/p>\n","protected":false},"author":1,"featured_media":1515,"comment_status":"open","ping_status":"open","sticky":false,"template":"","format":"standard","meta":{"footnotes":""},"categories":[1],"tags":[],"yoast_head":"<!-- This site is optimized with the Yoast SEO plugin v23.5 - https:\/\/yoast.com\/wordpress\/plugins\/seo\/ -->\n<title>Confer\u00eancia do Prof Dr. Javier Fern\u00e1ndez Sebasti\u00e1n - Departamento de Hist\u00f3ria da PUC-Rio<\/title>\n<meta name=\"robots\" content=\"index, follow, max-snippet:-1, max-image-preview:large, max-video-preview:-1\" \/>\n<link rel=\"canonical\" href=\"https:\/\/www.his.puc-rio.br\/pb\/conferencia-do-prof-dr-javier-fernandez-sebastian\/\" \/>\n<meta property=\"og:locale\" content=\"pt_BR\" \/>\n<meta property=\"og:type\" content=\"article\" \/>\n<meta property=\"og:title\" content=\"Confer\u00eancia do Prof Dr. Javier Fern\u00e1ndez Sebasti\u00e1n - Departamento de Hist\u00f3ria da PUC-Rio\" \/>\n<meta property=\"og:description\" content=\"Javier Fern\u00e1ndez Sebasti\u00e1n \u00e9 Professor de Hist\u00f3ria do Pensamento Pol\u00edtico na Universidade do Pa\u00eds Basco (Bilbao) e Investigador Principal do grupo Hist\u00f3ria intelectual da Pol\u00edtica Moderna (IT-615-13, Basco University System) e do Projeto Hist\u00f3ria Conceitual, Constitucionalismo e Modernidade na Espanha,...Leia mais..\" \/>\n<meta property=\"og:url\" content=\"https:\/\/www.his.puc-rio.br\/pb\/conferencia-do-prof-dr-javier-fernandez-sebastian\/\" \/>\n<meta property=\"og:site_name\" content=\"Departamento de Hist\u00f3ria da PUC-Rio\" \/>\n<meta property=\"article:published_time\" content=\"2017-10-24T18:49:20+00:00\" \/>\n<meta property=\"article:modified_time\" content=\"2018-10-23T22:29:48+00:00\" \/>\n<meta property=\"og:image\" content=\"https:\/\/www.his.puc-rio.br\/wp-content\/uploads\/\u201cA-categoria-de-\u201ccrise-hist\u00f3rica\u201d-na-historiografia-do-come\u00e7o-do-s\u00e9c.-XIX-at\u00e9-a-atualidade\u201d..jpg\" \/>\n\t<meta property=\"og:image:width\" content=\"1588\" \/>\n\t<meta property=\"og:image:height\" content=\"2246\" \/>\n\t<meta property=\"og:image:type\" content=\"image\/jpeg\" \/>\n<meta name=\"author\" content=\"dephist\" \/>\n<meta name=\"twitter:card\" content=\"summary_large_image\" \/>\n<meta name=\"twitter:label1\" content=\"Escrito por\" \/>\n\t<meta name=\"twitter:data1\" content=\"dephist\" \/>\n\t<meta name=\"twitter:label2\" content=\"Est. tempo de leitura\" \/>\n\t<meta name=\"twitter:data2\" content=\"1 minuto\" \/>\n<script type=\"application\/ld+json\" class=\"yoast-schema-graph\">{\"@context\":\"https:\/\/schema.org\",\"@graph\":[{\"@type\":\"WebPage\",\"@id\":\"https:\/\/www.his.puc-rio.br\/pb\/conferencia-do-prof-dr-javier-fernandez-sebastian\/\",\"url\":\"https:\/\/www.his.puc-rio.br\/pb\/conferencia-do-prof-dr-javier-fernandez-sebastian\/\",\"name\":\"Confer\u00eancia do Prof Dr. Javier Fern\u00e1ndez Sebasti\u00e1n - Departamento de Hist\u00f3ria da PUC-Rio\",\"isPartOf\":{\"@id\":\"http:\/\/www.his.puc-rio.br\/pb\/#website\"},\"primaryImageOfPage\":{\"@id\":\"https:\/\/www.his.puc-rio.br\/pb\/conferencia-do-prof-dr-javier-fernandez-sebastian\/#primaryimage\"},\"image\":{\"@id\":\"https:\/\/www.his.puc-rio.br\/pb\/conferencia-do-prof-dr-javier-fernandez-sebastian\/#primaryimage\"},\"thumbnailUrl\":\"https:\/\/www.his.puc-rio.br\/wp-content\/uploads\/\u201cA-categoria-de-\u201ccrise-hist\u00f3rica\u201d-na-historiografia-do-come\u00e7o-do-s\u00e9c.-XIX-at\u00e9-a-atualidade\u201d..jpg\",\"datePublished\":\"2017-10-24T18:49:20+00:00\",\"dateModified\":\"2018-10-23T22:29:48+00:00\",\"author\":{\"@id\":\"http:\/\/www.his.puc-rio.br\/pb\/#\/schema\/person\/9e54900224aae47fd486e7013a22647b\"},\"breadcrumb\":{\"@id\":\"https:\/\/www.his.puc-rio.br\/pb\/conferencia-do-prof-dr-javier-fernandez-sebastian\/#breadcrumb\"},\"inLanguage\":\"pt-BR\",\"potentialAction\":[{\"@type\":\"ReadAction\",\"target\":[[\"https:\/\/www.his.puc-rio.br\/pb\/conferencia-do-prof-dr-javier-fernandez-sebastian\/\"]]}]},{\"@type\":\"ImageObject\",\"inLanguage\":\"pt-BR\",\"@id\":\"https:\/\/www.his.puc-rio.br\/pb\/conferencia-do-prof-dr-javier-fernandez-sebastian\/#primaryimage\",\"url\":\"https:\/\/www.his.puc-rio.br\/wp-content\/uploads\/\u201cA-categoria-de-\u201ccrise-hist\u00f3rica\u201d-na-historiografia-do-come\u00e7o-do-s\u00e9c.-XIX-at\u00e9-a-atualidade\u201d..jpg\",\"contentUrl\":\"https:\/\/www.his.puc-rio.br\/wp-content\/uploads\/\u201cA-categoria-de-\u201ccrise-hist\u00f3rica\u201d-na-historiografia-do-come\u00e7o-do-s\u00e9c.-XIX-at\u00e9-a-atualidade\u201d..jpg\",\"width\":1588,\"height\":2246},{\"@type\":\"BreadcrumbList\",\"@id\":\"https:\/\/www.his.puc-rio.br\/pb\/conferencia-do-prof-dr-javier-fernandez-sebastian\/#breadcrumb\",\"itemListElement\":[{\"@type\":\"ListItem\",\"position\":1,\"name\":\"In\u00edcio\",\"item\":\"http:\/\/www.his.puc-rio.br\/pb\/\"},{\"@type\":\"ListItem\",\"position\":2,\"name\":\"Confer\u00eancia do Prof Dr. Javier Fern\u00e1ndez Sebasti\u00e1n\"}]},{\"@type\":\"WebSite\",\"@id\":\"http:\/\/www.his.puc-rio.br\/pb\/#website\",\"url\":\"http:\/\/www.his.puc-rio.br\/pb\/\",\"name\":\"Departamento de Hist\u00f3ria da PUC-Rio\",\"description\":\"Cursos de Gradua\u00e7\u00e3o, P\u00f3s-gradua\u00e7\u00e3o, Mestrado e Doutorado\",\"potentialAction\":[{\"@type\":\"SearchAction\",\"target\":{\"@type\":\"EntryPoint\",\"urlTemplate\":\"http:\/\/www.his.puc-rio.br\/pb\/?s={search_term_string}\"},\"query-input\":{\"@type\":\"PropertyValueSpecification\",\"valueRequired\":true,\"valueName\":\"search_term_string\"}}],\"inLanguage\":\"pt-BR\"},{\"@type\":\"Person\",\"@id\":\"http:\/\/www.his.puc-rio.br\/pb\/#\/schema\/person\/9e54900224aae47fd486e7013a22647b\",\"name\":\"dephist\",\"image\":{\"@type\":\"ImageObject\",\"inLanguage\":\"pt-BR\",\"@id\":\"http:\/\/www.his.puc-rio.br\/pb\/#\/schema\/person\/image\/\",\"url\":\"https:\/\/secure.gravatar.com\/avatar\/bf2683cb6927d5fdbed7881a4ee37199?s=96&d=mm&r=g\",\"contentUrl\":\"https:\/\/secure.gravatar.com\/avatar\/bf2683cb6927d5fdbed7881a4ee37199?s=96&d=mm&r=g\",\"caption\":\"dephist\"},\"url\":\"https:\/\/www.his.puc-rio.br\/pb\/author\/dephist\/\"}]}<\/script>\n<!-- \/ Yoast SEO plugin. -->","yoast_head_json":{"title":"Confer\u00eancia do Prof Dr. Javier Fern\u00e1ndez Sebasti\u00e1n - Departamento de Hist\u00f3ria da PUC-Rio","robots":{"index":"index","follow":"follow","max-snippet":"max-snippet:-1","max-image-preview":"max-image-preview:large","max-video-preview":"max-video-preview:-1"},"canonical":"https:\/\/www.his.puc-rio.br\/pb\/conferencia-do-prof-dr-javier-fernandez-sebastian\/","og_locale":"pt_BR","og_type":"article","og_title":"Confer\u00eancia do Prof Dr. Javier Fern\u00e1ndez Sebasti\u00e1n - Departamento de Hist\u00f3ria da PUC-Rio","og_description":"Javier Fern\u00e1ndez Sebasti\u00e1n \u00e9 Professor de Hist\u00f3ria do Pensamento Pol\u00edtico na Universidade do Pa\u00eds Basco (Bilbao) e Investigador Principal do grupo Hist\u00f3ria intelectual da Pol\u00edtica Moderna (IT-615-13, Basco University System) e do Projeto Hist\u00f3ria Conceitual, Constitucionalismo e Modernidade na Espanha,...Leia mais..","og_url":"https:\/\/www.his.puc-rio.br\/pb\/conferencia-do-prof-dr-javier-fernandez-sebastian\/","og_site_name":"Departamento de Hist\u00f3ria da PUC-Rio","article_published_time":"2017-10-24T18:49:20+00:00","article_modified_time":"2018-10-23T22:29:48+00:00","og_image":[{"width":1588,"height":2246,"url":"https:\/\/www.his.puc-rio.br\/wp-content\/uploads\/\u201cA-categoria-de-\u201ccrise-hist\u00f3rica\u201d-na-historiografia-do-come\u00e7o-do-s\u00e9c.-XIX-at\u00e9-a-atualidade\u201d..jpg","type":"image\/jpeg"}],"author":"dephist","twitter_card":"summary_large_image","twitter_misc":{"Escrito por":"dephist","Est. tempo de leitura":"1 minuto"},"schema":{"@context":"https:\/\/schema.org","@graph":[{"@type":"WebPage","@id":"https:\/\/www.his.puc-rio.br\/pb\/conferencia-do-prof-dr-javier-fernandez-sebastian\/","url":"https:\/\/www.his.puc-rio.br\/pb\/conferencia-do-prof-dr-javier-fernandez-sebastian\/","name":"Confer\u00eancia do Prof Dr. Javier Fern\u00e1ndez Sebasti\u00e1n - Departamento de Hist\u00f3ria da PUC-Rio","isPartOf":{"@id":"http:\/\/www.his.puc-rio.br\/pb\/#website"},"primaryImageOfPage":{"@id":"https:\/\/www.his.puc-rio.br\/pb\/conferencia-do-prof-dr-javier-fernandez-sebastian\/#primaryimage"},"image":{"@id":"https:\/\/www.his.puc-rio.br\/pb\/conferencia-do-prof-dr-javier-fernandez-sebastian\/#primaryimage"},"thumbnailUrl":"https:\/\/www.his.puc-rio.br\/wp-content\/uploads\/\u201cA-categoria-de-\u201ccrise-hist\u00f3rica\u201d-na-historiografia-do-come\u00e7o-do-s\u00e9c.-XIX-at\u00e9-a-atualidade\u201d..jpg","datePublished":"2017-10-24T18:49:20+00:00","dateModified":"2018-10-23T22:29:48+00:00","author":{"@id":"http:\/\/www.his.puc-rio.br\/pb\/#\/schema\/person\/9e54900224aae47fd486e7013a22647b"},"breadcrumb":{"@id":"https:\/\/www.his.puc-rio.br\/pb\/conferencia-do-prof-dr-javier-fernandez-sebastian\/#breadcrumb"},"inLanguage":"pt-BR","potentialAction":[{"@type":"ReadAction","target":[["https:\/\/www.his.puc-rio.br\/pb\/conferencia-do-prof-dr-javier-fernandez-sebastian\/"]]}]},{"@type":"ImageObject","inLanguage":"pt-BR","@id":"https:\/\/www.his.puc-rio.br\/pb\/conferencia-do-prof-dr-javier-fernandez-sebastian\/#primaryimage","url":"https:\/\/www.his.puc-rio.br\/wp-content\/uploads\/\u201cA-categoria-de-\u201ccrise-hist\u00f3rica\u201d-na-historiografia-do-come\u00e7o-do-s\u00e9c.-XIX-at\u00e9-a-atualidade\u201d..jpg","contentUrl":"https:\/\/www.his.puc-rio.br\/wp-content\/uploads\/\u201cA-categoria-de-\u201ccrise-hist\u00f3rica\u201d-na-historiografia-do-come\u00e7o-do-s\u00e9c.-XIX-at\u00e9-a-atualidade\u201d..jpg","width":1588,"height":2246},{"@type":"BreadcrumbList","@id":"https:\/\/www.his.puc-rio.br\/pb\/conferencia-do-prof-dr-javier-fernandez-sebastian\/#breadcrumb","itemListElement":[{"@type":"ListItem","position":1,"name":"In\u00edcio","item":"http:\/\/www.his.puc-rio.br\/pb\/"},{"@type":"ListItem","position":2,"name":"Confer\u00eancia do Prof Dr. Javier Fern\u00e1ndez Sebasti\u00e1n"}]},{"@type":"WebSite","@id":"http:\/\/www.his.puc-rio.br\/pb\/#website","url":"http:\/\/www.his.puc-rio.br\/pb\/","name":"Departamento de Hist\u00f3ria da PUC-Rio","description":"Cursos de Gradua\u00e7\u00e3o, P\u00f3s-gradua\u00e7\u00e3o, Mestrado e Doutorado","potentialAction":[{"@type":"SearchAction","target":{"@type":"EntryPoint","urlTemplate":"http:\/\/www.his.puc-rio.br\/pb\/?s={search_term_string}"},"query-input":{"@type":"PropertyValueSpecification","valueRequired":true,"valueName":"search_term_string"}}],"inLanguage":"pt-BR"},{"@type":"Person","@id":"http:\/\/www.his.puc-rio.br\/pb\/#\/schema\/person\/9e54900224aae47fd486e7013a22647b","name":"dephist","image":{"@type":"ImageObject","inLanguage":"pt-BR","@id":"http:\/\/www.his.puc-rio.br\/pb\/#\/schema\/person\/image\/","url":"https:\/\/secure.gravatar.com\/avatar\/bf2683cb6927d5fdbed7881a4ee37199?s=96&d=mm&r=g","contentUrl":"https:\/\/secure.gravatar.com\/avatar\/bf2683cb6927d5fdbed7881a4ee37199?s=96&d=mm&r=g","caption":"dephist"},"url":"https:\/\/www.his.puc-rio.br\/pb\/author\/dephist\/"}]}},"jetpack_featured_media_url":"https:\/\/www.his.puc-rio.br\/wp-content\/uploads\/\u201cA-categoria-de-\u201ccrise-hist\u00f3rica\u201d-na-historiografia-do-come\u00e7o-do-s\u00e9c.-XIX-at\u00e9-a-atualidade\u201d..jpg","_links":{"self":[{"href":"https:\/\/www.his.puc-rio.br\/pb\/wp-json\/wp\/v2\/posts\/1514"}],"collection":[{"href":"https:\/\/www.his.puc-rio.br\/pb\/wp-json\/wp\/v2\/posts"}],"about":[{"href":"https:\/\/www.his.puc-rio.br\/pb\/wp-json\/wp\/v2\/types\/post"}],"author":[{"embeddable":true,"href":"https:\/\/www.his.puc-rio.br\/pb\/wp-json\/wp\/v2\/users\/1"}],"replies":[{"embeddable":true,"href":"https:\/\/www.his.puc-rio.br\/pb\/wp-json\/wp\/v2\/comments?post=1514"}],"version-history":[{"count":2,"href":"https:\/\/www.his.puc-rio.br\/pb\/wp-json\/wp\/v2\/posts\/1514\/revisions"}],"predecessor-version":[{"id":1776,"href":"https:\/\/www.his.puc-rio.br\/pb\/wp-json\/wp\/v2\/posts\/1514\/revisions\/1776"}],"wp:featuredmedia":[{"embeddable":true,"href":"https:\/\/www.his.puc-rio.br\/pb\/wp-json\/wp\/v2\/media\/1515"}],"wp:attachment":[{"href":"https:\/\/www.his.puc-rio.br\/pb\/wp-json\/wp\/v2\/media?parent=1514"}],"wp:term":[{"taxonomy":"category","embeddable":true,"href":"https:\/\/www.his.puc-rio.br\/pb\/wp-json\/wp\/v2\/categories?post=1514"},{"taxonomy":"post_tag","embeddable":true,"href":"https:\/\/www.his.puc-rio.br\/pb\/wp-json\/wp\/v2\/tags?post=1514"}],"curies":[{"name":"wp","href":"https:\/\/api.w.org\/{rel}","templated":true}]}}