{"id":2174,"date":"2018-11-01T15:16:59","date_gmt":"2018-11-01T18:16:59","guid":{"rendered":"http:\/\/wwwt.his.puc-rio.br\/his\/?p=2174"},"modified":"2018-11-01T16:02:23","modified_gmt":"2018-11-01T19:02:23","slug":"o-departamento-de-historia-convida-para-a-palestra-da-profa-heloisa-starling-ufmg-ser-republicano-no-brasil-colonia-a-historia-de-uma-tradicao-esquecida","status":"publish","type":"post","link":"https:\/\/www.his.puc-rio.br\/pb\/o-departamento-de-historia-convida-para-a-palestra-da-profa-heloisa-starling-ufmg-ser-republicano-no-brasil-colonia-a-historia-de-uma-tradicao-esquecida\/","title":{"rendered":"O Departamento de Hist\u00f3ria convida para a palestra da profa. Heloisa Starling (UFMG). \u201cSER REPUBLICANO NO BRASIL COL\u00d4NIA &#8211; A hist\u00f3ria de uma tradi\u00e7\u00e3o esquecida\u201d"},"content":{"rendered":"<p><\/p>\n<h3><span style=\"color: #000000;\">Este ensaio de hist\u00f3ria e ci\u00eancia pol\u00edtica resgata do esquecimento o percurso das ideias de rep\u00fablica no Brasil Col\u00f4nia e a trajet\u00f3ria formativa da incipiente cidadania antes da Independ\u00eancia. As conjura\u00e7\u00f5es de Minas Gerais, Rio de Janeiro e Bahia, entre outras, s\u00e3o reinterpretadas em contraste com a Rep\u00fablica institu\u00edda pelo golpe militar de 1889, cuja ess\u00eancia olig\u00e1rquica e excludente tem reiterado como trag\u00e9dia nacional a aguda constata\u00e7\u00e3o de nosso primeiro historiador, profeta dos eternos desmandos na condu\u00e7\u00e3o da\u00a0<em>res publica<\/em>\u00a0nativa.<\/span><br \/>\n<span style=\"color: #000000;\">\u201cNenhum homem nesta terra \u00e9 rep\u00fablico, nela zela, ou trata do bem comum, sen\u00e3o cada um do bem particular.\u201d Estranhamente atuais, as palavras certeiras de frei Vicente do Salvador em 1630 correspondem ao primeiro registro impresso da presen\u00e7a do conceito de rep\u00fablica no Brasil.\u00a0<\/span><br \/>\n<span style=\"color: #000000;\">Emanados em franc\u00eas e ingl\u00eas dos centros mundiais da subvers\u00e3o antimon\u00e1rquica, os princ\u00edpios republicanos abra\u00e7ados pelos inconfidentes j\u00e1 tinham no final do s\u00e9culo XVIII uma rica tradi\u00e7\u00e3o no Brasil colonial. Heloisa Starling realiza uma impressionante arqueologia da recep\u00e7\u00e3o e das adapta\u00e7\u00f5es da palavra rep\u00fablica em sua vida natural na Col\u00f4nia, soterradas pelo triunfo do Imp\u00e9rio e, em seguida, do regime de 15 de novembro de 1889.<\/span><\/h3>\n<h3><span style=\"color: #000000;\">Retirado de <span style=\"color: #ff6600;\"><a style=\"color: #ff6600;\" href=\"https:\/\/www.companhiadasletras.com.br\/detalhe.php?codigo=14529\">https:\/\/www.companhiadasletras.com.br\/detalhe.php?codigo=14529<\/a><\/span><\/span><\/h3>\n<p><\/p>","protected":false},"excerpt":{"rendered":"<p>Este ensaio de hist\u00f3ria e ci\u00eancia pol\u00edtica resgata do esquecimento o percurso das ideias de rep\u00fablica no Brasil Col\u00f4nia e a trajet\u00f3ria formativa da incipiente cidadania antes da Independ\u00eancia. As conjura\u00e7\u00f5es de Minas Gerais, Rio de Janeiro e Bahia, entre<a class=\"moretag\" href=\"https:\/\/www.his.puc-rio.br\/pb\/o-departamento-de-historia-convida-para-a-palestra-da-profa-heloisa-starling-ufmg-ser-republicano-no-brasil-colonia-a-historia-de-uma-tradicao-esquecida\/\">&#8230;<\/a><\/br><a href=\"https:\/\/www.his.puc-rio.br\/pb\/o-departamento-de-historia-convida-para-a-palestra-da-profa-heloisa-starling-ufmg-ser-republicano-no-brasil-colonia-a-historia-de-uma-tradicao-esquecida\/\" class=\"read-more\">Leia mais..  <span class=\"glyphicon glyphicon-chevron-right\" ><\/span><\/a><\/p>\n","protected":false},"author":1,"featured_media":2177,"comment_status":"closed","ping_status":"open","sticky":false,"template":"","format":"standard","meta":{"footnotes":""},"categories":[1],"tags":[],"yoast_head":"<!-- This site is optimized with the Yoast SEO plugin v23.5 - https:\/\/yoast.com\/wordpress\/plugins\/seo\/ -->\n<title>O Departamento de Hist\u00f3ria convida para a palestra da profa. Heloisa Starling (UFMG). \u201cSER REPUBLICANO NO BRASIL COL\u00d4NIA - A hist\u00f3ria de uma tradi\u00e7\u00e3o esquecida\u201d - Departamento de Hist\u00f3ria da PUC-Rio<\/title>\n<meta name=\"robots\" content=\"index, follow, max-snippet:-1, max-image-preview:large, max-video-preview:-1\" \/>\n<link rel=\"canonical\" href=\"https:\/\/www.his.puc-rio.br\/pb\/o-departamento-de-historia-convida-para-a-palestra-da-profa-heloisa-starling-ufmg-ser-republicano-no-brasil-colonia-a-historia-de-uma-tradicao-esquecida\/\" \/>\n<meta property=\"og:locale\" content=\"pt_BR\" \/>\n<meta property=\"og:type\" content=\"article\" \/>\n<meta property=\"og:title\" content=\"O Departamento de Hist\u00f3ria convida para a palestra da profa. Heloisa Starling (UFMG). \u201cSER REPUBLICANO NO BRASIL COL\u00d4NIA - A hist\u00f3ria de uma tradi\u00e7\u00e3o esquecida\u201d - Departamento de Hist\u00f3ria da PUC-Rio\" \/>\n<meta property=\"og:description\" content=\"Este ensaio de hist\u00f3ria e ci\u00eancia pol\u00edtica resgata do esquecimento o percurso das ideias de rep\u00fablica no Brasil Col\u00f4nia e a trajet\u00f3ria formativa da incipiente cidadania antes da Independ\u00eancia. As conjura\u00e7\u00f5es de Minas Gerais, Rio de Janeiro e Bahia, entre...Leia mais..\" \/>\n<meta property=\"og:url\" content=\"https:\/\/www.his.puc-rio.br\/pb\/o-departamento-de-historia-convida-para-a-palestra-da-profa-heloisa-starling-ufmg-ser-republicano-no-brasil-colonia-a-historia-de-uma-tradicao-esquecida\/\" \/>\n<meta property=\"og:site_name\" content=\"Departamento de Hist\u00f3ria da PUC-Rio\" \/>\n<meta property=\"article:published_time\" content=\"2018-11-01T18:16:59+00:00\" \/>\n<meta property=\"article:modified_time\" content=\"2018-11-01T19:02:23+00:00\" \/>\n<meta property=\"og:image\" content=\"https:\/\/www.his.puc-rio.br\/wp-content\/uploads\/teste-a3-livro.png\" \/>\n\t<meta property=\"og:image:width\" content=\"900\" \/>\n\t<meta property=\"og:image:height\" content=\"500\" \/>\n\t<meta property=\"og:image:type\" content=\"image\/png\" \/>\n<meta name=\"author\" content=\"dephist\" \/>\n<meta name=\"twitter:card\" content=\"summary_large_image\" \/>\n<meta name=\"twitter:label1\" content=\"Escrito por\" \/>\n\t<meta name=\"twitter:data1\" content=\"dephist\" \/>\n\t<meta name=\"twitter:label2\" content=\"Est. tempo de leitura\" \/>\n\t<meta name=\"twitter:data2\" content=\"1 minuto\" \/>\n<script type=\"application\/ld+json\" class=\"yoast-schema-graph\">{\"@context\":\"https:\/\/schema.org\",\"@graph\":[{\"@type\":\"WebPage\",\"@id\":\"https:\/\/www.his.puc-rio.br\/pb\/o-departamento-de-historia-convida-para-a-palestra-da-profa-heloisa-starling-ufmg-ser-republicano-no-brasil-colonia-a-historia-de-uma-tradicao-esquecida\/\",\"url\":\"https:\/\/www.his.puc-rio.br\/pb\/o-departamento-de-historia-convida-para-a-palestra-da-profa-heloisa-starling-ufmg-ser-republicano-no-brasil-colonia-a-historia-de-uma-tradicao-esquecida\/\",\"name\":\"O Departamento de Hist\u00f3ria convida para a palestra da profa. Heloisa Starling (UFMG). \u201cSER REPUBLICANO NO BRASIL COL\u00d4NIA - A hist\u00f3ria de uma tradi\u00e7\u00e3o esquecida\u201d - Departamento de Hist\u00f3ria da PUC-Rio\",\"isPartOf\":{\"@id\":\"http:\/\/www.his.puc-rio.br\/pb\/#website\"},\"primaryImageOfPage\":{\"@id\":\"https:\/\/www.his.puc-rio.br\/pb\/o-departamento-de-historia-convida-para-a-palestra-da-profa-heloisa-starling-ufmg-ser-republicano-no-brasil-colonia-a-historia-de-uma-tradicao-esquecida\/#primaryimage\"},\"image\":{\"@id\":\"https:\/\/www.his.puc-rio.br\/pb\/o-departamento-de-historia-convida-para-a-palestra-da-profa-heloisa-starling-ufmg-ser-republicano-no-brasil-colonia-a-historia-de-uma-tradicao-esquecida\/#primaryimage\"},\"thumbnailUrl\":\"https:\/\/www.his.puc-rio.br\/wp-content\/uploads\/teste-a3-livro.png\",\"datePublished\":\"2018-11-01T18:16:59+00:00\",\"dateModified\":\"2018-11-01T19:02:23+00:00\",\"author\":{\"@id\":\"http:\/\/www.his.puc-rio.br\/pb\/#\/schema\/person\/9e54900224aae47fd486e7013a22647b\"},\"breadcrumb\":{\"@id\":\"https:\/\/www.his.puc-rio.br\/pb\/o-departamento-de-historia-convida-para-a-palestra-da-profa-heloisa-starling-ufmg-ser-republicano-no-brasil-colonia-a-historia-de-uma-tradicao-esquecida\/#breadcrumb\"},\"inLanguage\":\"pt-BR\",\"potentialAction\":[{\"@type\":\"ReadAction\",\"target\":[[\"https:\/\/www.his.puc-rio.br\/pb\/o-departamento-de-historia-convida-para-a-palestra-da-profa-heloisa-starling-ufmg-ser-republicano-no-brasil-colonia-a-historia-de-uma-tradicao-esquecida\/\"]]}]},{\"@type\":\"ImageObject\",\"inLanguage\":\"pt-BR\",\"@id\":\"https:\/\/www.his.puc-rio.br\/pb\/o-departamento-de-historia-convida-para-a-palestra-da-profa-heloisa-starling-ufmg-ser-republicano-no-brasil-colonia-a-historia-de-uma-tradicao-esquecida\/#primaryimage\",\"url\":\"https:\/\/www.his.puc-rio.br\/wp-content\/uploads\/teste-a3-livro.png\",\"contentUrl\":\"https:\/\/www.his.puc-rio.br\/wp-content\/uploads\/teste-a3-livro.png\",\"width\":900,\"height\":500},{\"@type\":\"BreadcrumbList\",\"@id\":\"https:\/\/www.his.puc-rio.br\/pb\/o-departamento-de-historia-convida-para-a-palestra-da-profa-heloisa-starling-ufmg-ser-republicano-no-brasil-colonia-a-historia-de-uma-tradicao-esquecida\/#breadcrumb\",\"itemListElement\":[{\"@type\":\"ListItem\",\"position\":1,\"name\":\"In\u00edcio\",\"item\":\"http:\/\/www.his.puc-rio.br\/pb\/\"},{\"@type\":\"ListItem\",\"position\":2,\"name\":\"O Departamento de Hist\u00f3ria convida para a palestra da profa. Heloisa Starling (UFMG). \u201cSER REPUBLICANO NO BRASIL COL\u00d4NIA &#8211; A hist\u00f3ria de uma tradi\u00e7\u00e3o esquecida\u201d\"}]},{\"@type\":\"WebSite\",\"@id\":\"http:\/\/www.his.puc-rio.br\/pb\/#website\",\"url\":\"http:\/\/www.his.puc-rio.br\/pb\/\",\"name\":\"Departamento de Hist\u00f3ria da PUC-Rio\",\"description\":\"Cursos de Gradua\u00e7\u00e3o, P\u00f3s-gradua\u00e7\u00e3o, Mestrado e Doutorado\",\"potentialAction\":[{\"@type\":\"SearchAction\",\"target\":{\"@type\":\"EntryPoint\",\"urlTemplate\":\"http:\/\/www.his.puc-rio.br\/pb\/?s={search_term_string}\"},\"query-input\":{\"@type\":\"PropertyValueSpecification\",\"valueRequired\":true,\"valueName\":\"search_term_string\"}}],\"inLanguage\":\"pt-BR\"},{\"@type\":\"Person\",\"@id\":\"http:\/\/www.his.puc-rio.br\/pb\/#\/schema\/person\/9e54900224aae47fd486e7013a22647b\",\"name\":\"dephist\",\"image\":{\"@type\":\"ImageObject\",\"inLanguage\":\"pt-BR\",\"@id\":\"http:\/\/www.his.puc-rio.br\/pb\/#\/schema\/person\/image\/\",\"url\":\"https:\/\/secure.gravatar.com\/avatar\/bf2683cb6927d5fdbed7881a4ee37199?s=96&d=mm&r=g\",\"contentUrl\":\"https:\/\/secure.gravatar.com\/avatar\/bf2683cb6927d5fdbed7881a4ee37199?s=96&d=mm&r=g\",\"caption\":\"dephist\"},\"url\":\"https:\/\/www.his.puc-rio.br\/pb\/author\/dephist\/\"}]}<\/script>\n<!-- \/ Yoast SEO plugin. -->","yoast_head_json":{"title":"O Departamento de Hist\u00f3ria convida para a palestra da profa. Heloisa Starling (UFMG). \u201cSER REPUBLICANO NO BRASIL COL\u00d4NIA - A hist\u00f3ria de uma tradi\u00e7\u00e3o esquecida\u201d - Departamento de Hist\u00f3ria da PUC-Rio","robots":{"index":"index","follow":"follow","max-snippet":"max-snippet:-1","max-image-preview":"max-image-preview:large","max-video-preview":"max-video-preview:-1"},"canonical":"https:\/\/www.his.puc-rio.br\/pb\/o-departamento-de-historia-convida-para-a-palestra-da-profa-heloisa-starling-ufmg-ser-republicano-no-brasil-colonia-a-historia-de-uma-tradicao-esquecida\/","og_locale":"pt_BR","og_type":"article","og_title":"O Departamento de Hist\u00f3ria convida para a palestra da profa. Heloisa Starling (UFMG). \u201cSER REPUBLICANO NO BRASIL COL\u00d4NIA - A hist\u00f3ria de uma tradi\u00e7\u00e3o esquecida\u201d - Departamento de Hist\u00f3ria da PUC-Rio","og_description":"Este ensaio de hist\u00f3ria e ci\u00eancia pol\u00edtica resgata do esquecimento o percurso das ideias de rep\u00fablica no Brasil Col\u00f4nia e a trajet\u00f3ria formativa da incipiente cidadania antes da Independ\u00eancia. As conjura\u00e7\u00f5es de Minas Gerais, Rio de Janeiro e Bahia, entre...Leia mais..","og_url":"https:\/\/www.his.puc-rio.br\/pb\/o-departamento-de-historia-convida-para-a-palestra-da-profa-heloisa-starling-ufmg-ser-republicano-no-brasil-colonia-a-historia-de-uma-tradicao-esquecida\/","og_site_name":"Departamento de Hist\u00f3ria da PUC-Rio","article_published_time":"2018-11-01T18:16:59+00:00","article_modified_time":"2018-11-01T19:02:23+00:00","og_image":[{"width":900,"height":500,"url":"https:\/\/www.his.puc-rio.br\/wp-content\/uploads\/teste-a3-livro.png","type":"image\/png"}],"author":"dephist","twitter_card":"summary_large_image","twitter_misc":{"Escrito por":"dephist","Est. tempo de leitura":"1 minuto"},"schema":{"@context":"https:\/\/schema.org","@graph":[{"@type":"WebPage","@id":"https:\/\/www.his.puc-rio.br\/pb\/o-departamento-de-historia-convida-para-a-palestra-da-profa-heloisa-starling-ufmg-ser-republicano-no-brasil-colonia-a-historia-de-uma-tradicao-esquecida\/","url":"https:\/\/www.his.puc-rio.br\/pb\/o-departamento-de-historia-convida-para-a-palestra-da-profa-heloisa-starling-ufmg-ser-republicano-no-brasil-colonia-a-historia-de-uma-tradicao-esquecida\/","name":"O Departamento de Hist\u00f3ria convida para a palestra da profa. Heloisa Starling (UFMG). \u201cSER REPUBLICANO NO BRASIL COL\u00d4NIA - A hist\u00f3ria de uma tradi\u00e7\u00e3o esquecida\u201d - Departamento de Hist\u00f3ria da PUC-Rio","isPartOf":{"@id":"http:\/\/www.his.puc-rio.br\/pb\/#website"},"primaryImageOfPage":{"@id":"https:\/\/www.his.puc-rio.br\/pb\/o-departamento-de-historia-convida-para-a-palestra-da-profa-heloisa-starling-ufmg-ser-republicano-no-brasil-colonia-a-historia-de-uma-tradicao-esquecida\/#primaryimage"},"image":{"@id":"https:\/\/www.his.puc-rio.br\/pb\/o-departamento-de-historia-convida-para-a-palestra-da-profa-heloisa-starling-ufmg-ser-republicano-no-brasil-colonia-a-historia-de-uma-tradicao-esquecida\/#primaryimage"},"thumbnailUrl":"https:\/\/www.his.puc-rio.br\/wp-content\/uploads\/teste-a3-livro.png","datePublished":"2018-11-01T18:16:59+00:00","dateModified":"2018-11-01T19:02:23+00:00","author":{"@id":"http:\/\/www.his.puc-rio.br\/pb\/#\/schema\/person\/9e54900224aae47fd486e7013a22647b"},"breadcrumb":{"@id":"https:\/\/www.his.puc-rio.br\/pb\/o-departamento-de-historia-convida-para-a-palestra-da-profa-heloisa-starling-ufmg-ser-republicano-no-brasil-colonia-a-historia-de-uma-tradicao-esquecida\/#breadcrumb"},"inLanguage":"pt-BR","potentialAction":[{"@type":"ReadAction","target":[["https:\/\/www.his.puc-rio.br\/pb\/o-departamento-de-historia-convida-para-a-palestra-da-profa-heloisa-starling-ufmg-ser-republicano-no-brasil-colonia-a-historia-de-uma-tradicao-esquecida\/"]]}]},{"@type":"ImageObject","inLanguage":"pt-BR","@id":"https:\/\/www.his.puc-rio.br\/pb\/o-departamento-de-historia-convida-para-a-palestra-da-profa-heloisa-starling-ufmg-ser-republicano-no-brasil-colonia-a-historia-de-uma-tradicao-esquecida\/#primaryimage","url":"https:\/\/www.his.puc-rio.br\/wp-content\/uploads\/teste-a3-livro.png","contentUrl":"https:\/\/www.his.puc-rio.br\/wp-content\/uploads\/teste-a3-livro.png","width":900,"height":500},{"@type":"BreadcrumbList","@id":"https:\/\/www.his.puc-rio.br\/pb\/o-departamento-de-historia-convida-para-a-palestra-da-profa-heloisa-starling-ufmg-ser-republicano-no-brasil-colonia-a-historia-de-uma-tradicao-esquecida\/#breadcrumb","itemListElement":[{"@type":"ListItem","position":1,"name":"In\u00edcio","item":"http:\/\/www.his.puc-rio.br\/pb\/"},{"@type":"ListItem","position":2,"name":"O Departamento de Hist\u00f3ria convida para a palestra da profa. Heloisa Starling (UFMG). \u201cSER REPUBLICANO NO BRASIL COL\u00d4NIA &#8211; A hist\u00f3ria de uma tradi\u00e7\u00e3o esquecida\u201d"}]},{"@type":"WebSite","@id":"http:\/\/www.his.puc-rio.br\/pb\/#website","url":"http:\/\/www.his.puc-rio.br\/pb\/","name":"Departamento de Hist\u00f3ria da PUC-Rio","description":"Cursos de Gradua\u00e7\u00e3o, P\u00f3s-gradua\u00e7\u00e3o, Mestrado e Doutorado","potentialAction":[{"@type":"SearchAction","target":{"@type":"EntryPoint","urlTemplate":"http:\/\/www.his.puc-rio.br\/pb\/?s={search_term_string}"},"query-input":{"@type":"PropertyValueSpecification","valueRequired":true,"valueName":"search_term_string"}}],"inLanguage":"pt-BR"},{"@type":"Person","@id":"http:\/\/www.his.puc-rio.br\/pb\/#\/schema\/person\/9e54900224aae47fd486e7013a22647b","name":"dephist","image":{"@type":"ImageObject","inLanguage":"pt-BR","@id":"http:\/\/www.his.puc-rio.br\/pb\/#\/schema\/person\/image\/","url":"https:\/\/secure.gravatar.com\/avatar\/bf2683cb6927d5fdbed7881a4ee37199?s=96&d=mm&r=g","contentUrl":"https:\/\/secure.gravatar.com\/avatar\/bf2683cb6927d5fdbed7881a4ee37199?s=96&d=mm&r=g","caption":"dephist"},"url":"https:\/\/www.his.puc-rio.br\/pb\/author\/dephist\/"}]}},"jetpack_featured_media_url":"https:\/\/www.his.puc-rio.br\/wp-content\/uploads\/teste-a3-livro.png","_links":{"self":[{"href":"https:\/\/www.his.puc-rio.br\/pb\/wp-json\/wp\/v2\/posts\/2174"}],"collection":[{"href":"https:\/\/www.his.puc-rio.br\/pb\/wp-json\/wp\/v2\/posts"}],"about":[{"href":"https:\/\/www.his.puc-rio.br\/pb\/wp-json\/wp\/v2\/types\/post"}],"author":[{"embeddable":true,"href":"https:\/\/www.his.puc-rio.br\/pb\/wp-json\/wp\/v2\/users\/1"}],"replies":[{"embeddable":true,"href":"https:\/\/www.his.puc-rio.br\/pb\/wp-json\/wp\/v2\/comments?post=2174"}],"version-history":[{"count":1,"href":"https:\/\/www.his.puc-rio.br\/pb\/wp-json\/wp\/v2\/posts\/2174\/revisions"}],"predecessor-version":[{"id":2176,"href":"https:\/\/www.his.puc-rio.br\/pb\/wp-json\/wp\/v2\/posts\/2174\/revisions\/2176"}],"wp:featuredmedia":[{"embeddable":true,"href":"https:\/\/www.his.puc-rio.br\/pb\/wp-json\/wp\/v2\/media\/2177"}],"wp:attachment":[{"href":"https:\/\/www.his.puc-rio.br\/pb\/wp-json\/wp\/v2\/media?parent=2174"}],"wp:term":[{"taxonomy":"category","embeddable":true,"href":"https:\/\/www.his.puc-rio.br\/pb\/wp-json\/wp\/v2\/categories?post=2174"},{"taxonomy":"post_tag","embeddable":true,"href":"https:\/\/www.his.puc-rio.br\/pb\/wp-json\/wp\/v2\/tags?post=2174"}],"curies":[{"name":"wp","href":"https:\/\/api.w.org\/{rel}","templated":true}]}}