{"id":2360,"date":"2019-08-29T10:58:25","date_gmt":"2019-08-29T13:58:25","guid":{"rendered":"http:\/\/wwwt.his.puc-rio.br\/his\/?p=2360"},"modified":"2019-08-29T11:37:23","modified_gmt":"2019-08-29T14:37:23","slug":"gumbrecht-no-rio-de-janeiro-prof-hans-ulrich-gumbrecht-professor-emeritus-stanford-university","status":"publish","type":"post","link":"https:\/\/www.his.puc-rio.br\/pb\/gumbrecht-no-rio-de-janeiro-prof-hans-ulrich-gumbrecht-professor-emeritus-stanford-university\/","title":{"rendered":"Gumbrecht no Rio de Janeiro Prof. Hans Ulrich Gumbrecht (Professor emeritus, Stanford University)"},"content":{"rendered":"<p><\/p>\n<h4><span style=\"color: #000000;\">Funda\u00e7\u00e3o Casa de Rui Barbosa &#8211; Instituto Rui Barbosa de Altos Estudos em Cultura<\/span><br \/>\n<span style=\"color: #000000;\">Universidade Federal Fluminense &#8211; Instituto de Letras<\/span><br \/>\n<span style=\"color: #000000;\">Pontif\u00edcia Universidade Cat\u00f3lica do Rio de Janeiro &#8211; Departamento de Hist\u00f3ria<\/span><br \/>\n<span style=\"color: #000000;\">convidam:<\/span><\/h4>\n<h3><span style=\"color: #000000;\">Gumbrecht\u00a0no Rio\u00a0de Janeiro<\/span><br \/>\n<span style=\"color: #000000;\">Prof. Hans Ulrich Gumbrecht<\/span><br \/>\n<span style=\"color: #000000;\">(Professor emeritus, Stanford University)<\/span><\/h3>\n<h4><\/h4>\n<h3><span style=\"color: #000000;\">Programa\u00e7\u00e3o<\/span><\/h3>\n<h4><span style=\"color: #000000;\">10 de setembro, ter\u00e7a, \u00e0s 14h<\/span><br \/>\n<span style=\"color: #000000;\">Aula aberta: O que eu aprendi como comparatista<\/span><br \/>\n<span style=\"color: #000000;\">trabalhando em diferentes pa\u00edses<\/span><br \/>\n<span style=\"color: #000000;\">Local: UFF, Campus do Gragoat\u00e1, bloco B, sala 216, Niter\u00f3i<\/span><\/h4>\n<h4><\/h4>\n<h4><span style=\"color: #000000;\">13 de setembro, sexta, \u00e0s 11h<\/span><br \/>\n<span style=\"color: #000000;\">Palestra: Humanismo: uma pr\u00e9-hist\u00f3ria do<\/span><br \/>\n<span style=\"color: #000000;\">presente<\/span><br \/>\n<span style=\"color: #000000;\">Local: PUC-Rio, Edif\u00edcio Frings, sala 502F<\/span><br \/>\n<span style=\"color: #000000;\">Rua Marqu\u00eas de S\u00e3o Vicente, 225, Rio de Janeiro<\/span><\/h4>\n<h4><\/h4>\n<h4><span style=\"color: #000000;\">De 16 a 18 de setembro, de segunda a quarta,<\/span><br \/>\n<span style=\"color: #000000;\">das 14h \u00e0s 18h<\/span><br \/>\n<span style=\"color: #000000;\">Curso \u201cProsa do mundo\u201d: a obra de Diderot como periferia do Iluminismo <\/span><br \/>\n<span style=\"color: #000000;\">(Inscri\u00e7\u00e3o pelo e-mail irbaec@rb.gov.br)<\/span><br \/>\n<span style=\"color: #000000;\">Local: Funda\u00e7\u00e3o Casa de Rui Barbosa, audit\u00f3rio<\/span><br \/>\n<span style=\"color: #000000;\">Rua S\u00e3o Clemente, 134, Rio de Janeiro <\/span><\/h4>\n<p><\/p>","protected":false},"excerpt":{"rendered":"<p>Funda\u00e7\u00e3o Casa de Rui Barbosa &#8211; Instituto Rui Barbosa de Altos Estudos em Cultura Universidade Federal Fluminense &#8211; Instituto de Letras Pontif\u00edcia Universidade Cat\u00f3lica do Rio de Janeiro &#8211; Departamento de Hist\u00f3ria convidam: Gumbrecht\u00a0no Rio\u00a0de Janeiro Prof. Hans Ulrich Gumbrecht<a class=\"moretag\" href=\"https:\/\/www.his.puc-rio.br\/pb\/gumbrecht-no-rio-de-janeiro-prof-hans-ulrich-gumbrecht-professor-emeritus-stanford-university\/\">&#8230;<\/a><\/br><a href=\"https:\/\/www.his.puc-rio.br\/pb\/gumbrecht-no-rio-de-janeiro-prof-hans-ulrich-gumbrecht-professor-emeritus-stanford-university\/\" class=\"read-more\">Leia mais..  <span class=\"glyphicon glyphicon-chevron-right\" ><\/span><\/a><\/p>\n","protected":false},"author":1,"featured_media":0,"comment_status":"closed","ping_status":"open","sticky":false,"template":"","format":"standard","meta":{"footnotes":""},"categories":[1],"tags":[],"yoast_head":"<!-- This site is optimized with the Yoast SEO plugin v23.5 - https:\/\/yoast.com\/wordpress\/plugins\/seo\/ -->\n<title>Gumbrecht no Rio de Janeiro Prof. Hans Ulrich Gumbrecht (Professor emeritus, Stanford University) - Departamento de Hist\u00f3ria da PUC-Rio<\/title>\n<meta name=\"robots\" content=\"index, follow, max-snippet:-1, max-image-preview:large, max-video-preview:-1\" \/>\n<link rel=\"canonical\" href=\"https:\/\/www.his.puc-rio.br\/pb\/gumbrecht-no-rio-de-janeiro-prof-hans-ulrich-gumbrecht-professor-emeritus-stanford-university\/\" \/>\n<meta property=\"og:locale\" content=\"pt_BR\" \/>\n<meta property=\"og:type\" content=\"article\" \/>\n<meta property=\"og:title\" content=\"Gumbrecht no Rio de Janeiro Prof. Hans Ulrich Gumbrecht (Professor emeritus, Stanford University) - Departamento de Hist\u00f3ria da PUC-Rio\" \/>\n<meta property=\"og:description\" content=\"Funda\u00e7\u00e3o Casa de Rui Barbosa &#8211; Instituto Rui Barbosa de Altos Estudos em Cultura Universidade Federal Fluminense &#8211; Instituto de Letras Pontif\u00edcia Universidade Cat\u00f3lica do Rio de Janeiro &#8211; Departamento de Hist\u00f3ria convidam: Gumbrecht\u00a0no Rio\u00a0de Janeiro Prof. Hans Ulrich Gumbrecht...Leia mais..\" \/>\n<meta property=\"og:url\" content=\"https:\/\/www.his.puc-rio.br\/pb\/gumbrecht-no-rio-de-janeiro-prof-hans-ulrich-gumbrecht-professor-emeritus-stanford-university\/\" \/>\n<meta property=\"og:site_name\" content=\"Departamento de Hist\u00f3ria da PUC-Rio\" \/>\n<meta property=\"article:published_time\" content=\"2019-08-29T13:58:25+00:00\" \/>\n<meta property=\"article:modified_time\" content=\"2019-08-29T14:37:23+00:00\" \/>\n<meta name=\"author\" content=\"dephist\" \/>\n<meta name=\"twitter:card\" content=\"summary_large_image\" \/>\n<meta name=\"twitter:label1\" content=\"Escrito por\" \/>\n\t<meta name=\"twitter:data1\" content=\"dephist\" \/>\n\t<meta name=\"twitter:label2\" content=\"Est. tempo de leitura\" \/>\n\t<meta name=\"twitter:data2\" content=\"1 minuto\" \/>\n<script type=\"application\/ld+json\" class=\"yoast-schema-graph\">{\"@context\":\"https:\/\/schema.org\",\"@graph\":[{\"@type\":\"WebPage\",\"@id\":\"https:\/\/www.his.puc-rio.br\/pb\/gumbrecht-no-rio-de-janeiro-prof-hans-ulrich-gumbrecht-professor-emeritus-stanford-university\/\",\"url\":\"https:\/\/www.his.puc-rio.br\/pb\/gumbrecht-no-rio-de-janeiro-prof-hans-ulrich-gumbrecht-professor-emeritus-stanford-university\/\",\"name\":\"Gumbrecht no Rio de Janeiro Prof. Hans Ulrich Gumbrecht (Professor emeritus, Stanford University) - Departamento de Hist\u00f3ria da PUC-Rio\",\"isPartOf\":{\"@id\":\"http:\/\/www.his.puc-rio.br\/pb\/#website\"},\"datePublished\":\"2019-08-29T13:58:25+00:00\",\"dateModified\":\"2019-08-29T14:37:23+00:00\",\"author\":{\"@id\":\"http:\/\/www.his.puc-rio.br\/pb\/#\/schema\/person\/9e54900224aae47fd486e7013a22647b\"},\"breadcrumb\":{\"@id\":\"https:\/\/www.his.puc-rio.br\/pb\/gumbrecht-no-rio-de-janeiro-prof-hans-ulrich-gumbrecht-professor-emeritus-stanford-university\/#breadcrumb\"},\"inLanguage\":\"pt-BR\",\"potentialAction\":[{\"@type\":\"ReadAction\",\"target\":[[\"https:\/\/www.his.puc-rio.br\/pb\/gumbrecht-no-rio-de-janeiro-prof-hans-ulrich-gumbrecht-professor-emeritus-stanford-university\/\"]]}]},{\"@type\":\"BreadcrumbList\",\"@id\":\"https:\/\/www.his.puc-rio.br\/pb\/gumbrecht-no-rio-de-janeiro-prof-hans-ulrich-gumbrecht-professor-emeritus-stanford-university\/#breadcrumb\",\"itemListElement\":[{\"@type\":\"ListItem\",\"position\":1,\"name\":\"In\u00edcio\",\"item\":\"http:\/\/www.his.puc-rio.br\/pb\/\"},{\"@type\":\"ListItem\",\"position\":2,\"name\":\"Gumbrecht no Rio de Janeiro Prof. Hans Ulrich Gumbrecht (Professor emeritus, Stanford University)\"}]},{\"@type\":\"WebSite\",\"@id\":\"http:\/\/www.his.puc-rio.br\/pb\/#website\",\"url\":\"http:\/\/www.his.puc-rio.br\/pb\/\",\"name\":\"Departamento de Hist\u00f3ria da PUC-Rio\",\"description\":\"Cursos de Gradua\u00e7\u00e3o, P\u00f3s-gradua\u00e7\u00e3o, Mestrado e Doutorado\",\"potentialAction\":[{\"@type\":\"SearchAction\",\"target\":{\"@type\":\"EntryPoint\",\"urlTemplate\":\"http:\/\/www.his.puc-rio.br\/pb\/?s={search_term_string}\"},\"query-input\":{\"@type\":\"PropertyValueSpecification\",\"valueRequired\":true,\"valueName\":\"search_term_string\"}}],\"inLanguage\":\"pt-BR\"},{\"@type\":\"Person\",\"@id\":\"http:\/\/www.his.puc-rio.br\/pb\/#\/schema\/person\/9e54900224aae47fd486e7013a22647b\",\"name\":\"dephist\",\"image\":{\"@type\":\"ImageObject\",\"inLanguage\":\"pt-BR\",\"@id\":\"http:\/\/www.his.puc-rio.br\/pb\/#\/schema\/person\/image\/\",\"url\":\"https:\/\/secure.gravatar.com\/avatar\/bf2683cb6927d5fdbed7881a4ee37199?s=96&d=mm&r=g\",\"contentUrl\":\"https:\/\/secure.gravatar.com\/avatar\/bf2683cb6927d5fdbed7881a4ee37199?s=96&d=mm&r=g\",\"caption\":\"dephist\"},\"url\":\"https:\/\/www.his.puc-rio.br\/pb\/author\/dephist\/\"}]}<\/script>\n<!-- \/ Yoast SEO plugin. -->","yoast_head_json":{"title":"Gumbrecht no Rio de Janeiro Prof. Hans Ulrich Gumbrecht (Professor emeritus, Stanford University) - Departamento de Hist\u00f3ria da PUC-Rio","robots":{"index":"index","follow":"follow","max-snippet":"max-snippet:-1","max-image-preview":"max-image-preview:large","max-video-preview":"max-video-preview:-1"},"canonical":"https:\/\/www.his.puc-rio.br\/pb\/gumbrecht-no-rio-de-janeiro-prof-hans-ulrich-gumbrecht-professor-emeritus-stanford-university\/","og_locale":"pt_BR","og_type":"article","og_title":"Gumbrecht no Rio de Janeiro Prof. Hans Ulrich Gumbrecht (Professor emeritus, Stanford University) - Departamento de Hist\u00f3ria da PUC-Rio","og_description":"Funda\u00e7\u00e3o Casa de Rui Barbosa &#8211; Instituto Rui Barbosa de Altos Estudos em Cultura Universidade Federal Fluminense &#8211; Instituto de Letras Pontif\u00edcia Universidade Cat\u00f3lica do Rio de Janeiro &#8211; Departamento de Hist\u00f3ria convidam: Gumbrecht\u00a0no Rio\u00a0de Janeiro Prof. Hans Ulrich Gumbrecht...Leia mais..","og_url":"https:\/\/www.his.puc-rio.br\/pb\/gumbrecht-no-rio-de-janeiro-prof-hans-ulrich-gumbrecht-professor-emeritus-stanford-university\/","og_site_name":"Departamento de Hist\u00f3ria da PUC-Rio","article_published_time":"2019-08-29T13:58:25+00:00","article_modified_time":"2019-08-29T14:37:23+00:00","author":"dephist","twitter_card":"summary_large_image","twitter_misc":{"Escrito por":"dephist","Est. tempo de leitura":"1 minuto"},"schema":{"@context":"https:\/\/schema.org","@graph":[{"@type":"WebPage","@id":"https:\/\/www.his.puc-rio.br\/pb\/gumbrecht-no-rio-de-janeiro-prof-hans-ulrich-gumbrecht-professor-emeritus-stanford-university\/","url":"https:\/\/www.his.puc-rio.br\/pb\/gumbrecht-no-rio-de-janeiro-prof-hans-ulrich-gumbrecht-professor-emeritus-stanford-university\/","name":"Gumbrecht no Rio de Janeiro Prof. Hans Ulrich Gumbrecht (Professor emeritus, Stanford University) - Departamento de Hist\u00f3ria da PUC-Rio","isPartOf":{"@id":"http:\/\/www.his.puc-rio.br\/pb\/#website"},"datePublished":"2019-08-29T13:58:25+00:00","dateModified":"2019-08-29T14:37:23+00:00","author":{"@id":"http:\/\/www.his.puc-rio.br\/pb\/#\/schema\/person\/9e54900224aae47fd486e7013a22647b"},"breadcrumb":{"@id":"https:\/\/www.his.puc-rio.br\/pb\/gumbrecht-no-rio-de-janeiro-prof-hans-ulrich-gumbrecht-professor-emeritus-stanford-university\/#breadcrumb"},"inLanguage":"pt-BR","potentialAction":[{"@type":"ReadAction","target":[["https:\/\/www.his.puc-rio.br\/pb\/gumbrecht-no-rio-de-janeiro-prof-hans-ulrich-gumbrecht-professor-emeritus-stanford-university\/"]]}]},{"@type":"BreadcrumbList","@id":"https:\/\/www.his.puc-rio.br\/pb\/gumbrecht-no-rio-de-janeiro-prof-hans-ulrich-gumbrecht-professor-emeritus-stanford-university\/#breadcrumb","itemListElement":[{"@type":"ListItem","position":1,"name":"In\u00edcio","item":"http:\/\/www.his.puc-rio.br\/pb\/"},{"@type":"ListItem","position":2,"name":"Gumbrecht no Rio de Janeiro Prof. Hans Ulrich Gumbrecht (Professor emeritus, Stanford University)"}]},{"@type":"WebSite","@id":"http:\/\/www.his.puc-rio.br\/pb\/#website","url":"http:\/\/www.his.puc-rio.br\/pb\/","name":"Departamento de Hist\u00f3ria da PUC-Rio","description":"Cursos de Gradua\u00e7\u00e3o, P\u00f3s-gradua\u00e7\u00e3o, Mestrado e Doutorado","potentialAction":[{"@type":"SearchAction","target":{"@type":"EntryPoint","urlTemplate":"http:\/\/www.his.puc-rio.br\/pb\/?s={search_term_string}"},"query-input":{"@type":"PropertyValueSpecification","valueRequired":true,"valueName":"search_term_string"}}],"inLanguage":"pt-BR"},{"@type":"Person","@id":"http:\/\/www.his.puc-rio.br\/pb\/#\/schema\/person\/9e54900224aae47fd486e7013a22647b","name":"dephist","image":{"@type":"ImageObject","inLanguage":"pt-BR","@id":"http:\/\/www.his.puc-rio.br\/pb\/#\/schema\/person\/image\/","url":"https:\/\/secure.gravatar.com\/avatar\/bf2683cb6927d5fdbed7881a4ee37199?s=96&d=mm&r=g","contentUrl":"https:\/\/secure.gravatar.com\/avatar\/bf2683cb6927d5fdbed7881a4ee37199?s=96&d=mm&r=g","caption":"dephist"},"url":"https:\/\/www.his.puc-rio.br\/pb\/author\/dephist\/"}]}},"jetpack_featured_media_url":"","_links":{"self":[{"href":"https:\/\/www.his.puc-rio.br\/pb\/wp-json\/wp\/v2\/posts\/2360"}],"collection":[{"href":"https:\/\/www.his.puc-rio.br\/pb\/wp-json\/wp\/v2\/posts"}],"about":[{"href":"https:\/\/www.his.puc-rio.br\/pb\/wp-json\/wp\/v2\/types\/post"}],"author":[{"embeddable":true,"href":"https:\/\/www.his.puc-rio.br\/pb\/wp-json\/wp\/v2\/users\/1"}],"replies":[{"embeddable":true,"href":"https:\/\/www.his.puc-rio.br\/pb\/wp-json\/wp\/v2\/comments?post=2360"}],"version-history":[{"count":1,"href":"https:\/\/www.his.puc-rio.br\/pb\/wp-json\/wp\/v2\/posts\/2360\/revisions"}],"predecessor-version":[{"id":2363,"href":"https:\/\/www.his.puc-rio.br\/pb\/wp-json\/wp\/v2\/posts\/2360\/revisions\/2363"}],"wp:attachment":[{"href":"https:\/\/www.his.puc-rio.br\/pb\/wp-json\/wp\/v2\/media?parent=2360"}],"wp:term":[{"taxonomy":"category","embeddable":true,"href":"https:\/\/www.his.puc-rio.br\/pb\/wp-json\/wp\/v2\/categories?post=2360"},{"taxonomy":"post_tag","embeddable":true,"href":"https:\/\/www.his.puc-rio.br\/pb\/wp-json\/wp\/v2\/tags?post=2360"}],"curies":[{"name":"wp","href":"https:\/\/api.w.org\/{rel}","templated":true}]}}