{"id":2364,"date":"2019-08-29T11:08:12","date_gmt":"2019-08-29T14:08:12","guid":{"rendered":"http:\/\/wwwt.his.puc-rio.br\/his\/?p=2364"},"modified":"2019-08-29T11:36:17","modified_gmt":"2019-08-29T14:36:17","slug":"curso-de-inverno-prosa-do-mundo-a-obra-de-diderot-como-periferia-do-iluminismo-e-nosso-presente-como-universo-de-contingencia","status":"publish","type":"post","link":"https:\/\/www.his.puc-rio.br\/pb\/curso-de-inverno-prosa-do-mundo-a-obra-de-diderot-como-periferia-do-iluminismo-e-nosso-presente-como-universo-de-contingencia\/","title":{"rendered":"Curso de inverno &#8211; \u201cProsa do mundo\u201d: A obra de Diderot como periferia do Iluminismo (e nosso presente como universo de conting\u00eancia)"},"content":{"rendered":"<p><\/p>\n<h4><span style=\"color: #000000;\">Curso de inverno &#8211; \u201cProsa do mundo\u201d: A obra de Diderot como periferia do Iluminismo (e nosso presente como universo de conting\u00eancia) &#8211; Hans Ulrich Gumbrecht Stanford University<\/span><\/h4>\n<h4><span style=\"color: #000000;\">De 16 a 18 de setembro,<\/span><br \/>\n<span style=\"color: #000000;\">das 14h \u00e0s 18h<\/span><\/h4>\n<h4><span style=\"color: #000000;\">\u201cProsa do mundo\u201d:<\/span><br \/>\n<span style=\"color: #000000;\">A obra de Diderot como periferia do Iluminismo<\/span><br \/>\n<span style=\"color: #000000;\">(e nosso presente como universo de conting\u00eancia)<\/span><\/h4>\n<h4><span style=\"color: #000000;\">Denis Diderot ter\u00e1 sido o preferido entre os<\/span><br \/>\n<span style=\"color: #000000;\">leitores dos philosophes franceses do s\u00e9culo<\/span><br \/>\n<span style=\"color: #000000;\">XVIII, mas, \u00e0 diferen\u00e7a de Voltaire e<\/span><br \/>\n<span style=\"color: #000000;\">Rousseau, nunca teve um momento hist\u00f3rico<\/span><br \/>\n<span style=\"color: #000000;\">de intensa recep\u00e7\u00e3o. Partindo da surpreendente<\/span><br \/>\n<span style=\"color: #000000;\">obsess\u00e3o de Hegel com alguns textos de<\/span><br \/>\n<span style=\"color: #000000;\">Diderot \u2013 para os quais ele n\u00e3o achou lugar<\/span><br \/>\n<span style=\"color: #000000;\">em sua filosofia e aos quais se referiu como<\/span><br \/>\n<span style=\"color: #000000;\">\u201cprosa do mundo\u201d \u2013 este curso desenvolver\u00e1<\/span><br \/>\n<span style=\"color: #000000;\">um perfil de Diderot como pertencendo \u00e0<\/span><br \/>\n<span style=\"color: #000000;\">\u201cperiferia do Iluminismo\u201d; ou seja, ele<\/span><br \/>\n<span style=\"color: #000000;\">compartilhou os impulsos epistemol\u00f3gicos de<\/span><br \/>\n<span style=\"color: #000000;\">seu tempo, mas n\u00e3o a sua transforma\u00e7\u00e3o<\/span><br \/>\n<span style=\"color: #000000;\">num sistema de pensamento baseado no<\/span><br \/>\n<span style=\"color: #000000;\">conceito de \u201chist\u00f3ria\u201d (\u00e0 semelhan\u00e7a de<\/span><br \/>\n<span style=\"color: #000000;\">alguns dos seus contempor\u00e2neos eminentes,<\/span><br \/>\n<span style=\"color: #000000;\">como Goya, Lichtenberg ou Mozart). Tal<\/span><br \/>\n<span style=\"color: #000000;\">posi\u00e7\u00e3o perif\u00e9rica hoje nos surpreende por<\/span><br \/>\n<span style=\"color: #000000;\">sua afinidade com certas quest\u00f5es filos\u00f3ficas<\/span><br \/>\n<span style=\"color: #000000;\">e pr\u00e1ticas que se apresentam ao s\u00e9culo XXI.<\/span><\/h4>\n<h4><\/h4>\n<h4><span style=\"color: #000000;\">16 de setembro, segunda<\/span><br \/>\n<span style=\"color: #000000;\">\u00b7 O conceito \u201cnormativo\u201d do Iluminismo<\/span><br \/>\n<span style=\"color: #000000;\">e a \u201cvis\u00e3o hist\u00f3rica do mundo\u201d<\/span><br \/>\n<span style=\"color: #000000;\">\u00b7 Hegel l\u00ea Diderot<\/span><br \/>\n<span style=\"color: #000000;\">\u00b7 Vida e estilo intelectual em Diderot<\/span><br \/>\n<span style=\"color: #000000;\">\u00b7 Afinidades com Goya?<\/span><\/h4>\n<h4><\/h4>\n<h4><span style=\"color: #000000;\">17 de setembro, ter\u00e7a<\/span><br \/>\n<span style=\"color: #000000;\">\u00b7 O sobrinho de Rameau \u2013 uma autorrefer\u00eancia<\/span><br \/>\n<span style=\"color: #000000;\">humana diferente<\/span><br \/>\n<span style=\"color: #000000;\">\u00b7 Jacques, o fatalista, e seu amo \u2013 um desvelar<\/span><br \/>\n<span style=\"color: #000000;\">da conting\u00eancia<\/span><br \/>\n<span style=\"color: #000000;\">\u00b7 O sonho de D&#8217;Alembert \u2013 um materialismo<\/span><br \/>\n<span style=\"color: #000000;\">da especula\u00e7\u00e3o<\/span><\/h4>\n<h4><\/h4>\n<h4><span style=\"color: #000000;\">18 de setembro, quarta<\/span><br \/>\n<span style=\"color: #000000;\">\u00b7 Os Sal\u00f5es \u2013 a pr\u00e1tica do julgamento<\/span><br \/>\n<span style=\"color: #000000;\">\u00b7 Nosso presente no s\u00e9culo XXI como<\/span><br \/>\n<span style=\"color: #000000;\">\u201cuniverso de conting\u00eancia\u201d<\/span><br \/>\n<span style=\"color: #000000;\">\u00b7 O que fazer com Diderot?<\/span><\/h4>\n<h4><\/h4>\n<h4><span style=\"color: #000000;\">Inscri\u00e7\u00f5es<\/span><br \/>\n<span style=\"color: #000000;\">E-mail irbaec@rb.gov.br<\/span><\/h4>\n<h4><span style=\"color: #000000;\">Participa\u00e7\u00e3o gratuita<\/span><br \/>\n<span style=\"color: #000000;\">Funda\u00e7\u00e3o Casa de Rui Barbosa<\/span><br \/>\n<span style=\"color: #000000;\">Rua S\u00e3o Clemente, 134, Botafogo<\/span><br \/>\n<span style=\"color: #000000;\">Audit\u00f3rio<\/span><br \/>\n<span style=\"color: #000000;\">Telefone (21) 3289-8637\/38\/41\/42<\/span><br \/>\n<span style=\"color: #000000;\">Temporariamente, sem<\/span><br \/>\n<span style=\"color: #000000;\">estacionamento para o p\u00fablico<\/span><br \/>\n<span style=\"color: #000000;\">www.casaruibarbosa.gov.br<\/span><\/h4>\n<p><\/p>","protected":false},"excerpt":{"rendered":"<p>Curso de inverno &#8211; \u201cProsa do mundo\u201d: A obra de Diderot como periferia do Iluminismo (e nosso presente como universo de conting\u00eancia) &#8211; Hans Ulrich Gumbrecht Stanford University De 16 a 18 de setembro, das 14h \u00e0s 18h \u201cProsa do<a class=\"moretag\" href=\"https:\/\/www.his.puc-rio.br\/pb\/curso-de-inverno-prosa-do-mundo-a-obra-de-diderot-como-periferia-do-iluminismo-e-nosso-presente-como-universo-de-contingencia\/\">&#8230;<\/a><\/br><a href=\"https:\/\/www.his.puc-rio.br\/pb\/curso-de-inverno-prosa-do-mundo-a-obra-de-diderot-como-periferia-do-iluminismo-e-nosso-presente-como-universo-de-contingencia\/\" class=\"read-more\">Leia mais..  <span class=\"glyphicon glyphicon-chevron-right\" ><\/span><\/a><\/p>\n","protected":false},"author":1,"featured_media":0,"comment_status":"closed","ping_status":"open","sticky":false,"template":"","format":"standard","meta":{"footnotes":""},"categories":[1],"tags":[],"yoast_head":"<!-- This site is optimized with the Yoast SEO plugin v23.5 - https:\/\/yoast.com\/wordpress\/plugins\/seo\/ -->\n<title>Curso de inverno - \u201cProsa do mundo\u201d: A obra de Diderot como periferia do Iluminismo (e nosso presente como universo de conting\u00eancia) - Departamento de Hist\u00f3ria da PUC-Rio<\/title>\n<meta name=\"robots\" content=\"index, follow, max-snippet:-1, max-image-preview:large, max-video-preview:-1\" \/>\n<link rel=\"canonical\" href=\"https:\/\/www.his.puc-rio.br\/pb\/curso-de-inverno-prosa-do-mundo-a-obra-de-diderot-como-periferia-do-iluminismo-e-nosso-presente-como-universo-de-contingencia\/\" \/>\n<meta property=\"og:locale\" content=\"pt_BR\" \/>\n<meta property=\"og:type\" content=\"article\" \/>\n<meta property=\"og:title\" content=\"Curso de inverno - \u201cProsa do mundo\u201d: A obra de Diderot como periferia do Iluminismo (e nosso presente como universo de conting\u00eancia) - Departamento de Hist\u00f3ria da PUC-Rio\" \/>\n<meta property=\"og:description\" content=\"Curso de inverno &#8211; \u201cProsa do mundo\u201d: A obra de Diderot como periferia do Iluminismo (e nosso presente como universo de conting\u00eancia) &#8211; Hans Ulrich Gumbrecht Stanford University De 16 a 18 de setembro, das 14h \u00e0s 18h \u201cProsa do...Leia mais..\" \/>\n<meta property=\"og:url\" content=\"https:\/\/www.his.puc-rio.br\/pb\/curso-de-inverno-prosa-do-mundo-a-obra-de-diderot-como-periferia-do-iluminismo-e-nosso-presente-como-universo-de-contingencia\/\" \/>\n<meta property=\"og:site_name\" content=\"Departamento de Hist\u00f3ria da PUC-Rio\" \/>\n<meta property=\"article:published_time\" content=\"2019-08-29T14:08:12+00:00\" \/>\n<meta property=\"article:modified_time\" content=\"2019-08-29T14:36:17+00:00\" \/>\n<meta name=\"author\" content=\"dephist\" \/>\n<meta name=\"twitter:card\" content=\"summary_large_image\" \/>\n<meta name=\"twitter:label1\" content=\"Escrito por\" \/>\n\t<meta name=\"twitter:data1\" content=\"dephist\" \/>\n\t<meta name=\"twitter:label2\" content=\"Est. tempo de leitura\" \/>\n\t<meta name=\"twitter:data2\" content=\"2 minutos\" \/>\n<script type=\"application\/ld+json\" class=\"yoast-schema-graph\">{\"@context\":\"https:\/\/schema.org\",\"@graph\":[{\"@type\":\"WebPage\",\"@id\":\"https:\/\/www.his.puc-rio.br\/pb\/curso-de-inverno-prosa-do-mundo-a-obra-de-diderot-como-periferia-do-iluminismo-e-nosso-presente-como-universo-de-contingencia\/\",\"url\":\"https:\/\/www.his.puc-rio.br\/pb\/curso-de-inverno-prosa-do-mundo-a-obra-de-diderot-como-periferia-do-iluminismo-e-nosso-presente-como-universo-de-contingencia\/\",\"name\":\"Curso de inverno - \u201cProsa do mundo\u201d: A obra de Diderot como periferia do Iluminismo (e nosso presente como universo de conting\u00eancia) - Departamento de Hist\u00f3ria da PUC-Rio\",\"isPartOf\":{\"@id\":\"http:\/\/www.his.puc-rio.br\/pb\/#website\"},\"datePublished\":\"2019-08-29T14:08:12+00:00\",\"dateModified\":\"2019-08-29T14:36:17+00:00\",\"author\":{\"@id\":\"http:\/\/www.his.puc-rio.br\/pb\/#\/schema\/person\/9e54900224aae47fd486e7013a22647b\"},\"breadcrumb\":{\"@id\":\"https:\/\/www.his.puc-rio.br\/pb\/curso-de-inverno-prosa-do-mundo-a-obra-de-diderot-como-periferia-do-iluminismo-e-nosso-presente-como-universo-de-contingencia\/#breadcrumb\"},\"inLanguage\":\"pt-BR\",\"potentialAction\":[{\"@type\":\"ReadAction\",\"target\":[[\"https:\/\/www.his.puc-rio.br\/pb\/curso-de-inverno-prosa-do-mundo-a-obra-de-diderot-como-periferia-do-iluminismo-e-nosso-presente-como-universo-de-contingencia\/\"]]}]},{\"@type\":\"BreadcrumbList\",\"@id\":\"https:\/\/www.his.puc-rio.br\/pb\/curso-de-inverno-prosa-do-mundo-a-obra-de-diderot-como-periferia-do-iluminismo-e-nosso-presente-como-universo-de-contingencia\/#breadcrumb\",\"itemListElement\":[{\"@type\":\"ListItem\",\"position\":1,\"name\":\"In\u00edcio\",\"item\":\"http:\/\/www.his.puc-rio.br\/pb\/\"},{\"@type\":\"ListItem\",\"position\":2,\"name\":\"Curso de inverno &#8211; \u201cProsa do mundo\u201d: A obra de Diderot como periferia do Iluminismo (e nosso presente como universo de conting\u00eancia)\"}]},{\"@type\":\"WebSite\",\"@id\":\"http:\/\/www.his.puc-rio.br\/pb\/#website\",\"url\":\"http:\/\/www.his.puc-rio.br\/pb\/\",\"name\":\"Departamento de Hist\u00f3ria da PUC-Rio\",\"description\":\"Cursos de Gradua\u00e7\u00e3o, P\u00f3s-gradua\u00e7\u00e3o, Mestrado e Doutorado\",\"potentialAction\":[{\"@type\":\"SearchAction\",\"target\":{\"@type\":\"EntryPoint\",\"urlTemplate\":\"http:\/\/www.his.puc-rio.br\/pb\/?s={search_term_string}\"},\"query-input\":{\"@type\":\"PropertyValueSpecification\",\"valueRequired\":true,\"valueName\":\"search_term_string\"}}],\"inLanguage\":\"pt-BR\"},{\"@type\":\"Person\",\"@id\":\"http:\/\/www.his.puc-rio.br\/pb\/#\/schema\/person\/9e54900224aae47fd486e7013a22647b\",\"name\":\"dephist\",\"image\":{\"@type\":\"ImageObject\",\"inLanguage\":\"pt-BR\",\"@id\":\"http:\/\/www.his.puc-rio.br\/pb\/#\/schema\/person\/image\/\",\"url\":\"https:\/\/secure.gravatar.com\/avatar\/bf2683cb6927d5fdbed7881a4ee37199?s=96&d=mm&r=g\",\"contentUrl\":\"https:\/\/secure.gravatar.com\/avatar\/bf2683cb6927d5fdbed7881a4ee37199?s=96&d=mm&r=g\",\"caption\":\"dephist\"},\"url\":\"https:\/\/www.his.puc-rio.br\/pb\/author\/dephist\/\"}]}<\/script>\n<!-- \/ Yoast SEO plugin. -->","yoast_head_json":{"title":"Curso de inverno - \u201cProsa do mundo\u201d: A obra de Diderot como periferia do Iluminismo (e nosso presente como universo de conting\u00eancia) - Departamento de Hist\u00f3ria da PUC-Rio","robots":{"index":"index","follow":"follow","max-snippet":"max-snippet:-1","max-image-preview":"max-image-preview:large","max-video-preview":"max-video-preview:-1"},"canonical":"https:\/\/www.his.puc-rio.br\/pb\/curso-de-inverno-prosa-do-mundo-a-obra-de-diderot-como-periferia-do-iluminismo-e-nosso-presente-como-universo-de-contingencia\/","og_locale":"pt_BR","og_type":"article","og_title":"Curso de inverno - \u201cProsa do mundo\u201d: A obra de Diderot como periferia do Iluminismo (e nosso presente como universo de conting\u00eancia) - Departamento de Hist\u00f3ria da PUC-Rio","og_description":"Curso de inverno &#8211; \u201cProsa do mundo\u201d: A obra de Diderot como periferia do Iluminismo (e nosso presente como universo de conting\u00eancia) &#8211; Hans Ulrich Gumbrecht Stanford University De 16 a 18 de setembro, das 14h \u00e0s 18h \u201cProsa do...Leia mais..","og_url":"https:\/\/www.his.puc-rio.br\/pb\/curso-de-inverno-prosa-do-mundo-a-obra-de-diderot-como-periferia-do-iluminismo-e-nosso-presente-como-universo-de-contingencia\/","og_site_name":"Departamento de Hist\u00f3ria da PUC-Rio","article_published_time":"2019-08-29T14:08:12+00:00","article_modified_time":"2019-08-29T14:36:17+00:00","author":"dephist","twitter_card":"summary_large_image","twitter_misc":{"Escrito por":"dephist","Est. tempo de leitura":"2 minutos"},"schema":{"@context":"https:\/\/schema.org","@graph":[{"@type":"WebPage","@id":"https:\/\/www.his.puc-rio.br\/pb\/curso-de-inverno-prosa-do-mundo-a-obra-de-diderot-como-periferia-do-iluminismo-e-nosso-presente-como-universo-de-contingencia\/","url":"https:\/\/www.his.puc-rio.br\/pb\/curso-de-inverno-prosa-do-mundo-a-obra-de-diderot-como-periferia-do-iluminismo-e-nosso-presente-como-universo-de-contingencia\/","name":"Curso de inverno - \u201cProsa do mundo\u201d: A obra de Diderot como periferia do Iluminismo (e nosso presente como universo de conting\u00eancia) - Departamento de Hist\u00f3ria da PUC-Rio","isPartOf":{"@id":"http:\/\/www.his.puc-rio.br\/pb\/#website"},"datePublished":"2019-08-29T14:08:12+00:00","dateModified":"2019-08-29T14:36:17+00:00","author":{"@id":"http:\/\/www.his.puc-rio.br\/pb\/#\/schema\/person\/9e54900224aae47fd486e7013a22647b"},"breadcrumb":{"@id":"https:\/\/www.his.puc-rio.br\/pb\/curso-de-inverno-prosa-do-mundo-a-obra-de-diderot-como-periferia-do-iluminismo-e-nosso-presente-como-universo-de-contingencia\/#breadcrumb"},"inLanguage":"pt-BR","potentialAction":[{"@type":"ReadAction","target":[["https:\/\/www.his.puc-rio.br\/pb\/curso-de-inverno-prosa-do-mundo-a-obra-de-diderot-como-periferia-do-iluminismo-e-nosso-presente-como-universo-de-contingencia\/"]]}]},{"@type":"BreadcrumbList","@id":"https:\/\/www.his.puc-rio.br\/pb\/curso-de-inverno-prosa-do-mundo-a-obra-de-diderot-como-periferia-do-iluminismo-e-nosso-presente-como-universo-de-contingencia\/#breadcrumb","itemListElement":[{"@type":"ListItem","position":1,"name":"In\u00edcio","item":"http:\/\/www.his.puc-rio.br\/pb\/"},{"@type":"ListItem","position":2,"name":"Curso de inverno &#8211; \u201cProsa do mundo\u201d: A obra de Diderot como periferia do Iluminismo (e nosso presente como universo de conting\u00eancia)"}]},{"@type":"WebSite","@id":"http:\/\/www.his.puc-rio.br\/pb\/#website","url":"http:\/\/www.his.puc-rio.br\/pb\/","name":"Departamento de Hist\u00f3ria da PUC-Rio","description":"Cursos de Gradua\u00e7\u00e3o, P\u00f3s-gradua\u00e7\u00e3o, Mestrado e Doutorado","potentialAction":[{"@type":"SearchAction","target":{"@type":"EntryPoint","urlTemplate":"http:\/\/www.his.puc-rio.br\/pb\/?s={search_term_string}"},"query-input":{"@type":"PropertyValueSpecification","valueRequired":true,"valueName":"search_term_string"}}],"inLanguage":"pt-BR"},{"@type":"Person","@id":"http:\/\/www.his.puc-rio.br\/pb\/#\/schema\/person\/9e54900224aae47fd486e7013a22647b","name":"dephist","image":{"@type":"ImageObject","inLanguage":"pt-BR","@id":"http:\/\/www.his.puc-rio.br\/pb\/#\/schema\/person\/image\/","url":"https:\/\/secure.gravatar.com\/avatar\/bf2683cb6927d5fdbed7881a4ee37199?s=96&d=mm&r=g","contentUrl":"https:\/\/secure.gravatar.com\/avatar\/bf2683cb6927d5fdbed7881a4ee37199?s=96&d=mm&r=g","caption":"dephist"},"url":"https:\/\/www.his.puc-rio.br\/pb\/author\/dephist\/"}]}},"jetpack_featured_media_url":"","_links":{"self":[{"href":"https:\/\/www.his.puc-rio.br\/pb\/wp-json\/wp\/v2\/posts\/2364"}],"collection":[{"href":"https:\/\/www.his.puc-rio.br\/pb\/wp-json\/wp\/v2\/posts"}],"about":[{"href":"https:\/\/www.his.puc-rio.br\/pb\/wp-json\/wp\/v2\/types\/post"}],"author":[{"embeddable":true,"href":"https:\/\/www.his.puc-rio.br\/pb\/wp-json\/wp\/v2\/users\/1"}],"replies":[{"embeddable":true,"href":"https:\/\/www.his.puc-rio.br\/pb\/wp-json\/wp\/v2\/comments?post=2364"}],"version-history":[{"count":2,"href":"https:\/\/www.his.puc-rio.br\/pb\/wp-json\/wp\/v2\/posts\/2364\/revisions"}],"predecessor-version":[{"id":2367,"href":"https:\/\/www.his.puc-rio.br\/pb\/wp-json\/wp\/v2\/posts\/2364\/revisions\/2367"}],"wp:attachment":[{"href":"https:\/\/www.his.puc-rio.br\/pb\/wp-json\/wp\/v2\/media?parent=2364"}],"wp:term":[{"taxonomy":"category","embeddable":true,"href":"https:\/\/www.his.puc-rio.br\/pb\/wp-json\/wp\/v2\/categories?post=2364"},{"taxonomy":"post_tag","embeddable":true,"href":"https:\/\/www.his.puc-rio.br\/pb\/wp-json\/wp\/v2\/tags?post=2364"}],"curies":[{"name":"wp","href":"https:\/\/api.w.org\/{rel}","templated":true}]}}