{"id":2415,"date":"2019-09-30T16:40:44","date_gmt":"2019-09-30T19:40:44","guid":{"rendered":"http:\/\/wwwt.his.puc-rio.br\/his\/?p=2415"},"modified":"2019-10-01T18:23:55","modified_gmt":"2019-10-01T21:23:55","slug":"o-ensino-de-historia-em-revista-praticas-de-ensino-estagios-curriculares-e-formacao-de-professores","status":"publish","type":"post","link":"https:\/\/www.his.puc-rio.br\/pb\/o-ensino-de-historia-em-revista-praticas-de-ensino-estagios-curriculares-e-formacao-de-professores\/","title":{"rendered":"O ensino de hist\u00f3ria em revista: pr\u00e1ticas de ensino, est\u00e1gios curriculares e forma\u00e7\u00e3o de professores"},"content":{"rendered":"<p><\/p>\n<h2><span style=\"color: #000000;\"><strong><u>O ensino de hist\u00f3ria em revista: pr\u00e1ticas de ensino, est\u00e1gios curriculares e forma\u00e7\u00e3o de professores.<\/u><\/strong><\/span><\/h2>\n<p><span style=\"color: #000000;\"><strong><u>\u00a0<\/u><\/strong><\/span><\/p>\n<h3 class=\"entry-title\"><span style=\"color: #000000;\">Fa\u00e7a sua Inscri\u00e7\u00e3o<\/span><span style=\"color: #ff6600;\">\u00a0<\/span><span style=\"color: #ff6600;\"><a style=\"color: #ff6600;\" href=\"https:\/\/forms.gle\/yUvbaopDFsmKeZHh6\" target=\"_blank\" rel=\"noopener\">aqui<\/a><\/span><\/h3>\n<p><span style=\"color: #000000;\"><strong><u>Data: 10 de outubro de 2019. <\/u><\/strong><\/span><\/p>\n<p><span style=\"color: #000000;\"><strong><u>Local:<\/u><\/strong><\/span><\/p>\n<p><span style=\"color: #000000;\">Pontif\u00edcia Universidade Cat\u00f3lica do Rio de Janeiro \u2013 PUC-Rio Rua Marqu\u00eas de S\u00e3o Vicente, 225<\/span><\/p>\n<p><span style=\"color: #000000;\">Edif\u00edcio da Amizade \u2013 Ala Frings, 8\u00ba andar,<\/span><\/p>\n<p><span style=\"color: #000000;\">\u00a0Audit\u00f3rio B8<\/span><\/p>\n<p><span style=\"color: #000000;\"><u>\u00a0<\/u><\/span><\/p>\n<h3><span style=\"color: #000000;\"><u>Programa\u00e7\u00e3o<\/u><\/span><\/h3>\n<p><span style=\"color: #000000;\">9:00h \u2013 9:30h\/ Abertura<\/span><\/p>\n<p><span style=\"color: #000000;\">9:30h \u2013 11:00h\/ Confer\u00eancia de abertura<\/span><\/p>\n<p><span style=\"color: #000000;\">Profa. Carmen Teresa Gabriel<\/span><\/p>\n<p><span style=\"color: #000000;\">Tema: <strong><u>O lugar do est\u00e1gio na constru\u00e7\u00e3o de uma pol\u00edtica institucional de forma\u00e7\u00e3o de professores<\/u><\/strong><\/span><\/p>\n<p>&nbsp;<\/p>\n<h3><span style=\"color: #000000;\"><strong>11:00h-11:30h- Coffee Break<\/strong><\/span><\/h3>\n<p><span style=\"color: #000000;\"><strong>\u00a0<\/strong><\/span><\/p>\n<h3><span style=\"color: #000000;\"><u>Mesa 1<\/u><\/span><\/h3>\n<h3><span style=\"color: #000000;\">11:30h \u2013 13:30h<\/span><\/h3>\n<p><span style=\"color: #000000;\"><strong><u>Universidade do Estado do Rio de Janeiro \u2013 UERJ<\/u><\/strong><\/span><\/p>\n<p><span style=\"color: #000000;\">Profa. Dra. Helenice Aparecida Bastos Rocha<\/span><\/p>\n<p><span style=\"color: #000000;\">Profa. Dra.\u00a0 Maria Aparecida Cabral<\/span><\/p>\n<p><span style=\"color: #000000;\">Prof. Dr. Guilherme Gomes Moerbeck<\/span><\/p>\n<p>&nbsp;<\/p>\n<p><strong><span style=\"color: #000000;\"><u>Universidade Federal Fluminense &#8211; UFF<\/u><\/span><\/strong><\/p>\n<p><span style=\"color: #000000;\">Profa. Dra. Patr\u00edcia Teixeira de S\u00e1<\/span><\/p>\n<p><span style=\"color: #000000;\">Prof. Dr. Fernando de Ara\u00fajo Penna<\/span><\/p>\n<p><span style=\"color: #000000;\"><strong><u>\u00a0<\/u><\/strong><\/span><\/p>\n<h3><span style=\"color: #000000;\"><strong><u>13:30h \u2013 14:30h \/ almo\u00e7o<\/u><\/strong><\/span><\/h3>\n<p><span style=\"color: #000000;\"><u>\u00a0<\/u><\/span><\/p>\n<h3><span style=\"color: #000000;\"><u>Mesa 2<\/u><\/span><\/h3>\n<h3><span style=\"color: #000000;\">14:30h \u2013 16:30h<\/span><\/h3>\n<p><span style=\"color: #000000;\"><strong><u>Universidade Federal do Estado do Rio de Janeiro &#8211; UNIRIO<\/u><\/strong><\/span><\/p>\n<p><span style=\"color: #000000;\">Profa. Dra. Mariana de Aguiar Ferreira Muaze<\/span><\/p>\n<p><span style=\"color: #000000;\">Prof. Dr. Marcelo De Souza Magalh\u00e3es<\/span><\/p>\n<p>&nbsp;<\/p>\n<p><strong><span style=\"color: #000000;\"><u>Universidade Federal do Rio de Janeiro \u2013 UFRJ <\/u><\/span><\/strong><\/p>\n<p><span style=\"color: #000000;\">Profa. Dra. Ana Maria Ferreira da Costa Monteiro<\/span><\/p>\n<p><span style=\"color: #000000;\">Profa. Dra. Cinthia Monteiro de Ara\u00fajo<\/span><\/p>\n<p><span style=\"color: #000000;\"><u>\u00a0<\/u><\/span><\/p>\n<h3><span style=\"color: #000000;\"><u>Mesa 3<\/u><\/span><\/h3>\n<h3><span style=\"color: #000000;\">16:00h- 17:30h<\/span><\/h3>\n<p><span style=\"color: #000000;\"><strong><u>Universidade Federal Rural do Rio de Janeiro \u2013 UFRRJ<\/u><\/strong><\/span><\/p>\n<p><span style=\"color: #000000;\">Profa. Dra. Patr\u00edcia\u00a0 Bastos de Azevedo<\/span><\/p>\n<p>&nbsp;<\/p>\n<p><strong><span style=\"color: #000000;\"><u>Pontif\u00edcia Universidade Cat\u00f3lica do Rio de Janeiro \u2013 PUC-Rio<\/u><\/span><\/strong><\/p>\n<p><span style=\"color: #000000;\">Profa. Dra. Ju\u00e7ara da Silva Barbosa de Mello<\/span><\/p>\n<p><span style=\"color: #000000;\">Profa. Dra. Iamara da Silva Viana<\/span><\/p>\n<p>&nbsp;<\/p>\n<h3><span style=\"color: #000000;\"><strong>Coquetel de encerramento <\/strong><\/span><\/h3>\n<p>&nbsp;<\/p>","protected":false},"excerpt":{"rendered":"<p>O ensino de hist\u00f3ria em revista: pr\u00e1ticas de ensino, est\u00e1gios curriculares e forma\u00e7\u00e3o de professores. \u00a0 Fa\u00e7a sua Inscri\u00e7\u00e3o\u00a0aqui Data: 10 de outubro de 2019. Local: Pontif\u00edcia Universidade Cat\u00f3lica do Rio de Janeiro \u2013 PUC-Rio Rua Marqu\u00eas de S\u00e3o Vicente,<a class=\"moretag\" href=\"https:\/\/www.his.puc-rio.br\/pb\/o-ensino-de-historia-em-revista-praticas-de-ensino-estagios-curriculares-e-formacao-de-professores\/\">&#8230;<\/a><\/br><a href=\"https:\/\/www.his.puc-rio.br\/pb\/o-ensino-de-historia-em-revista-praticas-de-ensino-estagios-curriculares-e-formacao-de-professores\/\" class=\"read-more\">Leia mais..  <span class=\"glyphicon glyphicon-chevron-right\" ><\/span><\/a><\/p>\n","protected":false},"author":1,"featured_media":2418,"comment_status":"closed","ping_status":"open","sticky":false,"template":"","format":"standard","meta":{"footnotes":""},"categories":[1],"tags":[],"yoast_head":"<!-- This site is optimized with the Yoast SEO plugin v23.5 - https:\/\/yoast.com\/wordpress\/plugins\/seo\/ -->\n<title>O ensino de hist\u00f3ria em revista: pr\u00e1ticas de ensino, est\u00e1gios curriculares e forma\u00e7\u00e3o de professores - Departamento de Hist\u00f3ria da PUC-Rio<\/title>\n<meta name=\"robots\" content=\"index, follow, max-snippet:-1, max-image-preview:large, max-video-preview:-1\" \/>\n<link rel=\"canonical\" href=\"https:\/\/www.his.puc-rio.br\/pb\/o-ensino-de-historia-em-revista-praticas-de-ensino-estagios-curriculares-e-formacao-de-professores\/\" \/>\n<meta property=\"og:locale\" content=\"pt_BR\" \/>\n<meta property=\"og:type\" content=\"article\" \/>\n<meta property=\"og:title\" content=\"O ensino de hist\u00f3ria em revista: pr\u00e1ticas de ensino, est\u00e1gios curriculares e forma\u00e7\u00e3o de professores - Departamento de Hist\u00f3ria da PUC-Rio\" \/>\n<meta property=\"og:description\" content=\"O ensino de hist\u00f3ria em revista: pr\u00e1ticas de ensino, est\u00e1gios curriculares e forma\u00e7\u00e3o de professores. \u00a0 Fa\u00e7a sua Inscri\u00e7\u00e3o\u00a0aqui Data: 10 de outubro de 2019. Local: Pontif\u00edcia Universidade Cat\u00f3lica do Rio de Janeiro \u2013 PUC-Rio Rua Marqu\u00eas de S\u00e3o Vicente,...Leia mais..\" \/>\n<meta property=\"og:url\" content=\"https:\/\/www.his.puc-rio.br\/pb\/o-ensino-de-historia-em-revista-praticas-de-ensino-estagios-curriculares-e-formacao-de-professores\/\" \/>\n<meta property=\"og:site_name\" content=\"Departamento de Hist\u00f3ria da PUC-Rio\" \/>\n<meta property=\"article:published_time\" content=\"2019-09-30T19:40:44+00:00\" \/>\n<meta property=\"article:modified_time\" content=\"2019-10-01T21:23:55+00:00\" \/>\n<meta property=\"og:image\" content=\"https:\/\/www.his.puc-rio.br\/wp-content\/uploads\/site-his-puc.jpg\" \/>\n\t<meta property=\"og:image:width\" content=\"1000\" \/>\n\t<meta property=\"og:image:height\" content=\"500\" \/>\n\t<meta property=\"og:image:type\" content=\"image\/jpeg\" \/>\n<meta name=\"author\" content=\"dephist\" \/>\n<meta name=\"twitter:card\" content=\"summary_large_image\" \/>\n<meta name=\"twitter:label1\" content=\"Escrito por\" \/>\n\t<meta name=\"twitter:data1\" content=\"dephist\" \/>\n\t<meta name=\"twitter:label2\" content=\"Est. tempo de leitura\" \/>\n\t<meta name=\"twitter:data2\" content=\"1 minuto\" \/>\n<script type=\"application\/ld+json\" class=\"yoast-schema-graph\">{\"@context\":\"https:\/\/schema.org\",\"@graph\":[{\"@type\":\"WebPage\",\"@id\":\"https:\/\/www.his.puc-rio.br\/pb\/o-ensino-de-historia-em-revista-praticas-de-ensino-estagios-curriculares-e-formacao-de-professores\/\",\"url\":\"https:\/\/www.his.puc-rio.br\/pb\/o-ensino-de-historia-em-revista-praticas-de-ensino-estagios-curriculares-e-formacao-de-professores\/\",\"name\":\"O ensino de hist\u00f3ria em revista: pr\u00e1ticas de ensino, est\u00e1gios curriculares e forma\u00e7\u00e3o de professores - Departamento de Hist\u00f3ria da PUC-Rio\",\"isPartOf\":{\"@id\":\"http:\/\/www.his.puc-rio.br\/pb\/#website\"},\"primaryImageOfPage\":{\"@id\":\"https:\/\/www.his.puc-rio.br\/pb\/o-ensino-de-historia-em-revista-praticas-de-ensino-estagios-curriculares-e-formacao-de-professores\/#primaryimage\"},\"image\":{\"@id\":\"https:\/\/www.his.puc-rio.br\/pb\/o-ensino-de-historia-em-revista-praticas-de-ensino-estagios-curriculares-e-formacao-de-professores\/#primaryimage\"},\"thumbnailUrl\":\"https:\/\/www.his.puc-rio.br\/wp-content\/uploads\/site-his-puc.jpg\",\"datePublished\":\"2019-09-30T19:40:44+00:00\",\"dateModified\":\"2019-10-01T21:23:55+00:00\",\"author\":{\"@id\":\"http:\/\/www.his.puc-rio.br\/pb\/#\/schema\/person\/9e54900224aae47fd486e7013a22647b\"},\"breadcrumb\":{\"@id\":\"https:\/\/www.his.puc-rio.br\/pb\/o-ensino-de-historia-em-revista-praticas-de-ensino-estagios-curriculares-e-formacao-de-professores\/#breadcrumb\"},\"inLanguage\":\"pt-BR\",\"potentialAction\":[{\"@type\":\"ReadAction\",\"target\":[[\"https:\/\/www.his.puc-rio.br\/pb\/o-ensino-de-historia-em-revista-praticas-de-ensino-estagios-curriculares-e-formacao-de-professores\/\"]]}]},{\"@type\":\"ImageObject\",\"inLanguage\":\"pt-BR\",\"@id\":\"https:\/\/www.his.puc-rio.br\/pb\/o-ensino-de-historia-em-revista-praticas-de-ensino-estagios-curriculares-e-formacao-de-professores\/#primaryimage\",\"url\":\"https:\/\/www.his.puc-rio.br\/wp-content\/uploads\/site-his-puc.jpg\",\"contentUrl\":\"https:\/\/www.his.puc-rio.br\/wp-content\/uploads\/site-his-puc.jpg\",\"width\":1000,\"height\":500},{\"@type\":\"BreadcrumbList\",\"@id\":\"https:\/\/www.his.puc-rio.br\/pb\/o-ensino-de-historia-em-revista-praticas-de-ensino-estagios-curriculares-e-formacao-de-professores\/#breadcrumb\",\"itemListElement\":[{\"@type\":\"ListItem\",\"position\":1,\"name\":\"In\u00edcio\",\"item\":\"http:\/\/www.his.puc-rio.br\/pb\/\"},{\"@type\":\"ListItem\",\"position\":2,\"name\":\"O ensino de hist\u00f3ria em revista: pr\u00e1ticas de ensino, est\u00e1gios curriculares e forma\u00e7\u00e3o de professores\"}]},{\"@type\":\"WebSite\",\"@id\":\"http:\/\/www.his.puc-rio.br\/pb\/#website\",\"url\":\"http:\/\/www.his.puc-rio.br\/pb\/\",\"name\":\"Departamento de Hist\u00f3ria da PUC-Rio\",\"description\":\"Cursos de Gradua\u00e7\u00e3o, P\u00f3s-gradua\u00e7\u00e3o, Mestrado e Doutorado\",\"potentialAction\":[{\"@type\":\"SearchAction\",\"target\":{\"@type\":\"EntryPoint\",\"urlTemplate\":\"http:\/\/www.his.puc-rio.br\/pb\/?s={search_term_string}\"},\"query-input\":{\"@type\":\"PropertyValueSpecification\",\"valueRequired\":true,\"valueName\":\"search_term_string\"}}],\"inLanguage\":\"pt-BR\"},{\"@type\":\"Person\",\"@id\":\"http:\/\/www.his.puc-rio.br\/pb\/#\/schema\/person\/9e54900224aae47fd486e7013a22647b\",\"name\":\"dephist\",\"image\":{\"@type\":\"ImageObject\",\"inLanguage\":\"pt-BR\",\"@id\":\"http:\/\/www.his.puc-rio.br\/pb\/#\/schema\/person\/image\/\",\"url\":\"https:\/\/secure.gravatar.com\/avatar\/bf2683cb6927d5fdbed7881a4ee37199?s=96&d=mm&r=g\",\"contentUrl\":\"https:\/\/secure.gravatar.com\/avatar\/bf2683cb6927d5fdbed7881a4ee37199?s=96&d=mm&r=g\",\"caption\":\"dephist\"},\"url\":\"https:\/\/www.his.puc-rio.br\/pb\/author\/dephist\/\"}]}<\/script>\n<!-- \/ Yoast SEO plugin. -->","yoast_head_json":{"title":"O ensino de hist\u00f3ria em revista: pr\u00e1ticas de ensino, est\u00e1gios curriculares e forma\u00e7\u00e3o de professores - Departamento de Hist\u00f3ria da PUC-Rio","robots":{"index":"index","follow":"follow","max-snippet":"max-snippet:-1","max-image-preview":"max-image-preview:large","max-video-preview":"max-video-preview:-1"},"canonical":"https:\/\/www.his.puc-rio.br\/pb\/o-ensino-de-historia-em-revista-praticas-de-ensino-estagios-curriculares-e-formacao-de-professores\/","og_locale":"pt_BR","og_type":"article","og_title":"O ensino de hist\u00f3ria em revista: pr\u00e1ticas de ensino, est\u00e1gios curriculares e forma\u00e7\u00e3o de professores - Departamento de Hist\u00f3ria da PUC-Rio","og_description":"O ensino de hist\u00f3ria em revista: pr\u00e1ticas de ensino, est\u00e1gios curriculares e forma\u00e7\u00e3o de professores. \u00a0 Fa\u00e7a sua Inscri\u00e7\u00e3o\u00a0aqui Data: 10 de outubro de 2019. Local: Pontif\u00edcia Universidade Cat\u00f3lica do Rio de Janeiro \u2013 PUC-Rio Rua Marqu\u00eas de S\u00e3o Vicente,...Leia mais..","og_url":"https:\/\/www.his.puc-rio.br\/pb\/o-ensino-de-historia-em-revista-praticas-de-ensino-estagios-curriculares-e-formacao-de-professores\/","og_site_name":"Departamento de Hist\u00f3ria da PUC-Rio","article_published_time":"2019-09-30T19:40:44+00:00","article_modified_time":"2019-10-01T21:23:55+00:00","og_image":[{"width":1000,"height":500,"url":"https:\/\/www.his.puc-rio.br\/wp-content\/uploads\/site-his-puc.jpg","type":"image\/jpeg"}],"author":"dephist","twitter_card":"summary_large_image","twitter_misc":{"Escrito por":"dephist","Est. tempo de leitura":"1 minuto"},"schema":{"@context":"https:\/\/schema.org","@graph":[{"@type":"WebPage","@id":"https:\/\/www.his.puc-rio.br\/pb\/o-ensino-de-historia-em-revista-praticas-de-ensino-estagios-curriculares-e-formacao-de-professores\/","url":"https:\/\/www.his.puc-rio.br\/pb\/o-ensino-de-historia-em-revista-praticas-de-ensino-estagios-curriculares-e-formacao-de-professores\/","name":"O ensino de hist\u00f3ria em revista: pr\u00e1ticas de ensino, est\u00e1gios curriculares e forma\u00e7\u00e3o de professores - Departamento de Hist\u00f3ria da PUC-Rio","isPartOf":{"@id":"http:\/\/www.his.puc-rio.br\/pb\/#website"},"primaryImageOfPage":{"@id":"https:\/\/www.his.puc-rio.br\/pb\/o-ensino-de-historia-em-revista-praticas-de-ensino-estagios-curriculares-e-formacao-de-professores\/#primaryimage"},"image":{"@id":"https:\/\/www.his.puc-rio.br\/pb\/o-ensino-de-historia-em-revista-praticas-de-ensino-estagios-curriculares-e-formacao-de-professores\/#primaryimage"},"thumbnailUrl":"https:\/\/www.his.puc-rio.br\/wp-content\/uploads\/site-his-puc.jpg","datePublished":"2019-09-30T19:40:44+00:00","dateModified":"2019-10-01T21:23:55+00:00","author":{"@id":"http:\/\/www.his.puc-rio.br\/pb\/#\/schema\/person\/9e54900224aae47fd486e7013a22647b"},"breadcrumb":{"@id":"https:\/\/www.his.puc-rio.br\/pb\/o-ensino-de-historia-em-revista-praticas-de-ensino-estagios-curriculares-e-formacao-de-professores\/#breadcrumb"},"inLanguage":"pt-BR","potentialAction":[{"@type":"ReadAction","target":[["https:\/\/www.his.puc-rio.br\/pb\/o-ensino-de-historia-em-revista-praticas-de-ensino-estagios-curriculares-e-formacao-de-professores\/"]]}]},{"@type":"ImageObject","inLanguage":"pt-BR","@id":"https:\/\/www.his.puc-rio.br\/pb\/o-ensino-de-historia-em-revista-praticas-de-ensino-estagios-curriculares-e-formacao-de-professores\/#primaryimage","url":"https:\/\/www.his.puc-rio.br\/wp-content\/uploads\/site-his-puc.jpg","contentUrl":"https:\/\/www.his.puc-rio.br\/wp-content\/uploads\/site-his-puc.jpg","width":1000,"height":500},{"@type":"BreadcrumbList","@id":"https:\/\/www.his.puc-rio.br\/pb\/o-ensino-de-historia-em-revista-praticas-de-ensino-estagios-curriculares-e-formacao-de-professores\/#breadcrumb","itemListElement":[{"@type":"ListItem","position":1,"name":"In\u00edcio","item":"http:\/\/www.his.puc-rio.br\/pb\/"},{"@type":"ListItem","position":2,"name":"O ensino de hist\u00f3ria em revista: pr\u00e1ticas de ensino, est\u00e1gios curriculares e forma\u00e7\u00e3o de professores"}]},{"@type":"WebSite","@id":"http:\/\/www.his.puc-rio.br\/pb\/#website","url":"http:\/\/www.his.puc-rio.br\/pb\/","name":"Departamento de Hist\u00f3ria da PUC-Rio","description":"Cursos de Gradua\u00e7\u00e3o, P\u00f3s-gradua\u00e7\u00e3o, Mestrado e Doutorado","potentialAction":[{"@type":"SearchAction","target":{"@type":"EntryPoint","urlTemplate":"http:\/\/www.his.puc-rio.br\/pb\/?s={search_term_string}"},"query-input":{"@type":"PropertyValueSpecification","valueRequired":true,"valueName":"search_term_string"}}],"inLanguage":"pt-BR"},{"@type":"Person","@id":"http:\/\/www.his.puc-rio.br\/pb\/#\/schema\/person\/9e54900224aae47fd486e7013a22647b","name":"dephist","image":{"@type":"ImageObject","inLanguage":"pt-BR","@id":"http:\/\/www.his.puc-rio.br\/pb\/#\/schema\/person\/image\/","url":"https:\/\/secure.gravatar.com\/avatar\/bf2683cb6927d5fdbed7881a4ee37199?s=96&d=mm&r=g","contentUrl":"https:\/\/secure.gravatar.com\/avatar\/bf2683cb6927d5fdbed7881a4ee37199?s=96&d=mm&r=g","caption":"dephist"},"url":"https:\/\/www.his.puc-rio.br\/pb\/author\/dephist\/"}]}},"jetpack_featured_media_url":"https:\/\/www.his.puc-rio.br\/wp-content\/uploads\/site-his-puc.jpg","_links":{"self":[{"href":"https:\/\/www.his.puc-rio.br\/pb\/wp-json\/wp\/v2\/posts\/2415"}],"collection":[{"href":"https:\/\/www.his.puc-rio.br\/pb\/wp-json\/wp\/v2\/posts"}],"about":[{"href":"https:\/\/www.his.puc-rio.br\/pb\/wp-json\/wp\/v2\/types\/post"}],"author":[{"embeddable":true,"href":"https:\/\/www.his.puc-rio.br\/pb\/wp-json\/wp\/v2\/users\/1"}],"replies":[{"embeddable":true,"href":"https:\/\/www.his.puc-rio.br\/pb\/wp-json\/wp\/v2\/comments?post=2415"}],"version-history":[{"count":7,"href":"https:\/\/www.his.puc-rio.br\/pb\/wp-json\/wp\/v2\/posts\/2415\/revisions"}],"predecessor-version":[{"id":2443,"href":"https:\/\/www.his.puc-rio.br\/pb\/wp-json\/wp\/v2\/posts\/2415\/revisions\/2443"}],"wp:featuredmedia":[{"embeddable":true,"href":"https:\/\/www.his.puc-rio.br\/pb\/wp-json\/wp\/v2\/media\/2418"}],"wp:attachment":[{"href":"https:\/\/www.his.puc-rio.br\/pb\/wp-json\/wp\/v2\/media?parent=2415"}],"wp:term":[{"taxonomy":"category","embeddable":true,"href":"https:\/\/www.his.puc-rio.br\/pb\/wp-json\/wp\/v2\/categories?post=2415"},{"taxonomy":"post_tag","embeddable":true,"href":"https:\/\/www.his.puc-rio.br\/pb\/wp-json\/wp\/v2\/tags?post=2415"}],"curies":[{"name":"wp","href":"https:\/\/api.w.org\/{rel}","templated":true}]}}