{"id":2842,"date":"2021-02-22T16:42:07","date_gmt":"2021-02-22T19:42:07","guid":{"rendered":"http:\/\/wwwt.his.puc-rio.br\/his\/?p=2842"},"modified":"2021-02-22T16:53:11","modified_gmt":"2021-02-22T19:53:11","slug":"eventos-2020","status":"publish","type":"post","link":"https:\/\/www.his.puc-rio.br\/pb\/eventos-2020\/","title":{"rendered":"Eventos 2020"},"content":{"rendered":"<p><span style=\"color: #000000;\">O ProfHist\u00f3ria PUC-Rio convida: Aula inaugural com a professora Angela de Castro Gomes<\/span><br \/>\n<span style=\"color: #000000;\">Hist\u00f3ria Social do Trabalho e Hist\u00f3ria Oral: aprendendo a ser historiadora<\/span><br \/>\n<span style=\"color: #000000;\">Data: 24 de mar\u00e7o de 2020 \/\u00a0<\/span><span class=\"text_exposed_show\"><span style=\"color: #000000;\">Hor\u00e1rio: 15:00hs \/ Local: Audit\u00f3rio B8 &#8211; Pr\u00e9dio Frings &#8211; 8\u00ba andar<\/span><br \/>\n<span style=\"color: #000000;\">Mais informa\u00e7\u00f5es no<\/span> <span style=\"color: #0000ff;\"><a style=\"color: #0000ff;\" href=\"https:\/\/www.facebook.com\/DepHistoria\/photos\/a.1814957795389145\/2544747509076833\/?type=3&amp;eid=ARD040e5svfPpCV3uJRPVpOuY-gCJ-aviQiBbGmxcDfryx29BfhjCFp96Drld94aDzjFszSw4XMwGQmi&amp;size=1000%2C500&amp;fbid=2544747509076833&amp;source=13&amp;player_origin=unknown&amp;__xts__[0]=68.ARBwMwamuf1WIMrsrnbo-HMxjO-SLYnjc0W5wCLBKVcA-6AgdurNTb29cohc0YXK6JOlYRCvVRFrewuQ30eIqyJVjfMxLev9CJ0YoNNO4D-DP5qB61f9tfARr2s7116hCDELWsYBSCbN536UkMmQyuxoUakPix8lyH_sJUzCRkTiHz95Nl8RoXHxK2w83W0IUBpUaXrwjD1b0eapPNU1wjhFeJk0pkYh0iqSzA5SDReVlT_ZV-ZjRQvahjHH3kfyCH7l69PBduXXjJ5k3gwYYcCMBtukomLEBHqjw_MD0To9cDjfjiS3YDo\" target=\"_blank\" rel=\"noopener\">cartaz<\/a><\/span><\/span><\/p>\n<p>&nbsp;<\/p>\n<p><span style=\"color: #000000;\">O Programa de Educa\u00e7\u00e3o Tutorial (PET Hist\u00f3ria PUC-Rio) convida a todxs para a primeira edi\u00e7\u00e3o do Cine PET durante a quarentena. Teremos como convidadxs especiais: a diretora e cen\u00f3grafa Bia Lessa e o historiador Edilson Mendes. O encontro ocorrer\u00e1 no dia 24\/06 (quarta-feira) \u00e0s 16h.<\/span><br \/>\n<span style=\"color: #000000;\">Mais informa\u00e7\u00f5es no<\/span> <span style=\"color: #0000ff;\"><a style=\"color: #0000ff;\" href=\"https:\/\/www.facebook.com\/DepHistoria\/photos\/a.1814957795389145\/2628702987347951\/?type=3&amp;eid=ARAFFReRHhIkvKJk6LBUyUOsaR-gohcAjqteTGvReD4DRqzKIktcMuIkLim326aP4aLIA1b0RPNwyaou&amp;size=526%2C703&amp;fbid=2628702987347951&amp;source=13&amp;player_origin=unknown&amp;__xts__[0]=68.ARAkrhamK9cgHSeGucoHE3KLgzqqYNW5OxqTYsm3JhBKy3xQs5OefhbcA4dgdXOa0p5eJZz7rxTJSg8YKMapYHh14wZUokrvISklqS4kyG5k2fiBon-J2LFtyetH8RR22JwM5NQj4iHsLdZXZo8_Xk328B80P7k6PPUEm7NinJxEYnhojHY5Z8Wkf6Bmylloewxar6HRiG-jUm5pYvEkGBCRrdftM4GRfnbtAIqPk3tzzlj5sOJqI2Tw5Q0z-dfNF-VWb1lJraoogejSZqZV9-fg64ZvopjV-H6UEA3VOtZR-SbovrMzwkg\" target=\"_blank\" rel=\"noopener\">cartaz\u00a0<\/a><\/span><\/p>\n<p>&nbsp;<\/p>\n<p><span style=\"color: #000000;\">XIV Encontro Internacional da ANPHLAC (Evento Virtual)<\/span><br \/>\n<span style=\"color: #000000;\">Programa\u00e7\u00e3o completa<\/span> <span style=\"color: #0000ff;\"><a style=\"color: #0000ff;\" href=\"http:\/\/wwwt.his.puc-rio.br\/his\/wp-content\/uploads\/ANPHALAC2-convertido.pdf\" target=\"_blank\" rel=\"noopener\">aqui<\/a><\/span><\/p>\n<p>&nbsp;<\/p>\n<p><span style=\"color: #000000;\">Dia 22 de julho, \u00e0s 19h, Lourival Mendon\u00e7a Silva Junior apresentar\u00e1 no Canal do YOUTUBE do Prof Hist\u00f3ria Rio de Janeiro aspectos de sua disserta\u00e7\u00e3o de mestrado em uma apresenta\u00e7\u00e3o intitulada &#8220;Samba enredo e trajet\u00f3rias negras: uma proposta de sequ\u00eancia did\u00e1tica para o ensino de Hist\u00f3ria e Cultura Afro-Brasileira&#8221;, mediada por sua orientadora a prof\u00aa. Ivana Stolze Lima<\/span><br \/>\n<span style=\"color: #000000;\">Mais informa\u00e7\u00f5es no<\/span> <span style=\"color: #0000ff;\"><a style=\"color: #0000ff;\" href=\"https:\/\/www.facebook.com\/DepHistoria\/photos\/a.1814957795389145\/2652274721657444\/?type=3&amp;eid=ARCqNg0CcFUmWfNo3aOMsnKo1sLf5qI0sFzBusQZDrEjVjz41KeiSujnveoEQW7BNbuOZ55iXq4PSmr4&amp;size=904%2C1280&amp;fbid=2652274721657444&amp;source=13&amp;player_origin=unknown&amp;__xts__[0]=68.ARAWxBlMJixyMiQwI0xvkjCufW1TIeheMn4t9XTNvvliDWhj4Aft-hWVryaFofhIJKlgbeayIPEdFSMu2zvNhuk7ALSB_mBMNNadMm5-HOMX-3KWUQPrkyRYQVQrh1kG3v5VkLigNcqassGtNlIYleKBIvRNRWwcOwvulfJCPJq9anEqoOBDEGhIifNXGoLSD8SAE8qJGLO9FLRjF825IpGJuDOybPsGPKm3RV6K8r-8MNngpSpL3fIcLsW6WY_buPU0Fr2_KbFnc0-Kb6Yg9uMKloOey5sMCDJu4-rfHmAF3YJ6Yjl6D1w\" target=\"_blank\" rel=\"noopener\">cartaz<\/a><\/span><\/p>\n<p>&nbsp;<\/p>\n<p><span style=\"color: #000000;\">No dia 26 de agosto, \u00e0s 19h, ao vivo no canal do PROFHIST\u00d3RIA-RIO<\/span> <span style=\"color: #000000;\">(<\/span><span style=\"color: #0000ff;\"><a style=\"color: #0000ff;\" href=\"https:\/\/www.youtube.com\/channel\/UCkgYBAGqO_cAfIxh7OPURDQ?fbclid=IwAR3nPm7EuPZIGRVy_a9SkbZ3R2ZeA1dZIhaL6UqtN-z-8NpsmFOJAPhAobA\" target=\"_blank\" rel=\"noopener nofollow\" data-ft=\"{&quot;tn&quot;:&quot;-U&quot;}\" data-lynx-mode=\"async\" data-lynx-uri=\"https:\/\/l.facebook.com\/l.php?u=https%3A%2F%2Fwww.youtube.com%2Fchannel%2FUCkgYBAGqO_cAfIxh7OPURDQ%3Ffbclid%3DIwAR3nPm7EuPZIGRVy_a9SkbZ3R2ZeA1dZIhaL6UqtN-z-8NpsmFOJAPhAobA&amp;h=AT2UGjwb2R7mbwHgUMrhAytufieK6DGo3AS9HABKirjYYFlDFjNIUNF7tgC-vvG5VX9k6kYABQ_xUV7_nOP6gxDivJuMFbT4OkFt_BPo3xRUtC5sqB8pRSUgVrUTv4wSwUuRo4Xe-rCJnQYOjMaV2XDyVIwYfMBZa0XxMOWDawcMc4jZfxA2adswUgFqeWT7Cr6vM3I-AczQ-Wuhee6UOfN5wK7Y5XEAGAhS0vWRupUSH88WTqE_j1pwvQmeOiPXg7gct1Ohd74QpGJuPqF_hyriNGR0nmYod19S-MkBN4JaETX_5S5Kc_achchfk4UTEwiXomTGWtNWfnUFBDztP-abWLFw7Wf_RH_IL5vX3mEwtSlruh8WIQQbaTSFf_SNGY5g5yoxjcWMnbh8xvouKU6FaWPFumNi6SWDNveFVg2C1hsyIhsC1iNcJSfdMkWlpp1QoLLJ_7AL8cANelzOvOL-NCjEa6wGbcP43S255gSbrBsgAwnBrV8H8kJcG0f9XJ3Zk_Rjs_hZ4vAjTxxZX1p8GCrTfEXYhVLBrnRNM3iGJx4m3oT0k1k47ulubsiHdDmoq6Eo95ZbPcT9Yj-BZaM\">https:\/\/www.youtube.com\/channel\/UCkgYBAGqO_cAfIxh7OPURDQ<\/a><\/span><span style=\"color: #000000;\">), o aluno Glauber Lima dos Anjos, do N\u00facleo PUC-Rio, apresentar\u00e1 sua disserta\u00e7\u00e3o de mestrado &#8220;Quiva e Lai\u00e1: protagonismo ind\u00edgena nas aulas de Hist\u00f3ria atrav\u00e9s de uma narrativa da cidade de Itagua\u00ed\/RJ&#8221;. Sua orientadora foi a prof\u00aa. Ju\u00e7ara Mello, do Departamento de Hist\u00f3ria da PUC-Rio.<br \/>\nMais informa\u00e7\u00f5es no <span style=\"color: #0000ff;\"><a style=\"color: #0000ff;\" href=\"https:\/\/www.facebook.com\/DepHistoria\/photos\/a.1814957795389145\/2678971395654443\/?type=3&amp;eid=ARDKkagKHI2G8mg6sz-zA4K4u-ebynmbV-HdpxI_bI7oBepOtShRv_n9_jv6tiDHXAGosxHTNAw8ut6z&amp;size=904%2C1280&amp;fbid=2678971395654443&amp;source=13&amp;player_origin=unknown&amp;__xts__[0]=68.ARCLH865A0cv_1AsLxDup4EqRQi11I73AL0yiSZ1UB_Z5_QV8P2IvM6UMPz6STkrD_Wr6Te8H0Zr3zZDi2KidUFeWubf9NinL85XtNS8z8vJQH1SqTVJSix0ajA8tLnrNAc2g9hkgn70kItxE3zgFUqwJ9qro0iWYJgTBMzXnXHJ6xvtqixfPFmTE4WnIniTKCFuPzOpz5QSJOeV5ZZrWNVgYJvzEmfV52oleaZmmd-WDJA3ryizz2fT3nMTjsXyUMILExW3RNaxLjVgmjOYH4JnyupVYBLme1XuKqTp12QxG1HYUlaoE0c\" target=\"_blank\" rel=\"noopener\">cartaz<\/a><\/span><\/span><\/p>\n<p>&nbsp;<\/p>\n<p><span style=\"color: #000000;\">Primeira reuni\u00e3o do semestre do Laborat\u00f3rio de Pesquisas em Conex\u00f5es Atl\u00e2nticas da PUC-Rio, pr\u00f3xima sexta-feira 4 de setembro 11 h.<\/span><br \/>\n<span style=\"color: #000000;\">Mais informa\u00e7\u00f5es no<\/span> <span style=\"color: #0000ff;\"><a style=\"color: #0000ff;\" href=\"https:\/\/www.facebook.com\/DepHistoria\/photos\/a.1814957795389145\/2687190691499180?type=3&amp;eid=ARD8QreD6jDHMDJbrQhiMT8zJJE0nVusUxd5hvgjF_VM6IBwVuqCUW6CKePekXx3YQyXtq4vIgzSaFjf&amp;size=940%2C788&amp;fbid=2687190691499180&amp;source=13&amp;player_origin=unknown&amp;__xts__[0]=68.ARBQ9iEvUkq4CvCL4AZ5c7PQqfTTIBJ8fSMPf91ZkarRwt55TTO4e-fcF4813fosWtpisSPsRY0Y8-u-pO7hzDqwia_MUGKxPiMceKjABag0hBPDwfSId2JUGLFMJVeByOHvq76i7yKAvdjef-weyaAhbQwL3oFX2yhqFv08VsbIG908ted_QKM0SCi8xEA1NfB6HMWEfHnYbq6rRRc3iz5O1761jBGowcTR0qGkGZYxkiyZmFs16NMkzBlx3hYdzQTlTPiHb0ZwXBTvPJq_4Wfvv5v4lcbgrNeYhyl4KB997mLA36EGxPQ\" target=\"_blank\" rel=\"noopener\">cartaz<\/a><\/span><\/p>\n<p>&nbsp;<\/p>\n<p><span style=\"color: #000000;\">Curso &#8211; Pensamento conservador no Brasil mon\u00e1rquico (1800-1860) &#8211; Casa Rui Barbosa \/ Departamento de Hist\u00f3ria &#8211; PUC-Rio<\/span><br \/>\n<span style=\"color: #000000;\">Mais informa\u00e7\u00f5es no<\/span> <span style=\"color: #0000ff;\"><a style=\"color: #0000ff;\" href=\"https:\/\/www.facebook.com\/DepHistoria\/photos\/a.1814957795389145\/2690723894479193\/?type=3&amp;eid=ARBPimrlwKtgrg-pCj_fKIx1VwAQW4Z2buH_yJcNpjTQ5MZ_jwnvZiZyOuOWl2PSS9JfrZ7UXkJ4cHI9&amp;size=724%2C1024&amp;fbid=2690723894479193&amp;source=13&amp;player_origin=unknown&amp;__xts__[0]=68.ARATGMAcqH9d4lc9oMp24vwY4pJGFWlhz7IALgA18ktMTs0UncT-Uj5wTBlgRt9hqRWSqfdoyt87tBuLbr2581ss-ygRZMapCYkLcZTZisu5bz-x4RCB9prkohygBXsWQMEt8RdgKB5pmxtCI8fyyciX9r6STkVR6DHQHdsqCcS1bQFi9km-Hzs5iAzbLfhuHyhNY--yOawECYOpIJSzZwuRqMbfOf-cDWQ1S4bPp59w4EfUfMiXGg5pNfW6cRR14TUX-5Wrkq_ojpuoRGlY05KuIikNdV9Fjoqej2OeE5qof1MxnAG8N78\" target=\"_blank\" rel=\"noopener\">cartaz<\/a><\/span><\/p>\n<p>&nbsp;<\/p>\n<p><span style=\"color: #000000;\">Aula Inaugural do Departamento de Hist\u00f3ria &#8211; 2020.2<\/span><br \/>\n<span style=\"color: #000000;\">A Covid 19 e o s\u00e9culo XXI: a imagina\u00e7\u00e3o frente aos desafios contempor\u00e2neos<\/span><br \/>\n<span style=\"color: #000000;\">Profa. N\u00edsia Trindade Lima (Fiocruz)<\/span><br \/>\n<span style=\"color: #000000;\">23 de setembro \u00e0s 11h<\/span><br \/>\n<span style=\"color: #000000;\">Mais informa\u00e7\u00f5es no<\/span><span style=\"color: #0000ff;\"> <a style=\"color: #0000ff;\" href=\"https:\/\/www.facebook.com\/DepHistoria\/photos\/a.1814957795389145\/2693209460897303?type=3&amp;eid=ARBSnuVJ9JFgbFvtDyN9kzojPcRHCLQtSCOWOdnBH6NABfZsPGJgB66P4pWh31pwYNaDC593CKryKw8d&amp;size=593%2C1055&amp;fbid=2693209460897303&amp;source=13&amp;player_origin=unknown&amp;__xts__[0]=68.ARCo2kRMMZpsspR9z-5CWDeMChLWnDjIhL2ARyA_K2drCpBEC2HmydANYtYGqh9SpRcDsFKJn43egttgp-l550vXxpcAQCMn50BdWB1ZI3_9vzZhWoYjTmZCiNsnxXKqYJ_ZYwiLFmsqGEDWsczlRqX4XU0x94T4Gk3j-zjBPolZNxPTRM_qKy2Dapn0iU4jivE_c7Q9ZtR_FnxYdNQ6vAu_eU3DtRQR1p61lUMTXSeEUhn7sGIE5sX9UKsbLfJivQ4EJHSgijJlVcYKd6MPpxpAPPWh6sqFmVcbyeIM5CcgE1kaKjIIbzc\" target=\"_blank\" rel=\"noopener\">cartaz<\/a><\/span><\/p>\n<p>&nbsp;<\/p>\n<p><span style=\"color: #000000;\">A Rede de Hist\u00f3ria Conectada do Mundo Atl\u00e2ntico convida para o primeiro encontro do Semin\u00e1rio Permanente (via zoom) que reunir\u00e1 pesquisadores do Laborat\u00f3rio de Conex\u00f5es Atl\u00e2nticas da PUC-Rio e da Universidade Nacional de La Plata.<\/span><br \/>\n<span style=\"color: #000000;\">30 de setembro \u00e0s 17h<\/span><br \/>\n<span style=\"color: #000000;\">Mais informa\u00e7\u00f5es no<\/span><span style=\"color: #0000ff;\"> <a style=\"color: #0000ff;\" href=\"https:\/\/www.facebook.com\/DepHistoria\/photos\/a.1814957795389145\/2703179413233641\/?type=3&amp;eid=ARAYFg0GEULwh5XfvQG6vSIkbaG6JMREPWtthbLjxVmYvCrARqb_Bvf4O_ClKyBQK2Lt3nvLBvJiivKL&amp;size=812%2C810&amp;fbid=2703179413233641&amp;source=13&amp;player_origin=unknown&amp;__xts__[0]=68.ARC6M0KITVx_f1idA26nZ9xDilT5YuRrlmy32ry48fSeY46vi547J2vr1YDqakqPJU3SJb7skVoIA7l4QtzIZn8O7bFSzyWj-XPEqAfF58ylkKNy5dzcY1kWgw7pFJqzyR1zR7OkS7IXC3oSBcRjgKxMjtbFWJJU722HOg4MuScU0_lbGVSomjxE5FgG-ORJqaCl7EPZyFyLM9QV1YoYeaKEHalQvIwOEbg67a0TODvOvyghY7WaNKxSeEuWqn3_cXWEGqbKoVbiL6oQzUyVVABGX6KKCSnytAFqkFK2mWwpEdXJ8FuzotI\" target=\"_blank\" rel=\"noopener\">cartaz\u00a0<\/a><\/span><\/p>\n<p>&nbsp;<\/p>\n<p><span style=\"color: #000000;\">Segunda reuni\u00e3o do semestre do Laborat\u00f3rio de Pesquisas em Conex\u00f5es Atl\u00e2nticas da PUC-Rio, sexta-feira 2 de outubro, 11 h<\/span><br \/>\n<span style=\"color: #000000;\">Mais informa\u00e7\u00f5es no<\/span> <span style=\"color: #0000ff;\"><a style=\"color: #0000ff;\" href=\"https:\/\/www.facebook.com\/DepHistoria\/photos\/a.1814957795389145\/2704075209810728?type=3&amp;eid=ARBHZvvZAWuqn3DmPuOQZ3GPs8gKbyfeJ7VhdvNrSTkX8GSpYH1KviTSao1eNmnJ9_EPWUa_iZKK5QMn&amp;size=940%2C788&amp;fbid=2704075209810728&amp;source=13&amp;player_origin=unknown&amp;__xts__[0]=68.ARCTQw-X_0T3OHN75u8NT4TJUCSOra4ZVobWeY9gW0I5FHdencFcOrK6G89yKxyd9UQcePCztA2i6Qwm3Lnmtr4lRibmb54JawsMnI6n00a5FOBY1ofRkpEi0tLbLYArHzu4nDMs6t6T-KLTyxAiwqih7cc2VznkKwr0uW7FkVydDNXFeOOofR0LALPu-iFGXHouIFXQCnhlZBk-WcgYxGpUxod78VVjr_GJSSmEAFnzYPxeJvv0QXYT_g3QRFR22oAiaSOKsMxjlgjf06kLOOu6EugTLGdzEDoCNQ6P_v2MEx6JWb-AGdo\" target=\"_blank\" rel=\"noopener\">cartaz<\/a><\/span><\/p>\n<p>&nbsp;<\/p>\n<p><span style=\"color: #000000;\">Mini-curso &#8220;Tr\u00eas t\u00f3picos de reflex\u00e3o recente: Baltasar Graci\u00e1n, Bauhaus e fenomenologia da voz humana&#8221; com o Prof. Hans Ulrich Gumbrecht, que est\u00e1 sendo oferecido pelo Departamento de Hist\u00f3ria da PUC-Rio em parceria com o Instituto Rui Barbosa de altos em cultura da Funda\u00e7\u00e3o Casa de Rui Barbosa. O Mini-curso ocorrer\u00e1 nas ter\u00e7as-feiras, dias 6, 13 e 20 de outubro de 2020, de 17h \u00e0s 19:30h.<br \/>\nInforma\u00e7\u00f5es detalhadas no <a href=\"https:\/\/www.facebook.com\/DepHistoria\/photos\/a.1814957795389145\/2709801129238136?type=3&amp;eid=ARAFRXZWBaw8T7MSgu9N7mtx0CI-ESo9RVs8Qn_EwFmGVsJfVbr2PuaFXfh82f1lsmaJSO5NdFvA35dS&amp;size=1448%2C2048&amp;fbid=2709801129238136&amp;source=13&amp;player_origin=unknown&amp;__xts__[0]=68.ARBewnyiXvMscF-OVJeqny8ZHw-zaY8VZZiXtJcFdSVI9DKEoe0mdm6aBwxfikX_sDG0DuuLJACB9G9SvbhkrEj3oQcCFyGj0aQ58xuCG6KmotnlLU8QJ7uqo0DtWrEEFiNrKFZZ77BpcNILzWlz9HcsE0Lja-QwO5iFUqVkYBtz66-0dnbz7S6eKZCI8mQYVeJmOVaXrPs9ftINZJEzc6M709NsKR-MgdVl9oiEry6vJGMwCCJwPsHC4KKWvJfLEHZotArIhPXGV-MHdNoMj0-hVuuKGimkwyhqzSJR0lVMLTeBQT8nHSM\" target=\"_blank\" rel=\"noopener\"><span style=\"color: #0000ff;\">cartaz<\/span><\/a><\/span><\/p>\n<p>&nbsp;<\/p>\n<p><span style=\"color: #000000;\">No dia 09 de outubro teremos o nosso encontro no Hist\u00f3ria \u00e0s Sextas, \u00e0s 11 horas, com a apresenta\u00e7\u00e3o do projeto &#8220;Lugares de mem\u00f3ria: o bairro da G\u00e1vea e seu entorno&#8221;, desenvolvido pelos bolsistas do PET Hist\u00f3ria PUC-Rio.<br \/>\nMais informa\u00e7\u00f5es no <span style=\"color: #0000ff;\"><a style=\"color: #0000ff;\" href=\"https:\/\/www.facebook.com\/DepHistoria\/photos\/a.1814957795389145\/2715269592024623?type=3&amp;eid=ARDzzFZ3YZzsIex1vCGml_DmqjxvhVYL6l4pgkJ41AeB8IT6IEavD6FxsKkaI3Aj2PRGZXIZ-OWZL5XM&amp;size=621%2C874&amp;fbid=2715269592024623&amp;source=13&amp;player_origin=unknown&amp;__xts__[0]=68.ARCymBxAo0XItPOEh758aGaG5Su8ORlrznHX1Y_183IMserbN6oE2VY2bHuhQKPzPmdJNLLtWFUG_kFJvlgDlJnv5gxgm4oTS7bxsk28AR_Dpu6LFQr5odqJTPvN3tTXEj6Uh2CA49EStwbbAKKPVsEGM3pxoUt88cPk5t0dgmV5-oxhJD5f4iJX8EX96-zX5GAEzFaL7XUl9zwv1DQgDlkkO4QBcNHsk8Gs3vCfaR8bIMtevO7uNAgqMuP74hfTvE9Vc1-bR-Ue1dmPyViCCWzspTKJqd5ca8zjnKo6TFOAYtSd2FMrJ8Y\" target=\"_blank\" rel=\"noopener\">cartaz<\/a><\/span><\/span><\/p>\n<p>&nbsp;<\/p>\n<p><span style=\"color: #000000;\">LIVE &#8211; Um ano de Rio de Memorias<\/span><br \/>\n<span style=\"color: #000000;\">Dia 15 de outubro \u00e0s 18h.<\/span><br \/>\n<span style=\"color: #000000;\">Mais informa\u00e7\u00f5es no<\/span><span style=\"color: #0000ff;\"> <a style=\"color: #0000ff;\" href=\"https:\/\/www.facebook.com\/DepHistoria\/photos\/a.1814957795389145\/2717297341821848?type=3&amp;eid=ARAgoQM2ub5DCE8lzRO1YDJbiHtk1lNAoIu-uxxYo1z7j0ViSGmecIDNkcfEnLo6lQRXt3Gc0VvXi4cs&amp;size=905%2C1280&amp;fbid=2717297341821848&amp;source=13&amp;player_origin=unknown&amp;__xts__[0]=68.ARCLKVRVaBztkrQPD-LMF-CF-l5wMnWuoyC7Sur4sfojLJf9zv_C5liSjnpBe_SFm6s7v0NTMxI2RBIs76rv77U_lZ78Iag5OBxX6-09kg4s3vzH-JyB7O1oo3yMhrxwZkgthc0jGlXiyqEE-ppuCnjRTjESQT7mVjjUWUQo78jgEV8MbGWe7LKl9qOB8mTrX-WFa7JPRNmx5WZ1_AigN8u72Ep2MVA6LQQWmSvU6u5QSkcpUD0dMNnDsPwgk0uEZXpttQ_80ID0cPGW8syZKa6e54Yt7eGkdfbt5U_WjxoNYFTL_hDRs50\" target=\"_blank\" rel=\"noopener\">cartaz<\/a><\/span><\/p>\n<p>&nbsp;<\/p>\n<p><span style=\"color: #000000;\">Palestra &#8220;Configura\u00e7\u00f5es da Modernidade&#8221; Mesa 1 &#8211; &#8220;Antropoceno e hist\u00f3ria&#8221; Prof. Marcelo Jasmin &#8211; &#8220;Antropoceno e Iluminismo&#8221; Prof. Jo\u00e3o Duarte &#8211; 26 de outubro \u00e0s 18h<\/span><br \/>\n<span style=\"color: #000000;\">Mais informa\u00e7\u00f5es no<\/span> <span style=\"color: #0000ff;\"><a style=\"color: #0000ff;\" href=\"https:\/\/www.facebook.com\/DepHistoria\/photos\/a.1814957795389145\/2725136787704570?type=3&amp;eid=ARAKd5xSB56shkhI3QXcSYVdU58VadOJ9apl2-t_mpyznYETVsvcqOA-euNT8epS89-hw5E_HNLlvdsF&amp;size=1414%2C2000&amp;fbid=2725136787704570&amp;source=13&amp;player_origin=unknown&amp;__xts__[0]=68.ARCcAOZPwhRC0jNsaQNmuarkpxYQp5qavSncZyu-u_l_mvPfRFXrV8Oww5YTj5Xy-wFlJzULTpzZ3WvPFDqwxVHK2U_bOBOl4YHxjLEjjNBKLickiKIQxnAyLX1lfjQmCnllI9TosmpVJdosnIlbYOSXK8tNOjLHwLj6ZpdFmABF8nnMqJjlytpW5HPfjJwldqdYYAYr6T--tZ7yvkIDwSm1TGQDpSX2_My-nFwhHvb3TZ9HaCrmcZFGbSvIATCKPcDFVufN_fHN7LYmjoCSUgQJ9QdOETmvpi2D6e1PMvl9iFfCu2TU7fw\" target=\"_blank\" rel=\"noopener\">cartaz<\/a><\/span><\/p>\n<p>&nbsp;<\/p>\n<p><span style=\"color: #000000;\">Nesta pr\u00f3xima ter\u00e7a-feira, dia 27 de outubro, come\u00e7aremos mais um curso organizado em parceria entre o Departamento de Hist\u00f3ria da PUC-Rio e o Instituto Rui Barbosa de Altos Estudos em Cultura da Funda\u00e7\u00e3o Casa de Rui Barbosa.<\/span><br \/>\n<span style=\"color: #000000;\">O Curso se intitula \u201cNovos Olhares sobre Georges Duby: releitura da obra e abordagem historiogr\u00e1fica\u201d e ser\u00e1 ministrado pelo prof. Felipe Brandi (Pesquisador Associado da \u00c9cole des Hautes \u00c9tudes en Sciences Sociales)<\/span><br \/>\n<span style=\"color: #000000;\">Infoma\u00e7\u00f5es detalhadas no<\/span> <span style=\"color: #0000ff;\"><a style=\"color: #0000ff;\" href=\"https:\/\/www.facebook.com\/DepHistoria\/photos\/a.1814957795389145\/2728708044014111\/?type=3&amp;eid=ARAc7EWSTZlI1Jcc4WdXbkrTgQjtGH0HsrzPsBG2sCaQdvezLVP-7hNSX_Se6CcwL0MM0mWB29vbjXNq&amp;size=1241%2C1754&amp;fbid=2728708044014111&amp;source=13&amp;player_origin=unknown&amp;__xts__[0]=68.ARAH4rDPw_UNTAbzsdWlznKQYiM65LLe0f3lmmB6pmL7cHHMIwk7B74jcGaPrYGQHlIG-mcWy_EX7GxfJWfi-8vk9-W2Xn8aMJFkTyxuox6CnNXUONbI2PHzEXbyrgHwFjuOCTTqoA3_TBDNeOWioUgjiAse6ri4EXO6ZmtZFm0hiofhCH9J-pVejzsVZyQh-2LVxOyrzhaHej84XaZoR1cQZiGoVzfW_h8D5R74vKMo7OeMdbkeQSWKiXPocrLlY5X-pcW692-yQc8xOekAbawR5q-dAFygjO1amMnsrp5bI0c-ENY4mUM\" target=\"_blank\" rel=\"noopener\">cartaz<\/a><\/span><\/p>\n<p>&nbsp;<\/p>\n<p><span style=\"color: #000000;\">Palmares entre a Filologia e a Hist\u00f3ria: o manuscrito de 1678<\/span><br \/>\n<span style=\"color: #000000;\">A live ocorrer\u00e1 no canal do YouTube do Laborat\u00f3rio de Pesquisas em Conex\u00f5es Atl\u00e2nticas (Departamento de Hist\u00f3ria\/PUC-Rio), no dia 13 de novembro, sexta-feira, \u00e0s 11h.<\/span><br \/>\n<span style=\"color: #000000;\">Mais informa\u00e7\u00f5es no<\/span><span style=\"color: #0000ff;\"> <a style=\"color: #0000ff;\" href=\"https:\/\/www.facebook.com\/DepHistoria\/photos\/a.1814957795389145\/2732680646950184?type=3&amp;eid=ARBTKc1IZdMxwUS5kMprPG7p_Wm00yC0OddEDBAWD6AoKF2V6l_uGn2iAMc4m-fUbLdSsNBvy087fqjB&amp;size=940%2C788&amp;fbid=2732680646950184&amp;source=13&amp;player_origin=unknown&amp;__xts__[0]=68.ARC62dH0Pu9DbuGY2fC8vJgyZjfugA4IOgnoyVSjMCHJrqGC6jlEHq-_MZJkFUuACajdDtAhnUaiZUuO56i_SuXaAN__g-oInONtHeY4AOm1lACg3zpED-vt_KcVa3KDyk9BE5ohJZ3ObLyQSHhqCpcc4ZOxINjkM1-jmQg1EJ1CjoynfAbAzutfZ70NtBtNsYpfTHdRJobWHblKIO01DntoOQQQYm3sScKiKtsS_uNnaz7s8dMVj6rVvpkRxeOo42ItZNBianoVqVJuWPki7X-EussqTt0ua_dbluKP5gbcDZzt1rarAvY\" target=\"_blank\" rel=\"noopener\">cartaz<\/a><\/span><\/p>\n<p>&nbsp;<\/p>\n<p><span style=\"color: #000000;\">O Laborat\u00f3rio de Teoria e Hist\u00f3ria Intelectual convida para a Hist\u00f3ria \u00e0s sextas no dia 6 de novembro, \u00e0s 11h, com a live do Prof. Robert Wegner (Fiocruz e PUC-Rio):<\/span><br \/>\n<span style=\"color: #000000;\">Tema: Hist\u00f3ria da eugenia, pol\u00edtica e racismo<\/span><br \/>\n<span style=\"color: #000000;\">Mais informa\u00e7\u00f5es no <\/span><span style=\"color: #0000ff;\"><a style=\"color: #0000ff;\" href=\"https:\/\/www.facebook.com\/DepHistoria\/photos\/a.1814957795389145\/2732883616929887?type=3&amp;eid=ARAzJMGuABHIy7zdP4cDn5khav6Hw3yYdBCV1yGZfeczrOSodfYZxUaw02SEI0bZAc2dhgN4h65y2wgo&amp;size=1447%2C2048&amp;fbid=2732883616929887&amp;source=13&amp;player_origin=unknown&amp;__xts__[0]=68.ARBiJDpNuh9BcCUtSe0noZwBOX1ETxSeHE5kBrf1orBYhcWiF0EImm4iWM7obfTVJdDFJg072EGYWFJ4CBwcU0f8x6fRmwTvCyG4Tr6oUWKUUyvN_Yq_D0JCFd3uTrm4H0XCD7oG15dypWEKzvxSm2ijn9xZEMWCob6BocO8R4m7vfRXt7NP9gYmcAtHGaBNg5r-xxXImvDoU8CwYgQSJGj6iNLqoYY-nFA-7T1O5c_T6GrZNh0otSnIOlEhp8Gnn7BS1HcpL2YVzhtiVnF9kshQABwZun-NurWRPTRpT4ekyzYgRC4lsIA\" target=\"_blank\" rel=\"noopener\">cartaz<\/a><\/span><\/p>\n<p>&nbsp;<\/p>\n<p><span style=\"color: #000000;\">Convidamos a todos para a Hist\u00f3ria \u00e0s sextas de hoje, dia 30\/10, \u00e0s 11h, com a apresenta\u00e7\u00e3o do Projeto White Martins pelo prof. Mauricio Parada.<\/span><\/p>\n<p>&nbsp;<\/p>\n<p><span style=\"color: #000000;\">ENCONTROS DE FORMA\u00c7\u00c3O 2020<\/span><br \/>\n<span style=\"color: #000000;\">Ensino de Hist\u00f3ria: integra\u00e7\u00e3o entre Educa\u00e7\u00e3o B\u00e1sica e P\u00f3s-gradua\u00e7\u00e3o <\/span><br \/>\n<span style=\"color: #000000;\">7\/11 &#8211; 18:00hs &#8211; M\u00fasica popular, patrim\u00f4nio e ensino de hist\u00f3ria: possibilidades e aplica\u00e7\u00f5es na Grande Madureira \/RJ &#8211; Lucas Marinho Nunes<\/span><br \/>\n<span style=\"color: #000000;\">02 \/12 &#8211; 18:00hs &#8211; A numism\u00e1tica na sala de aula: moedas que contam hist\u00f3rias &#8211; Ricardo Luiz Jonard de Aguiar<\/span><br \/>\n<span style=\"color: #000000;\">15\/12-18:00hs &#8211; Quiva e Lai\u00e1: protagonismo ind\u00edgena nas aulas de hist\u00f3ria atrav\u00e9s de uma narrativa da cidade de Itagua\u00ed\/RJ &#8211; Glauber Lima dos Anjos<\/span><br \/>\n<span style=\"color: #000000;\">Mais informa\u00e7\u00f5es no<\/span> <span style=\"color: #0000ff;\"><a style=\"color: #0000ff;\" href=\"https:\/\/www.facebook.com\/DepHistoria\/photos\/a.1814957795389145\/2735570783327837\/?type=3&amp;eid=ARAI-xMj1x7-1xuUi9LDpq3Y8Pqi1q0_QZEf6awwfu3XXkJQyg8XU_Og3UI32AEbM0lDctnUrvRjkbbx&amp;size=1000%2C500&amp;fbid=2735570783327837&amp;source=13&amp;player_origin=unknown&amp;__xts__[0]=68.ARAItO66ozCYPfzifGHI4n5K4AzcondTp95oExeQSHDBBGlAs9M4qQ9zL6vdbNjUEPBAMJTZtDQcvorrJQtxo2LH3W6NSCy8DUkMnKBWirrkku5rOWwoijTiaYgY9un2HNQf2YaLHBUo4WWbZz0IBcZZCXcID3z0gJPvHs3Jc_GtLzBNeh6dxBGYORDV6HCoho2xel3xJcD3hlNiri2mCkx9yVE0O1M9t-p7YVPvqRZ2ELIAvHn3SucN9MfXFDxUautyc-nh0D5j3OzEpjT-ltHWgMAbE55ILnRJNf0Lt7_o5NJiyKJcVao\" target=\"_blank\" rel=\"noopener\">cartaz<\/a><\/span><\/p>\n<p>&nbsp;<\/p>\n<p><span style=\"color: #000000;\">Minicurso Hannah Arendt ontem e hoje &#8211; Ellen Spielmann (Universidade de T\u00fcbingen, Alemanha) &#8211; Sextas-feiras 13, 20, 27 de novembro e 4 de dezembro 14 \u00e0s 16 horas<\/span><br \/>\n<span style=\"color: #000000;\">Informa\u00e7\u00f5es detalhadas no<\/span> <a href=\"https:\/\/www.facebook.com\/DepHistoria\/photos\/a.1814957795389145\/2745578268993755?type=3&amp;eid=ARAZqQBtlYOeCOuxsfOO-gGLHwPxoI-yaP8VmlF2r4Qfi0oLalbv3Fn7MwnM5mGPY0P8479rJY1hlox9&amp;size=1241%2C1754&amp;fbid=2745578268993755&amp;source=13&amp;player_origin=unknown&amp;__xts__[0]=68.ARBV9U3lQO9CnVy7v-Btk9IcvpKI4ZRTS2SULcomFEz0FVfXpOCRuoidovAHvOdoWKyDn_sTBZws0O_xNvumLAbSdL7kgV8jD5i3XGBa5ttrC0jQNevUul-DMFoAIVZeP3dBwVNgq_D8mOARpEV4JITSUl4pM-A8Es5o9ARggJrWHrmdwMw316ldUqgYJ0nO0gZpnqNwQyVs-CrEp4tjt1ddkenDGjljS1BWUn2w85B-IF91tzOkDNTH53Qcv3Nhmt7WFATFnKSk_tgoOg_BrezXgJ3n62zpVOQYCXeLiolKBm-2Q1x4MqI\" target=\"_blank\" rel=\"noopener\"><span style=\"color: #0000ff;\">cartaz<\/span><\/a><\/p>\n<p>&nbsp;<\/p>\n<p><span style=\"color: #000000;\">A Revista Escritas da Hist\u00f3ria publicou recentemente o dossi\u00ea Hist\u00f3ria e Educa\u00e7\u00e3o: pr\u00e1ticas e reflex\u00f5es em tempos de pensamento anticient\u00edfico, organizado pelas professoras Ju\u00e7ara Mello (PUC-Rio) e Caroline Vieira (doutora pelo PPHS-UERJ).<\/span><br \/>\n<span style=\"color: #000000;\">O LEEHPAC (Laborat\u00f3rio de Ensino de Hist\u00f3ria e Patrim\u00f4nio Cultural), do Departamento de Hist\u00f3ria da PUC-Rio, convida para uma roda de conversas com dois autores deste dossi\u00ea.<\/span><br \/>\n<span style=\"color: #000000;\">O \u201cbelo risco\u201d do ensino de hist\u00f3ria frente aos medos do Movimen<span class=\"text_exposed_show\">to Escola sem Partido<br \/>\nProf. Dr. Jo\u00e3o Carlos Escosteguy Filho (IFRJ)<br \/>\n<\/span><span style=\"font-size: 1rem;\">A hist\u00f3ria pisando em ovos ou sobre como digerir o passado recente da hist\u00f3ria do Brasil<br \/>\n<\/span><span style=\"font-size: 1rem;\">Prof. Me. Leandro Rosetti de Almeida (Doutorando pelo PPGHS-UERJ)<br \/>\n<\/span><span style=\"font-size: 1rem;\">Data: 23\/11\/2020 &#8211; <\/span><\/span><span style=\"font-size: 1rem;\"><span style=\"color: #000000;\">Hora: 17:00hs<\/span><br \/>\n<span style=\"color: #000000;\">Mais informa\u00e7\u00f5es no<\/span> <span style=\"color: #0000ff;\"><a style=\"color: #0000ff;\" href=\"https:\/\/www.facebook.com\/DepHistoria\/photos\/a.1814957795389145\/2746282162256699?type=3&amp;eid=ARDDaM2YBhRFmP39pVdq8c2v1c9fPg_kLbTB9vcVotBJzPSpXrl2cXN6NBpCs61YsWWbAYIPWJAkVbon&amp;size=350%2C496&amp;fbid=2746282162256699&amp;source=13&amp;player_origin=unknown&amp;__xts__[0]=68.ARDxnGXsh9mrqff3klVyCAIDsyERYcmYELFh9sbMmTFY1MGgRPJt8Piit-qwCZKyEHxno0ca41PI071YopZuLvlCaeCGo_1YIC6pevkOom3a1Q5xnFNa1BzuiRdlR3w38JEENhhQ6cpOtVE8lqhyaElW3KnDWoNwinJFfDXmU55g3bAGe4TTXgNL0O2GPt2D7O5gIGkgVScmmb-B4Q0C_C40cf_xnAx3jUKPTKRgM6VmghtLk8swt9doklhGWZ9EyabPJ0Hg1Ilu1Hq4opRpMFyOA7UvejtdKuEge3StMFdpdFEglFaXHRQ\" target=\"_blank\" rel=\"noopener\">cartaz<\/a><\/span><\/span><\/p>\n<p>&nbsp;<\/p>\n<p><span style=\"color: #000000;\">O Laborat\u00f3rio de Ensino de Hist\u00f3ria e Patrim\u00f4nio Cultural \u2013 Leehpac, do Departamento de Hist\u00f3ria da PUC-Rio, convida para o Hist\u00f3ria \u00e0s Sextas com a palestra:<\/span><br \/>\n<span style=\"color: #000000;\">Desafios e Perspectivas na Forma\u00e7\u00e3o de Profissionais para o Ensino de Hist\u00f3ria<\/span><br \/>\n<span style=\"color: #000000;\"><span style=\"font-size: 1rem;\">Com Lu\u00eds Alberto Marques Alves, professor do Departamento de Hist\u00f3ria e Estudos Pol\u00edticos Internacionais, da Faculdade de Letras, da Universidade do Porto (Portugal), e pesquisador do Centro de Investiga\u00e7\u00e3o Transdisciplinar: Cultura, Espa\u00e7o e Mem\u00f3ria (FLFP\/CITCEM)<br \/>\n<\/span><span style=\"font-size: 1rem;\">Data: 27\/11\/2020 &#8211; <\/span><\/span><span style=\"font-size: 1rem;\"><span style=\"color: #000000;\">Hora: 11:00hs<\/span><br \/>\n<span style=\"color: #000000;\">Mais informa\u00e7\u00f5es no<\/span><span style=\"color: #0000ff;\"> <a style=\"color: #0000ff;\" href=\"https:\/\/www.facebook.com\/DepHistoria\/photos\/a.1814957795389145\/2749022415316007?type=3&amp;eid=ARBPm8BLHSxuTzP9FGO9V-npF6Ubt213L2gGc5cI8VBsahekhOOYKkMvrN4CmxUr-H1uJOl60L55wHCL&amp;size=1447%2C2048&amp;fbid=2749022415316007&amp;source=13&amp;player_origin=unknown&amp;__xts__[0]=68.ARCf_G0SH43ASBOtU-6DeD0QrQIddBVwGeLQkhhYfOtIP5YpCfzRwmL3vHZtBfluMgaB903W3DTWUxINAZAxINSW0JMGvJXcptkGalkz7x7kOE0QET5lYTKkbxzNo6oLH09WDTA6R-Hx5j8Lq4sBfcAPonHNUmj4PN9VPsx0h0nqpoWq-qFOjecCMgq46GI8D2znL2YG26LM3aQmntZMR_aLQmW_eN5dzAaPLuN9p5-Xm7PWm7xQDCW3evemCRA6DyjhRJCTNNMzG9oa9PNdAHRTPly29VaWBVQzBez-n6EcdCKPZ5L4PRE\" target=\"_blank\" rel=\"noopener\">cartaz<\/a><\/span><\/span><\/p>\n<p>&nbsp;<\/p>\n<p><span style=\"color: #000000;\">O Laborat\u00f3rio de Conex\u00f5es Atl\u00e2nticas PUC-Rio convida para a conversa com as historiadoras Lara Putnam (University of Pittsburgh) e Cristiana Schettini (Universidad Nacional de San Mart\u00edn-CONICET) sobre os estudos das migra\u00e7\u00f5es atl\u00e2nticas em perspectiva de g\u00eanero, pr\u00f3xima quinta-feira 19 de novembro 14h.<br \/>\nMais informa\u00e7\u00f5es no <a href=\"https:\/\/www.facebook.com\/DepHistoria\/photos\/a.1814957795389145\/2751358431749072\/?type=3&amp;eid=ARDJ9e3RiUFJ3Y52USq_ocofjsYmA_fLq3cccYaXmRuD05m_H9Ba8zF4oZt_6pR_O9UAbXOzHPohSsfj&amp;size=940%2C788&amp;fbid=2751358431749072&amp;source=13&amp;player_origin=unknown&amp;__xts__[0]=68.ARBcTfZD3JFk9GdAzRG03mW03LIxFFCMijSJ3lWwRf3I-Fzc0NYyh2aUWakytsH98B3aDbdb8IKdw9lo5dsCGfHr4EBCD7zaWmf85j9dbq-vz9CbLUMZQzUO_zP9SRjRpbGTHGOEEvaRsLf9NzjdZ-Yc1St5EipPri7VzQijNOAWdInRsypCEKPRzheYUIlQSOQgZTtN0JTGKIdMptHSar88ayTBz-0jpoB2461HuO4yLHnjXQaYQa7cPOXvltqLTMIdRgu0jEyuD0y9OC2Qko44sk8iCO--hc9XhbnL_rpxqtvxhbR2m70\" target=\"_blank\" rel=\"noopener\"><span style=\"color: #0000ff;\">cartaz.<\/span><\/a><\/span><\/p>\n<p>&nbsp;<\/p>\n<p><span style=\"color: #000000;\">Nesta semana teremos mais uma atividade importante promovida pelo PET Hist\u00f3ria PUC-Rio.<\/span><br \/>\n<span style=\"color: #000000;\">Visando enriquecer os atuais debates sobre a regulamenta\u00e7\u00e3o do of\u00edcio do historiador(a) e abrindo espa\u00e7o para novas reflex\u00f5es sobre o tema, o PET Hist\u00f3ria da PUC-Rio apresenta \u201cProfiss\u00e3o historiador(a): reflex\u00f5es sobre a regulamenta\u00e7\u00e3o do of\u00edcio\u201d. Com a presen\u00e7a de Lara Castro, docente na Universidade Federal do Amap\u00e1 e presidente da Associa\u00e7\u00e3o Nacional de Hist\u00f3ria, Se\u00e7\u00e3o Amap<\/span><span class=\"text_exposed_show\"><span style=\"color: #000000;\">\u00e1 (ANPUH-AP), o evento pretende abordar os pontos positivos da regulamenta\u00e7\u00e3o e seus m\u00faltiplos significados enquanto luta pol\u00edtica na atual conjuntura do pa\u00eds. Desse modo, o encontro prop\u00f5e evidenciar a relev\u00e2ncia de tal debate na forma\u00e7\u00e3o de graduandos e futuros historiadores.<\/span><br \/>\n<span style=\"color: #000000;\">O evento acontecer\u00e1 no dia 25 de novembro, quarta-feira, \u00e0s 15 horas, via plataforma Zoom.<\/span><br \/>\n<span style=\"color: #000000;\">Mais informa\u00e7\u00f5es do<\/span> <span style=\"color: #0000ff;\"><a style=\"color: #0000ff;\" href=\"https:\/\/www.facebook.com\/DepHistoria\/photos\/a.1814957795389145\/2756234814594767\/?type=3&amp;eid=ARDYRsML2v4U0VBpg-9oLtE6gcnIbLy-Cmetn-lvWLJ-NXFkwHncpk9lthjHVEOZ9wWhwEisXqmgoTGh&amp;size=1080%2C1080&amp;fbid=2756234814594767&amp;source=13&amp;player_origin=unknown&amp;__xts__[0]=68.ARCFDn-yRXlhT3fpPi5q4_JEqulTh7nTReHL9SWEXM-WjW2a2lGgjQ8eja9FBh1GUKpR5fRlm6o8V8BsFRRQBNO9c-DAB8K6re5q0mzmE7CwU9kxOmlxSqGCvo0mRnvxasE5kbOm-GrV2JWunhnEVoLpvhkDRUjaQu0gbfIAgEvU7a8gZYdqTMbY1r238ZzgmWKPwF5x56vI1bojQAGXoImmTVWDsb9thfIYlco7inf1uwgVTaxFxGS9Q7u-EdvhFIaaf5KFSvnCao6yn7RIlA2z3pnHUB_FQI3RPB5b72UZZi0BdV3VO6A\" target=\"_blank\" rel=\"noopener\">cartaz<\/a><\/span><\/span><\/p>\n","protected":false},"excerpt":{"rendered":"<p>O ProfHist\u00f3ria PUC-Rio convida: Aula inaugural com a professora Angela de Castro Gomes Hist\u00f3ria Social do Trabalho e Hist\u00f3ria Oral: aprendendo a ser historiadora Data: 24 de mar\u00e7o de 2020 \/\u00a0Hor\u00e1rio: 15:00hs \/ Local: Audit\u00f3rio B8 &#8211; Pr\u00e9dio Frings &#8211;<a class=\"moretag\" href=\"https:\/\/www.his.puc-rio.br\/pb\/eventos-2020\/\">&#8230;<\/a><\/br><a href=\"https:\/\/www.his.puc-rio.br\/pb\/eventos-2020\/\" class=\"read-more\">Leia mais..  <span class=\"glyphicon glyphicon-chevron-right\" ><\/span><\/a><\/p>\n","protected":false},"author":1,"featured_media":0,"comment_status":"closed","ping_status":"open","sticky":false,"template":"","format":"standard","meta":{"footnotes":""},"categories":[1],"tags":[],"yoast_head":"<!-- This site is optimized with the Yoast SEO plugin v23.5 - https:\/\/yoast.com\/wordpress\/plugins\/seo\/ -->\n<title>Eventos 2020 - Departamento de Hist\u00f3ria da PUC-Rio<\/title>\n<meta name=\"robots\" content=\"index, follow, max-snippet:-1, max-image-preview:large, max-video-preview:-1\" \/>\n<link rel=\"canonical\" href=\"https:\/\/www.his.puc-rio.br\/pb\/eventos-2020\/\" \/>\n<meta property=\"og:locale\" content=\"pt_BR\" \/>\n<meta property=\"og:type\" content=\"article\" \/>\n<meta property=\"og:title\" content=\"Eventos 2020 - Departamento de Hist\u00f3ria da PUC-Rio\" \/>\n<meta property=\"og:description\" content=\"O ProfHist\u00f3ria PUC-Rio convida: Aula inaugural com a professora Angela de Castro Gomes Hist\u00f3ria Social do Trabalho e Hist\u00f3ria Oral: aprendendo a ser historiadora Data: 24 de mar\u00e7o de 2020 \/\u00a0Hor\u00e1rio: 15:00hs \/ Local: Audit\u00f3rio B8 &#8211; Pr\u00e9dio Frings &#8211;...Leia mais..\" \/>\n<meta property=\"og:url\" content=\"https:\/\/www.his.puc-rio.br\/pb\/eventos-2020\/\" \/>\n<meta property=\"og:site_name\" content=\"Departamento de Hist\u00f3ria da PUC-Rio\" \/>\n<meta property=\"article:published_time\" content=\"2021-02-22T19:42:07+00:00\" \/>\n<meta property=\"article:modified_time\" content=\"2021-02-22T19:53:11+00:00\" \/>\n<meta name=\"author\" content=\"dephist\" \/>\n<meta name=\"twitter:card\" content=\"summary_large_image\" \/>\n<meta name=\"twitter:label1\" content=\"Escrito por\" \/>\n\t<meta name=\"twitter:data1\" content=\"dephist\" \/>\n\t<meta name=\"twitter:label2\" content=\"Est. tempo de leitura\" \/>\n\t<meta name=\"twitter:data2\" content=\"7 minutos\" \/>\n<script type=\"application\/ld+json\" class=\"yoast-schema-graph\">{\"@context\":\"https:\/\/schema.org\",\"@graph\":[{\"@type\":\"WebPage\",\"@id\":\"https:\/\/www.his.puc-rio.br\/pb\/eventos-2020\/\",\"url\":\"https:\/\/www.his.puc-rio.br\/pb\/eventos-2020\/\",\"name\":\"Eventos 2020 - Departamento de Hist\u00f3ria da PUC-Rio\",\"isPartOf\":{\"@id\":\"http:\/\/www.his.puc-rio.br\/pb\/#website\"},\"datePublished\":\"2021-02-22T19:42:07+00:00\",\"dateModified\":\"2021-02-22T19:53:11+00:00\",\"author\":{\"@id\":\"http:\/\/www.his.puc-rio.br\/pb\/#\/schema\/person\/9e54900224aae47fd486e7013a22647b\"},\"breadcrumb\":{\"@id\":\"https:\/\/www.his.puc-rio.br\/pb\/eventos-2020\/#breadcrumb\"},\"inLanguage\":\"pt-BR\",\"potentialAction\":[{\"@type\":\"ReadAction\",\"target\":[[\"https:\/\/www.his.puc-rio.br\/pb\/eventos-2020\/\"]]}]},{\"@type\":\"BreadcrumbList\",\"@id\":\"https:\/\/www.his.puc-rio.br\/pb\/eventos-2020\/#breadcrumb\",\"itemListElement\":[{\"@type\":\"ListItem\",\"position\":1,\"name\":\"In\u00edcio\",\"item\":\"http:\/\/www.his.puc-rio.br\/pb\/\"},{\"@type\":\"ListItem\",\"position\":2,\"name\":\"Eventos 2020\"}]},{\"@type\":\"WebSite\",\"@id\":\"http:\/\/www.his.puc-rio.br\/pb\/#website\",\"url\":\"http:\/\/www.his.puc-rio.br\/pb\/\",\"name\":\"Departamento de Hist\u00f3ria da PUC-Rio\",\"description\":\"Cursos de Gradua\u00e7\u00e3o, P\u00f3s-gradua\u00e7\u00e3o, Mestrado e Doutorado\",\"potentialAction\":[{\"@type\":\"SearchAction\",\"target\":{\"@type\":\"EntryPoint\",\"urlTemplate\":\"http:\/\/www.his.puc-rio.br\/pb\/?s={search_term_string}\"},\"query-input\":{\"@type\":\"PropertyValueSpecification\",\"valueRequired\":true,\"valueName\":\"search_term_string\"}}],\"inLanguage\":\"pt-BR\"},{\"@type\":\"Person\",\"@id\":\"http:\/\/www.his.puc-rio.br\/pb\/#\/schema\/person\/9e54900224aae47fd486e7013a22647b\",\"name\":\"dephist\",\"image\":{\"@type\":\"ImageObject\",\"inLanguage\":\"pt-BR\",\"@id\":\"http:\/\/www.his.puc-rio.br\/pb\/#\/schema\/person\/image\/\",\"url\":\"https:\/\/secure.gravatar.com\/avatar\/bf2683cb6927d5fdbed7881a4ee37199?s=96&d=mm&r=g\",\"contentUrl\":\"https:\/\/secure.gravatar.com\/avatar\/bf2683cb6927d5fdbed7881a4ee37199?s=96&d=mm&r=g\",\"caption\":\"dephist\"},\"url\":\"https:\/\/www.his.puc-rio.br\/pb\/author\/dephist\/\"}]}<\/script>\n<!-- \/ Yoast SEO plugin. -->","yoast_head_json":{"title":"Eventos 2020 - Departamento de Hist\u00f3ria da PUC-Rio","robots":{"index":"index","follow":"follow","max-snippet":"max-snippet:-1","max-image-preview":"max-image-preview:large","max-video-preview":"max-video-preview:-1"},"canonical":"https:\/\/www.his.puc-rio.br\/pb\/eventos-2020\/","og_locale":"pt_BR","og_type":"article","og_title":"Eventos 2020 - Departamento de Hist\u00f3ria da PUC-Rio","og_description":"O ProfHist\u00f3ria PUC-Rio convida: Aula inaugural com a professora Angela de Castro Gomes Hist\u00f3ria Social do Trabalho e Hist\u00f3ria Oral: aprendendo a ser historiadora Data: 24 de mar\u00e7o de 2020 \/\u00a0Hor\u00e1rio: 15:00hs \/ Local: Audit\u00f3rio B8 &#8211; Pr\u00e9dio Frings &#8211;...Leia mais..","og_url":"https:\/\/www.his.puc-rio.br\/pb\/eventos-2020\/","og_site_name":"Departamento de Hist\u00f3ria da PUC-Rio","article_published_time":"2021-02-22T19:42:07+00:00","article_modified_time":"2021-02-22T19:53:11+00:00","author":"dephist","twitter_card":"summary_large_image","twitter_misc":{"Escrito por":"dephist","Est. tempo de leitura":"7 minutos"},"schema":{"@context":"https:\/\/schema.org","@graph":[{"@type":"WebPage","@id":"https:\/\/www.his.puc-rio.br\/pb\/eventos-2020\/","url":"https:\/\/www.his.puc-rio.br\/pb\/eventos-2020\/","name":"Eventos 2020 - Departamento de Hist\u00f3ria da PUC-Rio","isPartOf":{"@id":"http:\/\/www.his.puc-rio.br\/pb\/#website"},"datePublished":"2021-02-22T19:42:07+00:00","dateModified":"2021-02-22T19:53:11+00:00","author":{"@id":"http:\/\/www.his.puc-rio.br\/pb\/#\/schema\/person\/9e54900224aae47fd486e7013a22647b"},"breadcrumb":{"@id":"https:\/\/www.his.puc-rio.br\/pb\/eventos-2020\/#breadcrumb"},"inLanguage":"pt-BR","potentialAction":[{"@type":"ReadAction","target":[["https:\/\/www.his.puc-rio.br\/pb\/eventos-2020\/"]]}]},{"@type":"BreadcrumbList","@id":"https:\/\/www.his.puc-rio.br\/pb\/eventos-2020\/#breadcrumb","itemListElement":[{"@type":"ListItem","position":1,"name":"In\u00edcio","item":"http:\/\/www.his.puc-rio.br\/pb\/"},{"@type":"ListItem","position":2,"name":"Eventos 2020"}]},{"@type":"WebSite","@id":"http:\/\/www.his.puc-rio.br\/pb\/#website","url":"http:\/\/www.his.puc-rio.br\/pb\/","name":"Departamento de Hist\u00f3ria da PUC-Rio","description":"Cursos de Gradua\u00e7\u00e3o, P\u00f3s-gradua\u00e7\u00e3o, Mestrado e Doutorado","potentialAction":[{"@type":"SearchAction","target":{"@type":"EntryPoint","urlTemplate":"http:\/\/www.his.puc-rio.br\/pb\/?s={search_term_string}"},"query-input":{"@type":"PropertyValueSpecification","valueRequired":true,"valueName":"search_term_string"}}],"inLanguage":"pt-BR"},{"@type":"Person","@id":"http:\/\/www.his.puc-rio.br\/pb\/#\/schema\/person\/9e54900224aae47fd486e7013a22647b","name":"dephist","image":{"@type":"ImageObject","inLanguage":"pt-BR","@id":"http:\/\/www.his.puc-rio.br\/pb\/#\/schema\/person\/image\/","url":"https:\/\/secure.gravatar.com\/avatar\/bf2683cb6927d5fdbed7881a4ee37199?s=96&d=mm&r=g","contentUrl":"https:\/\/secure.gravatar.com\/avatar\/bf2683cb6927d5fdbed7881a4ee37199?s=96&d=mm&r=g","caption":"dephist"},"url":"https:\/\/www.his.puc-rio.br\/pb\/author\/dephist\/"}]}},"jetpack_featured_media_url":"","_links":{"self":[{"href":"https:\/\/www.his.puc-rio.br\/pb\/wp-json\/wp\/v2\/posts\/2842"}],"collection":[{"href":"https:\/\/www.his.puc-rio.br\/pb\/wp-json\/wp\/v2\/posts"}],"about":[{"href":"https:\/\/www.his.puc-rio.br\/pb\/wp-json\/wp\/v2\/types\/post"}],"author":[{"embeddable":true,"href":"https:\/\/www.his.puc-rio.br\/pb\/wp-json\/wp\/v2\/users\/1"}],"replies":[{"embeddable":true,"href":"https:\/\/www.his.puc-rio.br\/pb\/wp-json\/wp\/v2\/comments?post=2842"}],"version-history":[{"count":5,"href":"https:\/\/www.his.puc-rio.br\/pb\/wp-json\/wp\/v2\/posts\/2842\/revisions"}],"predecessor-version":[{"id":2847,"href":"https:\/\/www.his.puc-rio.br\/pb\/wp-json\/wp\/v2\/posts\/2842\/revisions\/2847"}],"wp:attachment":[{"href":"https:\/\/www.his.puc-rio.br\/pb\/wp-json\/wp\/v2\/media?parent=2842"}],"wp:term":[{"taxonomy":"category","embeddable":true,"href":"https:\/\/www.his.puc-rio.br\/pb\/wp-json\/wp\/v2\/categories?post=2842"},{"taxonomy":"post_tag","embeddable":true,"href":"https:\/\/www.his.puc-rio.br\/pb\/wp-json\/wp\/v2\/tags?post=2842"}],"curies":[{"name":"wp","href":"https:\/\/api.w.org\/{rel}","templated":true}]}}