{"id":3364,"date":"2021-08-23T09:42:28","date_gmt":"2021-08-23T12:42:28","guid":{"rendered":"http:\/\/wwwt.his.puc-rio.br\/his\/?p=3364"},"modified":"2022-04-29T14:37:29","modified_gmt":"2022-04-29T17:37:29","slug":"historia-as-sextas-a-disputa-de-narrativas-nos-disturbios-da-informacao-online","status":"publish","type":"post","link":"https:\/\/www.his.puc-rio.br\/pb\/historia-as-sextas-a-disputa-de-narrativas-nos-disturbios-da-informacao-online\/","title":{"rendered":"Hist\u00f3ria \u00e0s Sextas &#8211; A disputa de narrativas nos dist\u00farbios da informa\u00e7\u00e3o online"},"content":{"rendered":"<p><span style=\"color: #000000;\">Na sexta-feira dia&nbsp;<strong>27 de agosto<\/strong>, \u00e0s&nbsp;<strong>11 horas<\/strong>, Daniel Schwabe apresentar\u00e1 a palestra&nbsp;<strong>A disputa de narrativas nos dist\u00farbios da informa\u00e7\u00e3o online<\/strong>.<\/span><\/p>\n<p><span style=\"color: #000000;\">Inscreva-se<\/span> <span style=\"color: #0000ff;\"><a style=\"color: #0000ff;\" href=\"https:\/\/puc-rio.zoom.us\/meeting\/register\/tJwlfuGrpj4jEtWZVsV8FcFtNYByspFDXilZ\">aqui<\/a><span style=\"color: #000000;\">&nbsp;na reuni\u00e3o do Zoom<\/span><\/span><span style=\"color: #000000;\">.<\/span><\/p>\n<h4><span style=\"color: #000000;\"><strong>Resumo<\/strong><\/span><\/h4>\n<p><span style=\"color: #000000;\">Nesta palestra ser\u00e1 apresentada uma vis\u00e3o dos dist\u00farbios da informa\u00e7\u00e3o online sob a \u00f3tica de uma disputa de narrativas. Nesta vis\u00e3o, ser\u00e1 discutido o papel da confian\u00e7a e da sua rela\u00e7\u00e3o com valores pessoais e morais, mostrando como o consumo de informa\u00e7\u00f5es online \u00e9 afetado por estes fatores. Ser\u00e3o tamb\u00e9m discutidos poss\u00edveis formas de suporte computacional para auxiliar a mitiga\u00e7\u00e3o destes dist\u00farbios.<\/span><\/p>\n<h4><strong><span style=\"color: #000000;\">Palestrante<\/span><\/strong><\/h4>\n<p><span style=\"color: #000000;\"><strong>Daniel Schwabe<\/strong> \u00e9 Bacharel em Matem\u00e1tica em 1975, Mestre em Inform\u00e1tica em 1976, ambos pela PUC-Rio, e PhD em Computer Science pela UCLA em 1981. Foi professor titular do Dept. de Inform\u00e1tica da PUC-Rio at\u00e9 2020, e pesquisador n\u00edvel I do CNPq. Atualmente \u00e9 pesquisador associado do Jozef Stefan Institute, na Eslov\u00eania, e pesquisador colaborador do Information Science Institute, da USC, na California.<\/span><br \/>\n<span style=\"color: #000000;\">Foi um dos pioneiros na pesquisa e uso da Internet no Brasil; sua tese de doutorado revelou uma falha no protocolo TCP\/IP que persiste at\u00e9 hoje. \u00c9 tamb\u00e9m um dos pioneiros no Brasil na pesquisa e desenvolvimento de Sistemas Baseados em Conhecimento e Intelig\u00eancia Artificial. Mais recentemente vem investigando as quest\u00f5es relativas ao suporte computacional aos processos de confian\u00e7a, privacidade e transpar\u00eancia, &nbsp;notadamente no contexto da dissemina\u00e7\u00e3o e consumo de informa\u00e7\u00f5es online. Este trabalho \u00e9 feito tamb\u00e9m em colabora\u00e7\u00e3o com grupos de pesquisa nos EUA e na Europa.<\/span><\/p>","protected":false},"excerpt":{"rendered":"<p>Na sexta-feira dia&nbsp;27 de agosto, \u00e0s&nbsp;11 horas, Daniel Schwabe apresentar\u00e1 a palestra&nbsp;A disputa de narrativas nos dist\u00farbios da informa\u00e7\u00e3o online. Inscreva-se aqui&nbsp;na reuni\u00e3o do Zoom. Resumo Nesta palestra ser\u00e1 apresentada uma vis\u00e3o dos dist\u00farbios da informa\u00e7\u00e3o online sob a \u00f3tica<a class=\"moretag\" href=\"https:\/\/www.his.puc-rio.br\/pb\/historia-as-sextas-a-disputa-de-narrativas-nos-disturbios-da-informacao-online\/\">&#8230;<\/a><\/br><a href=\"https:\/\/www.his.puc-rio.br\/pb\/historia-as-sextas-a-disputa-de-narrativas-nos-disturbios-da-informacao-online\/\" class=\"read-more\">Leia mais..  <span class=\"glyphicon glyphicon-chevron-right\" ><\/span><\/a><\/p>\n","protected":false},"author":1,"featured_media":3478,"comment_status":"closed","ping_status":"open","sticky":false,"template":"","format":"standard","meta":{"footnotes":""},"categories":[1],"tags":[],"yoast_head":"<!-- This site is optimized with the Yoast SEO plugin v23.5 - https:\/\/yoast.com\/wordpress\/plugins\/seo\/ -->\n<title>Hist\u00f3ria \u00e0s Sextas - A disputa de narrativas nos dist\u00farbios da informa\u00e7\u00e3o online - Departamento de Hist\u00f3ria da PUC-Rio<\/title>\n<meta name=\"robots\" content=\"index, follow, max-snippet:-1, max-image-preview:large, max-video-preview:-1\" \/>\n<link rel=\"canonical\" href=\"https:\/\/www.his.puc-rio.br\/pb\/historia-as-sextas-a-disputa-de-narrativas-nos-disturbios-da-informacao-online\/\" \/>\n<meta property=\"og:locale\" content=\"pt_BR\" \/>\n<meta property=\"og:type\" content=\"article\" \/>\n<meta property=\"og:title\" content=\"Hist\u00f3ria \u00e0s Sextas - A disputa de narrativas nos dist\u00farbios da informa\u00e7\u00e3o online - Departamento de Hist\u00f3ria da PUC-Rio\" \/>\n<meta property=\"og:description\" content=\"Na sexta-feira dia&nbsp;27 de agosto, \u00e0s&nbsp;11 horas, Daniel Schwabe apresentar\u00e1 a palestra&nbsp;A disputa de narrativas nos dist\u00farbios da informa\u00e7\u00e3o online. Inscreva-se aqui&nbsp;na reuni\u00e3o do Zoom. Resumo Nesta palestra ser\u00e1 apresentada uma vis\u00e3o dos dist\u00farbios da informa\u00e7\u00e3o online sob a \u00f3tica...Leia mais..\" \/>\n<meta property=\"og:url\" content=\"https:\/\/www.his.puc-rio.br\/pb\/historia-as-sextas-a-disputa-de-narrativas-nos-disturbios-da-informacao-online\/\" \/>\n<meta property=\"og:site_name\" content=\"Departamento de Hist\u00f3ria da PUC-Rio\" \/>\n<meta property=\"article:published_time\" content=\"2021-08-23T12:42:28+00:00\" \/>\n<meta property=\"article:modified_time\" content=\"2022-04-29T17:37:29+00:00\" \/>\n<meta property=\"og:image\" content=\"https:\/\/www.his.puc-rio.br\/wp-content\/uploads\/A-disputa-de-narrativas-nos-disturbios-da-informacao-online_site-1024x569-1.png\" \/>\n\t<meta property=\"og:image:width\" content=\"1024\" \/>\n\t<meta property=\"og:image:height\" content=\"569\" \/>\n\t<meta property=\"og:image:type\" content=\"image\/png\" \/>\n<meta name=\"author\" content=\"dephist\" \/>\n<meta name=\"twitter:card\" content=\"summary_large_image\" \/>\n<meta name=\"twitter:label1\" content=\"Escrito por\" \/>\n\t<meta name=\"twitter:data1\" content=\"dephist\" \/>\n\t<meta name=\"twitter:label2\" content=\"Est. tempo de leitura\" \/>\n\t<meta name=\"twitter:data2\" content=\"3 minutos\" \/>\n<script type=\"application\/ld+json\" class=\"yoast-schema-graph\">{\"@context\":\"https:\/\/schema.org\",\"@graph\":[{\"@type\":\"WebPage\",\"@id\":\"https:\/\/www.his.puc-rio.br\/pb\/historia-as-sextas-a-disputa-de-narrativas-nos-disturbios-da-informacao-online\/\",\"url\":\"https:\/\/www.his.puc-rio.br\/pb\/historia-as-sextas-a-disputa-de-narrativas-nos-disturbios-da-informacao-online\/\",\"name\":\"Hist\u00f3ria \u00e0s Sextas - A disputa de narrativas nos dist\u00farbios da informa\u00e7\u00e3o online - Departamento de Hist\u00f3ria da PUC-Rio\",\"isPartOf\":{\"@id\":\"http:\/\/www.his.puc-rio.br\/pb\/#website\"},\"primaryImageOfPage\":{\"@id\":\"https:\/\/www.his.puc-rio.br\/pb\/historia-as-sextas-a-disputa-de-narrativas-nos-disturbios-da-informacao-online\/#primaryimage\"},\"image\":{\"@id\":\"https:\/\/www.his.puc-rio.br\/pb\/historia-as-sextas-a-disputa-de-narrativas-nos-disturbios-da-informacao-online\/#primaryimage\"},\"thumbnailUrl\":\"https:\/\/www.his.puc-rio.br\/wp-content\/uploads\/A-disputa-de-narrativas-nos-disturbios-da-informacao-online_site-1024x569-1.png\",\"datePublished\":\"2021-08-23T12:42:28+00:00\",\"dateModified\":\"2022-04-29T17:37:29+00:00\",\"author\":{\"@id\":\"http:\/\/www.his.puc-rio.br\/pb\/#\/schema\/person\/9e54900224aae47fd486e7013a22647b\"},\"breadcrumb\":{\"@id\":\"https:\/\/www.his.puc-rio.br\/pb\/historia-as-sextas-a-disputa-de-narrativas-nos-disturbios-da-informacao-online\/#breadcrumb\"},\"inLanguage\":\"pt-BR\",\"potentialAction\":[{\"@type\":\"ReadAction\",\"target\":[[\"https:\/\/www.his.puc-rio.br\/pb\/historia-as-sextas-a-disputa-de-narrativas-nos-disturbios-da-informacao-online\/\"]]}]},{\"@type\":\"ImageObject\",\"inLanguage\":\"pt-BR\",\"@id\":\"https:\/\/www.his.puc-rio.br\/pb\/historia-as-sextas-a-disputa-de-narrativas-nos-disturbios-da-informacao-online\/#primaryimage\",\"url\":\"https:\/\/www.his.puc-rio.br\/wp-content\/uploads\/A-disputa-de-narrativas-nos-disturbios-da-informacao-online_site-1024x569-1.png\",\"contentUrl\":\"https:\/\/www.his.puc-rio.br\/wp-content\/uploads\/A-disputa-de-narrativas-nos-disturbios-da-informacao-online_site-1024x569-1.png\",\"width\":1024,\"height\":569},{\"@type\":\"BreadcrumbList\",\"@id\":\"https:\/\/www.his.puc-rio.br\/pb\/historia-as-sextas-a-disputa-de-narrativas-nos-disturbios-da-informacao-online\/#breadcrumb\",\"itemListElement\":[{\"@type\":\"ListItem\",\"position\":1,\"name\":\"In\u00edcio\",\"item\":\"http:\/\/www.his.puc-rio.br\/pb\/\"},{\"@type\":\"ListItem\",\"position\":2,\"name\":\"Hist\u00f3ria \u00e0s Sextas &#8211; A disputa de narrativas nos dist\u00farbios da informa\u00e7\u00e3o online\"}]},{\"@type\":\"WebSite\",\"@id\":\"http:\/\/www.his.puc-rio.br\/pb\/#website\",\"url\":\"http:\/\/www.his.puc-rio.br\/pb\/\",\"name\":\"Departamento de Hist\u00f3ria da PUC-Rio\",\"description\":\"Cursos de Gradua\u00e7\u00e3o, P\u00f3s-gradua\u00e7\u00e3o, Mestrado e Doutorado\",\"potentialAction\":[{\"@type\":\"SearchAction\",\"target\":{\"@type\":\"EntryPoint\",\"urlTemplate\":\"http:\/\/www.his.puc-rio.br\/pb\/?s={search_term_string}\"},\"query-input\":{\"@type\":\"PropertyValueSpecification\",\"valueRequired\":true,\"valueName\":\"search_term_string\"}}],\"inLanguage\":\"pt-BR\"},{\"@type\":\"Person\",\"@id\":\"http:\/\/www.his.puc-rio.br\/pb\/#\/schema\/person\/9e54900224aae47fd486e7013a22647b\",\"name\":\"dephist\",\"image\":{\"@type\":\"ImageObject\",\"inLanguage\":\"pt-BR\",\"@id\":\"http:\/\/www.his.puc-rio.br\/pb\/#\/schema\/person\/image\/\",\"url\":\"https:\/\/secure.gravatar.com\/avatar\/bf2683cb6927d5fdbed7881a4ee37199?s=96&d=mm&r=g\",\"contentUrl\":\"https:\/\/secure.gravatar.com\/avatar\/bf2683cb6927d5fdbed7881a4ee37199?s=96&d=mm&r=g\",\"caption\":\"dephist\"},\"url\":\"https:\/\/www.his.puc-rio.br\/pb\/author\/dephist\/\"}]}<\/script>\n<!-- \/ Yoast SEO plugin. -->","yoast_head_json":{"title":"Hist\u00f3ria \u00e0s Sextas - A disputa de narrativas nos dist\u00farbios da informa\u00e7\u00e3o online - Departamento de Hist\u00f3ria da PUC-Rio","robots":{"index":"index","follow":"follow","max-snippet":"max-snippet:-1","max-image-preview":"max-image-preview:large","max-video-preview":"max-video-preview:-1"},"canonical":"https:\/\/www.his.puc-rio.br\/pb\/historia-as-sextas-a-disputa-de-narrativas-nos-disturbios-da-informacao-online\/","og_locale":"pt_BR","og_type":"article","og_title":"Hist\u00f3ria \u00e0s Sextas - A disputa de narrativas nos dist\u00farbios da informa\u00e7\u00e3o online - Departamento de Hist\u00f3ria da PUC-Rio","og_description":"Na sexta-feira dia&nbsp;27 de agosto, \u00e0s&nbsp;11 horas, Daniel Schwabe apresentar\u00e1 a palestra&nbsp;A disputa de narrativas nos dist\u00farbios da informa\u00e7\u00e3o online. Inscreva-se aqui&nbsp;na reuni\u00e3o do Zoom. Resumo Nesta palestra ser\u00e1 apresentada uma vis\u00e3o dos dist\u00farbios da informa\u00e7\u00e3o online sob a \u00f3tica...Leia mais..","og_url":"https:\/\/www.his.puc-rio.br\/pb\/historia-as-sextas-a-disputa-de-narrativas-nos-disturbios-da-informacao-online\/","og_site_name":"Departamento de Hist\u00f3ria da PUC-Rio","article_published_time":"2021-08-23T12:42:28+00:00","article_modified_time":"2022-04-29T17:37:29+00:00","og_image":[{"width":1024,"height":569,"url":"https:\/\/www.his.puc-rio.br\/wp-content\/uploads\/A-disputa-de-narrativas-nos-disturbios-da-informacao-online_site-1024x569-1.png","type":"image\/png"}],"author":"dephist","twitter_card":"summary_large_image","twitter_misc":{"Escrito por":"dephist","Est. tempo de leitura":"3 minutos"},"schema":{"@context":"https:\/\/schema.org","@graph":[{"@type":"WebPage","@id":"https:\/\/www.his.puc-rio.br\/pb\/historia-as-sextas-a-disputa-de-narrativas-nos-disturbios-da-informacao-online\/","url":"https:\/\/www.his.puc-rio.br\/pb\/historia-as-sextas-a-disputa-de-narrativas-nos-disturbios-da-informacao-online\/","name":"Hist\u00f3ria \u00e0s Sextas - A disputa de narrativas nos dist\u00farbios da informa\u00e7\u00e3o online - Departamento de Hist\u00f3ria da PUC-Rio","isPartOf":{"@id":"http:\/\/www.his.puc-rio.br\/pb\/#website"},"primaryImageOfPage":{"@id":"https:\/\/www.his.puc-rio.br\/pb\/historia-as-sextas-a-disputa-de-narrativas-nos-disturbios-da-informacao-online\/#primaryimage"},"image":{"@id":"https:\/\/www.his.puc-rio.br\/pb\/historia-as-sextas-a-disputa-de-narrativas-nos-disturbios-da-informacao-online\/#primaryimage"},"thumbnailUrl":"https:\/\/www.his.puc-rio.br\/wp-content\/uploads\/A-disputa-de-narrativas-nos-disturbios-da-informacao-online_site-1024x569-1.png","datePublished":"2021-08-23T12:42:28+00:00","dateModified":"2022-04-29T17:37:29+00:00","author":{"@id":"http:\/\/www.his.puc-rio.br\/pb\/#\/schema\/person\/9e54900224aae47fd486e7013a22647b"},"breadcrumb":{"@id":"https:\/\/www.his.puc-rio.br\/pb\/historia-as-sextas-a-disputa-de-narrativas-nos-disturbios-da-informacao-online\/#breadcrumb"},"inLanguage":"pt-BR","potentialAction":[{"@type":"ReadAction","target":[["https:\/\/www.his.puc-rio.br\/pb\/historia-as-sextas-a-disputa-de-narrativas-nos-disturbios-da-informacao-online\/"]]}]},{"@type":"ImageObject","inLanguage":"pt-BR","@id":"https:\/\/www.his.puc-rio.br\/pb\/historia-as-sextas-a-disputa-de-narrativas-nos-disturbios-da-informacao-online\/#primaryimage","url":"https:\/\/www.his.puc-rio.br\/wp-content\/uploads\/A-disputa-de-narrativas-nos-disturbios-da-informacao-online_site-1024x569-1.png","contentUrl":"https:\/\/www.his.puc-rio.br\/wp-content\/uploads\/A-disputa-de-narrativas-nos-disturbios-da-informacao-online_site-1024x569-1.png","width":1024,"height":569},{"@type":"BreadcrumbList","@id":"https:\/\/www.his.puc-rio.br\/pb\/historia-as-sextas-a-disputa-de-narrativas-nos-disturbios-da-informacao-online\/#breadcrumb","itemListElement":[{"@type":"ListItem","position":1,"name":"In\u00edcio","item":"http:\/\/www.his.puc-rio.br\/pb\/"},{"@type":"ListItem","position":2,"name":"Hist\u00f3ria \u00e0s Sextas &#8211; A disputa de narrativas nos dist\u00farbios da informa\u00e7\u00e3o online"}]},{"@type":"WebSite","@id":"http:\/\/www.his.puc-rio.br\/pb\/#website","url":"http:\/\/www.his.puc-rio.br\/pb\/","name":"Departamento de Hist\u00f3ria da PUC-Rio","description":"Cursos de Gradua\u00e7\u00e3o, P\u00f3s-gradua\u00e7\u00e3o, Mestrado e Doutorado","potentialAction":[{"@type":"SearchAction","target":{"@type":"EntryPoint","urlTemplate":"http:\/\/www.his.puc-rio.br\/pb\/?s={search_term_string}"},"query-input":{"@type":"PropertyValueSpecification","valueRequired":true,"valueName":"search_term_string"}}],"inLanguage":"pt-BR"},{"@type":"Person","@id":"http:\/\/www.his.puc-rio.br\/pb\/#\/schema\/person\/9e54900224aae47fd486e7013a22647b","name":"dephist","image":{"@type":"ImageObject","inLanguage":"pt-BR","@id":"http:\/\/www.his.puc-rio.br\/pb\/#\/schema\/person\/image\/","url":"https:\/\/secure.gravatar.com\/avatar\/bf2683cb6927d5fdbed7881a4ee37199?s=96&d=mm&r=g","contentUrl":"https:\/\/secure.gravatar.com\/avatar\/bf2683cb6927d5fdbed7881a4ee37199?s=96&d=mm&r=g","caption":"dephist"},"url":"https:\/\/www.his.puc-rio.br\/pb\/author\/dephist\/"}]}},"jetpack_featured_media_url":"https:\/\/www.his.puc-rio.br\/wp-content\/uploads\/A-disputa-de-narrativas-nos-disturbios-da-informacao-online_site-1024x569-1.png","_links":{"self":[{"href":"https:\/\/www.his.puc-rio.br\/pb\/wp-json\/wp\/v2\/posts\/3364"}],"collection":[{"href":"https:\/\/www.his.puc-rio.br\/pb\/wp-json\/wp\/v2\/posts"}],"about":[{"href":"https:\/\/www.his.puc-rio.br\/pb\/wp-json\/wp\/v2\/types\/post"}],"author":[{"embeddable":true,"href":"https:\/\/www.his.puc-rio.br\/pb\/wp-json\/wp\/v2\/users\/1"}],"replies":[{"embeddable":true,"href":"https:\/\/www.his.puc-rio.br\/pb\/wp-json\/wp\/v2\/comments?post=3364"}],"version-history":[{"count":3,"href":"https:\/\/www.his.puc-rio.br\/pb\/wp-json\/wp\/v2\/posts\/3364\/revisions"}],"predecessor-version":[{"id":3479,"href":"https:\/\/www.his.puc-rio.br\/pb\/wp-json\/wp\/v2\/posts\/3364\/revisions\/3479"}],"wp:featuredmedia":[{"embeddable":true,"href":"https:\/\/www.his.puc-rio.br\/pb\/wp-json\/wp\/v2\/media\/3478"}],"wp:attachment":[{"href":"https:\/\/www.his.puc-rio.br\/pb\/wp-json\/wp\/v2\/media?parent=3364"}],"wp:term":[{"taxonomy":"category","embeddable":true,"href":"https:\/\/www.his.puc-rio.br\/pb\/wp-json\/wp\/v2\/categories?post=3364"},{"taxonomy":"post_tag","embeddable":true,"href":"https:\/\/www.his.puc-rio.br\/pb\/wp-json\/wp\/v2\/tags?post=3364"}],"curies":[{"name":"wp","href":"https:\/\/api.w.org\/{rel}","templated":true}]}}