{"id":3901,"date":"2022-09-27T10:06:24","date_gmt":"2022-09-27T13:06:24","guid":{"rendered":"http:\/\/www.his.puc-rio.br\/pb\/?p=3901"},"modified":"2022-09-27T10:06:24","modified_gmt":"2022-09-27T13:06:24","slug":"historia-as-sextas-mulheres-negras-lutando-em-familia-escravidao-liberdade-e-violencia-sexual-feira-de-santana-bahia-1871-a-1888-com-karine-t-damasceno-pos-doutoranda-do-programa-de-p","status":"publish","type":"post","link":"https:\/\/www.his.puc-rio.br\/pb\/historia-as-sextas-mulheres-negras-lutando-em-familia-escravidao-liberdade-e-violencia-sexual-feira-de-santana-bahia-1871-a-1888-com-karine-t-damasceno-pos-doutoranda-do-programa-de-p\/","title":{"rendered":"Hist\u00f3ria \u00e0s Sextas\u00a0   Mulheres negras lutando em fam\u00edlia: escravid\u00e3o, liberdade e viol\u00eancia sexual (Feira de Santana, Bahia, 1871 a 1888), com Karine T. Damasceno (P\u00f3s-Doutoranda do Programa de P\u00f3s-Gradua\u00e7\u00e3o em Hist\u00f3ria da PUC-Rio)"},"content":{"rendered":"<p><span style=\"color: #000000;\"><strong>Hist\u00f3ria \u00e0s Sextas\u00a0<\/strong><\/span><\/p>\n<p class=\"v1msoplaintext\"><span style=\"color: #000000;\"><span style=\"font-size: 10.0pt; font-family: 'Verdana',sans-serif;\">Mulheres negras lutando em fam\u00edlia: escravid\u00e3o, liberdade e viol\u00eancia sexual (Feira de Santana, Bahia, 1871 a 1888), com<\/span><span style=\"font-size: 10.0pt; font-family: 'Verdana',sans-serif;\"> Karine T. Damasceno (P\u00f3s-Doutoranda do Programa de P\u00f3s-Gradua\u00e7\u00e3o em Hist\u00f3ria da PUC-Rio)<br \/>\n<\/span><\/span><\/p>\n<p class=\"v1msoplaintext\"><span style=\"color: #000000;\"><span style=\"font-size: 10.0pt; font-family: 'Verdana',sans-serif;\">Nesta apresenta\u00e7\u00e3o, a autora pretende compartilhar com as pessoas interessadas no tema alguns desafios e resultados de pesquisa nos quais ser\u00e3o evidenciados as especificidades da escravid\u00e3o e da liberdade feminina nas \u00faltimas d\u00e9cadas da escravid\u00e3o, olhando de maneira especial para Feira de Santana, Bahia.<\/span><\/span><\/p>\n<p>Evento presencial.<\/p>\n<p><strong><span style=\"font-size: 10.0pt; font-family: 'Verdana',sans-serif;\">Data<\/span><\/strong><span style=\"font-size: 10.0pt; font-family: 'Verdana',sans-serif;\">: 30 de setembro de 2022<br \/>\n<\/span><strong><span style=\"font-size: 10.0pt; font-family: 'Verdana',sans-serif;\">Hor\u00e1rio<\/span><\/strong><span style=\"font-size: 10.0pt; font-family: 'Verdana',sans-serif;\">: 11h \u00e0s 13h<br \/>\n<\/span><strong><span style=\"font-size: 10.0pt; font-family: 'Verdana',sans-serif;\">Local<\/span><\/strong><span style=\"font-size: 10.0pt; font-family: 'Verdana',sans-serif;\">: Sala F502<\/span><\/p>\n<p class=\"v1msoplaintext\"><span style=\"font-size: 10pt; font-family: Verdana, sans-serif; color: #000000;\">\u00a0<\/span><\/p>\n","protected":false},"excerpt":{"rendered":"<p>Hist\u00f3ria \u00e0s Sextas\u00a0 Mulheres negras lutando em fam\u00edlia: escravid\u00e3o, liberdade e viol\u00eancia sexual (Feira de Santana, Bahia, 1871 a 1888), com Karine T. Damasceno (P\u00f3s-Doutoranda do Programa de P\u00f3s-Gradua\u00e7\u00e3o em Hist\u00f3ria da PUC-Rio) Nesta apresenta\u00e7\u00e3o, a autora pretende compartilhar com<a class=\"moretag\" href=\"https:\/\/www.his.puc-rio.br\/pb\/historia-as-sextas-mulheres-negras-lutando-em-familia-escravidao-liberdade-e-violencia-sexual-feira-de-santana-bahia-1871-a-1888-com-karine-t-damasceno-pos-doutoranda-do-programa-de-p\/\">&#8230;<\/a><\/br><a href=\"https:\/\/www.his.puc-rio.br\/pb\/historia-as-sextas-mulheres-negras-lutando-em-familia-escravidao-liberdade-e-violencia-sexual-feira-de-santana-bahia-1871-a-1888-com-karine-t-damasceno-pos-doutoranda-do-programa-de-p\/\" class=\"read-more\">Leia mais..  <span class=\"glyphicon glyphicon-chevron-right\" ><\/span><\/a><\/p>\n","protected":false},"author":1,"featured_media":3898,"comment_status":"closed","ping_status":"open","sticky":false,"template":"","format":"standard","meta":{"footnotes":""},"categories":[1],"tags":[],"yoast_head":"<!-- This site is optimized with the Yoast SEO plugin v23.5 - https:\/\/yoast.com\/wordpress\/plugins\/seo\/ -->\n<title>Hist\u00f3ria \u00e0s Sextas\u00a0  Mulheres negras lutando em fam\u00edlia: escravid\u00e3o, liberdade e viol\u00eancia sexual (Feira de Santana, Bahia, 1871 a 1888), com Karine T. Damasceno (P\u00f3s-Doutoranda do Programa de P\u00f3s-Gradua\u00e7\u00e3o em Hist\u00f3ria da PUC-Rio) - Departamento de Hist\u00f3ria da PUC-Rio<\/title>\n<meta name=\"robots\" content=\"index, follow, max-snippet:-1, max-image-preview:large, max-video-preview:-1\" \/>\n<link rel=\"canonical\" href=\"https:\/\/www.his.puc-rio.br\/pb\/historia-as-sextas-mulheres-negras-lutando-em-familia-escravidao-liberdade-e-violencia-sexual-feira-de-santana-bahia-1871-a-1888-com-karine-t-damasceno-pos-doutoranda-do-programa-de-p\/\" \/>\n<meta property=\"og:locale\" content=\"pt_BR\" \/>\n<meta property=\"og:type\" content=\"article\" \/>\n<meta property=\"og:title\" content=\"Hist\u00f3ria \u00e0s Sextas\u00a0  Mulheres negras lutando em fam\u00edlia: escravid\u00e3o, liberdade e viol\u00eancia sexual (Feira de Santana, Bahia, 1871 a 1888), com Karine T. Damasceno (P\u00f3s-Doutoranda do Programa de P\u00f3s-Gradua\u00e7\u00e3o em Hist\u00f3ria da PUC-Rio) - Departamento de Hist\u00f3ria da PUC-Rio\" \/>\n<meta property=\"og:description\" content=\"Hist\u00f3ria \u00e0s Sextas\u00a0 Mulheres negras lutando em fam\u00edlia: escravid\u00e3o, liberdade e viol\u00eancia sexual (Feira de Santana, Bahia, 1871 a 1888), com Karine T. Damasceno (P\u00f3s-Doutoranda do Programa de P\u00f3s-Gradua\u00e7\u00e3o em Hist\u00f3ria da PUC-Rio) Nesta apresenta\u00e7\u00e3o, a autora pretende compartilhar com...Leia mais..\" \/>\n<meta property=\"og:url\" content=\"https:\/\/www.his.puc-rio.br\/pb\/historia-as-sextas-mulheres-negras-lutando-em-familia-escravidao-liberdade-e-violencia-sexual-feira-de-santana-bahia-1871-a-1888-com-karine-t-damasceno-pos-doutoranda-do-programa-de-p\/\" \/>\n<meta property=\"og:site_name\" content=\"Departamento de Hist\u00f3ria da PUC-Rio\" \/>\n<meta property=\"article:published_time\" content=\"2022-09-27T13:06:24+00:00\" \/>\n<meta property=\"og:image\" content=\"https:\/\/www.his.puc-rio.br\/wp-content\/uploads\/Historia-as-Sextas-Mulheres-negras-lutando-2site.jpg\" \/>\n\t<meta property=\"og:image:width\" content=\"1836\" \/>\n\t<meta property=\"og:image:height\" content=\"1000\" \/>\n\t<meta property=\"og:image:type\" content=\"image\/jpeg\" \/>\n<meta name=\"author\" content=\"dephist\" \/>\n<meta name=\"twitter:card\" content=\"summary_large_image\" \/>\n<meta name=\"twitter:label1\" content=\"Escrito por\" \/>\n\t<meta name=\"twitter:data1\" content=\"dephist\" \/>\n\t<meta name=\"twitter:label2\" content=\"Est. tempo de leitura\" \/>\n\t<meta name=\"twitter:data2\" content=\"1 minuto\" \/>\n<script type=\"application\/ld+json\" class=\"yoast-schema-graph\">{\"@context\":\"https:\/\/schema.org\",\"@graph\":[{\"@type\":\"WebPage\",\"@id\":\"https:\/\/www.his.puc-rio.br\/pb\/historia-as-sextas-mulheres-negras-lutando-em-familia-escravidao-liberdade-e-violencia-sexual-feira-de-santana-bahia-1871-a-1888-com-karine-t-damasceno-pos-doutoranda-do-programa-de-p\/\",\"url\":\"https:\/\/www.his.puc-rio.br\/pb\/historia-as-sextas-mulheres-negras-lutando-em-familia-escravidao-liberdade-e-violencia-sexual-feira-de-santana-bahia-1871-a-1888-com-karine-t-damasceno-pos-doutoranda-do-programa-de-p\/\",\"name\":\"Hist\u00f3ria \u00e0s Sextas\u00a0 Mulheres negras lutando em fam\u00edlia: escravid\u00e3o, liberdade e viol\u00eancia sexual (Feira de Santana, Bahia, 1871 a 1888), com Karine T. Damasceno (P\u00f3s-Doutoranda do Programa de P\u00f3s-Gradua\u00e7\u00e3o em Hist\u00f3ria da PUC-Rio) - Departamento de Hist\u00f3ria da PUC-Rio\",\"isPartOf\":{\"@id\":\"http:\/\/www.his.puc-rio.br\/pb\/#website\"},\"primaryImageOfPage\":{\"@id\":\"https:\/\/www.his.puc-rio.br\/pb\/historia-as-sextas-mulheres-negras-lutando-em-familia-escravidao-liberdade-e-violencia-sexual-feira-de-santana-bahia-1871-a-1888-com-karine-t-damasceno-pos-doutoranda-do-programa-de-p\/#primaryimage\"},\"image\":{\"@id\":\"https:\/\/www.his.puc-rio.br\/pb\/historia-as-sextas-mulheres-negras-lutando-em-familia-escravidao-liberdade-e-violencia-sexual-feira-de-santana-bahia-1871-a-1888-com-karine-t-damasceno-pos-doutoranda-do-programa-de-p\/#primaryimage\"},\"thumbnailUrl\":\"https:\/\/www.his.puc-rio.br\/wp-content\/uploads\/Historia-as-Sextas-Mulheres-negras-lutando-2site.jpg\",\"datePublished\":\"2022-09-27T13:06:24+00:00\",\"dateModified\":\"2022-09-27T13:06:24+00:00\",\"author\":{\"@id\":\"http:\/\/www.his.puc-rio.br\/pb\/#\/schema\/person\/9e54900224aae47fd486e7013a22647b\"},\"breadcrumb\":{\"@id\":\"https:\/\/www.his.puc-rio.br\/pb\/historia-as-sextas-mulheres-negras-lutando-em-familia-escravidao-liberdade-e-violencia-sexual-feira-de-santana-bahia-1871-a-1888-com-karine-t-damasceno-pos-doutoranda-do-programa-de-p\/#breadcrumb\"},\"inLanguage\":\"pt-BR\",\"potentialAction\":[{\"@type\":\"ReadAction\",\"target\":[[\"https:\/\/www.his.puc-rio.br\/pb\/historia-as-sextas-mulheres-negras-lutando-em-familia-escravidao-liberdade-e-violencia-sexual-feira-de-santana-bahia-1871-a-1888-com-karine-t-damasceno-pos-doutoranda-do-programa-de-p\/\"]]}]},{\"@type\":\"ImageObject\",\"inLanguage\":\"pt-BR\",\"@id\":\"https:\/\/www.his.puc-rio.br\/pb\/historia-as-sextas-mulheres-negras-lutando-em-familia-escravidao-liberdade-e-violencia-sexual-feira-de-santana-bahia-1871-a-1888-com-karine-t-damasceno-pos-doutoranda-do-programa-de-p\/#primaryimage\",\"url\":\"https:\/\/www.his.puc-rio.br\/wp-content\/uploads\/Historia-as-Sextas-Mulheres-negras-lutando-2site.jpg\",\"contentUrl\":\"https:\/\/www.his.puc-rio.br\/wp-content\/uploads\/Historia-as-Sextas-Mulheres-negras-lutando-2site.jpg\",\"width\":1836,\"height\":1000},{\"@type\":\"BreadcrumbList\",\"@id\":\"https:\/\/www.his.puc-rio.br\/pb\/historia-as-sextas-mulheres-negras-lutando-em-familia-escravidao-liberdade-e-violencia-sexual-feira-de-santana-bahia-1871-a-1888-com-karine-t-damasceno-pos-doutoranda-do-programa-de-p\/#breadcrumb\",\"itemListElement\":[{\"@type\":\"ListItem\",\"position\":1,\"name\":\"In\u00edcio\",\"item\":\"http:\/\/www.his.puc-rio.br\/pb\/\"},{\"@type\":\"ListItem\",\"position\":2,\"name\":\"Hist\u00f3ria \u00e0s Sextas\u00a0 Mulheres negras lutando em fam\u00edlia: escravid\u00e3o, liberdade e viol\u00eancia sexual (Feira de Santana, Bahia, 1871 a 1888), com Karine T. Damasceno (P\u00f3s-Doutoranda do Programa de P\u00f3s-Gradua\u00e7\u00e3o em Hist\u00f3ria da PUC-Rio)\"}]},{\"@type\":\"WebSite\",\"@id\":\"http:\/\/www.his.puc-rio.br\/pb\/#website\",\"url\":\"http:\/\/www.his.puc-rio.br\/pb\/\",\"name\":\"Departamento de Hist\u00f3ria da PUC-Rio\",\"description\":\"Cursos de Gradua\u00e7\u00e3o, P\u00f3s-gradua\u00e7\u00e3o, Mestrado e Doutorado\",\"potentialAction\":[{\"@type\":\"SearchAction\",\"target\":{\"@type\":\"EntryPoint\",\"urlTemplate\":\"http:\/\/www.his.puc-rio.br\/pb\/?s={search_term_string}\"},\"query-input\":{\"@type\":\"PropertyValueSpecification\",\"valueRequired\":true,\"valueName\":\"search_term_string\"}}],\"inLanguage\":\"pt-BR\"},{\"@type\":\"Person\",\"@id\":\"http:\/\/www.his.puc-rio.br\/pb\/#\/schema\/person\/9e54900224aae47fd486e7013a22647b\",\"name\":\"dephist\",\"image\":{\"@type\":\"ImageObject\",\"inLanguage\":\"pt-BR\",\"@id\":\"http:\/\/www.his.puc-rio.br\/pb\/#\/schema\/person\/image\/\",\"url\":\"https:\/\/secure.gravatar.com\/avatar\/bf2683cb6927d5fdbed7881a4ee37199?s=96&d=mm&r=g\",\"contentUrl\":\"https:\/\/secure.gravatar.com\/avatar\/bf2683cb6927d5fdbed7881a4ee37199?s=96&d=mm&r=g\",\"caption\":\"dephist\"},\"url\":\"https:\/\/www.his.puc-rio.br\/pb\/author\/dephist\/\"}]}<\/script>\n<!-- \/ Yoast SEO plugin. -->","yoast_head_json":{"title":"Hist\u00f3ria \u00e0s Sextas\u00a0  Mulheres negras lutando em fam\u00edlia: escravid\u00e3o, liberdade e viol\u00eancia sexual (Feira de Santana, Bahia, 1871 a 1888), com Karine T. Damasceno (P\u00f3s-Doutoranda do Programa de P\u00f3s-Gradua\u00e7\u00e3o em Hist\u00f3ria da PUC-Rio) - Departamento de Hist\u00f3ria da PUC-Rio","robots":{"index":"index","follow":"follow","max-snippet":"max-snippet:-1","max-image-preview":"max-image-preview:large","max-video-preview":"max-video-preview:-1"},"canonical":"https:\/\/www.his.puc-rio.br\/pb\/historia-as-sextas-mulheres-negras-lutando-em-familia-escravidao-liberdade-e-violencia-sexual-feira-de-santana-bahia-1871-a-1888-com-karine-t-damasceno-pos-doutoranda-do-programa-de-p\/","og_locale":"pt_BR","og_type":"article","og_title":"Hist\u00f3ria \u00e0s Sextas\u00a0  Mulheres negras lutando em fam\u00edlia: escravid\u00e3o, liberdade e viol\u00eancia sexual (Feira de Santana, Bahia, 1871 a 1888), com Karine T. Damasceno (P\u00f3s-Doutoranda do Programa de P\u00f3s-Gradua\u00e7\u00e3o em Hist\u00f3ria da PUC-Rio) - Departamento de Hist\u00f3ria da PUC-Rio","og_description":"Hist\u00f3ria \u00e0s Sextas\u00a0 Mulheres negras lutando em fam\u00edlia: escravid\u00e3o, liberdade e viol\u00eancia sexual (Feira de Santana, Bahia, 1871 a 1888), com Karine T. Damasceno (P\u00f3s-Doutoranda do Programa de P\u00f3s-Gradua\u00e7\u00e3o em Hist\u00f3ria da PUC-Rio) Nesta apresenta\u00e7\u00e3o, a autora pretende compartilhar com...Leia mais..","og_url":"https:\/\/www.his.puc-rio.br\/pb\/historia-as-sextas-mulheres-negras-lutando-em-familia-escravidao-liberdade-e-violencia-sexual-feira-de-santana-bahia-1871-a-1888-com-karine-t-damasceno-pos-doutoranda-do-programa-de-p\/","og_site_name":"Departamento de Hist\u00f3ria da PUC-Rio","article_published_time":"2022-09-27T13:06:24+00:00","og_image":[{"width":1836,"height":1000,"url":"https:\/\/www.his.puc-rio.br\/wp-content\/uploads\/Historia-as-Sextas-Mulheres-negras-lutando-2site.jpg","type":"image\/jpeg"}],"author":"dephist","twitter_card":"summary_large_image","twitter_misc":{"Escrito por":"dephist","Est. tempo de leitura":"1 minuto"},"schema":{"@context":"https:\/\/schema.org","@graph":[{"@type":"WebPage","@id":"https:\/\/www.his.puc-rio.br\/pb\/historia-as-sextas-mulheres-negras-lutando-em-familia-escravidao-liberdade-e-violencia-sexual-feira-de-santana-bahia-1871-a-1888-com-karine-t-damasceno-pos-doutoranda-do-programa-de-p\/","url":"https:\/\/www.his.puc-rio.br\/pb\/historia-as-sextas-mulheres-negras-lutando-em-familia-escravidao-liberdade-e-violencia-sexual-feira-de-santana-bahia-1871-a-1888-com-karine-t-damasceno-pos-doutoranda-do-programa-de-p\/","name":"Hist\u00f3ria \u00e0s Sextas\u00a0 Mulheres negras lutando em fam\u00edlia: escravid\u00e3o, liberdade e viol\u00eancia sexual (Feira de Santana, Bahia, 1871 a 1888), com Karine T. Damasceno (P\u00f3s-Doutoranda do Programa de P\u00f3s-Gradua\u00e7\u00e3o em Hist\u00f3ria da PUC-Rio) - Departamento de Hist\u00f3ria da PUC-Rio","isPartOf":{"@id":"http:\/\/www.his.puc-rio.br\/pb\/#website"},"primaryImageOfPage":{"@id":"https:\/\/www.his.puc-rio.br\/pb\/historia-as-sextas-mulheres-negras-lutando-em-familia-escravidao-liberdade-e-violencia-sexual-feira-de-santana-bahia-1871-a-1888-com-karine-t-damasceno-pos-doutoranda-do-programa-de-p\/#primaryimage"},"image":{"@id":"https:\/\/www.his.puc-rio.br\/pb\/historia-as-sextas-mulheres-negras-lutando-em-familia-escravidao-liberdade-e-violencia-sexual-feira-de-santana-bahia-1871-a-1888-com-karine-t-damasceno-pos-doutoranda-do-programa-de-p\/#primaryimage"},"thumbnailUrl":"https:\/\/www.his.puc-rio.br\/wp-content\/uploads\/Historia-as-Sextas-Mulheres-negras-lutando-2site.jpg","datePublished":"2022-09-27T13:06:24+00:00","dateModified":"2022-09-27T13:06:24+00:00","author":{"@id":"http:\/\/www.his.puc-rio.br\/pb\/#\/schema\/person\/9e54900224aae47fd486e7013a22647b"},"breadcrumb":{"@id":"https:\/\/www.his.puc-rio.br\/pb\/historia-as-sextas-mulheres-negras-lutando-em-familia-escravidao-liberdade-e-violencia-sexual-feira-de-santana-bahia-1871-a-1888-com-karine-t-damasceno-pos-doutoranda-do-programa-de-p\/#breadcrumb"},"inLanguage":"pt-BR","potentialAction":[{"@type":"ReadAction","target":[["https:\/\/www.his.puc-rio.br\/pb\/historia-as-sextas-mulheres-negras-lutando-em-familia-escravidao-liberdade-e-violencia-sexual-feira-de-santana-bahia-1871-a-1888-com-karine-t-damasceno-pos-doutoranda-do-programa-de-p\/"]]}]},{"@type":"ImageObject","inLanguage":"pt-BR","@id":"https:\/\/www.his.puc-rio.br\/pb\/historia-as-sextas-mulheres-negras-lutando-em-familia-escravidao-liberdade-e-violencia-sexual-feira-de-santana-bahia-1871-a-1888-com-karine-t-damasceno-pos-doutoranda-do-programa-de-p\/#primaryimage","url":"https:\/\/www.his.puc-rio.br\/wp-content\/uploads\/Historia-as-Sextas-Mulheres-negras-lutando-2site.jpg","contentUrl":"https:\/\/www.his.puc-rio.br\/wp-content\/uploads\/Historia-as-Sextas-Mulheres-negras-lutando-2site.jpg","width":1836,"height":1000},{"@type":"BreadcrumbList","@id":"https:\/\/www.his.puc-rio.br\/pb\/historia-as-sextas-mulheres-negras-lutando-em-familia-escravidao-liberdade-e-violencia-sexual-feira-de-santana-bahia-1871-a-1888-com-karine-t-damasceno-pos-doutoranda-do-programa-de-p\/#breadcrumb","itemListElement":[{"@type":"ListItem","position":1,"name":"In\u00edcio","item":"http:\/\/www.his.puc-rio.br\/pb\/"},{"@type":"ListItem","position":2,"name":"Hist\u00f3ria \u00e0s Sextas\u00a0 Mulheres negras lutando em fam\u00edlia: escravid\u00e3o, liberdade e viol\u00eancia sexual (Feira de Santana, Bahia, 1871 a 1888), com Karine T. Damasceno (P\u00f3s-Doutoranda do Programa de P\u00f3s-Gradua\u00e7\u00e3o em Hist\u00f3ria da PUC-Rio)"}]},{"@type":"WebSite","@id":"http:\/\/www.his.puc-rio.br\/pb\/#website","url":"http:\/\/www.his.puc-rio.br\/pb\/","name":"Departamento de Hist\u00f3ria da PUC-Rio","description":"Cursos de Gradua\u00e7\u00e3o, P\u00f3s-gradua\u00e7\u00e3o, Mestrado e Doutorado","potentialAction":[{"@type":"SearchAction","target":{"@type":"EntryPoint","urlTemplate":"http:\/\/www.his.puc-rio.br\/pb\/?s={search_term_string}"},"query-input":{"@type":"PropertyValueSpecification","valueRequired":true,"valueName":"search_term_string"}}],"inLanguage":"pt-BR"},{"@type":"Person","@id":"http:\/\/www.his.puc-rio.br\/pb\/#\/schema\/person\/9e54900224aae47fd486e7013a22647b","name":"dephist","image":{"@type":"ImageObject","inLanguage":"pt-BR","@id":"http:\/\/www.his.puc-rio.br\/pb\/#\/schema\/person\/image\/","url":"https:\/\/secure.gravatar.com\/avatar\/bf2683cb6927d5fdbed7881a4ee37199?s=96&d=mm&r=g","contentUrl":"https:\/\/secure.gravatar.com\/avatar\/bf2683cb6927d5fdbed7881a4ee37199?s=96&d=mm&r=g","caption":"dephist"},"url":"https:\/\/www.his.puc-rio.br\/pb\/author\/dephist\/"}]}},"jetpack_featured_media_url":"https:\/\/www.his.puc-rio.br\/wp-content\/uploads\/Historia-as-Sextas-Mulheres-negras-lutando-2site.jpg","_links":{"self":[{"href":"https:\/\/www.his.puc-rio.br\/pb\/wp-json\/wp\/v2\/posts\/3901"}],"collection":[{"href":"https:\/\/www.his.puc-rio.br\/pb\/wp-json\/wp\/v2\/posts"}],"about":[{"href":"https:\/\/www.his.puc-rio.br\/pb\/wp-json\/wp\/v2\/types\/post"}],"author":[{"embeddable":true,"href":"https:\/\/www.his.puc-rio.br\/pb\/wp-json\/wp\/v2\/users\/1"}],"replies":[{"embeddable":true,"href":"https:\/\/www.his.puc-rio.br\/pb\/wp-json\/wp\/v2\/comments?post=3901"}],"version-history":[{"count":1,"href":"https:\/\/www.his.puc-rio.br\/pb\/wp-json\/wp\/v2\/posts\/3901\/revisions"}],"predecessor-version":[{"id":3902,"href":"https:\/\/www.his.puc-rio.br\/pb\/wp-json\/wp\/v2\/posts\/3901\/revisions\/3902"}],"wp:featuredmedia":[{"embeddable":true,"href":"https:\/\/www.his.puc-rio.br\/pb\/wp-json\/wp\/v2\/media\/3898"}],"wp:attachment":[{"href":"https:\/\/www.his.puc-rio.br\/pb\/wp-json\/wp\/v2\/media?parent=3901"}],"wp:term":[{"taxonomy":"category","embeddable":true,"href":"https:\/\/www.his.puc-rio.br\/pb\/wp-json\/wp\/v2\/categories?post=3901"},{"taxonomy":"post_tag","embeddable":true,"href":"https:\/\/www.his.puc-rio.br\/pb\/wp-json\/wp\/v2\/tags?post=3901"}],"curies":[{"name":"wp","href":"https:\/\/api.w.org\/{rel}","templated":true}]}}