{"id":3986,"date":"2023-03-23T10:11:01","date_gmt":"2023-03-23T13:11:01","guid":{"rendered":"http:\/\/www.his.puc-rio.br\/pb\/?p=3986"},"modified":"2023-03-23T10:11:01","modified_gmt":"2023-03-23T13:11:01","slug":"minicurso-estudos-sobre-as-mulheres-negras-no-brasil-e-as-contribuicoes-do-feminismo-negro","status":"publish","type":"post","link":"https:\/\/www.his.puc-rio.br\/pb\/minicurso-estudos-sobre-as-mulheres-negras-no-brasil-e-as-contribuicoes-do-feminismo-negro\/","title":{"rendered":"Minicurso &#8211; Estudos sobre as mulheres negras no Brasil e as contribui\u00e7\u00f5es do feminismo negro"},"content":{"rendered":"<p><span style=\"color: #000000;\"><strong>Minicurso<\/strong> &#8211; Estudos sobre as mulheres negras no Brasil e as contribui\u00e7\u00f5es do feminismo negro<\/span><\/p>\n<p><span style=\"color: #000000;\"><strong>Inscri\u00e7\u00f5es:<\/strong><\/span><span style=\"color: #0000ff;\"><a style=\"color: #0000ff;\" href=\"https:\/\/forms.gle\/Y2qVT5Z3B4FeD4Zs7\"> https:\/\/forms.gle\/Y2qVT5Z3B4FeD4Zs7<\/a><\/span><\/p>\n<p><span style=\"color: #000000;\"><strong>Per\u00edodo de inscri\u00e7\u00e3o: <\/strong>22 a 31\/03\/2023<strong><br \/>\n<\/strong><strong>Per\u00edodo do curso: <\/strong>abril e maio de 2023.1 (14 e 28\/04\/2023) (05, 12, 19 e 26\/05\/2023)<\/span><br \/>\n<span style=\"color: #000000;\"><strong>Carga-hor\u00e1ria:<\/strong> 12 horas \u2013 1 (um) encontro semanal, \u00e0s sextas-feiras, totalizando 06 (seis) encontros.<\/span><br \/>\n<span style=\"color: #000000;\"><strong>Hor\u00e1rio:<\/strong> 11h00 \u00e0s 13h00mim.<\/span><br \/>\n<span style=\"color: #000000;\"><strong>Modalidade:<\/strong> Presencial<\/span><br \/>\n<span style=\"color: #000000;\"><strong>P\u00fablico Alvo:<\/strong> Estudantes de Gradua\u00e7\u00e3o do Centro de Ci\u00eancias Humanas.<\/span><br \/>\n<span style=\"color: #000000;\"><strong>Vagas:<\/strong> 35 pessoas<\/span><\/p>\n<p><span style=\"color: #000000;\"><strong>Ementa:<\/strong> Neste curso, interessa esmiu\u00e7ar estudos que evidenciem as experi\u00eancias de mulheres negras ao longo da hist\u00f3ria do Brasil; discutir a respeito do protagonismo feminino na luta por liberdade e por melhores condi\u00e7\u00f5es de vida para si mesmas, para seus familiares e para demais integrantes da comunidade negra; e identificar lacunas sobre seu passado que ainda precisam ser preenchidas pela historiografia<strong>. <\/strong><\/span><\/p>\n<p><span style=\"color: #000000;\">Do mesmo modo, buscaremos debater acerca da contribui\u00e7\u00e3o te\u00f3rica, metodol\u00f3gica, tem\u00e1tica e pol\u00edtica do feminismo negro para os estudos preocupados em visibilizar a atua\u00e7\u00e3o das mulheres negras nos diferentes processos hist\u00f3ricos; e avaliar o atual cen\u00e1rio pol\u00edtico no tocante a acolhida e a resist\u00eancia \u00e0s pautas trazidas pelo movimento de mulheres negras no pa\u00eds. <strong>Palavras-chave<\/strong>: Mulheres Negras, Hist\u00f3ria do Brasil, Feminismo Negro.<\/span><\/p>\n<p><span style=\"color: #000000;\"><strong>\u00a0<\/strong><\/span><\/p>\n<p><span style=\"color: #000000;\"><strong>Bibliografia:<\/strong><strong>\u00a0 \u00a0 \u00a0 \u00a0 \u00a0 \u00a0 \u00a0 \u00a0 \u00a0 \u00a0 \u00a0 \u00a0 \u00a0 \u00a0 \u00a0 \u00a0 \u00a0 \u00a0 \u00a0 \u00a0 \u00a0 \u00a0 \u00a0 \u00a0 \u00a0 \u00a0\u00a0<\/strong><\/span><\/p>\n<p><span style=\"color: #000000;\">ALMEIDA, Maril\u00e9ia de. <strong>Devir Quilombola.<\/strong> Editora Elefante: S\u00e3o Paulo, 2022.<\/span><\/p>\n<p><span style=\"color: #000000;\">COLLINS, Patricia Hill<em>. <\/em><strong>Pensamento feminista negro: conhecimento, consci\u00eancia e a pol\u00edtica do empoderamento.<\/strong> Tradu\u00e7\u00e3o: Jamille Pinheiro Dias. S\u00e3o Paulo: Boitempo, 2019.<\/span><\/p>\n<p><span style=\"color: #000000;\">COWLING, Camillia. <strong>Concebendo a liberdade:<\/strong> mulheres de cor, g\u00eanero e a aboli\u00e7\u00e3o da escravid\u00e3o nas cidades de Havana e Rio de Janeiro. Campinas: UNICAMP, 2018.<\/span><\/p>\n<p><span style=\"color: #000000;\">GONZALEZ, L\u00e9lia. <strong>Primavera para as Rosas Negras<\/strong>: L\u00e9lia Gonzalez em primeira pessoa&#8230; Di\u00e1spora Africana: Filhos da \u00c1frica, 2018.<\/span><\/p>\n<p><span style=\"color: #000000;\">LESSA, Luciana Falc\u00e3o. <strong>O que o racismo fez com voc\u00ea?<\/strong> Processos de resist\u00eancia e descoloniza\u00e7\u00e3o de mulheres integrantes da Rede de Mulheres Negras da Bahia. Tese (Doutorado) \u2013 UFBA\/CEAO. Salvador, 2020.<\/span><\/p>\n<p><span style=\"color: #000000;\">NASCIMENTO, Let\u00edcia Carolina Pereira do. <strong>Transfeminismo<\/strong><em>.<\/em> Coordena\u00e7\u00e3o: Djamila Ribeiro. Cole\u00e7\u00e3o: Feminismos plurais. S\u00e3o Paulo: Janda\u00edra, 2021.\u00a0<\/span><\/p>\n<p><span style=\"color: #000000;\">REIS, Isabel Cristina F. dos. \u201cRela\u00e7\u00f5es de g\u00eanero no cotidiano de mulheres negras da Bahia oitocentista.\u201d In: XAVIER, Giovana; FARIAS, Juliana B.; GOMES, Flavio dos S. (Org<strong>s<\/strong>.). <strong>Mulheres negras<\/strong> <strong>no Brasil da escravatura e do p\u00f3s-emancipa\u00e7\u00e3o.<\/strong> S\u00e3o Paulo: Selo Negro, 2012.<\/span><\/p>\n<p><span style=\"color: #000000;\">SANTOS, Lucimar F. dos. \u201cDisputas pelos significados da liberdade do ventre escravizado: epis\u00f3dios de fugas de africanas e de suas descendentes\u201d. In: MACHADO, Maria Helena P. T.; BRITO, Luciana da C.; VIANA, Iamara da S.; GOMES, Fl\u00e1vio dos S. (Orgs.). <strong>Ventres livres? G\u00eanero, maternidade e legisla\u00e7\u00e3o. <\/strong>S\u00e3o Paulo: Editora Unesp, 2021.\u00a0<\/span><\/p>","protected":false},"excerpt":{"rendered":"<p>Minicurso &#8211; Estudos sobre as mulheres negras no Brasil e as contribui\u00e7\u00f5es do feminismo negro Inscri\u00e7\u00f5es: https:\/\/forms.gle\/Y2qVT5Z3B4FeD4Zs7 Per\u00edodo de inscri\u00e7\u00e3o: 22 a 31\/03\/2023 Per\u00edodo do curso: abril e maio de 2023.1 (14 e 28\/04\/2023) (05, 12, 19 e 26\/05\/2023) Carga-hor\u00e1ria:<a class=\"moretag\" href=\"https:\/\/www.his.puc-rio.br\/pb\/minicurso-estudos-sobre-as-mulheres-negras-no-brasil-e-as-contribuicoes-do-feminismo-negro\/\">&#8230;<\/a><\/br><a href=\"https:\/\/www.his.puc-rio.br\/pb\/minicurso-estudos-sobre-as-mulheres-negras-no-brasil-e-as-contribuicoes-do-feminismo-negro\/\" class=\"read-more\">Leia mais..  <span class=\"glyphicon glyphicon-chevron-right\" ><\/span><\/a><\/p>\n","protected":false},"author":1,"featured_media":3987,"comment_status":"closed","ping_status":"open","sticky":false,"template":"","format":"standard","meta":{"footnotes":""},"categories":[1],"tags":[],"yoast_head":"<!-- This site is optimized with the Yoast SEO plugin v23.5 - https:\/\/yoast.com\/wordpress\/plugins\/seo\/ -->\n<title>Minicurso - Estudos sobre as mulheres negras no Brasil e as contribui\u00e7\u00f5es do feminismo negro  - Departamento de Hist\u00f3ria da PUC-Rio<\/title>\n<meta name=\"robots\" content=\"index, follow, max-snippet:-1, max-image-preview:large, max-video-preview:-1\" \/>\n<link rel=\"canonical\" href=\"http:\/\/www.his.puc-rio.br\/pb\/minicurso-estudos-sobre-as-mulheres-negras-no-brasil-e-as-contribuicoes-do-feminismo-negro\/\" \/>\n<meta property=\"og:locale\" content=\"pt_BR\" \/>\n<meta property=\"og:type\" content=\"article\" \/>\n<meta property=\"og:title\" content=\"Minicurso - Estudos sobre as mulheres negras no Brasil e as contribui\u00e7\u00f5es do feminismo negro  - Departamento de Hist\u00f3ria da PUC-Rio\" \/>\n<meta property=\"og:description\" content=\"Minicurso &#8211; Estudos sobre as mulheres negras no Brasil e as contribui\u00e7\u00f5es do feminismo negro Inscri\u00e7\u00f5es: https:\/\/forms.gle\/Y2qVT5Z3B4FeD4Zs7 Per\u00edodo de inscri\u00e7\u00e3o: 22 a 31\/03\/2023 Per\u00edodo do curso: abril e maio de 2023.1 (14 e 28\/04\/2023) (05, 12, 19 e 26\/05\/2023) Carga-hor\u00e1ria:...Leia mais..\" \/>\n<meta property=\"og:url\" content=\"http:\/\/www.his.puc-rio.br\/pb\/minicurso-estudos-sobre-as-mulheres-negras-no-brasil-e-as-contribuicoes-do-feminismo-negro\/\" \/>\n<meta property=\"og:site_name\" content=\"Departamento de Hist\u00f3ria da PUC-Rio\" \/>\n<meta property=\"article:published_time\" content=\"2023-03-23T13:11:01+00:00\" \/>\n<meta property=\"og:image\" content=\"http:\/\/www.his.puc-rio.br\/wp-content\/uploads\/6.-Minicurso.-Site.jpg\" \/>\n\t<meta property=\"og:image:width\" content=\"1836\" \/>\n\t<meta property=\"og:image:height\" content=\"1000\" \/>\n\t<meta property=\"og:image:type\" content=\"image\/jpeg\" \/>\n<meta name=\"author\" content=\"dephist\" \/>\n<meta name=\"twitter:card\" content=\"summary_large_image\" \/>\n<meta name=\"twitter:label1\" content=\"Escrito por\" \/>\n\t<meta name=\"twitter:data1\" content=\"dephist\" \/>\n\t<meta name=\"twitter:label2\" content=\"Est. tempo de leitura\" \/>\n\t<meta name=\"twitter:data2\" content=\"3 minutos\" \/>\n<script type=\"application\/ld+json\" class=\"yoast-schema-graph\">{\"@context\":\"https:\/\/schema.org\",\"@graph\":[{\"@type\":\"WebPage\",\"@id\":\"http:\/\/www.his.puc-rio.br\/pb\/minicurso-estudos-sobre-as-mulheres-negras-no-brasil-e-as-contribuicoes-do-feminismo-negro\/\",\"url\":\"http:\/\/www.his.puc-rio.br\/pb\/minicurso-estudos-sobre-as-mulheres-negras-no-brasil-e-as-contribuicoes-do-feminismo-negro\/\",\"name\":\"Minicurso - Estudos sobre as mulheres negras no Brasil e as contribui\u00e7\u00f5es do feminismo negro  - Departamento de Hist\u00f3ria da PUC-Rio\",\"isPartOf\":{\"@id\":\"http:\/\/www.his.puc-rio.br\/pb\/#website\"},\"primaryImageOfPage\":{\"@id\":\"http:\/\/www.his.puc-rio.br\/pb\/minicurso-estudos-sobre-as-mulheres-negras-no-brasil-e-as-contribuicoes-do-feminismo-negro\/#primaryimage\"},\"image\":{\"@id\":\"http:\/\/www.his.puc-rio.br\/pb\/minicurso-estudos-sobre-as-mulheres-negras-no-brasil-e-as-contribuicoes-do-feminismo-negro\/#primaryimage\"},\"thumbnailUrl\":\"https:\/\/www.his.puc-rio.br\/wp-content\/uploads\/6.-Minicurso.-Site.jpg\",\"datePublished\":\"2023-03-23T13:11:01+00:00\",\"dateModified\":\"2023-03-23T13:11:01+00:00\",\"author\":{\"@id\":\"http:\/\/www.his.puc-rio.br\/pb\/#\/schema\/person\/9e54900224aae47fd486e7013a22647b\"},\"breadcrumb\":{\"@id\":\"http:\/\/www.his.puc-rio.br\/pb\/minicurso-estudos-sobre-as-mulheres-negras-no-brasil-e-as-contribuicoes-do-feminismo-negro\/#breadcrumb\"},\"inLanguage\":\"pt-BR\",\"potentialAction\":[{\"@type\":\"ReadAction\",\"target\":[[\"http:\/\/www.his.puc-rio.br\/pb\/minicurso-estudos-sobre-as-mulheres-negras-no-brasil-e-as-contribuicoes-do-feminismo-negro\/\"]]}]},{\"@type\":\"ImageObject\",\"inLanguage\":\"pt-BR\",\"@id\":\"http:\/\/www.his.puc-rio.br\/pb\/minicurso-estudos-sobre-as-mulheres-negras-no-brasil-e-as-contribuicoes-do-feminismo-negro\/#primaryimage\",\"url\":\"https:\/\/www.his.puc-rio.br\/wp-content\/uploads\/6.-Minicurso.-Site.jpg\",\"contentUrl\":\"https:\/\/www.his.puc-rio.br\/wp-content\/uploads\/6.-Minicurso.-Site.jpg\",\"width\":1836,\"height\":1000},{\"@type\":\"BreadcrumbList\",\"@id\":\"http:\/\/www.his.puc-rio.br\/pb\/minicurso-estudos-sobre-as-mulheres-negras-no-brasil-e-as-contribuicoes-do-feminismo-negro\/#breadcrumb\",\"itemListElement\":[{\"@type\":\"ListItem\",\"position\":1,\"name\":\"In\u00edcio\",\"item\":\"http:\/\/www.his.puc-rio.br\/pb\/\"},{\"@type\":\"ListItem\",\"position\":2,\"name\":\"Minicurso &#8211; Estudos sobre as mulheres negras no Brasil e as contribui\u00e7\u00f5es do feminismo negro\"}]},{\"@type\":\"WebSite\",\"@id\":\"http:\/\/www.his.puc-rio.br\/pb\/#website\",\"url\":\"http:\/\/www.his.puc-rio.br\/pb\/\",\"name\":\"Departamento de Hist\u00f3ria da PUC-Rio\",\"description\":\"Cursos de Gradua\u00e7\u00e3o, P\u00f3s-gradua\u00e7\u00e3o, Mestrado e Doutorado\",\"potentialAction\":[{\"@type\":\"SearchAction\",\"target\":{\"@type\":\"EntryPoint\",\"urlTemplate\":\"http:\/\/www.his.puc-rio.br\/pb\/?s={search_term_string}\"},\"query-input\":{\"@type\":\"PropertyValueSpecification\",\"valueRequired\":true,\"valueName\":\"search_term_string\"}}],\"inLanguage\":\"pt-BR\"},{\"@type\":\"Person\",\"@id\":\"http:\/\/www.his.puc-rio.br\/pb\/#\/schema\/person\/9e54900224aae47fd486e7013a22647b\",\"name\":\"dephist\",\"image\":{\"@type\":\"ImageObject\",\"inLanguage\":\"pt-BR\",\"@id\":\"http:\/\/www.his.puc-rio.br\/pb\/#\/schema\/person\/image\/\",\"url\":\"https:\/\/secure.gravatar.com\/avatar\/bf2683cb6927d5fdbed7881a4ee37199?s=96&d=mm&r=g\",\"contentUrl\":\"https:\/\/secure.gravatar.com\/avatar\/bf2683cb6927d5fdbed7881a4ee37199?s=96&d=mm&r=g\",\"caption\":\"dephist\"},\"url\":\"https:\/\/www.his.puc-rio.br\/pb\/author\/dephist\/\"}]}<\/script>\n<!-- \/ Yoast SEO plugin. -->","yoast_head_json":{"title":"Minicurso - Estudos sobre as mulheres negras no Brasil e as contribui\u00e7\u00f5es do feminismo negro  - Departamento de Hist\u00f3ria da PUC-Rio","robots":{"index":"index","follow":"follow","max-snippet":"max-snippet:-1","max-image-preview":"max-image-preview:large","max-video-preview":"max-video-preview:-1"},"canonical":"http:\/\/www.his.puc-rio.br\/pb\/minicurso-estudos-sobre-as-mulheres-negras-no-brasil-e-as-contribuicoes-do-feminismo-negro\/","og_locale":"pt_BR","og_type":"article","og_title":"Minicurso - Estudos sobre as mulheres negras no Brasil e as contribui\u00e7\u00f5es do feminismo negro  - Departamento de Hist\u00f3ria da PUC-Rio","og_description":"Minicurso &#8211; Estudos sobre as mulheres negras no Brasil e as contribui\u00e7\u00f5es do feminismo negro Inscri\u00e7\u00f5es: https:\/\/forms.gle\/Y2qVT5Z3B4FeD4Zs7 Per\u00edodo de inscri\u00e7\u00e3o: 22 a 31\/03\/2023 Per\u00edodo do curso: abril e maio de 2023.1 (14 e 28\/04\/2023) (05, 12, 19 e 26\/05\/2023) Carga-hor\u00e1ria:...Leia mais..","og_url":"http:\/\/www.his.puc-rio.br\/pb\/minicurso-estudos-sobre-as-mulheres-negras-no-brasil-e-as-contribuicoes-do-feminismo-negro\/","og_site_name":"Departamento de Hist\u00f3ria da PUC-Rio","article_published_time":"2023-03-23T13:11:01+00:00","og_image":[{"width":1836,"height":1000,"url":"http:\/\/www.his.puc-rio.br\/wp-content\/uploads\/6.-Minicurso.-Site.jpg","type":"image\/jpeg"}],"author":"dephist","twitter_card":"summary_large_image","twitter_misc":{"Escrito por":"dephist","Est. tempo de leitura":"3 minutos"},"schema":{"@context":"https:\/\/schema.org","@graph":[{"@type":"WebPage","@id":"http:\/\/www.his.puc-rio.br\/pb\/minicurso-estudos-sobre-as-mulheres-negras-no-brasil-e-as-contribuicoes-do-feminismo-negro\/","url":"http:\/\/www.his.puc-rio.br\/pb\/minicurso-estudos-sobre-as-mulheres-negras-no-brasil-e-as-contribuicoes-do-feminismo-negro\/","name":"Minicurso - Estudos sobre as mulheres negras no Brasil e as contribui\u00e7\u00f5es do feminismo negro  - Departamento de Hist\u00f3ria da PUC-Rio","isPartOf":{"@id":"http:\/\/www.his.puc-rio.br\/pb\/#website"},"primaryImageOfPage":{"@id":"http:\/\/www.his.puc-rio.br\/pb\/minicurso-estudos-sobre-as-mulheres-negras-no-brasil-e-as-contribuicoes-do-feminismo-negro\/#primaryimage"},"image":{"@id":"http:\/\/www.his.puc-rio.br\/pb\/minicurso-estudos-sobre-as-mulheres-negras-no-brasil-e-as-contribuicoes-do-feminismo-negro\/#primaryimage"},"thumbnailUrl":"https:\/\/www.his.puc-rio.br\/wp-content\/uploads\/6.-Minicurso.-Site.jpg","datePublished":"2023-03-23T13:11:01+00:00","dateModified":"2023-03-23T13:11:01+00:00","author":{"@id":"http:\/\/www.his.puc-rio.br\/pb\/#\/schema\/person\/9e54900224aae47fd486e7013a22647b"},"breadcrumb":{"@id":"http:\/\/www.his.puc-rio.br\/pb\/minicurso-estudos-sobre-as-mulheres-negras-no-brasil-e-as-contribuicoes-do-feminismo-negro\/#breadcrumb"},"inLanguage":"pt-BR","potentialAction":[{"@type":"ReadAction","target":[["http:\/\/www.his.puc-rio.br\/pb\/minicurso-estudos-sobre-as-mulheres-negras-no-brasil-e-as-contribuicoes-do-feminismo-negro\/"]]}]},{"@type":"ImageObject","inLanguage":"pt-BR","@id":"http:\/\/www.his.puc-rio.br\/pb\/minicurso-estudos-sobre-as-mulheres-negras-no-brasil-e-as-contribuicoes-do-feminismo-negro\/#primaryimage","url":"https:\/\/www.his.puc-rio.br\/wp-content\/uploads\/6.-Minicurso.-Site.jpg","contentUrl":"https:\/\/www.his.puc-rio.br\/wp-content\/uploads\/6.-Minicurso.-Site.jpg","width":1836,"height":1000},{"@type":"BreadcrumbList","@id":"http:\/\/www.his.puc-rio.br\/pb\/minicurso-estudos-sobre-as-mulheres-negras-no-brasil-e-as-contribuicoes-do-feminismo-negro\/#breadcrumb","itemListElement":[{"@type":"ListItem","position":1,"name":"In\u00edcio","item":"http:\/\/www.his.puc-rio.br\/pb\/"},{"@type":"ListItem","position":2,"name":"Minicurso &#8211; Estudos sobre as mulheres negras no Brasil e as contribui\u00e7\u00f5es do feminismo negro"}]},{"@type":"WebSite","@id":"http:\/\/www.his.puc-rio.br\/pb\/#website","url":"http:\/\/www.his.puc-rio.br\/pb\/","name":"Departamento de Hist\u00f3ria da PUC-Rio","description":"Cursos de Gradua\u00e7\u00e3o, P\u00f3s-gradua\u00e7\u00e3o, Mestrado e Doutorado","potentialAction":[{"@type":"SearchAction","target":{"@type":"EntryPoint","urlTemplate":"http:\/\/www.his.puc-rio.br\/pb\/?s={search_term_string}"},"query-input":{"@type":"PropertyValueSpecification","valueRequired":true,"valueName":"search_term_string"}}],"inLanguage":"pt-BR"},{"@type":"Person","@id":"http:\/\/www.his.puc-rio.br\/pb\/#\/schema\/person\/9e54900224aae47fd486e7013a22647b","name":"dephist","image":{"@type":"ImageObject","inLanguage":"pt-BR","@id":"http:\/\/www.his.puc-rio.br\/pb\/#\/schema\/person\/image\/","url":"https:\/\/secure.gravatar.com\/avatar\/bf2683cb6927d5fdbed7881a4ee37199?s=96&d=mm&r=g","contentUrl":"https:\/\/secure.gravatar.com\/avatar\/bf2683cb6927d5fdbed7881a4ee37199?s=96&d=mm&r=g","caption":"dephist"},"url":"https:\/\/www.his.puc-rio.br\/pb\/author\/dephist\/"}]}},"jetpack_featured_media_url":"https:\/\/www.his.puc-rio.br\/wp-content\/uploads\/6.-Minicurso.-Site.jpg","_links":{"self":[{"href":"https:\/\/www.his.puc-rio.br\/pb\/wp-json\/wp\/v2\/posts\/3986"}],"collection":[{"href":"https:\/\/www.his.puc-rio.br\/pb\/wp-json\/wp\/v2\/posts"}],"about":[{"href":"https:\/\/www.his.puc-rio.br\/pb\/wp-json\/wp\/v2\/types\/post"}],"author":[{"embeddable":true,"href":"https:\/\/www.his.puc-rio.br\/pb\/wp-json\/wp\/v2\/users\/1"}],"replies":[{"embeddable":true,"href":"https:\/\/www.his.puc-rio.br\/pb\/wp-json\/wp\/v2\/comments?post=3986"}],"version-history":[{"count":1,"href":"https:\/\/www.his.puc-rio.br\/pb\/wp-json\/wp\/v2\/posts\/3986\/revisions"}],"predecessor-version":[{"id":3988,"href":"https:\/\/www.his.puc-rio.br\/pb\/wp-json\/wp\/v2\/posts\/3986\/revisions\/3988"}],"wp:featuredmedia":[{"embeddable":true,"href":"https:\/\/www.his.puc-rio.br\/pb\/wp-json\/wp\/v2\/media\/3987"}],"wp:attachment":[{"href":"https:\/\/www.his.puc-rio.br\/pb\/wp-json\/wp\/v2\/media?parent=3986"}],"wp:term":[{"taxonomy":"category","embeddable":true,"href":"https:\/\/www.his.puc-rio.br\/pb\/wp-json\/wp\/v2\/categories?post=3986"},{"taxonomy":"post_tag","embeddable":true,"href":"https:\/\/www.his.puc-rio.br\/pb\/wp-json\/wp\/v2\/tags?post=3986"}],"curies":[{"name":"wp","href":"https:\/\/api.w.org\/{rel}","templated":true}]}}