{"id":4066,"date":"2023-05-10T10:18:28","date_gmt":"2023-05-10T13:18:28","guid":{"rendered":"http:\/\/www.his.puc-rio.br\/pb\/?p=4066"},"modified":"2023-05-10T10:19:47","modified_gmt":"2023-05-10T13:19:47","slug":"palestra-guimaraes-rosa-le-homero-os-similes-da-iliada-no-grande-sertao-veredas","status":"publish","type":"post","link":"https:\/\/www.his.puc-rio.br\/pb\/palestra-guimaraes-rosa-le-homero-os-similes-da-iliada-no-grande-sertao-veredas\/","title":{"rendered":"Palestra: Guimar\u00e3es Rosa l\u00ea Homero: os s\u00edmiles da Il\u00edada no Grande Sert\u00e3o: Veredas"},"content":{"rendered":"<p><span style=\"color: #000000;\"><strong>O Laborat\u00f3rio de Estudos sobre Fic\u00e7\u00e3o e Hist\u00f3ria (LEFH) convida para a palestra de Lorena Lopes<\/strong><\/span><\/p>\n<p><span style=\"color: #000000;\"><strong><em>Guimar\u00e3es Rosa l\u00ea Homero: os s\u00edmiles da <\/em><\/strong><strong>Il\u00edada<em> no <\/em>Grande Sert\u00e3o: Veredas<\/strong><\/span><\/p>\n<p><span style=\"color: #000000;\"><strong>Dia 26\/05, sexta-feira, 10h<\/strong><\/span><\/p>\n<p><span style=\"color: #000000;\"><strong>Sala Walmer\/ Depto de Hist\u00f3ria da PUC-Rio<\/strong><\/span><\/p>\n<p><span style=\"color: #000000;\">A partir das anota\u00e7\u00f5es de leitura que Guimar\u00e3es Rosa fez da <em>Il\u00edada, <\/em>a apresenta\u00e7\u00e3o analisar\u00e1 como Guimar\u00e3es Rosa se apropria da poesia \u00e9pica em sua obra liter\u00e1ria.<\/span><\/p>\n<p><span style=\"color: #000000;\">Lorena Lopes \u00e9 professora de Hist\u00f3ria Antiga do Instituto de Hist\u00f3ria da UFRJ e autora de <em>Her\u00f3is antigos e modernos: a falsifica\u00e7\u00e3o para se pensar a hist\u00f3ria <\/em>(Fino Tra\u00e7o Editora)<\/span><\/p>\n<p><span style=\"color: #000000;\"><strong>LEFH &#8211; Laborat\u00f3rio de Estudos sobre Fic\u00e7\u00e3o e Hist\u00f3ria<\/strong><\/span><\/p>\n<p><span style=\"color: #000000;\">Este evento inaugura o Laborat\u00f3rio de Estudos sobre Fic\u00e7\u00e3o e Hist\u00f3ria (LEFH), coordenado por Luiza Larangeira (UFRJ) e Henrique Estrada (PUC-Rio). O LEFH formaliza uma din\u00e2mica j\u00e1 antiga de discuss\u00f5es sobre a quest\u00e3o da ficcionalidade, tecida por la\u00e7os de amizade e coopera\u00e7\u00e3o interinstitucional entre docentes de Teoria da Hist\u00f3ria sediados no Rio de Janeiro. Essas discuss\u00f5es t\u00eam investigado, na historicidade das formas liter\u00e1rias, diferentes configura\u00e7\u00f5es de um saber da hist\u00f3ria perme\u00e1vel \u00e0 imagina\u00e7\u00e3o dos poss\u00edveis, humanos e n\u00e3o-humanos, ut\u00f3picos e dist\u00f3picos. Assim, esperamos reunir energias esparsas por diferentes institui\u00e7\u00f5es, fomentar atividades conjuntas, estimular parcerias com \u00e1reas afins e fazer da reflex\u00e3o te\u00f3rica o <em>locus<\/em> da (pro)voca\u00e7\u00e3o, vale dizer, da experimenta\u00e7\u00e3o conceitual e do ensaio de formas n\u00e3o dogm\u00e1ticas de exposi\u00e7\u00e3o. \u00a0<\/span><\/p>","protected":false},"excerpt":{"rendered":"<p>O Laborat\u00f3rio de Estudos sobre Fic\u00e7\u00e3o e Hist\u00f3ria (LEFH) convida para a palestra de Lorena Lopes Guimar\u00e3es Rosa l\u00ea Homero: os s\u00edmiles da Il\u00edada no Grande Sert\u00e3o: Veredas Dia 26\/05, sexta-feira, 10h Sala Walmer\/ Depto de Hist\u00f3ria da PUC-Rio A<a class=\"moretag\" href=\"https:\/\/www.his.puc-rio.br\/pb\/palestra-guimaraes-rosa-le-homero-os-similes-da-iliada-no-grande-sertao-veredas\/\">&#8230;<\/a><\/br><a href=\"https:\/\/www.his.puc-rio.br\/pb\/palestra-guimaraes-rosa-le-homero-os-similes-da-iliada-no-grande-sertao-veredas\/\" class=\"read-more\">Leia mais..  <span class=\"glyphicon glyphicon-chevron-right\" ><\/span><\/a><\/p>\n","protected":false},"author":1,"featured_media":4068,"comment_status":"closed","ping_status":"open","sticky":false,"template":"","format":"standard","meta":{"footnotes":""},"categories":[1],"tags":[],"yoast_head":"<!-- This site is optimized with the Yoast SEO plugin v23.5 - https:\/\/yoast.com\/wordpress\/plugins\/seo\/ -->\n<title>Palestra: Guimar\u00e3es Rosa l\u00ea Homero: os s\u00edmiles da Il\u00edada no Grande Sert\u00e3o: Veredas - Departamento de Hist\u00f3ria da PUC-Rio<\/title>\n<meta name=\"robots\" content=\"index, follow, max-snippet:-1, max-image-preview:large, max-video-preview:-1\" \/>\n<link rel=\"canonical\" href=\"http:\/\/www.his.puc-rio.br\/pb\/palestra-guimaraes-rosa-le-homero-os-similes-da-iliada-no-grande-sertao-veredas\/\" \/>\n<meta property=\"og:locale\" content=\"pt_BR\" \/>\n<meta property=\"og:type\" content=\"article\" \/>\n<meta property=\"og:title\" content=\"Palestra: Guimar\u00e3es Rosa l\u00ea Homero: os s\u00edmiles da Il\u00edada no Grande Sert\u00e3o: Veredas - Departamento de Hist\u00f3ria da PUC-Rio\" \/>\n<meta property=\"og:description\" content=\"O Laborat\u00f3rio de Estudos sobre Fic\u00e7\u00e3o e Hist\u00f3ria (LEFH) convida para a palestra de Lorena Lopes Guimar\u00e3es Rosa l\u00ea Homero: os s\u00edmiles da Il\u00edada no Grande Sert\u00e3o: Veredas Dia 26\/05, sexta-feira, 10h Sala Walmer\/ Depto de Hist\u00f3ria da PUC-Rio A...Leia mais..\" \/>\n<meta property=\"og:url\" content=\"http:\/\/www.his.puc-rio.br\/pb\/palestra-guimaraes-rosa-le-homero-os-similes-da-iliada-no-grande-sertao-veredas\/\" \/>\n<meta property=\"og:site_name\" content=\"Departamento de Hist\u00f3ria da PUC-Rio\" \/>\n<meta property=\"article:published_time\" content=\"2023-05-10T13:18:28+00:00\" \/>\n<meta property=\"article:modified_time\" content=\"2023-05-10T13:19:47+00:00\" \/>\n<meta property=\"og:image\" content=\"http:\/\/www.his.puc-rio.br\/wp-content\/uploads\/Palestra-Guimaraes-Rosa-le-Homero-os-similes-da-Iliada-no-Grande-Sertao-Veredas-site.jpg\" \/>\n\t<meta property=\"og:image:width\" content=\"1836\" \/>\n\t<meta property=\"og:image:height\" content=\"1000\" \/>\n\t<meta property=\"og:image:type\" content=\"image\/jpeg\" \/>\n<meta name=\"author\" content=\"dephist\" \/>\n<meta name=\"twitter:card\" content=\"summary_large_image\" \/>\n<meta name=\"twitter:label1\" content=\"Escrito por\" \/>\n\t<meta name=\"twitter:data1\" content=\"dephist\" \/>\n\t<meta name=\"twitter:label2\" content=\"Est. tempo de leitura\" \/>\n\t<meta name=\"twitter:data2\" content=\"2 minutos\" \/>\n<script type=\"application\/ld+json\" class=\"yoast-schema-graph\">{\"@context\":\"https:\/\/schema.org\",\"@graph\":[{\"@type\":\"WebPage\",\"@id\":\"http:\/\/www.his.puc-rio.br\/pb\/palestra-guimaraes-rosa-le-homero-os-similes-da-iliada-no-grande-sertao-veredas\/\",\"url\":\"http:\/\/www.his.puc-rio.br\/pb\/palestra-guimaraes-rosa-le-homero-os-similes-da-iliada-no-grande-sertao-veredas\/\",\"name\":\"Palestra: Guimar\u00e3es Rosa l\u00ea Homero: os s\u00edmiles da Il\u00edada no Grande Sert\u00e3o: Veredas - Departamento de Hist\u00f3ria da PUC-Rio\",\"isPartOf\":{\"@id\":\"http:\/\/www.his.puc-rio.br\/pb\/#website\"},\"primaryImageOfPage\":{\"@id\":\"http:\/\/www.his.puc-rio.br\/pb\/palestra-guimaraes-rosa-le-homero-os-similes-da-iliada-no-grande-sertao-veredas\/#primaryimage\"},\"image\":{\"@id\":\"http:\/\/www.his.puc-rio.br\/pb\/palestra-guimaraes-rosa-le-homero-os-similes-da-iliada-no-grande-sertao-veredas\/#primaryimage\"},\"thumbnailUrl\":\"https:\/\/www.his.puc-rio.br\/wp-content\/uploads\/Palestra-Guimaraes-Rosa-le-Homero-os-similes-da-Iliada-no-Grande-Sertao-Veredas-site.jpg\",\"datePublished\":\"2023-05-10T13:18:28+00:00\",\"dateModified\":\"2023-05-10T13:19:47+00:00\",\"author\":{\"@id\":\"http:\/\/www.his.puc-rio.br\/pb\/#\/schema\/person\/9e54900224aae47fd486e7013a22647b\"},\"breadcrumb\":{\"@id\":\"http:\/\/www.his.puc-rio.br\/pb\/palestra-guimaraes-rosa-le-homero-os-similes-da-iliada-no-grande-sertao-veredas\/#breadcrumb\"},\"inLanguage\":\"pt-BR\",\"potentialAction\":[{\"@type\":\"ReadAction\",\"target\":[[\"http:\/\/www.his.puc-rio.br\/pb\/palestra-guimaraes-rosa-le-homero-os-similes-da-iliada-no-grande-sertao-veredas\/\"]]}]},{\"@type\":\"ImageObject\",\"inLanguage\":\"pt-BR\",\"@id\":\"http:\/\/www.his.puc-rio.br\/pb\/palestra-guimaraes-rosa-le-homero-os-similes-da-iliada-no-grande-sertao-veredas\/#primaryimage\",\"url\":\"https:\/\/www.his.puc-rio.br\/wp-content\/uploads\/Palestra-Guimaraes-Rosa-le-Homero-os-similes-da-Iliada-no-Grande-Sertao-Veredas-site.jpg\",\"contentUrl\":\"https:\/\/www.his.puc-rio.br\/wp-content\/uploads\/Palestra-Guimaraes-Rosa-le-Homero-os-similes-da-Iliada-no-Grande-Sertao-Veredas-site.jpg\",\"width\":1836,\"height\":1000},{\"@type\":\"BreadcrumbList\",\"@id\":\"http:\/\/www.his.puc-rio.br\/pb\/palestra-guimaraes-rosa-le-homero-os-similes-da-iliada-no-grande-sertao-veredas\/#breadcrumb\",\"itemListElement\":[{\"@type\":\"ListItem\",\"position\":1,\"name\":\"In\u00edcio\",\"item\":\"http:\/\/www.his.puc-rio.br\/pb\/\"},{\"@type\":\"ListItem\",\"position\":2,\"name\":\"Palestra: Guimar\u00e3es Rosa l\u00ea Homero: os s\u00edmiles da Il\u00edada no Grande Sert\u00e3o: Veredas\"}]},{\"@type\":\"WebSite\",\"@id\":\"http:\/\/www.his.puc-rio.br\/pb\/#website\",\"url\":\"http:\/\/www.his.puc-rio.br\/pb\/\",\"name\":\"Departamento de Hist\u00f3ria da PUC-Rio\",\"description\":\"Cursos de Gradua\u00e7\u00e3o, P\u00f3s-gradua\u00e7\u00e3o, Mestrado e Doutorado\",\"potentialAction\":[{\"@type\":\"SearchAction\",\"target\":{\"@type\":\"EntryPoint\",\"urlTemplate\":\"http:\/\/www.his.puc-rio.br\/pb\/?s={search_term_string}\"},\"query-input\":{\"@type\":\"PropertyValueSpecification\",\"valueRequired\":true,\"valueName\":\"search_term_string\"}}],\"inLanguage\":\"pt-BR\"},{\"@type\":\"Person\",\"@id\":\"http:\/\/www.his.puc-rio.br\/pb\/#\/schema\/person\/9e54900224aae47fd486e7013a22647b\",\"name\":\"dephist\",\"image\":{\"@type\":\"ImageObject\",\"inLanguage\":\"pt-BR\",\"@id\":\"http:\/\/www.his.puc-rio.br\/pb\/#\/schema\/person\/image\/\",\"url\":\"https:\/\/secure.gravatar.com\/avatar\/bf2683cb6927d5fdbed7881a4ee37199?s=96&d=mm&r=g\",\"contentUrl\":\"https:\/\/secure.gravatar.com\/avatar\/bf2683cb6927d5fdbed7881a4ee37199?s=96&d=mm&r=g\",\"caption\":\"dephist\"},\"url\":\"https:\/\/www.his.puc-rio.br\/pb\/author\/dephist\/\"}]}<\/script>\n<!-- \/ Yoast SEO plugin. -->","yoast_head_json":{"title":"Palestra: Guimar\u00e3es Rosa l\u00ea Homero: os s\u00edmiles da Il\u00edada no Grande Sert\u00e3o: Veredas - Departamento de Hist\u00f3ria da PUC-Rio","robots":{"index":"index","follow":"follow","max-snippet":"max-snippet:-1","max-image-preview":"max-image-preview:large","max-video-preview":"max-video-preview:-1"},"canonical":"http:\/\/www.his.puc-rio.br\/pb\/palestra-guimaraes-rosa-le-homero-os-similes-da-iliada-no-grande-sertao-veredas\/","og_locale":"pt_BR","og_type":"article","og_title":"Palestra: Guimar\u00e3es Rosa l\u00ea Homero: os s\u00edmiles da Il\u00edada no Grande Sert\u00e3o: Veredas - Departamento de Hist\u00f3ria da PUC-Rio","og_description":"O Laborat\u00f3rio de Estudos sobre Fic\u00e7\u00e3o e Hist\u00f3ria (LEFH) convida para a palestra de Lorena Lopes Guimar\u00e3es Rosa l\u00ea Homero: os s\u00edmiles da Il\u00edada no Grande Sert\u00e3o: Veredas Dia 26\/05, sexta-feira, 10h Sala Walmer\/ Depto de Hist\u00f3ria da PUC-Rio A...Leia mais..","og_url":"http:\/\/www.his.puc-rio.br\/pb\/palestra-guimaraes-rosa-le-homero-os-similes-da-iliada-no-grande-sertao-veredas\/","og_site_name":"Departamento de Hist\u00f3ria da PUC-Rio","article_published_time":"2023-05-10T13:18:28+00:00","article_modified_time":"2023-05-10T13:19:47+00:00","og_image":[{"width":1836,"height":1000,"url":"http:\/\/www.his.puc-rio.br\/wp-content\/uploads\/Palestra-Guimaraes-Rosa-le-Homero-os-similes-da-Iliada-no-Grande-Sertao-Veredas-site.jpg","type":"image\/jpeg"}],"author":"dephist","twitter_card":"summary_large_image","twitter_misc":{"Escrito por":"dephist","Est. tempo de leitura":"2 minutos"},"schema":{"@context":"https:\/\/schema.org","@graph":[{"@type":"WebPage","@id":"http:\/\/www.his.puc-rio.br\/pb\/palestra-guimaraes-rosa-le-homero-os-similes-da-iliada-no-grande-sertao-veredas\/","url":"http:\/\/www.his.puc-rio.br\/pb\/palestra-guimaraes-rosa-le-homero-os-similes-da-iliada-no-grande-sertao-veredas\/","name":"Palestra: Guimar\u00e3es Rosa l\u00ea Homero: os s\u00edmiles da Il\u00edada no Grande Sert\u00e3o: Veredas - Departamento de Hist\u00f3ria da PUC-Rio","isPartOf":{"@id":"http:\/\/www.his.puc-rio.br\/pb\/#website"},"primaryImageOfPage":{"@id":"http:\/\/www.his.puc-rio.br\/pb\/palestra-guimaraes-rosa-le-homero-os-similes-da-iliada-no-grande-sertao-veredas\/#primaryimage"},"image":{"@id":"http:\/\/www.his.puc-rio.br\/pb\/palestra-guimaraes-rosa-le-homero-os-similes-da-iliada-no-grande-sertao-veredas\/#primaryimage"},"thumbnailUrl":"https:\/\/www.his.puc-rio.br\/wp-content\/uploads\/Palestra-Guimaraes-Rosa-le-Homero-os-similes-da-Iliada-no-Grande-Sertao-Veredas-site.jpg","datePublished":"2023-05-10T13:18:28+00:00","dateModified":"2023-05-10T13:19:47+00:00","author":{"@id":"http:\/\/www.his.puc-rio.br\/pb\/#\/schema\/person\/9e54900224aae47fd486e7013a22647b"},"breadcrumb":{"@id":"http:\/\/www.his.puc-rio.br\/pb\/palestra-guimaraes-rosa-le-homero-os-similes-da-iliada-no-grande-sertao-veredas\/#breadcrumb"},"inLanguage":"pt-BR","potentialAction":[{"@type":"ReadAction","target":[["http:\/\/www.his.puc-rio.br\/pb\/palestra-guimaraes-rosa-le-homero-os-similes-da-iliada-no-grande-sertao-veredas\/"]]}]},{"@type":"ImageObject","inLanguage":"pt-BR","@id":"http:\/\/www.his.puc-rio.br\/pb\/palestra-guimaraes-rosa-le-homero-os-similes-da-iliada-no-grande-sertao-veredas\/#primaryimage","url":"https:\/\/www.his.puc-rio.br\/wp-content\/uploads\/Palestra-Guimaraes-Rosa-le-Homero-os-similes-da-Iliada-no-Grande-Sertao-Veredas-site.jpg","contentUrl":"https:\/\/www.his.puc-rio.br\/wp-content\/uploads\/Palestra-Guimaraes-Rosa-le-Homero-os-similes-da-Iliada-no-Grande-Sertao-Veredas-site.jpg","width":1836,"height":1000},{"@type":"BreadcrumbList","@id":"http:\/\/www.his.puc-rio.br\/pb\/palestra-guimaraes-rosa-le-homero-os-similes-da-iliada-no-grande-sertao-veredas\/#breadcrumb","itemListElement":[{"@type":"ListItem","position":1,"name":"In\u00edcio","item":"http:\/\/www.his.puc-rio.br\/pb\/"},{"@type":"ListItem","position":2,"name":"Palestra: Guimar\u00e3es Rosa l\u00ea Homero: os s\u00edmiles da Il\u00edada no Grande Sert\u00e3o: Veredas"}]},{"@type":"WebSite","@id":"http:\/\/www.his.puc-rio.br\/pb\/#website","url":"http:\/\/www.his.puc-rio.br\/pb\/","name":"Departamento de Hist\u00f3ria da PUC-Rio","description":"Cursos de Gradua\u00e7\u00e3o, P\u00f3s-gradua\u00e7\u00e3o, Mestrado e Doutorado","potentialAction":[{"@type":"SearchAction","target":{"@type":"EntryPoint","urlTemplate":"http:\/\/www.his.puc-rio.br\/pb\/?s={search_term_string}"},"query-input":{"@type":"PropertyValueSpecification","valueRequired":true,"valueName":"search_term_string"}}],"inLanguage":"pt-BR"},{"@type":"Person","@id":"http:\/\/www.his.puc-rio.br\/pb\/#\/schema\/person\/9e54900224aae47fd486e7013a22647b","name":"dephist","image":{"@type":"ImageObject","inLanguage":"pt-BR","@id":"http:\/\/www.his.puc-rio.br\/pb\/#\/schema\/person\/image\/","url":"https:\/\/secure.gravatar.com\/avatar\/bf2683cb6927d5fdbed7881a4ee37199?s=96&d=mm&r=g","contentUrl":"https:\/\/secure.gravatar.com\/avatar\/bf2683cb6927d5fdbed7881a4ee37199?s=96&d=mm&r=g","caption":"dephist"},"url":"https:\/\/www.his.puc-rio.br\/pb\/author\/dephist\/"}]}},"jetpack_featured_media_url":"https:\/\/www.his.puc-rio.br\/wp-content\/uploads\/Palestra-Guimaraes-Rosa-le-Homero-os-similes-da-Iliada-no-Grande-Sertao-Veredas-site.jpg","_links":{"self":[{"href":"https:\/\/www.his.puc-rio.br\/pb\/wp-json\/wp\/v2\/posts\/4066"}],"collection":[{"href":"https:\/\/www.his.puc-rio.br\/pb\/wp-json\/wp\/v2\/posts"}],"about":[{"href":"https:\/\/www.his.puc-rio.br\/pb\/wp-json\/wp\/v2\/types\/post"}],"author":[{"embeddable":true,"href":"https:\/\/www.his.puc-rio.br\/pb\/wp-json\/wp\/v2\/users\/1"}],"replies":[{"embeddable":true,"href":"https:\/\/www.his.puc-rio.br\/pb\/wp-json\/wp\/v2\/comments?post=4066"}],"version-history":[{"count":1,"href":"https:\/\/www.his.puc-rio.br\/pb\/wp-json\/wp\/v2\/posts\/4066\/revisions"}],"predecessor-version":[{"id":4067,"href":"https:\/\/www.his.puc-rio.br\/pb\/wp-json\/wp\/v2\/posts\/4066\/revisions\/4067"}],"wp:featuredmedia":[{"embeddable":true,"href":"https:\/\/www.his.puc-rio.br\/pb\/wp-json\/wp\/v2\/media\/4068"}],"wp:attachment":[{"href":"https:\/\/www.his.puc-rio.br\/pb\/wp-json\/wp\/v2\/media?parent=4066"}],"wp:term":[{"taxonomy":"category","embeddable":true,"href":"https:\/\/www.his.puc-rio.br\/pb\/wp-json\/wp\/v2\/categories?post=4066"},{"taxonomy":"post_tag","embeddable":true,"href":"https:\/\/www.his.puc-rio.br\/pb\/wp-json\/wp\/v2\/tags?post=4066"}],"curies":[{"name":"wp","href":"https:\/\/api.w.org\/{rel}","templated":true}]}}