{"id":4842,"date":"2025-05-06T11:07:55","date_gmt":"2025-05-06T14:07:55","guid":{"rendered":"http:\/\/www.his.puc-rio.br\/pb\/?p=4842"},"modified":"2025-05-06T11:07:55","modified_gmt":"2025-05-06T14:07:55","slug":"seminario-internacional-move-la-america-programacao","status":"publish","type":"post","link":"https:\/\/www.his.puc-rio.br\/pb\/seminario-internacional-move-la-america-programacao\/","title":{"rendered":"Semin\u00e1rio Internacional MOVE LA AM\u00c9RICA &#8211; Programa\u00e7\u00e3o"},"content":{"rendered":"<p><\/p>\n<h3><span style=\"color: #000000;\">Programa\u00e7\u00e3o<\/span><\/h3>\n<p><span style=\"color: #000000;\"><strong>9:30 &#8211; 10:00 Mesa de apertura: Abriendo caminos para Move La Am\u00e9rica<\/strong> <\/span><br \/>\n<span style=\"color: #000000;\">Dr. Diego Galeano &#8211; Pontif\u00edcia Universidade Cat\u00f3lica do Rio de Janeiro (PUC-Rio)<\/span><br \/>\n<span style=\"color: #000000;\">Dra. Mar\u00eda Elisa Noronha de S\u00e1 &#8211; Pontif\u00edcia Universidade Cat\u00f3lica do Rio de Janeiro (PUC-Rio)<\/span><\/p>\n<p><span style=\"color: #000000;\"><strong>10:00 &#8211; 11:00 Mesa 1: Crisis pol\u00edticas y transformaciones sociales<\/strong><\/span><br \/>\n<span style=\"color: #000000;\">Aproximaci\u00f3n a la relaci\u00f3n simb\u00f3lica entre la democracia representativa y la ciudadan\u00eda<\/span><br \/>\n<span style=\"color: #000000;\">venezolana en el marco de la crisis del modelo (1980-1990)<\/span><br \/>\n<span style=\"color: #000000;\"><strong>Carlos Alfonso Franco Gil &#8211; Universidad Central de Venezuela (UCV)<br \/>\n<\/strong><\/span><br \/>\n<span style=\"color: #000000;\">Crimen y pol\u00edtica: pr\u00e1cticas y concepciones de la violencia anarquista en los a\u00f1os 20 en Argentina<\/span><br \/>\n<span style=\"color: #000000;\"><strong>Bruno Nicol\u00e1s Elviretti &#8211; Universidad Nacional de General Sarmiento (UNGS<\/strong>)<\/span><\/p>\n<p><span style=\"color: #000000;\">12:00 &#8211; 14:00 &#8211; Receso<\/span><\/p>\n<p><span style=\"color: #000000;\"><strong>11:00 &#8211; 12:00 Mesa 2: Esclavitud, pos abolici\u00f3n y memorias afrodescendientes<\/strong> <\/span><br \/>\n<span style=\"color: #000000;\">La abolici\u00f3n despu\u00e9s de la abolici\u00f3n. M\u00e9todos, historiograf\u00edas y fuentes para pensar la<\/span><br \/>\n<span style=\"color: #000000;\">posabolici\u00f3n de la esclavitud en Santa Fe (Argentina) durante la segunda mitad del siglo XIX<\/span><br \/>\n<span style=\"color: #000000;\"><strong>Ariel Viola &#8211; Pontif\u00edcia Universidade Cat\u00f3lica do Rio de Janeiro (PUC-Rio)<br \/>\n<\/strong><\/span><br \/>\n<span style=\"color: #000000;\">Cartograf\u00edas negras en las Am\u00e9ricas: los CCNA y la construcci\u00f3n de un pensamiento negro<\/span><br \/>\n<span style=\"color: #000000;\">transnacional (1977\u20131992)<\/span><br \/>\n<span style=\"color: #000000;\"><strong>Julimar Mora Silva &#8211; Pontif\u00edcia Universidade Cat\u00f3lica do Rio de Janeiro (PUC-Rio)<\/strong><\/span><\/p>\n<p><span style=\"color: #000000;\"><strong>14:00 &#8211; 15:00 Mesa 3: Conexiones transatl\u00e1nticas y narrativas hist\u00f3ricas<\/strong><\/span><br \/>\n<span style=\"color: #000000;\">Noticias Mar\u00edtimas: comunicaciones entre el mar y los puertos y su presencia en la prensa<\/span><br \/>\n<span style=\"color: #000000;\">porte\u00f1a entre 1852 y 1914)<\/span><br \/>\n<span style=\"color: #000000;\"><strong>Romina Caldera &#8211; Universidad Nacional de General San Mart\u00edn (UNSAM)<br \/>\n<\/strong><\/span><br \/>\n<span style=\"color: #000000;\">Fragmentos pasados, valoraciones presentes: la colecci\u00f3n Nueva C\u00e1diz de Cubagua<\/span><br \/>\n<span style=\"color: #000000;\"><strong>Josennya Noro\u00f1o Torres &#8211; Universidad Sim\u00f3n Bol\u00edvar (USB)<br \/>\n<\/strong><\/span><br \/>\n<span style=\"color: #000000;\"><strong>15:00 &#8211; 16:00 Mesa 4: Trabajo, instituciones y resistencias<\/strong><\/span><br \/>\n<span style=\"color: #000000;\">Un accidente como manifestaci\u00f3n de la conflictividad laboral. Reflexiones a partir del accidente<\/span><br \/>\n<span style=\"color: #000000;\">de la cantera de Su\u00e1rez (Uruguay, 1 de octubre de 1977)<\/span><br \/>\n<span style=\"color: #000000;\"><strong>Sabrina \u00c1lvarez &#8211; Universidad de la Rep\u00fablica (Udelar)<br \/>\n<\/strong><\/span><br \/>\n<span style=\"color: #000000;\">Formar el car\u00e1cter: un acercamiento antropol\u00f3gico a la vida de cadete en la Escuela Penitenciaria<\/span><br \/>\n<span style=\"color: #000000;\">de la Naci\u00f3n<\/span><br \/>\n<span style=\"color: #000000;\"><strong>Luc\u00eda Pereyra &#8211; Universidad Nacional de General San Mart\u00edn (UNSAM)<br \/>\n<\/strong><\/span><br \/>\n<span style=\"color: #000000;\">Narrativas Institucionales sobre el sacrificio policial en la \u201cRevista Polic\u00eda Nacional de Colombia\u201d<\/span><br \/>\n<span style=\"color: #000000;\">(1965\u20131993)<\/span><br \/>\n<span style=\"color: #000000;\"><strong>H\u00e9ctor Miguel L\u00f3pez Castrill\u00f3n &#8211; Universidad Externado de Colombia (UEXTERNADO)<\/strong><\/span><\/p>\n<p><span style=\"color: #000000;\"><strong>16:00 &#8211; 17:00 Mesa 5: Representaciones culturales y trabajo art\u00edstico<\/strong><\/span><br \/>\n<span style=\"color: #000000;\">La representaci\u00f3n de mujeres en la fotograf\u00eda de Santa Fe (Argentina) entre los siglos XIX y XX<\/span><br \/>\n<span style=\"color: #000000;\"><strong>Mar\u00eda Florencia Rittiner Basaez &#8211; Universidad Nacional del Litoral (UNL)<br \/>\n<\/strong><\/span><br \/>\n<span style=\"color: #000000;\">El espacio se vuelve pol\u00edtico. Los edificios de radio en la ciudad de Buenos Aires como expresi\u00f3n<\/span><br \/>\n<span style=\"color: #000000;\">de los conflictos sociales (1944-1945)<\/span><br \/>\n<span style=\"color: #000000;\"><strong>Paula Mart\u00ednez Almudevar &#8211; Universidad Nacional de General San Mart\u00edn (UNSAM)<br \/>\n<\/strong><\/span><br \/>\n<span style=\"color: #000000;\"><strong>17:00 &#8211; 18:00 Cierre: trayectorias de movilidad acad\u00e9mica en la PUC-Rio y publicaciones recientes<\/strong><\/span><br \/>\n<span style=\"color: #000000;\">C\u00e1rcel com\u00fan, preso pol\u00edtico. Represi\u00f3n y tortura en tiempos de Frondizi 1958\u20131962. Rosario:<\/span><br \/>\n<span style=\"color: #000000;\">Prohistoria Ediciones, 2023. <\/span><br \/>\n<span style=\"color: #000000;\"><strong>Dra. Sabrina Castronuovo &#8211; FAPERJ &#8211; Universidade do Estado do Rio de Janeio (UERJ)<br \/>\n<\/strong><\/span><br \/>\n<span style=\"color: #000000;\">Los mundos del trabajo: Sociabilidades, resistencias y vidas en movimiento. M\u00e9xico: Siglo XXI<\/span><br \/>\n<span style=\"color: #000000;\">Editores, 2024. <\/span><br \/>\n<span style=\"color: #000000;\"><strong>Dr.Fidel Rodr\u00edguez Vel\u00e1squez &#8211; FAPERJ &#8211; Pontificia Universidade Cat\u00f3lica do Rio de Janeiro (PUC- Rio)<\/strong><\/span><\/p>","protected":false},"excerpt":{"rendered":"<p>Programa\u00e7\u00e3o 9:30 &#8211; 10:00 Mesa de apertura: Abriendo caminos para Move La Am\u00e9rica Dr. Diego Galeano &#8211; Pontif\u00edcia Universidade Cat\u00f3lica do Rio de Janeiro (PUC-Rio) Dra. Mar\u00eda Elisa Noronha de S\u00e1 &#8211; Pontif\u00edcia Universidade Cat\u00f3lica do Rio de Janeiro (PUC-Rio)<a class=\"moretag\" href=\"https:\/\/www.his.puc-rio.br\/pb\/seminario-internacional-move-la-america-programacao\/\">&#8230;<\/a><\/br><a href=\"https:\/\/www.his.puc-rio.br\/pb\/seminario-internacional-move-la-america-programacao\/\" class=\"read-more\">Leia mais..  <span class=\"glyphicon glyphicon-chevron-right\" ><\/span><\/a><\/p>\n","protected":false},"author":1,"featured_media":4841,"comment_status":"closed","ping_status":"open","sticky":false,"template":"","format":"standard","meta":{"footnotes":""},"categories":[1],"tags":[],"yoast_head":"<!-- This site is optimized with the Yoast SEO plugin v23.5 - https:\/\/yoast.com\/wordpress\/plugins\/seo\/ -->\n<title>Semin\u00e1rio Internacional MOVE LA AM\u00c9RICA - Programa\u00e7\u00e3o - Departamento de Hist\u00f3ria da PUC-Rio<\/title>\n<meta name=\"robots\" content=\"index, follow, max-snippet:-1, max-image-preview:large, max-video-preview:-1\" \/>\n<link rel=\"canonical\" href=\"http:\/\/www.his.puc-rio.br\/pb\/seminario-internacional-move-la-america-programacao\/\" \/>\n<meta property=\"og:locale\" content=\"pt_BR\" \/>\n<meta property=\"og:type\" content=\"article\" \/>\n<meta property=\"og:title\" content=\"Semin\u00e1rio Internacional MOVE LA AM\u00c9RICA - Programa\u00e7\u00e3o - Departamento de Hist\u00f3ria da PUC-Rio\" \/>\n<meta property=\"og:description\" content=\"Programa\u00e7\u00e3o 9:30 &#8211; 10:00 Mesa de apertura: Abriendo caminos para Move La Am\u00e9rica Dr. Diego Galeano &#8211; Pontif\u00edcia Universidade Cat\u00f3lica do Rio de Janeiro (PUC-Rio) Dra. Mar\u00eda Elisa Noronha de S\u00e1 &#8211; Pontif\u00edcia Universidade Cat\u00f3lica do Rio de Janeiro (PUC-Rio)...Leia mais..\" \/>\n<meta property=\"og:url\" content=\"http:\/\/www.his.puc-rio.br\/pb\/seminario-internacional-move-la-america-programacao\/\" \/>\n<meta property=\"og:site_name\" content=\"Departamento de Hist\u00f3ria da PUC-Rio\" \/>\n<meta property=\"article:published_time\" content=\"2025-05-06T14:07:55+00:00\" \/>\n<meta property=\"og:image\" content=\"http:\/\/www.his.puc-rio.br\/wp-content\/uploads\/move-la-america-cartaz.jpg\" \/>\n\t<meta property=\"og:image:width\" content=\"1836\" \/>\n\t<meta property=\"og:image:height\" content=\"1000\" \/>\n\t<meta property=\"og:image:type\" content=\"image\/jpeg\" \/>\n<meta name=\"author\" content=\"dephist\" \/>\n<meta name=\"twitter:card\" content=\"summary_large_image\" \/>\n<meta name=\"twitter:label1\" content=\"Escrito por\" \/>\n\t<meta name=\"twitter:data1\" content=\"dephist\" \/>\n\t<meta name=\"twitter:label2\" content=\"Est. tempo de leitura\" \/>\n\t<meta name=\"twitter:data2\" content=\"3 minutos\" \/>\n<script type=\"application\/ld+json\" class=\"yoast-schema-graph\">{\"@context\":\"https:\/\/schema.org\",\"@graph\":[{\"@type\":\"WebPage\",\"@id\":\"http:\/\/www.his.puc-rio.br\/pb\/seminario-internacional-move-la-america-programacao\/\",\"url\":\"http:\/\/www.his.puc-rio.br\/pb\/seminario-internacional-move-la-america-programacao\/\",\"name\":\"Semin\u00e1rio Internacional MOVE LA AM\u00c9RICA - Programa\u00e7\u00e3o - Departamento de Hist\u00f3ria da PUC-Rio\",\"isPartOf\":{\"@id\":\"http:\/\/www.his.puc-rio.br\/pb\/#website\"},\"primaryImageOfPage\":{\"@id\":\"http:\/\/www.his.puc-rio.br\/pb\/seminario-internacional-move-la-america-programacao\/#primaryimage\"},\"image\":{\"@id\":\"http:\/\/www.his.puc-rio.br\/pb\/seminario-internacional-move-la-america-programacao\/#primaryimage\"},\"thumbnailUrl\":\"https:\/\/www.his.puc-rio.br\/wp-content\/uploads\/move-la-america-cartaz.jpg\",\"datePublished\":\"2025-05-06T14:07:55+00:00\",\"dateModified\":\"2025-05-06T14:07:55+00:00\",\"author\":{\"@id\":\"http:\/\/www.his.puc-rio.br\/pb\/#\/schema\/person\/9e54900224aae47fd486e7013a22647b\"},\"breadcrumb\":{\"@id\":\"http:\/\/www.his.puc-rio.br\/pb\/seminario-internacional-move-la-america-programacao\/#breadcrumb\"},\"inLanguage\":\"pt-BR\",\"potentialAction\":[{\"@type\":\"ReadAction\",\"target\":[[\"http:\/\/www.his.puc-rio.br\/pb\/seminario-internacional-move-la-america-programacao\/\"]]}]},{\"@type\":\"ImageObject\",\"inLanguage\":\"pt-BR\",\"@id\":\"http:\/\/www.his.puc-rio.br\/pb\/seminario-internacional-move-la-america-programacao\/#primaryimage\",\"url\":\"https:\/\/www.his.puc-rio.br\/wp-content\/uploads\/move-la-america-cartaz.jpg\",\"contentUrl\":\"https:\/\/www.his.puc-rio.br\/wp-content\/uploads\/move-la-america-cartaz.jpg\",\"width\":1836,\"height\":1000},{\"@type\":\"BreadcrumbList\",\"@id\":\"http:\/\/www.his.puc-rio.br\/pb\/seminario-internacional-move-la-america-programacao\/#breadcrumb\",\"itemListElement\":[{\"@type\":\"ListItem\",\"position\":1,\"name\":\"In\u00edcio\",\"item\":\"http:\/\/www.his.puc-rio.br\/pb\/\"},{\"@type\":\"ListItem\",\"position\":2,\"name\":\"Semin\u00e1rio Internacional MOVE LA AM\u00c9RICA &#8211; Programa\u00e7\u00e3o\"}]},{\"@type\":\"WebSite\",\"@id\":\"http:\/\/www.his.puc-rio.br\/pb\/#website\",\"url\":\"http:\/\/www.his.puc-rio.br\/pb\/\",\"name\":\"Departamento de Hist\u00f3ria da PUC-Rio\",\"description\":\"Cursos de Gradua\u00e7\u00e3o, P\u00f3s-gradua\u00e7\u00e3o, Mestrado e Doutorado\",\"potentialAction\":[{\"@type\":\"SearchAction\",\"target\":{\"@type\":\"EntryPoint\",\"urlTemplate\":\"http:\/\/www.his.puc-rio.br\/pb\/?s={search_term_string}\"},\"query-input\":{\"@type\":\"PropertyValueSpecification\",\"valueRequired\":true,\"valueName\":\"search_term_string\"}}],\"inLanguage\":\"pt-BR\"},{\"@type\":\"Person\",\"@id\":\"http:\/\/www.his.puc-rio.br\/pb\/#\/schema\/person\/9e54900224aae47fd486e7013a22647b\",\"name\":\"dephist\",\"image\":{\"@type\":\"ImageObject\",\"inLanguage\":\"pt-BR\",\"@id\":\"http:\/\/www.his.puc-rio.br\/pb\/#\/schema\/person\/image\/\",\"url\":\"https:\/\/secure.gravatar.com\/avatar\/bf2683cb6927d5fdbed7881a4ee37199?s=96&d=mm&r=g\",\"contentUrl\":\"https:\/\/secure.gravatar.com\/avatar\/bf2683cb6927d5fdbed7881a4ee37199?s=96&d=mm&r=g\",\"caption\":\"dephist\"},\"url\":\"https:\/\/www.his.puc-rio.br\/pb\/author\/dephist\/\"}]}<\/script>\n<!-- \/ Yoast SEO plugin. -->","yoast_head_json":{"title":"Semin\u00e1rio Internacional MOVE LA AM\u00c9RICA - Programa\u00e7\u00e3o - Departamento de Hist\u00f3ria da PUC-Rio","robots":{"index":"index","follow":"follow","max-snippet":"max-snippet:-1","max-image-preview":"max-image-preview:large","max-video-preview":"max-video-preview:-1"},"canonical":"http:\/\/www.his.puc-rio.br\/pb\/seminario-internacional-move-la-america-programacao\/","og_locale":"pt_BR","og_type":"article","og_title":"Semin\u00e1rio Internacional MOVE LA AM\u00c9RICA - Programa\u00e7\u00e3o - Departamento de Hist\u00f3ria da PUC-Rio","og_description":"Programa\u00e7\u00e3o 9:30 &#8211; 10:00 Mesa de apertura: Abriendo caminos para Move La Am\u00e9rica Dr. Diego Galeano &#8211; Pontif\u00edcia Universidade Cat\u00f3lica do Rio de Janeiro (PUC-Rio) Dra. Mar\u00eda Elisa Noronha de S\u00e1 &#8211; Pontif\u00edcia Universidade Cat\u00f3lica do Rio de Janeiro (PUC-Rio)...Leia mais..","og_url":"http:\/\/www.his.puc-rio.br\/pb\/seminario-internacional-move-la-america-programacao\/","og_site_name":"Departamento de Hist\u00f3ria da PUC-Rio","article_published_time":"2025-05-06T14:07:55+00:00","og_image":[{"width":1836,"height":1000,"url":"http:\/\/www.his.puc-rio.br\/wp-content\/uploads\/move-la-america-cartaz.jpg","type":"image\/jpeg"}],"author":"dephist","twitter_card":"summary_large_image","twitter_misc":{"Escrito por":"dephist","Est. tempo de leitura":"3 minutos"},"schema":{"@context":"https:\/\/schema.org","@graph":[{"@type":"WebPage","@id":"http:\/\/www.his.puc-rio.br\/pb\/seminario-internacional-move-la-america-programacao\/","url":"http:\/\/www.his.puc-rio.br\/pb\/seminario-internacional-move-la-america-programacao\/","name":"Semin\u00e1rio Internacional MOVE LA AM\u00c9RICA - Programa\u00e7\u00e3o - Departamento de Hist\u00f3ria da PUC-Rio","isPartOf":{"@id":"http:\/\/www.his.puc-rio.br\/pb\/#website"},"primaryImageOfPage":{"@id":"http:\/\/www.his.puc-rio.br\/pb\/seminario-internacional-move-la-america-programacao\/#primaryimage"},"image":{"@id":"http:\/\/www.his.puc-rio.br\/pb\/seminario-internacional-move-la-america-programacao\/#primaryimage"},"thumbnailUrl":"https:\/\/www.his.puc-rio.br\/wp-content\/uploads\/move-la-america-cartaz.jpg","datePublished":"2025-05-06T14:07:55+00:00","dateModified":"2025-05-06T14:07:55+00:00","author":{"@id":"http:\/\/www.his.puc-rio.br\/pb\/#\/schema\/person\/9e54900224aae47fd486e7013a22647b"},"breadcrumb":{"@id":"http:\/\/www.his.puc-rio.br\/pb\/seminario-internacional-move-la-america-programacao\/#breadcrumb"},"inLanguage":"pt-BR","potentialAction":[{"@type":"ReadAction","target":[["http:\/\/www.his.puc-rio.br\/pb\/seminario-internacional-move-la-america-programacao\/"]]}]},{"@type":"ImageObject","inLanguage":"pt-BR","@id":"http:\/\/www.his.puc-rio.br\/pb\/seminario-internacional-move-la-america-programacao\/#primaryimage","url":"https:\/\/www.his.puc-rio.br\/wp-content\/uploads\/move-la-america-cartaz.jpg","contentUrl":"https:\/\/www.his.puc-rio.br\/wp-content\/uploads\/move-la-america-cartaz.jpg","width":1836,"height":1000},{"@type":"BreadcrumbList","@id":"http:\/\/www.his.puc-rio.br\/pb\/seminario-internacional-move-la-america-programacao\/#breadcrumb","itemListElement":[{"@type":"ListItem","position":1,"name":"In\u00edcio","item":"http:\/\/www.his.puc-rio.br\/pb\/"},{"@type":"ListItem","position":2,"name":"Semin\u00e1rio Internacional MOVE LA AM\u00c9RICA &#8211; Programa\u00e7\u00e3o"}]},{"@type":"WebSite","@id":"http:\/\/www.his.puc-rio.br\/pb\/#website","url":"http:\/\/www.his.puc-rio.br\/pb\/","name":"Departamento de Hist\u00f3ria da PUC-Rio","description":"Cursos de Gradua\u00e7\u00e3o, P\u00f3s-gradua\u00e7\u00e3o, Mestrado e Doutorado","potentialAction":[{"@type":"SearchAction","target":{"@type":"EntryPoint","urlTemplate":"http:\/\/www.his.puc-rio.br\/pb\/?s={search_term_string}"},"query-input":{"@type":"PropertyValueSpecification","valueRequired":true,"valueName":"search_term_string"}}],"inLanguage":"pt-BR"},{"@type":"Person","@id":"http:\/\/www.his.puc-rio.br\/pb\/#\/schema\/person\/9e54900224aae47fd486e7013a22647b","name":"dephist","image":{"@type":"ImageObject","inLanguage":"pt-BR","@id":"http:\/\/www.his.puc-rio.br\/pb\/#\/schema\/person\/image\/","url":"https:\/\/secure.gravatar.com\/avatar\/bf2683cb6927d5fdbed7881a4ee37199?s=96&d=mm&r=g","contentUrl":"https:\/\/secure.gravatar.com\/avatar\/bf2683cb6927d5fdbed7881a4ee37199?s=96&d=mm&r=g","caption":"dephist"},"url":"https:\/\/www.his.puc-rio.br\/pb\/author\/dephist\/"}]}},"jetpack_featured_media_url":"https:\/\/www.his.puc-rio.br\/wp-content\/uploads\/move-la-america-cartaz.jpg","_links":{"self":[{"href":"https:\/\/www.his.puc-rio.br\/pb\/wp-json\/wp\/v2\/posts\/4842"}],"collection":[{"href":"https:\/\/www.his.puc-rio.br\/pb\/wp-json\/wp\/v2\/posts"}],"about":[{"href":"https:\/\/www.his.puc-rio.br\/pb\/wp-json\/wp\/v2\/types\/post"}],"author":[{"embeddable":true,"href":"https:\/\/www.his.puc-rio.br\/pb\/wp-json\/wp\/v2\/users\/1"}],"replies":[{"embeddable":true,"href":"https:\/\/www.his.puc-rio.br\/pb\/wp-json\/wp\/v2\/comments?post=4842"}],"version-history":[{"count":1,"href":"https:\/\/www.his.puc-rio.br\/pb\/wp-json\/wp\/v2\/posts\/4842\/revisions"}],"predecessor-version":[{"id":4843,"href":"https:\/\/www.his.puc-rio.br\/pb\/wp-json\/wp\/v2\/posts\/4842\/revisions\/4843"}],"wp:featuredmedia":[{"embeddable":true,"href":"https:\/\/www.his.puc-rio.br\/pb\/wp-json\/wp\/v2\/media\/4841"}],"wp:attachment":[{"href":"https:\/\/www.his.puc-rio.br\/pb\/wp-json\/wp\/v2\/media?parent=4842"}],"wp:term":[{"taxonomy":"category","embeddable":true,"href":"https:\/\/www.his.puc-rio.br\/pb\/wp-json\/wp\/v2\/categories?post=4842"},{"taxonomy":"post_tag","embeddable":true,"href":"https:\/\/www.his.puc-rio.br\/pb\/wp-json\/wp\/v2\/tags?post=4842"}],"curies":[{"name":"wp","href":"https:\/\/api.w.org\/{rel}","templated":true}]}}