{"id":78,"date":"2016-04-11T10:03:49","date_gmt":"2016-04-11T13:03:49","guid":{"rendered":"http:\/\/www.historiapuc.com\/#!PUC-POR-UM-DIA\/jr6vm\/570b9f8e0cf2af49d70d2edb"},"modified":"2016-05-25T12:13:09","modified_gmt":"2016-05-25T15:13:09","slug":"puc-por-um-dia","status":"publish","type":"post","link":"https:\/\/www.his.puc-rio.br\/pb\/puc-por-um-dia\/","title":{"rendered":"PUC POR UM DIA"},"content":{"rendered":"<p>A Pontif\u00edcia Universidade Cat\u00f3lica do Rio de Janeiro o convida a participar do PUC por um Dia, a ser realizado no dia 15 de abril de 2016, das 8h \u00e0s 17h. Neste dia, todas as unidades da Universidade (departamentos, bibliotecas, laborat\u00f3rios e demais \u00f3rg\u00e3os acad\u00eamicos) receber\u00e3o estudantes do Ensino M\u00e9dio, seus pais e professores. A iniciativa tem duas motiva\u00e7\u00f5es: facilitar a escolha das carreiras universit\u00e1rias, por interm\u00e9dio de um contato direto com pesquisadores de diferentes campos do conhecimento, e apresentar aos estudantes o interior de uma Universidade que conjuga ensino, pesquisa e empreendedorismo.<\/p>\n<p><strong>Programa\u00e7\u00e3o &#8211; Hist\u00f3ria<\/strong><\/p>\n<p>Atividade: Oficina de Hist\u00f3ria &#8211; Bate-papo<br \/>\nTema: Um Rio que passou em minha vida.<br \/>\nDescri\u00e7\u00e3o: Papo aberto sobre a cidade do Rio de Janeiro com \u00eanfase nos projetos urbanos que impactaram a paisagem da cidade.<br \/>\nHor\u00e1rio: das 9h \u00e0s 10h<br \/>\nLocal: Sala F502 &#8211; 5\u00ba andar do Edif\u00edcio Frings<br \/>\nRespons\u00e1vel: Antonio Edmilson Martins Rodrigues<br \/>\nN\u00famero m\u00e1ximo de alunos:\u00a060<br \/>\n*** senhas ser\u00e3o entregues meia-hora antes, no pr\u00f3prio local de palestra ***<\/p>\n<p>Atividade: Oficina de Hist\u00f3ria &#8211; Bate-papo<br \/>\nTema: Como estudar hist\u00f3ria?<br \/>\nDescri\u00e7\u00e3o: Bate-papo sobre a gradua\u00e7\u00e3o em hist\u00f3ria da PUC-Rio, para aqueles que imaginam fazer curso superior na \u00e1rea. O que se estuda? Por que se estuda? Quais as perspectivas profissionais de um historiador? &#8220;Meus pais entrar\u00e3o em depress\u00e3o porque n\u00e3o fiz Medicina ou Direito&#8221;? Essas e outras quest\u00f5es ser\u00e3o abordadas durante o encontro.<br \/>\nHor\u00e1rio: das 10h \u00e0s 11h<br \/>\nLocal: F502 &#8211; 5\u00b0 andar do Edif\u00edcio Frings<br \/>\nRespons\u00e1veis: Henrique Estrada Rodrigues<br \/>\nN\u00famero m\u00e1ximo de alunos:\u00a060<br \/>\n***\u00a0senhas ser\u00e3o entregues meia-hora antes, no pr\u00f3prio local de palestra\u00a0***<\/p>\n<p>Atividade: Oficina de Hist\u00f3ria &#8211; Bate-papo<br \/>\nTema:\u00a0Os modos de fazer\/contar hist\u00f3ria: encontros da universidade com a escola.<br \/>\nDescri\u00e7\u00e3o:\u00a0Com o fito de chamar a aten\u00e7\u00e3o para diversas \u00e1reas de atua\u00e7\u00e3o do historiador, a oficina pretende apresentar projeto (em andamento) de cria\u00e7\u00e3o do &#8220;Laborat\u00f3rio Interdisciplinar de Mem\u00f3ria e Patrim\u00f4nio Cultural&#8221;, resultante de parceria entre professores e alunos do Departamento de Hist\u00f3ria da PUC com uma escola do sub\u00farbio da cidade do Rio de Janeiro. Pretende-se fomentar uma discuss\u00e3o sobre a atividade do historiador-professor ou do professor-historiador como &#8220;fazedor\/contador de hist\u00f3rias&#8221;. O &#8220;contar hist\u00f3rias&#8221; atravessa todas as atividades do historiador-professor ou professor-historiador. Esse &#8220;contar&#8221; se d\u00e1 por meio de narrativas memoriais e hist\u00f3ricas, a partir de posicionamentos pol\u00edticos, sociais e culturais, influenciados pelo\u00a0lugar de fala dos sujeitos. As narrativas podem aparecer expressas pela linguagem oral e\/ou escrita e ainda pelos significados atribu\u00eddos aos produtos culturais materiais (objetos, edifica\u00e7\u00f5es, etc.) e imateriais (modo de ser e fazer) do patrim\u00f4nio cultural dos diferentes grupos e coletividades.<br \/>\nHor\u00e1rio:\u00a0das 11h \u00e0s 12h<br \/>\nLocal: F502 &#8211; 5\u00b0 andar do Edif\u00edcio Frings<br \/>\nRespons\u00e1veis:Ju\u00e7ara da Silva Barbosa de Mello e Sergio Hamilton da Silva Barra<br \/>\nN\u00famero m\u00e1ximo de alunos:\u00a060<br \/>\n***\u00a0senhas ser\u00e3o entregues meia-hora antes, no pr\u00f3prio local de palestra\u00a0***<\/p>\n<p>Atividade: Oficina de Hist\u00f3ria &#8211; Bate-papo<br \/>\nTema:\u00a0Manifesta\u00e7\u00f5es populares na Ditadura Militar: A Passeata dos Cem Mil e as Diretas J\u00e1.<br \/>\nDescri\u00e7\u00e3o:\u00a0A atividade tem como objetivo estabelecer um quadro geral e comparativo dos dois principais movimentos populares de resist\u00eancia \u00e0 ditadura militar: A Passeata dos Cem Mil e as Diretas J\u00e1. A oficina de fontes incluir\u00e1 fotos, depoimentos de \u00e9poca e mat\u00e9rias jornal\u00edsticas.<br \/>\nHor\u00e1rio:\u00a0das 14h \u00e0s 15h<br \/>\nLocal:\u00a0F502 &#8211; 5\u00b0 andar do Edif\u00edcio Frings<br \/>\nRespons\u00e1veis:\u00a0R\u00f4mulo Costa Mattos e Mauro Machado.<br \/>\nN\u00famero m\u00e1ximo de alunos:\u00a060<br \/>\n***\u00a0senhas ser\u00e3o entregues meia-hora antes, no pr\u00f3prio local de palestra\u00a0***<\/p>\n<p>Veja mais informa\u00e7\u00f5es no site: http:\/\/www.piues.puc-rio.br\/pucporumdia<\/p>\n","protected":false},"excerpt":{"rendered":"<p>A Pontif\u00edcia Universidade Cat\u00f3lica do Rio de Janeiro o convida a participar do PUC por um Dia, a ser realizado no dia 15 de abril de 2016, das 8h \u00e0s 17h. Neste dia, todas as unidades da Universidade (departamentos, bibliotecas,<a class=\"moretag\" href=\"https:\/\/www.his.puc-rio.br\/pb\/puc-por-um-dia\/\">&#8230;<\/a><\/br><a href=\"https:\/\/www.his.puc-rio.br\/pb\/puc-por-um-dia\/\" class=\"read-more\">Leia mais..  <span class=\"glyphicon glyphicon-chevron-right\" ><\/span><\/a><\/p>\n","protected":false},"author":1,"featured_media":373,"comment_status":"open","ping_status":"open","sticky":false,"template":"","format":"standard","meta":{"footnotes":""},"categories":[1],"tags":[],"yoast_head":"<!-- This site is optimized with the Yoast SEO plugin v23.5 - https:\/\/yoast.com\/wordpress\/plugins\/seo\/ -->\n<title>PUC POR UM DIA - Departamento de Hist\u00f3ria da PUC-Rio<\/title>\n<meta name=\"robots\" content=\"index, follow, max-snippet:-1, max-image-preview:large, max-video-preview:-1\" \/>\n<link rel=\"canonical\" href=\"https:\/\/www.his.puc-rio.br\/pb\/puc-por-um-dia\/\" \/>\n<meta property=\"og:locale\" content=\"pt_BR\" \/>\n<meta property=\"og:type\" content=\"article\" \/>\n<meta property=\"og:title\" content=\"PUC POR UM DIA - Departamento de Hist\u00f3ria da PUC-Rio\" \/>\n<meta property=\"og:description\" content=\"A Pontif\u00edcia Universidade Cat\u00f3lica do Rio de Janeiro o convida a participar do PUC por um Dia, a ser realizado no dia 15 de abril de 2016, das 8h \u00e0s 17h. Neste dia, todas as unidades da Universidade (departamentos, bibliotecas,...Leia mais..\" \/>\n<meta property=\"og:url\" content=\"https:\/\/www.his.puc-rio.br\/pb\/puc-por-um-dia\/\" \/>\n<meta property=\"og:site_name\" content=\"Departamento de Hist\u00f3ria da PUC-Rio\" \/>\n<meta property=\"article:published_time\" content=\"2016-04-11T13:03:49+00:00\" \/>\n<meta property=\"article:modified_time\" content=\"2016-05-25T15:13:09+00:00\" \/>\n<meta property=\"og:image\" content=\"https:\/\/www.his.puc-rio.br\/wp-content\/uploads\/2016\/04\/pucporumdia.jpg\" \/>\n\t<meta property=\"og:image:width\" content=\"482\" \/>\n\t<meta property=\"og:image:height\" content=\"200\" \/>\n\t<meta property=\"og:image:type\" content=\"image\/jpeg\" \/>\n<meta name=\"author\" content=\"dephist\" \/>\n<meta name=\"twitter:card\" content=\"summary_large_image\" \/>\n<meta name=\"twitter:label1\" content=\"Escrito por\" \/>\n\t<meta name=\"twitter:data1\" content=\"dephist\" \/>\n\t<meta name=\"twitter:label2\" content=\"Est. tempo de leitura\" \/>\n\t<meta name=\"twitter:data2\" content=\"3 minutos\" \/>\n<script type=\"application\/ld+json\" class=\"yoast-schema-graph\">{\"@context\":\"https:\/\/schema.org\",\"@graph\":[{\"@type\":\"WebPage\",\"@id\":\"https:\/\/www.his.puc-rio.br\/pb\/puc-por-um-dia\/\",\"url\":\"https:\/\/www.his.puc-rio.br\/pb\/puc-por-um-dia\/\",\"name\":\"PUC POR UM DIA - Departamento de Hist\u00f3ria da PUC-Rio\",\"isPartOf\":{\"@id\":\"http:\/\/www.his.puc-rio.br\/pb\/#website\"},\"primaryImageOfPage\":{\"@id\":\"https:\/\/www.his.puc-rio.br\/pb\/puc-por-um-dia\/#primaryimage\"},\"image\":{\"@id\":\"https:\/\/www.his.puc-rio.br\/pb\/puc-por-um-dia\/#primaryimage\"},\"thumbnailUrl\":\"https:\/\/www.his.puc-rio.br\/wp-content\/uploads\/2016\/04\/pucporumdia.jpg\",\"datePublished\":\"2016-04-11T13:03:49+00:00\",\"dateModified\":\"2016-05-25T15:13:09+00:00\",\"author\":{\"@id\":\"http:\/\/www.his.puc-rio.br\/pb\/#\/schema\/person\/9e54900224aae47fd486e7013a22647b\"},\"breadcrumb\":{\"@id\":\"https:\/\/www.his.puc-rio.br\/pb\/puc-por-um-dia\/#breadcrumb\"},\"inLanguage\":\"pt-BR\",\"potentialAction\":[{\"@type\":\"ReadAction\",\"target\":[[\"https:\/\/www.his.puc-rio.br\/pb\/puc-por-um-dia\/\"]]}]},{\"@type\":\"ImageObject\",\"inLanguage\":\"pt-BR\",\"@id\":\"https:\/\/www.his.puc-rio.br\/pb\/puc-por-um-dia\/#primaryimage\",\"url\":\"https:\/\/www.his.puc-rio.br\/wp-content\/uploads\/2016\/04\/pucporumdia.jpg\",\"contentUrl\":\"https:\/\/www.his.puc-rio.br\/wp-content\/uploads\/2016\/04\/pucporumdia.jpg\",\"width\":482,\"height\":200},{\"@type\":\"BreadcrumbList\",\"@id\":\"https:\/\/www.his.puc-rio.br\/pb\/puc-por-um-dia\/#breadcrumb\",\"itemListElement\":[{\"@type\":\"ListItem\",\"position\":1,\"name\":\"In\u00edcio\",\"item\":\"http:\/\/www.his.puc-rio.br\/pb\/\"},{\"@type\":\"ListItem\",\"position\":2,\"name\":\"PUC POR UM DIA\"}]},{\"@type\":\"WebSite\",\"@id\":\"http:\/\/www.his.puc-rio.br\/pb\/#website\",\"url\":\"http:\/\/www.his.puc-rio.br\/pb\/\",\"name\":\"Departamento de Hist\u00f3ria da PUC-Rio\",\"description\":\"Cursos de Gradua\u00e7\u00e3o, P\u00f3s-gradua\u00e7\u00e3o, Mestrado e Doutorado\",\"potentialAction\":[{\"@type\":\"SearchAction\",\"target\":{\"@type\":\"EntryPoint\",\"urlTemplate\":\"http:\/\/www.his.puc-rio.br\/pb\/?s={search_term_string}\"},\"query-input\":{\"@type\":\"PropertyValueSpecification\",\"valueRequired\":true,\"valueName\":\"search_term_string\"}}],\"inLanguage\":\"pt-BR\"},{\"@type\":\"Person\",\"@id\":\"http:\/\/www.his.puc-rio.br\/pb\/#\/schema\/person\/9e54900224aae47fd486e7013a22647b\",\"name\":\"dephist\",\"image\":{\"@type\":\"ImageObject\",\"inLanguage\":\"pt-BR\",\"@id\":\"http:\/\/www.his.puc-rio.br\/pb\/#\/schema\/person\/image\/\",\"url\":\"https:\/\/secure.gravatar.com\/avatar\/bf2683cb6927d5fdbed7881a4ee37199?s=96&d=mm&r=g\",\"contentUrl\":\"https:\/\/secure.gravatar.com\/avatar\/bf2683cb6927d5fdbed7881a4ee37199?s=96&d=mm&r=g\",\"caption\":\"dephist\"},\"url\":\"https:\/\/www.his.puc-rio.br\/pb\/author\/dephist\/\"}]}<\/script>\n<!-- \/ Yoast SEO plugin. -->","yoast_head_json":{"title":"PUC POR UM DIA - Departamento de Hist\u00f3ria da PUC-Rio","robots":{"index":"index","follow":"follow","max-snippet":"max-snippet:-1","max-image-preview":"max-image-preview:large","max-video-preview":"max-video-preview:-1"},"canonical":"https:\/\/www.his.puc-rio.br\/pb\/puc-por-um-dia\/","og_locale":"pt_BR","og_type":"article","og_title":"PUC POR UM DIA - Departamento de Hist\u00f3ria da PUC-Rio","og_description":"A Pontif\u00edcia Universidade Cat\u00f3lica do Rio de Janeiro o convida a participar do PUC por um Dia, a ser realizado no dia 15 de abril de 2016, das 8h \u00e0s 17h. Neste dia, todas as unidades da Universidade (departamentos, bibliotecas,...Leia mais..","og_url":"https:\/\/www.his.puc-rio.br\/pb\/puc-por-um-dia\/","og_site_name":"Departamento de Hist\u00f3ria da PUC-Rio","article_published_time":"2016-04-11T13:03:49+00:00","article_modified_time":"2016-05-25T15:13:09+00:00","og_image":[{"width":482,"height":200,"url":"https:\/\/www.his.puc-rio.br\/wp-content\/uploads\/2016\/04\/pucporumdia.jpg","type":"image\/jpeg"}],"author":"dephist","twitter_card":"summary_large_image","twitter_misc":{"Escrito por":"dephist","Est. tempo de leitura":"3 minutos"},"schema":{"@context":"https:\/\/schema.org","@graph":[{"@type":"WebPage","@id":"https:\/\/www.his.puc-rio.br\/pb\/puc-por-um-dia\/","url":"https:\/\/www.his.puc-rio.br\/pb\/puc-por-um-dia\/","name":"PUC POR UM DIA - Departamento de Hist\u00f3ria da PUC-Rio","isPartOf":{"@id":"http:\/\/www.his.puc-rio.br\/pb\/#website"},"primaryImageOfPage":{"@id":"https:\/\/www.his.puc-rio.br\/pb\/puc-por-um-dia\/#primaryimage"},"image":{"@id":"https:\/\/www.his.puc-rio.br\/pb\/puc-por-um-dia\/#primaryimage"},"thumbnailUrl":"https:\/\/www.his.puc-rio.br\/wp-content\/uploads\/2016\/04\/pucporumdia.jpg","datePublished":"2016-04-11T13:03:49+00:00","dateModified":"2016-05-25T15:13:09+00:00","author":{"@id":"http:\/\/www.his.puc-rio.br\/pb\/#\/schema\/person\/9e54900224aae47fd486e7013a22647b"},"breadcrumb":{"@id":"https:\/\/www.his.puc-rio.br\/pb\/puc-por-um-dia\/#breadcrumb"},"inLanguage":"pt-BR","potentialAction":[{"@type":"ReadAction","target":[["https:\/\/www.his.puc-rio.br\/pb\/puc-por-um-dia\/"]]}]},{"@type":"ImageObject","inLanguage":"pt-BR","@id":"https:\/\/www.his.puc-rio.br\/pb\/puc-por-um-dia\/#primaryimage","url":"https:\/\/www.his.puc-rio.br\/wp-content\/uploads\/2016\/04\/pucporumdia.jpg","contentUrl":"https:\/\/www.his.puc-rio.br\/wp-content\/uploads\/2016\/04\/pucporumdia.jpg","width":482,"height":200},{"@type":"BreadcrumbList","@id":"https:\/\/www.his.puc-rio.br\/pb\/puc-por-um-dia\/#breadcrumb","itemListElement":[{"@type":"ListItem","position":1,"name":"In\u00edcio","item":"http:\/\/www.his.puc-rio.br\/pb\/"},{"@type":"ListItem","position":2,"name":"PUC POR UM DIA"}]},{"@type":"WebSite","@id":"http:\/\/www.his.puc-rio.br\/pb\/#website","url":"http:\/\/www.his.puc-rio.br\/pb\/","name":"Departamento de Hist\u00f3ria da PUC-Rio","description":"Cursos de Gradua\u00e7\u00e3o, P\u00f3s-gradua\u00e7\u00e3o, Mestrado e Doutorado","potentialAction":[{"@type":"SearchAction","target":{"@type":"EntryPoint","urlTemplate":"http:\/\/www.his.puc-rio.br\/pb\/?s={search_term_string}"},"query-input":{"@type":"PropertyValueSpecification","valueRequired":true,"valueName":"search_term_string"}}],"inLanguage":"pt-BR"},{"@type":"Person","@id":"http:\/\/www.his.puc-rio.br\/pb\/#\/schema\/person\/9e54900224aae47fd486e7013a22647b","name":"dephist","image":{"@type":"ImageObject","inLanguage":"pt-BR","@id":"http:\/\/www.his.puc-rio.br\/pb\/#\/schema\/person\/image\/","url":"https:\/\/secure.gravatar.com\/avatar\/bf2683cb6927d5fdbed7881a4ee37199?s=96&d=mm&r=g","contentUrl":"https:\/\/secure.gravatar.com\/avatar\/bf2683cb6927d5fdbed7881a4ee37199?s=96&d=mm&r=g","caption":"dephist"},"url":"https:\/\/www.his.puc-rio.br\/pb\/author\/dephist\/"}]}},"jetpack_featured_media_url":"https:\/\/www.his.puc-rio.br\/wp-content\/uploads\/2016\/04\/pucporumdia.jpg","_links":{"self":[{"href":"https:\/\/www.his.puc-rio.br\/pb\/wp-json\/wp\/v2\/posts\/78"}],"collection":[{"href":"https:\/\/www.his.puc-rio.br\/pb\/wp-json\/wp\/v2\/posts"}],"about":[{"href":"https:\/\/www.his.puc-rio.br\/pb\/wp-json\/wp\/v2\/types\/post"}],"author":[{"embeddable":true,"href":"https:\/\/www.his.puc-rio.br\/pb\/wp-json\/wp\/v2\/users\/1"}],"replies":[{"embeddable":true,"href":"https:\/\/www.his.puc-rio.br\/pb\/wp-json\/wp\/v2\/comments?post=78"}],"version-history":[{"count":2,"href":"https:\/\/www.his.puc-rio.br\/pb\/wp-json\/wp\/v2\/posts\/78\/revisions"}],"predecessor-version":[{"id":375,"href":"https:\/\/www.his.puc-rio.br\/pb\/wp-json\/wp\/v2\/posts\/78\/revisions\/375"}],"wp:featuredmedia":[{"embeddable":true,"href":"https:\/\/www.his.puc-rio.br\/pb\/wp-json\/wp\/v2\/media\/373"}],"wp:attachment":[{"href":"https:\/\/www.his.puc-rio.br\/pb\/wp-json\/wp\/v2\/media?parent=78"}],"wp:term":[{"taxonomy":"category","embeddable":true,"href":"https:\/\/www.his.puc-rio.br\/pb\/wp-json\/wp\/v2\/categories?post=78"},{"taxonomy":"post_tag","embeddable":true,"href":"https:\/\/www.his.puc-rio.br\/pb\/wp-json\/wp\/v2\/tags?post=78"}],"curies":[{"name":"wp","href":"https:\/\/api.w.org\/{rel}","templated":true}]}}